{"id":31343,"date":"2017-03-13T08:34:55","date_gmt":"2017-03-13T14:34:55","guid":{"rendered":"http:\/\/www.lospoliticosveracruz.com.mx\/?p=31343"},"modified":"2017-03-13T08:34:55","modified_gmt":"2017-03-13T14:34:55","slug":"yunes-nuevos-enfrentamientos","status":"publish","type":"post","link":"https:\/\/lospoliticosveracruz.com\/?p=31343","title":{"rendered":"Yunes, nuevos enfrentamientos"},"content":{"rendered":"<p><strong>Luis Alberto Romero<\/strong><\/p>\n<p><em>\u00a0Hora Cero<\/em><\/p>\n<p>En las semanas recientes, las diferencias entre el gobernador Miguel \u00c1ngel Yunes Linares y el dirigente del Movimiento de Regeneraci\u00f3n Nacional, Andr\u00e9s Manuel L\u00f3pez Obrador, han llamado la atenci\u00f3n de medios informativos nacionales y estatales.<\/p>\n<p>El intercambio de se\u00f1alamientos, acusaciones y descalificaciones, en redes sociales, ha sido la principal caracter\u00edstica de este diferendo entre dichos personajes.<\/p>\n<p>L\u00f3pez Obrador llega a Veracruz y de inmediato se lanza contra el ejecutivo, a quien se\u00f1ala con el \u00edndice por la participaci\u00f3n pol\u00edtica de sus hijos, uno alcalde de Boca del R\u00edo y el otro senador con licencia, que buscan la gubernatura en 2018 y la alcald\u00eda de Veracruz el presente a\u00f1o. De inmediato, Yunes Linares responde al fuego y acusa que el de Morena habr\u00eda sido financiado por el ex gobernador Javier Duarte de Ochoa, lo que ubicar\u00eda al Peje en calidad de c\u00f3mplice del saqueo caracterizado por la pasada administraci\u00f3n estatal.<\/p>\n<p>Andr\u00e9s Manuel vuelve a la carga y sostiene que contra Yunes Linares pesan 4 denuncias ante la Procuradur\u00eda General de la Rep\u00fablica y dice que \u00e9stas han sido tapadas por un pacto entre gobierno el PRI, es decir Pe\u00f1a Nieto y Osorio Chong, con el gobernador veracruzano, quien revira se\u00f1alando un presunto enriquecimiento il\u00edcito del tabasque\u00f1o.<\/p>\n<p>Las acusaciones suben cada vez m\u00e1s de tono e intensidad y se circunscriben en el contexto \u00a0del presente proceso electoral de Veracruz.<\/p>\n<p>Sin embargo, ese flanco no es el \u00fanico que el gobernador veracruzano tiene abierto: en d\u00edas pasados, por ejemplo, el senador H\u00e9ctor Yunes Landa anunci\u00f3 que este lunes realizar\u00eda una evaluaci\u00f3n sobre el gobierno que encabeza Yunes Linares, a fin de recordar los compromisos de campa\u00f1a que no han sido cumplidos por el panista.<\/p>\n<p>Yunes Landa utiliz\u00f3 sus redes sociales para difundir un video en el que explica que ese \u00abcorte de caja\u201d pretende revisar el cumplimiento de los compromisos de campa\u00f1a del gobernador del estado, a cien d\u00edas de iniciada la administraci\u00f3n.<\/p>\n<p>Lo predecible, por supuesto, no es un reconocimiento de Yunes Landa a Miguel \u00c1ngel Yunes, sino una andanada de cr\u00edticas contra el\u00a0 ejecutivo por lo problemas como el de la inseguridad y la violencia.<\/p>\n<p>Hay quien se\u00f1ala que con esos petardos verbales, el senador buscar\u00eda mantener su presencia en la opini\u00f3n p\u00fablica veracruzana, con miras a postularse, por el PRI o por cualquier otra v\u00eda, para contender otra vez en 2018 por la gubernatura estatal.<\/p>\n<p>Es de esperarse que el ejecutivo estatal responda, tambi\u00e9n con un video, a las cr\u00edticas que seguramente lanzar\u00e1 el senador H\u00e9ctor Yunes.<\/p>\n<p>El punto es que ese ser\u00e1 un nuevo enfrentamiento del gobernador veracruzano.<\/p>\n<p>&nbsp;<\/p>\n<p><strong>La confrontaci\u00f3n Antorcha-gobierno veracruzano<\/strong><\/p>\n<p>Por si fuera poco, hay organizaciones que ya se preparan para realizar un movimiento de protesta contra el actual gobierno estatal.<\/p>\n<p>Una de ellas es Antorcha Campesina, cuyo dirigente estatal, Samuel Aguirre Ochoa, declar\u00f3 el pasado jueves a medios informativos estatales que debido al incumplimiento de apoyos por parte del gobierno estatal, iniciar\u00edan un movimiento de protesta contra Yunes Linares.<\/p>\n<p>De acuerdo con el dirigente antorchista, algunas dependencias del gobierno estatal no est\u00e1n funcionando; es decir, \u201cno resuelven los problemas de los veracruzanos, a pesar de que ya existen pl\u00e1ticas con el gobernador y con el secretario de gobierno\u201d. Hay obras de caminos, escuelas y centros de salud que ya estaban aprobadas; dicha organizaci\u00f3n acord\u00f3 con el ejecutivo estatal que se concluir\u00edan pero, dijo Samuel Aguirre, no hay respuesta satisfactoria, ni trabajo en las secretar\u00edas del gabinete.<\/p>\n<p>En ese contexto, el antorchista acus\u00f3 una \u201cactitud facciosa, de partido\u201d, en algunas secretar\u00edas del gobierno estatal; en pocas palabras, \u201ctintes partidistas\u201d en las obras del gobierno estatal; y se\u00f1al\u00f3 a las secretar\u00eda de Infraestructura y Salud, a la Caev\u00a0 y a la direcci\u00f3n de espacios educativos.<\/p>\n<p>Samuel Aguirre se\u00f1al\u00f3 que est\u00e1n pendientes obras por 500 millones de pesos, aproximadamente y advirti\u00f3 que de no encontrar respuesta, los antrochistas iniciar\u00e1n una campa\u00f1a de denuncia ante la opini\u00f3n p\u00fablica nacional y saldr\u00e1n a las calles para manifestarse.<\/p>\n<p>No hab\u00edan pasado ni dos d\u00edas de esa declaraci\u00f3n cuando el movimiento antorchista denunci\u00f3 la agresi\u00f3n que sufri\u00f3 el representante de la organizaci\u00f3n en Tierra Blanca, Humberto Aguirre Ochoa, hermano del dirigente estatal.<\/p>\n<p>Humberto Aguirre fue interceptado por sujetos armados, quienes con amenazas lo despojaron de su veh\u00edculo.<\/p>\n<p>Ante esos hechos, el dirigente estatal de Antorcha, sin responsabilizar de forma directa a un actor en particular, acus\u00f3 \u201cintimidaciones por parte de fuerzas pol\u00edticas\u201d, al tiempo que se\u00f1al\u00f3 que la agresi\u00f3n contra su hermano se registr\u00f3 justo cuando acababa de denunciar a funcionarios del gobierno estatal.<\/p>\n<p>Probablemente el asalto que sufri\u00f3 Humberto Aguirre nada tenga que ver con la declaraci\u00f3n del dirigente antorchista en la entidad; sin embargo, dicho acto delictivo termin\u00f3 por fracturar a\u00fan m\u00e1s la cada vez m\u00e1s descompuesta relaci\u00f3n entre Antorcha y el gobierno estatal.<\/p>\n<p>As\u00ed las cosas, podr\u00edamos decir que a Miguel \u00c1ngel Yunes se le est\u00e1n abriendo cada vez m\u00e1s flancos. @luisromero85<\/p>\n","protected":false},"excerpt":{"rendered":"<p>Luis Alberto Romero \u00a0Hora Cero En las semanas recientes, las diferencias entre el gobernador Miguel \u00c1ngel Yunes Linares y el dirigente del Movimiento de Regeneraci\u00f3n Nacional, Andr\u00e9s Manuel L\u00f3pez Obrador, han llamado la atenci\u00f3n de medios informativos nacionales y estatales. El intercambio de se\u00f1alamientos, acusaciones y descalificaciones, en redes sociales, ha sido la principal caracter\u00edstica [&hellip;]<\/p>\n","protected":false},"author":2,"featured_media":0,"comment_status":"open","ping_status":"open","sticky":false,"template":"","format":"standard","meta":{"tdm_status":"","tdm_grid_status":"","footnotes":""},"categories":[70],"tags":[618,601,348,428,1026,195],"class_list":{"0":"post-31343","1":"post","2":"type-post","3":"status-publish","4":"format-standard","6":"category-de-opinion","7":"tag-andres-manuel-lopez-obrador","8":"tag-boca-del-rio","9":"tag-hector-yunes-landa","10":"tag-miguel-angel-yunes-linares","11":"tag-morena","12":"tag-veracruz"},"yoast_head":"<!-- This site is optimized with the Yoast SEO plugin v27.4 - https:\/\/yoast.com\/product\/yoast-seo-wordpress\/ -->\n<title>Yunes, nuevos enfrentamientos - Los pol\u00edticos Veracruz<\/title>\n<meta name=\"robots\" content=\"index, follow, max-snippet:-1, max-image-preview:large, max-video-preview:-1\" \/>\n<link rel=\"canonical\" href=\"https:\/\/lospoliticosveracruz.com\/?p=31343\" \/>\n<meta property=\"og:locale\" content=\"es_ES\" \/>\n<meta property=\"og:type\" content=\"article\" \/>\n<meta property=\"og:title\" content=\"Yunes, nuevos enfrentamientos - Los pol\u00edticos Veracruz\" \/>\n<meta property=\"og:description\" content=\"Luis Alberto Romero \u00a0Hora Cero En las semanas recientes, las diferencias entre el gobernador Miguel \u00c1ngel Yunes Linares y el dirigente del Movimiento de Regeneraci\u00f3n Nacional, Andr\u00e9s Manuel L\u00f3pez Obrador, han llamado la atenci\u00f3n de medios informativos nacionales y estatales. El intercambio de se\u00f1alamientos, acusaciones y descalificaciones, en redes sociales, ha sido la principal caracter\u00edstica [&hellip;]\" \/>\n<meta property=\"og:url\" content=\"https:\/\/lospoliticosveracruz.com\/?p=31343\" \/>\n<meta property=\"og:site_name\" content=\"Los pol\u00edticos Veracruz\" \/>\n<meta property=\"article:publisher\" content=\"https:\/\/www.facebook.com\/people\/Notimemes-de-los-Polticos\/61565672886568\/\" \/>\n<meta property=\"article:published_time\" content=\"2017-03-13T14:34:55+00:00\" \/>\n<meta property=\"og:image\" content=\"https:\/\/lospoliticosveracruz.com\/wp-content\/uploads\/2016\/07\/Logo-Dor.jpg\" \/>\n\t<meta property=\"og:image:width\" content=\"200\" \/>\n\t<meta property=\"og:image:height\" content=\"200\" \/>\n\t<meta property=\"og:image:type\" content=\"image\/jpeg\" \/>\n<meta name=\"author\" content=\"Lo viste en Los Pol\u00edticos\" \/>\n<meta name=\"twitter:card\" content=\"summary_large_image\" \/>\n<meta name=\"twitter:creator\" content=\"@LosPoliticosVer\" \/>\n<meta name=\"twitter:site\" content=\"@LosPoliticosVer\" \/>\n<meta name=\"twitter:label1\" content=\"Escrito por\" \/>\n\t<meta name=\"twitter:data1\" content=\"Lo viste en Los Pol\u00edticos\" \/>\n\t<meta name=\"twitter:label2\" content=\"Tiempo de lectura\" \/>\n\t<meta name=\"twitter:data2\" content=\"4 minutos\" \/>\n<script type=\"application\/ld+json\" class=\"yoast-schema-graph\">{\"@context\":\"https:\\\/\\\/schema.org\",\"@graph\":[{\"@type\":\"Article\",\"@id\":\"https:\\\/\\\/lospoliticosveracruz.com\\\/?p=31343#article\",\"isPartOf\":{\"@id\":\"https:\\\/\\\/lospoliticosveracruz.com\\\/?p=31343\"},\"author\":{\"name\":\"Lo viste en Los Pol\u00edticos\",\"@id\":\"https:\\\/\\\/lospoliticosveracruz.com\\\/#\\\/schema\\\/person\\\/b8702bb0e538456e6efd07080bf2a4a2\"},\"headline\":\"Yunes, nuevos enfrentamientos\",\"datePublished\":\"2017-03-13T14:34:55+00:00\",\"mainEntityOfPage\":{\"@id\":\"https:\\\/\\\/lospoliticosveracruz.com\\\/?p=31343\"},\"wordCount\":894,\"commentCount\":0,\"publisher\":{\"@id\":\"https:\\\/\\\/lospoliticosveracruz.com\\\/#organization\"},\"keywords\":[\"Andr\u00e9s Manuel L\u00f3pez Obrador\",\"Boca del R\u00edo\",\"H\u00e9ctor Yunes Landa\",\"Miguel Angel Yunes Linares\",\"Morena\",\"Veracruz\"],\"articleSection\":[\"De Opini\u00f3n\"],\"inLanguage\":\"es\",\"potentialAction\":[{\"@type\":\"CommentAction\",\"name\":\"Comment\",\"target\":[\"https:\\\/\\\/lospoliticosveracruz.com\\\/?p=31343#respond\"]}]},{\"@type\":\"WebPage\",\"@id\":\"https:\\\/\\\/lospoliticosveracruz.com\\\/?p=31343\",\"url\":\"https:\\\/\\\/lospoliticosveracruz.com\\\/?p=31343\",\"name\":\"Yunes, nuevos enfrentamientos - Los pol\u00edticos Veracruz\",\"isPartOf\":{\"@id\":\"https:\\\/\\\/lospoliticosveracruz.com\\\/#website\"},\"datePublished\":\"2017-03-13T14:34:55+00:00\",\"breadcrumb\":{\"@id\":\"https:\\\/\\\/lospoliticosveracruz.com\\\/?p=31343#breadcrumb\"},\"inLanguage\":\"es\",\"potentialAction\":[{\"@type\":\"ReadAction\",\"target\":[\"https:\\\/\\\/lospoliticosveracruz.com\\\/?p=31343\"]}]},{\"@type\":\"BreadcrumbList\",\"@id\":\"https:\\\/\\\/lospoliticosveracruz.com\\\/?p=31343#breadcrumb\",\"itemListElement\":[{\"@type\":\"ListItem\",\"position\":1,\"name\":\"Portada\",\"item\":\"https:\\\/\\\/lospoliticosveracruz.com\\\/\"},{\"@type\":\"ListItem\",\"position\":2,\"name\":\"Yunes, nuevos enfrentamientos\"}]},{\"@type\":\"WebSite\",\"@id\":\"https:\\\/\\\/lospoliticosveracruz.com\\\/#website\",\"url\":\"https:\\\/\\\/lospoliticosveracruz.com\\\/\",\"name\":\"Los pol\u00edticos Veracruz\",\"description\":\"\",\"publisher\":{\"@id\":\"https:\\\/\\\/lospoliticosveracruz.com\\\/#organization\"},\"potentialAction\":[{\"@type\":\"SearchAction\",\"target\":{\"@type\":\"EntryPoint\",\"urlTemplate\":\"https:\\\/\\\/lospoliticosveracruz.com\\\/?s={search_term_string}\"},\"query-input\":{\"@type\":\"PropertyValueSpecification\",\"valueRequired\":true,\"valueName\":\"search_term_string\"}}],\"inLanguage\":\"es\"},{\"@type\":\"Organization\",\"@id\":\"https:\\\/\\\/lospoliticosveracruz.com\\\/#organization\",\"name\":\"Los pol\u00edticos Veracruz\",\"url\":\"https:\\\/\\\/lospoliticosveracruz.com\\\/\",\"logo\":{\"@type\":\"ImageObject\",\"inLanguage\":\"es\",\"@id\":\"https:\\\/\\\/lospoliticosveracruz.com\\\/#\\\/schema\\\/logo\\\/image\\\/\",\"url\":\"https:\\\/\\\/lospoliticosveracruz.com\\\/wp-content\\\/uploads\\\/2025\\\/12\\\/Logo-Nuevo-LOS-POLITICOS-1.jpg\",\"contentUrl\":\"https:\\\/\\\/lospoliticosveracruz.com\\\/wp-content\\\/uploads\\\/2025\\\/12\\\/Logo-Nuevo-LOS-POLITICOS-1.jpg\",\"width\":260,\"height\":70,\"caption\":\"Los pol\u00edticos Veracruz\"},\"image\":{\"@id\":\"https:\\\/\\\/lospoliticosveracruz.com\\\/#\\\/schema\\\/logo\\\/image\\\/\"},\"sameAs\":[\"https:\\\/\\\/www.facebook.com\\\/people\\\/Notimemes-de-los-Polticos\\\/61565672886568\\\/\",\"https:\\\/\\\/x.com\\\/LosPoliticosVer\"]},{\"@type\":\"Person\",\"@id\":\"https:\\\/\\\/lospoliticosveracruz.com\\\/#\\\/schema\\\/person\\\/b8702bb0e538456e6efd07080bf2a4a2\",\"name\":\"Lo viste en Los Pol\u00edticos\",\"image\":{\"@type\":\"ImageObject\",\"inLanguage\":\"es\",\"@id\":\"https:\\\/\\\/secure.gravatar.com\\\/avatar\\\/3a8de04a2656d44082be478bd6c086daa447c4651605818287b9532d3d0bd435?s=96&d=mm&r=g\",\"url\":\"https:\\\/\\\/secure.gravatar.com\\\/avatar\\\/3a8de04a2656d44082be478bd6c086daa447c4651605818287b9532d3d0bd435?s=96&d=mm&r=g\",\"contentUrl\":\"https:\\\/\\\/secure.gravatar.com\\\/avatar\\\/3a8de04a2656d44082be478bd6c086daa447c4651605818287b9532d3d0bd435?s=96&d=mm&r=g\",\"caption\":\"Lo viste en Los Pol\u00edticos\"},\"url\":\"https:\\\/\\\/lospoliticosveracruz.com\\\/?author=2\"}]}<\/script>\n<!-- \/ Yoast SEO plugin. -->","yoast_head_json":{"title":"Yunes, nuevos enfrentamientos - Los pol\u00edticos Veracruz","robots":{"index":"index","follow":"follow","max-snippet":"max-snippet:-1","max-image-preview":"max-image-preview:large","max-video-preview":"max-video-preview:-1"},"canonical":"https:\/\/lospoliticosveracruz.com\/?p=31343","og_locale":"es_ES","og_type":"article","og_title":"Yunes, nuevos enfrentamientos - Los pol\u00edticos Veracruz","og_description":"Luis Alberto Romero \u00a0Hora Cero En las semanas recientes, las diferencias entre el gobernador Miguel \u00c1ngel Yunes Linares y el dirigente del Movimiento de Regeneraci\u00f3n Nacional, Andr\u00e9s Manuel L\u00f3pez Obrador, han llamado la atenci\u00f3n de medios informativos nacionales y estatales. El intercambio de se\u00f1alamientos, acusaciones y descalificaciones, en redes sociales, ha sido la principal caracter\u00edstica [&hellip;]","og_url":"https:\/\/lospoliticosveracruz.com\/?p=31343","og_site_name":"Los pol\u00edticos Veracruz","article_publisher":"https:\/\/www.facebook.com\/people\/Notimemes-de-los-Polticos\/61565672886568\/","article_published_time":"2017-03-13T14:34:55+00:00","og_image":[{"width":200,"height":200,"url":"https:\/\/lospoliticosveracruz.com\/wp-content\/uploads\/2016\/07\/Logo-Dor.jpg","type":"image\/jpeg"}],"author":"Lo viste en Los Pol\u00edticos","twitter_card":"summary_large_image","twitter_creator":"@LosPoliticosVer","twitter_site":"@LosPoliticosVer","twitter_misc":{"Escrito por":"Lo viste en Los Pol\u00edticos","Tiempo de lectura":"4 minutos"},"schema":{"@context":"https:\/\/schema.org","@graph":[{"@type":"Article","@id":"https:\/\/lospoliticosveracruz.com\/?p=31343#article","isPartOf":{"@id":"https:\/\/lospoliticosveracruz.com\/?p=31343"},"author":{"name":"Lo viste en Los Pol\u00edticos","@id":"https:\/\/lospoliticosveracruz.com\/#\/schema\/person\/b8702bb0e538456e6efd07080bf2a4a2"},"headline":"Yunes, nuevos enfrentamientos","datePublished":"2017-03-13T14:34:55+00:00","mainEntityOfPage":{"@id":"https:\/\/lospoliticosveracruz.com\/?p=31343"},"wordCount":894,"commentCount":0,"publisher":{"@id":"https:\/\/lospoliticosveracruz.com\/#organization"},"keywords":["Andr\u00e9s Manuel L\u00f3pez Obrador","Boca del R\u00edo","H\u00e9ctor Yunes Landa","Miguel Angel Yunes Linares","Morena","Veracruz"],"articleSection":["De Opini\u00f3n"],"inLanguage":"es","potentialAction":[{"@type":"CommentAction","name":"Comment","target":["https:\/\/lospoliticosveracruz.com\/?p=31343#respond"]}]},{"@type":"WebPage","@id":"https:\/\/lospoliticosveracruz.com\/?p=31343","url":"https:\/\/lospoliticosveracruz.com\/?p=31343","name":"Yunes, nuevos enfrentamientos - Los pol\u00edticos Veracruz","isPartOf":{"@id":"https:\/\/lospoliticosveracruz.com\/#website"},"datePublished":"2017-03-13T14:34:55+00:00","breadcrumb":{"@id":"https:\/\/lospoliticosveracruz.com\/?p=31343#breadcrumb"},"inLanguage":"es","potentialAction":[{"@type":"ReadAction","target":["https:\/\/lospoliticosveracruz.com\/?p=31343"]}]},{"@type":"BreadcrumbList","@id":"https:\/\/lospoliticosveracruz.com\/?p=31343#breadcrumb","itemListElement":[{"@type":"ListItem","position":1,"name":"Portada","item":"https:\/\/lospoliticosveracruz.com\/"},{"@type":"ListItem","position":2,"name":"Yunes, nuevos enfrentamientos"}]},{"@type":"WebSite","@id":"https:\/\/lospoliticosveracruz.com\/#website","url":"https:\/\/lospoliticosveracruz.com\/","name":"Los pol\u00edticos Veracruz","description":"","publisher":{"@id":"https:\/\/lospoliticosveracruz.com\/#organization"},"potentialAction":[{"@type":"SearchAction","target":{"@type":"EntryPoint","urlTemplate":"https:\/\/lospoliticosveracruz.com\/?s={search_term_string}"},"query-input":{"@type":"PropertyValueSpecification","valueRequired":true,"valueName":"search_term_string"}}],"inLanguage":"es"},{"@type":"Organization","@id":"https:\/\/lospoliticosveracruz.com\/#organization","name":"Los pol\u00edticos Veracruz","url":"https:\/\/lospoliticosveracruz.com\/","logo":{"@type":"ImageObject","inLanguage":"es","@id":"https:\/\/lospoliticosveracruz.com\/#\/schema\/logo\/image\/","url":"https:\/\/lospoliticosveracruz.com\/wp-content\/uploads\/2025\/12\/Logo-Nuevo-LOS-POLITICOS-1.jpg","contentUrl":"https:\/\/lospoliticosveracruz.com\/wp-content\/uploads\/2025\/12\/Logo-Nuevo-LOS-POLITICOS-1.jpg","width":260,"height":70,"caption":"Los pol\u00edticos Veracruz"},"image":{"@id":"https:\/\/lospoliticosveracruz.com\/#\/schema\/logo\/image\/"},"sameAs":["https:\/\/www.facebook.com\/people\/Notimemes-de-los-Polticos\/61565672886568\/","https:\/\/x.com\/LosPoliticosVer"]},{"@type":"Person","@id":"https:\/\/lospoliticosveracruz.com\/#\/schema\/person\/b8702bb0e538456e6efd07080bf2a4a2","name":"Lo viste en Los Pol\u00edticos","image":{"@type":"ImageObject","inLanguage":"es","@id":"https:\/\/secure.gravatar.com\/avatar\/3a8de04a2656d44082be478bd6c086daa447c4651605818287b9532d3d0bd435?s=96&d=mm&r=g","url":"https:\/\/secure.gravatar.com\/avatar\/3a8de04a2656d44082be478bd6c086daa447c4651605818287b9532d3d0bd435?s=96&d=mm&r=g","contentUrl":"https:\/\/secure.gravatar.com\/avatar\/3a8de04a2656d44082be478bd6c086daa447c4651605818287b9532d3d0bd435?s=96&d=mm&r=g","caption":"Lo viste en Los Pol\u00edticos"},"url":"https:\/\/lospoliticosveracruz.com\/?author=2"}]}},"_links":{"self":[{"href":"https:\/\/lospoliticosveracruz.com\/index.php?rest_route=\/wp\/v2\/posts\/31343","targetHints":{"allow":["GET"]}}],"collection":[{"href":"https:\/\/lospoliticosveracruz.com\/index.php?rest_route=\/wp\/v2\/posts"}],"about":[{"href":"https:\/\/lospoliticosveracruz.com\/index.php?rest_route=\/wp\/v2\/types\/post"}],"author":[{"embeddable":true,"href":"https:\/\/lospoliticosveracruz.com\/index.php?rest_route=\/wp\/v2\/users\/2"}],"replies":[{"embeddable":true,"href":"https:\/\/lospoliticosveracruz.com\/index.php?rest_route=%2Fwp%2Fv2%2Fcomments&post=31343"}],"version-history":[{"count":1,"href":"https:\/\/lospoliticosveracruz.com\/index.php?rest_route=\/wp\/v2\/posts\/31343\/revisions"}],"predecessor-version":[{"id":31344,"href":"https:\/\/lospoliticosveracruz.com\/index.php?rest_route=\/wp\/v2\/posts\/31343\/revisions\/31344"}],"wp:attachment":[{"href":"https:\/\/lospoliticosveracruz.com\/index.php?rest_route=%2Fwp%2Fv2%2Fmedia&parent=31343"}],"wp:term":[{"taxonomy":"category","embeddable":true,"href":"https:\/\/lospoliticosveracruz.com\/index.php?rest_route=%2Fwp%2Fv2%2Fcategories&post=31343"},{"taxonomy":"post_tag","embeddable":true,"href":"https:\/\/lospoliticosveracruz.com\/index.php?rest_route=%2Fwp%2Fv2%2Ftags&post=31343"}],"curies":[{"name":"wp","href":"https:\/\/api.w.org\/{rel}","templated":true}]}}