{"id":31345,"date":"2017-03-13T15:02:24","date_gmt":"2017-03-13T21:02:24","guid":{"rendered":"http:\/\/www.lospoliticosveracruz.com.mx\/?p=31345"},"modified":"2017-03-13T15:02:24","modified_gmt":"2017-03-13T21:02:24","slug":"sobrevivientes","status":"publish","type":"post","link":"https:\/\/lospoliticosveracruz.com\/?p=31345","title":{"rendered":"Sobrevivientes"},"content":{"rendered":"<p><a href=\"http:\/\/www.lospoliticosveracruz.com.mx\/wp-content\/uploads\/2017\/03\/Tlacuaches.jpeg\"><img loading=\"lazy\" decoding=\"async\" class=\"aligncenter size-full wp-image-31348\" src=\"http:\/\/www.lospoliticosveracruz.com.mx\/wp-content\/uploads\/2017\/03\/Tlacuaches.jpeg\" alt=\"Tlacuaches\" width=\"600\" height=\"337\" \/><\/a><\/p>\n<p><strong>Salvador Mu\u00f1oz<\/strong><\/p>\n<p>Es incre\u00edble que a pesar del distanciamiento que hemos hecho con la naturaleza, \u00e9sta siempre se empe\u00f1a en mostrarnos su bondad a trav\u00e9s de milagros.<\/p>\n<p>Un mensaje al grupo de WhatsApp de los vecinos de Jardines de Xalapa llama mi atenci\u00f3n.\u00a0Una se\u00f1ora pregunta c\u00f3mo atender a unos\u00a0tlacuaches\u00a0reci\u00e9n nacidos pues su madre est\u00e1 muerta.\u00a0Ella cree que cay\u00f3 de un \u00e1rbol. La naturaleza obra el milagro y los beb\u00e9s nacen de un vientre que sabr\u00e1 Dios sepa cu\u00e1nto tiene de muerto.<\/p>\n<p>Alguien le dice que llame a Protecci\u00f3n Civil. En el Ayuntamiento, me proporcionan el tel\u00e9fono del Centro de Salud Animal de Xalapa y a la vez, se lo paso a la vecina&#8230; me agarraron trabajando pero ruego que la vecina culmine su inter\u00e9s por atender a estos animalitos. Tras salir de mi reuni\u00f3n, mando un mensaje y la se\u00f1ora me dice que lleg\u00f3 personal del Centro de Salud Animal y que\u00a0ya se hizo cargo de los siete tlacuachitos reci\u00e9n nacidos&#8230;<\/p>\n<p>No tienen a su madre, pero creo que merecen vivir&#8230; son unos sobrevivientes.\u00a0Sobrevivientes a\u00a0una sociedad que los sigue viendo con temor, con asco; sobrevivientes a un ambiente hostil donde perros y gatos los ven como presas de ataque; afortunadamente hay gente como esta vecina, Mar\u00eda del Roxel, que pens\u00f3 en que los\u00a0sobrevivientes merecen respeto y llam\u00f3 al Centro de Salud Animal&#8230; afortunadamente hay gente como Gabriel Morales al frente de esta \u00e1rea al cuidado y protecci\u00f3n de la fauna&#8230; afortunadamente tenemos autoridades municipales como Am\u00e9rico Z\u00fa\u00f1iga&#8230; y no es coba. Si hay un episodio que recuerdo mucho de Am\u00e9rico, es cuando se preocup\u00f3 por aquel intruso que un d\u00eda cay\u00f3 en un bote de basura de su casa&#8230; un tlacuachito.<\/p>\n<p>Una persona que tiene un \u00e1rea en su administraci\u00f3n que se preocupa por caballos, perros, gatos y tlacuaches, entre otros, me genera confianza, como la confianza que tengo de que esta familia de tlacuachitos salga adelante&#8230; ya hicieron lo m\u00e1s dif\u00edcil&#8230; nacer en la adversidad.<\/p>\n","protected":false},"excerpt":{"rendered":"<p>Salvador Mu\u00f1oz Es incre\u00edble que a pesar del distanciamiento que hemos hecho con la naturaleza, \u00e9sta siempre se empe\u00f1a en mostrarnos su bondad a trav\u00e9s de milagros. Un mensaje al grupo de WhatsApp de los vecinos de Jardines de Xalapa llama mi atenci\u00f3n.\u00a0Una se\u00f1ora pregunta c\u00f3mo atender a unos\u00a0tlacuaches\u00a0reci\u00e9n nacidos pues su madre est\u00e1 muerta.\u00a0Ella [&hellip;]<\/p>\n","protected":false},"author":2,"featured_media":0,"comment_status":"open","ping_status":"open","sticky":false,"template":"","format":"standard","meta":{"tdm_status":"","tdm_grid_status":"","footnotes":""},"categories":[6451],"tags":[539,397,7672],"class_list":{"0":"post-31345","1":"post","2":"type-post","3":"status-publish","4":"format-standard","6":"category-historias_de_amigos","7":"tag-americo-zuniga-martinez","8":"tag-centro-de-salud-animal","9":"tag-tlacuaches"},"yoast_head":"<!-- This site is optimized with the Yoast SEO plugin v27.4 - https:\/\/yoast.com\/product\/yoast-seo-wordpress\/ -->\n<title>Sobrevivientes - Los pol\u00edticos Veracruz<\/title>\n<meta name=\"robots\" content=\"index, follow, max-snippet:-1, max-image-preview:large, max-video-preview:-1\" \/>\n<link rel=\"canonical\" href=\"https:\/\/lospoliticosveracruz.com\/?p=31345\" \/>\n<meta property=\"og:locale\" content=\"es_ES\" \/>\n<meta property=\"og:type\" content=\"article\" \/>\n<meta property=\"og:title\" content=\"Sobrevivientes - Los pol\u00edticos Veracruz\" \/>\n<meta property=\"og:description\" content=\"Salvador Mu\u00f1oz Es incre\u00edble que a pesar del distanciamiento que hemos hecho con la naturaleza, \u00e9sta siempre se empe\u00f1a en mostrarnos su bondad a trav\u00e9s de milagros. Un mensaje al grupo de WhatsApp de los vecinos de Jardines de Xalapa llama mi atenci\u00f3n.\u00a0Una se\u00f1ora pregunta c\u00f3mo atender a unos\u00a0tlacuaches\u00a0reci\u00e9n nacidos pues su madre est\u00e1 muerta.\u00a0Ella [&hellip;]\" \/>\n<meta property=\"og:url\" content=\"https:\/\/lospoliticosveracruz.com\/?p=31345\" \/>\n<meta property=\"og:site_name\" content=\"Los pol\u00edticos Veracruz\" \/>\n<meta property=\"article:publisher\" content=\"https:\/\/www.facebook.com\/people\/Notimemes-de-los-Polticos\/61565672886568\/\" \/>\n<meta property=\"article:published_time\" content=\"2017-03-13T21:02:24+00:00\" \/>\n<meta property=\"og:image\" content=\"http:\/\/www.lospoliticosveracruz.com.mx\/wp-content\/uploads\/2017\/03\/Tlacuaches.jpeg\" \/>\n<meta name=\"author\" content=\"Lo viste en Los Pol\u00edticos\" \/>\n<meta name=\"twitter:card\" content=\"summary_large_image\" \/>\n<meta name=\"twitter:creator\" content=\"@LosPoliticosVer\" \/>\n<meta name=\"twitter:site\" content=\"@LosPoliticosVer\" \/>\n<meta name=\"twitter:label1\" content=\"Escrito por\" \/>\n\t<meta name=\"twitter:data1\" content=\"Lo viste en Los Pol\u00edticos\" \/>\n\t<meta name=\"twitter:label2\" content=\"Tiempo de lectura\" \/>\n\t<meta name=\"twitter:data2\" content=\"2 minutos\" \/>\n<script type=\"application\/ld+json\" class=\"yoast-schema-graph\">{\"@context\":\"https:\\\/\\\/schema.org\",\"@graph\":[{\"@type\":\"Article\",\"@id\":\"https:\\\/\\\/lospoliticosveracruz.com\\\/?p=31345#article\",\"isPartOf\":{\"@id\":\"https:\\\/\\\/lospoliticosveracruz.com\\\/?p=31345\"},\"author\":{\"name\":\"Lo viste en Los Pol\u00edticos\",\"@id\":\"https:\\\/\\\/lospoliticosveracruz.com\\\/#\\\/schema\\\/person\\\/b8702bb0e538456e6efd07080bf2a4a2\"},\"headline\":\"Sobrevivientes\",\"datePublished\":\"2017-03-13T21:02:24+00:00\",\"mainEntityOfPage\":{\"@id\":\"https:\\\/\\\/lospoliticosveracruz.com\\\/?p=31345\"},\"wordCount\":360,\"commentCount\":0,\"publisher\":{\"@id\":\"https:\\\/\\\/lospoliticosveracruz.com\\\/#organization\"},\"image\":{\"@id\":\"https:\\\/\\\/lospoliticosveracruz.com\\\/?p=31345#primaryimage\"},\"thumbnailUrl\":\"http:\\\/\\\/www.lospoliticosveracruz.com.mx\\\/wp-content\\\/uploads\\\/2017\\\/03\\\/Tlacuaches.jpeg\",\"keywords\":[\"Am\u00e9rico Z\u00fa\u00f1iga Mart\u00ednez\",\"Centro de Salud Animal\",\"tlacuaches\"],\"articleSection\":[\"Historias de Amigos\"],\"inLanguage\":\"es\",\"potentialAction\":[{\"@type\":\"CommentAction\",\"name\":\"Comment\",\"target\":[\"https:\\\/\\\/lospoliticosveracruz.com\\\/?p=31345#respond\"]}]},{\"@type\":\"WebPage\",\"@id\":\"https:\\\/\\\/lospoliticosveracruz.com\\\/?p=31345\",\"url\":\"https:\\\/\\\/lospoliticosveracruz.com\\\/?p=31345\",\"name\":\"Sobrevivientes - Los pol\u00edticos Veracruz\",\"isPartOf\":{\"@id\":\"https:\\\/\\\/lospoliticosveracruz.com\\\/#website\"},\"primaryImageOfPage\":{\"@id\":\"https:\\\/\\\/lospoliticosveracruz.com\\\/?p=31345#primaryimage\"},\"image\":{\"@id\":\"https:\\\/\\\/lospoliticosveracruz.com\\\/?p=31345#primaryimage\"},\"thumbnailUrl\":\"http:\\\/\\\/www.lospoliticosveracruz.com.mx\\\/wp-content\\\/uploads\\\/2017\\\/03\\\/Tlacuaches.jpeg\",\"datePublished\":\"2017-03-13T21:02:24+00:00\",\"breadcrumb\":{\"@id\":\"https:\\\/\\\/lospoliticosveracruz.com\\\/?p=31345#breadcrumb\"},\"inLanguage\":\"es\",\"potentialAction\":[{\"@type\":\"ReadAction\",\"target\":[\"https:\\\/\\\/lospoliticosveracruz.com\\\/?p=31345\"]}]},{\"@type\":\"ImageObject\",\"inLanguage\":\"es\",\"@id\":\"https:\\\/\\\/lospoliticosveracruz.com\\\/?p=31345#primaryimage\",\"url\":\"http:\\\/\\\/www.lospoliticosveracruz.com.mx\\\/wp-content\\\/uploads\\\/2017\\\/03\\\/Tlacuaches.jpeg\",\"contentUrl\":\"http:\\\/\\\/www.lospoliticosveracruz.com.mx\\\/wp-content\\\/uploads\\\/2017\\\/03\\\/Tlacuaches.jpeg\"},{\"@type\":\"BreadcrumbList\",\"@id\":\"https:\\\/\\\/lospoliticosveracruz.com\\\/?p=31345#breadcrumb\",\"itemListElement\":[{\"@type\":\"ListItem\",\"position\":1,\"name\":\"Portada\",\"item\":\"https:\\\/\\\/lospoliticosveracruz.com\\\/\"},{\"@type\":\"ListItem\",\"position\":2,\"name\":\"Sobrevivientes\"}]},{\"@type\":\"WebSite\",\"@id\":\"https:\\\/\\\/lospoliticosveracruz.com\\\/#website\",\"url\":\"https:\\\/\\\/lospoliticosveracruz.com\\\/\",\"name\":\"Los pol\u00edticos Veracruz\",\"description\":\"\",\"publisher\":{\"@id\":\"https:\\\/\\\/lospoliticosveracruz.com\\\/#organization\"},\"potentialAction\":[{\"@type\":\"SearchAction\",\"target\":{\"@type\":\"EntryPoint\",\"urlTemplate\":\"https:\\\/\\\/lospoliticosveracruz.com\\\/?s={search_term_string}\"},\"query-input\":{\"@type\":\"PropertyValueSpecification\",\"valueRequired\":true,\"valueName\":\"search_term_string\"}}],\"inLanguage\":\"es\"},{\"@type\":\"Organization\",\"@id\":\"https:\\\/\\\/lospoliticosveracruz.com\\\/#organization\",\"name\":\"Los pol\u00edticos Veracruz\",\"url\":\"https:\\\/\\\/lospoliticosveracruz.com\\\/\",\"logo\":{\"@type\":\"ImageObject\",\"inLanguage\":\"es\",\"@id\":\"https:\\\/\\\/lospoliticosveracruz.com\\\/#\\\/schema\\\/logo\\\/image\\\/\",\"url\":\"https:\\\/\\\/lospoliticosveracruz.com\\\/wp-content\\\/uploads\\\/2025\\\/12\\\/Logo-Nuevo-LOS-POLITICOS-1.jpg\",\"contentUrl\":\"https:\\\/\\\/lospoliticosveracruz.com\\\/wp-content\\\/uploads\\\/2025\\\/12\\\/Logo-Nuevo-LOS-POLITICOS-1.jpg\",\"width\":260,\"height\":70,\"caption\":\"Los pol\u00edticos Veracruz\"},\"image\":{\"@id\":\"https:\\\/\\\/lospoliticosveracruz.com\\\/#\\\/schema\\\/logo\\\/image\\\/\"},\"sameAs\":[\"https:\\\/\\\/www.facebook.com\\\/people\\\/Notimemes-de-los-Polticos\\\/61565672886568\\\/\",\"https:\\\/\\\/x.com\\\/LosPoliticosVer\"]},{\"@type\":\"Person\",\"@id\":\"https:\\\/\\\/lospoliticosveracruz.com\\\/#\\\/schema\\\/person\\\/b8702bb0e538456e6efd07080bf2a4a2\",\"name\":\"Lo viste en Los Pol\u00edticos\",\"image\":{\"@type\":\"ImageObject\",\"inLanguage\":\"es\",\"@id\":\"https:\\\/\\\/secure.gravatar.com\\\/avatar\\\/3a8de04a2656d44082be478bd6c086daa447c4651605818287b9532d3d0bd435?s=96&d=mm&r=g\",\"url\":\"https:\\\/\\\/secure.gravatar.com\\\/avatar\\\/3a8de04a2656d44082be478bd6c086daa447c4651605818287b9532d3d0bd435?s=96&d=mm&r=g\",\"contentUrl\":\"https:\\\/\\\/secure.gravatar.com\\\/avatar\\\/3a8de04a2656d44082be478bd6c086daa447c4651605818287b9532d3d0bd435?s=96&d=mm&r=g\",\"caption\":\"Lo viste en Los Pol\u00edticos\"},\"url\":\"https:\\\/\\\/lospoliticosveracruz.com\\\/?author=2\"}]}<\/script>\n<!-- \/ Yoast SEO plugin. -->","yoast_head_json":{"title":"Sobrevivientes - Los pol\u00edticos Veracruz","robots":{"index":"index","follow":"follow","max-snippet":"max-snippet:-1","max-image-preview":"max-image-preview:large","max-video-preview":"max-video-preview:-1"},"canonical":"https:\/\/lospoliticosveracruz.com\/?p=31345","og_locale":"es_ES","og_type":"article","og_title":"Sobrevivientes - Los pol\u00edticos Veracruz","og_description":"Salvador Mu\u00f1oz Es incre\u00edble que a pesar del distanciamiento que hemos hecho con la naturaleza, \u00e9sta siempre se empe\u00f1a en mostrarnos su bondad a trav\u00e9s de milagros. Un mensaje al grupo de WhatsApp de los vecinos de Jardines de Xalapa llama mi atenci\u00f3n.\u00a0Una se\u00f1ora pregunta c\u00f3mo atender a unos\u00a0tlacuaches\u00a0reci\u00e9n nacidos pues su madre est\u00e1 muerta.\u00a0Ella [&hellip;]","og_url":"https:\/\/lospoliticosveracruz.com\/?p=31345","og_site_name":"Los pol\u00edticos Veracruz","article_publisher":"https:\/\/www.facebook.com\/people\/Notimemes-de-los-Polticos\/61565672886568\/","article_published_time":"2017-03-13T21:02:24+00:00","og_image":[{"url":"http:\/\/www.lospoliticosveracruz.com.mx\/wp-content\/uploads\/2017\/03\/Tlacuaches.jpeg","type":"","width":"","height":""}],"author":"Lo viste en Los Pol\u00edticos","twitter_card":"summary_large_image","twitter_creator":"@LosPoliticosVer","twitter_site":"@LosPoliticosVer","twitter_misc":{"Escrito por":"Lo viste en Los Pol\u00edticos","Tiempo de lectura":"2 minutos"},"schema":{"@context":"https:\/\/schema.org","@graph":[{"@type":"Article","@id":"https:\/\/lospoliticosveracruz.com\/?p=31345#article","isPartOf":{"@id":"https:\/\/lospoliticosveracruz.com\/?p=31345"},"author":{"name":"Lo viste en Los Pol\u00edticos","@id":"https:\/\/lospoliticosveracruz.com\/#\/schema\/person\/b8702bb0e538456e6efd07080bf2a4a2"},"headline":"Sobrevivientes","datePublished":"2017-03-13T21:02:24+00:00","mainEntityOfPage":{"@id":"https:\/\/lospoliticosveracruz.com\/?p=31345"},"wordCount":360,"commentCount":0,"publisher":{"@id":"https:\/\/lospoliticosveracruz.com\/#organization"},"image":{"@id":"https:\/\/lospoliticosveracruz.com\/?p=31345#primaryimage"},"thumbnailUrl":"http:\/\/www.lospoliticosveracruz.com.mx\/wp-content\/uploads\/2017\/03\/Tlacuaches.jpeg","keywords":["Am\u00e9rico Z\u00fa\u00f1iga Mart\u00ednez","Centro de Salud Animal","tlacuaches"],"articleSection":["Historias de Amigos"],"inLanguage":"es","potentialAction":[{"@type":"CommentAction","name":"Comment","target":["https:\/\/lospoliticosveracruz.com\/?p=31345#respond"]}]},{"@type":"WebPage","@id":"https:\/\/lospoliticosveracruz.com\/?p=31345","url":"https:\/\/lospoliticosveracruz.com\/?p=31345","name":"Sobrevivientes - Los pol\u00edticos Veracruz","isPartOf":{"@id":"https:\/\/lospoliticosveracruz.com\/#website"},"primaryImageOfPage":{"@id":"https:\/\/lospoliticosveracruz.com\/?p=31345#primaryimage"},"image":{"@id":"https:\/\/lospoliticosveracruz.com\/?p=31345#primaryimage"},"thumbnailUrl":"http:\/\/www.lospoliticosveracruz.com.mx\/wp-content\/uploads\/2017\/03\/Tlacuaches.jpeg","datePublished":"2017-03-13T21:02:24+00:00","breadcrumb":{"@id":"https:\/\/lospoliticosveracruz.com\/?p=31345#breadcrumb"},"inLanguage":"es","potentialAction":[{"@type":"ReadAction","target":["https:\/\/lospoliticosveracruz.com\/?p=31345"]}]},{"@type":"ImageObject","inLanguage":"es","@id":"https:\/\/lospoliticosveracruz.com\/?p=31345#primaryimage","url":"http:\/\/www.lospoliticosveracruz.com.mx\/wp-content\/uploads\/2017\/03\/Tlacuaches.jpeg","contentUrl":"http:\/\/www.lospoliticosveracruz.com.mx\/wp-content\/uploads\/2017\/03\/Tlacuaches.jpeg"},{"@type":"BreadcrumbList","@id":"https:\/\/lospoliticosveracruz.com\/?p=31345#breadcrumb","itemListElement":[{"@type":"ListItem","position":1,"name":"Portada","item":"https:\/\/lospoliticosveracruz.com\/"},{"@type":"ListItem","position":2,"name":"Sobrevivientes"}]},{"@type":"WebSite","@id":"https:\/\/lospoliticosveracruz.com\/#website","url":"https:\/\/lospoliticosveracruz.com\/","name":"Los pol\u00edticos Veracruz","description":"","publisher":{"@id":"https:\/\/lospoliticosveracruz.com\/#organization"},"potentialAction":[{"@type":"SearchAction","target":{"@type":"EntryPoint","urlTemplate":"https:\/\/lospoliticosveracruz.com\/?s={search_term_string}"},"query-input":{"@type":"PropertyValueSpecification","valueRequired":true,"valueName":"search_term_string"}}],"inLanguage":"es"},{"@type":"Organization","@id":"https:\/\/lospoliticosveracruz.com\/#organization","name":"Los pol\u00edticos Veracruz","url":"https:\/\/lospoliticosveracruz.com\/","logo":{"@type":"ImageObject","inLanguage":"es","@id":"https:\/\/lospoliticosveracruz.com\/#\/schema\/logo\/image\/","url":"https:\/\/lospoliticosveracruz.com\/wp-content\/uploads\/2025\/12\/Logo-Nuevo-LOS-POLITICOS-1.jpg","contentUrl":"https:\/\/lospoliticosveracruz.com\/wp-content\/uploads\/2025\/12\/Logo-Nuevo-LOS-POLITICOS-1.jpg","width":260,"height":70,"caption":"Los pol\u00edticos Veracruz"},"image":{"@id":"https:\/\/lospoliticosveracruz.com\/#\/schema\/logo\/image\/"},"sameAs":["https:\/\/www.facebook.com\/people\/Notimemes-de-los-Polticos\/61565672886568\/","https:\/\/x.com\/LosPoliticosVer"]},{"@type":"Person","@id":"https:\/\/lospoliticosveracruz.com\/#\/schema\/person\/b8702bb0e538456e6efd07080bf2a4a2","name":"Lo viste en Los Pol\u00edticos","image":{"@type":"ImageObject","inLanguage":"es","@id":"https:\/\/secure.gravatar.com\/avatar\/3a8de04a2656d44082be478bd6c086daa447c4651605818287b9532d3d0bd435?s=96&d=mm&r=g","url":"https:\/\/secure.gravatar.com\/avatar\/3a8de04a2656d44082be478bd6c086daa447c4651605818287b9532d3d0bd435?s=96&d=mm&r=g","contentUrl":"https:\/\/secure.gravatar.com\/avatar\/3a8de04a2656d44082be478bd6c086daa447c4651605818287b9532d3d0bd435?s=96&d=mm&r=g","caption":"Lo viste en Los Pol\u00edticos"},"url":"https:\/\/lospoliticosveracruz.com\/?author=2"}]}},"_links":{"self":[{"href":"https:\/\/lospoliticosveracruz.com\/index.php?rest_route=\/wp\/v2\/posts\/31345","targetHints":{"allow":["GET"]}}],"collection":[{"href":"https:\/\/lospoliticosveracruz.com\/index.php?rest_route=\/wp\/v2\/posts"}],"about":[{"href":"https:\/\/lospoliticosveracruz.com\/index.php?rest_route=\/wp\/v2\/types\/post"}],"author":[{"embeddable":true,"href":"https:\/\/lospoliticosveracruz.com\/index.php?rest_route=\/wp\/v2\/users\/2"}],"replies":[{"embeddable":true,"href":"https:\/\/lospoliticosveracruz.com\/index.php?rest_route=%2Fwp%2Fv2%2Fcomments&post=31345"}],"version-history":[{"count":2,"href":"https:\/\/lospoliticosveracruz.com\/index.php?rest_route=\/wp\/v2\/posts\/31345\/revisions"}],"predecessor-version":[{"id":31349,"href":"https:\/\/lospoliticosveracruz.com\/index.php?rest_route=\/wp\/v2\/posts\/31345\/revisions\/31349"}],"wp:attachment":[{"href":"https:\/\/lospoliticosveracruz.com\/index.php?rest_route=%2Fwp%2Fv2%2Fmedia&parent=31345"}],"wp:term":[{"taxonomy":"category","embeddable":true,"href":"https:\/\/lospoliticosveracruz.com\/index.php?rest_route=%2Fwp%2Fv2%2Fcategories&post=31345"},{"taxonomy":"post_tag","embeddable":true,"href":"https:\/\/lospoliticosveracruz.com\/index.php?rest_route=%2Fwp%2Fv2%2Ftags&post=31345"}],"curies":[{"name":"wp","href":"https:\/\/api.w.org\/{rel}","templated":true}]}}