{"id":31357,"date":"2017-03-16T21:57:22","date_gmt":"2017-03-17T03:57:22","guid":{"rendered":"http:\/\/www.lospoliticosveracruz.com.mx\/?p=31357"},"modified":"2017-03-16T21:57:22","modified_gmt":"2017-03-17T03:57:22","slug":"alcaldes-y-cnc","status":"publish","type":"post","link":"https:\/\/lospoliticosveracruz.com\/?p=31357","title":{"rendered":"Alcaldes y CNC"},"content":{"rendered":"<p><strong>Salvador Mu\u00f1oz<\/strong><\/p>\n<p><em>Los Pol\u00edticos<\/em><\/p>\n<p>&nbsp;<br \/>\nSi otra cosa no pasa, la reestructuraci\u00f3n de la deuda ya es casi un hecho, en espera de que en realidad sea en beneficio de los veracruzanos. As\u00ed, por la tarde, se aperson\u00f3 en el Congreso local la secretaria de Finanzas, Tula Guerrero, quien explic\u00f3 a detalle a parte de Juntos por Veracruz (al menos nada m\u00e1s se ve\u00edan Fernando Kuri y el Gallo Bolo en la foto) el ABC de la reestructuraci\u00f3n mientras que Lauro Rodr\u00edguez, asesor de la mini-bancada, tra\u00eda unas manzanas y unos palitos para traducir el contenido de la funcionaria a los legisladores&#8230; \u00a1no es cierto pero as\u00ed lo imagin\u00e9!<br \/>\nUna buena se\u00f1al igual se percibi\u00f3 por parte de los alcaldes (priistas) de Xalapa y Coatzacoalcos, que lejos de camisetas de colores (dijera Mariely Manterola), demandaron, urgieron, exhortaron o el verbo que usted quiera ponerles, a los legisladores del PRI, reconsiderar su posici\u00f3n respecto a la reestructuraci\u00f3n de la deuda.<br \/>\nAm\u00e9rico, si bien apost\u00f3 a la transparencia del esquema, lo prioritario, asegur\u00f3, es resolver el problema financiero, no tan solo para el Gobierno estatal, sino tambi\u00e9n para los municipios veracruzanos afectados por la retenci\u00f3n de las participaciones federales por el gobierno de Javier Duarte.<br \/>\nY para rematar la tarde, un dirigente de un sector priista como es la CNC, fiel a su estilo, exclamaba en Boca del R\u00edo que se pueden tener muchos planes y proyectos para el campo veracruzano, \u201cpero sin dinero, \u00a1valdremos madre!\u201d<br \/>\nAs\u00ed es, Juan Carlos Molina Palacios tambi\u00e9n se uni\u00f3 al exhorto pero a todos los diputados de la LXIV Legislatura del Estado, en especial a los priistas, para que reconsideren y aprueben la reestructuraci\u00f3n de la deuda p\u00fablica que propuso el gobernador Miguel \u00c1ngel Yunes Linares.<br \/>\nPor supuesto, Molina Palacios s\u00ed se lo mand\u00f3 a decir a los diputados, pero al Gobernador, se lo dijo en su cara, y fue durante la Instalaci\u00f3n y Primera Sesi\u00f3n Ordinaria del Consejo Veracruzano para el Desarrollo Rural Sustentable celebrada ayer en Boca del R\u00edo, donde intervino el dirigente de la CNC.<br \/>\n\u00a1Ojo!, porque cuando alcaldes y un sector tan relevante para el PRI como la CNC voltean hacia los diputados de su partido para que reconsideren su posici\u00f3n, es porque m\u00e1s all\u00e1 de colores o siglas, hay pol\u00edticos interesados en el bienestar de Veracruz.<br \/>\n*LA CAMA DE RENATO<br \/>\nUna de an\u00e9cdota, ahora que le festejaron el cumplea\u00f1os a Renato Alarc\u00f3n Guevara. Resulta que hace unos d\u00edas, entre un grupo de priistas, el dirigente del partido tricolor estatal se quejaba de que nada m\u00e1s dorm\u00eda cuatro horas y muy temprano ten\u00eda que salir de su casa para llevar a sus chavos a la escuela. Una priista, de no muy malos bigotes, le coment\u00f3 entonces:<br \/>\n\u2014Yo le sugiero, presidente, que meta una cama atr\u00e1s, en el privado&#8230;<br \/>\nA lo que de inmediato ataj\u00f3 Renato Alarc\u00f3n antes de que hubiera lugar a cualquier cosa:<br \/>\n\u2014\u00a1Pero individual, pero individual!<br \/>\nORIZABA, \u00bfPAUTA?<br \/>\nEn Orizaba, el panismo est\u00e1 m\u00e1s unido que nunca&#8230; pero contra Hugo Chah\u00edn Maluly, el ex priista que fue a refugiarse en Acci\u00f3n Nacional en b\u00fasqueda de ser candidato para la alcald\u00eda de la Pluviosilla. Resulta que los otros precandidatos externaron su inconformidad ante el PAN ante la posibilidad de que este ex alcalde priista sea postulado como candidato. Como se defina la situaci\u00f3n de Hugo Chah\u00edn en Acci\u00f3n Nacional, de cierto modo, ha de marcar la pauta de P\u00e1nuco, Perote, y en una de \u00e9sas, hasta de Xalapa, aun cuando la decisi\u00f3n en esta \u00faltima ciudad sea perredista; o parafraseando a Miguel \u00c1ngel Yunes M\u00e1rquez: Se ver\u00e1 qu\u00e9 tanta \u201cescoria\u201d recibe el PAN y el PRD de los otros partidos&#8230;<br \/>\nsmcainito@gmail.com<\/p>\n","protected":false},"excerpt":{"rendered":"<p>Salvador Mu\u00f1oz Los Pol\u00edticos &nbsp; Si otra cosa no pasa, la reestructuraci\u00f3n de la deuda ya es casi un hecho, en espera de que en realidad sea en beneficio de los veracruzanos. As\u00ed, por la tarde, se aperson\u00f3 en el Congreso local la secretaria de Finanzas, Tula Guerrero, quien explic\u00f3 a detalle a parte de [&hellip;]<\/p>\n","protected":false},"author":2,"featured_media":0,"comment_status":"open","ping_status":"open","sticky":false,"template":"","format":"standard","meta":{"tdm_status":"","tdm_grid_status":"","footnotes":""},"categories":[70],"tags":[1277,3256,3238],"class_list":{"0":"post-31357","1":"post","2":"type-post","3":"status-publish","4":"format-standard","6":"category-de-opinion","7":"tag-clementina-guerrero","8":"tag-juan-carlos-molina-palacios","9":"tag-reestructuracion-deuda"},"yoast_head":"<!-- This site is optimized with the Yoast SEO plugin v27.4 - https:\/\/yoast.com\/product\/yoast-seo-wordpress\/ -->\n<title>Alcaldes y CNC - Los pol\u00edticos Veracruz<\/title>\n<meta name=\"robots\" content=\"index, follow, max-snippet:-1, max-image-preview:large, max-video-preview:-1\" \/>\n<link rel=\"canonical\" href=\"https:\/\/lospoliticosveracruz.com\/?p=31357\" \/>\n<meta property=\"og:locale\" content=\"es_ES\" \/>\n<meta property=\"og:type\" content=\"article\" \/>\n<meta property=\"og:title\" content=\"Alcaldes y CNC - Los pol\u00edticos Veracruz\" \/>\n<meta property=\"og:description\" content=\"Salvador Mu\u00f1oz Los Pol\u00edticos &nbsp; Si otra cosa no pasa, la reestructuraci\u00f3n de la deuda ya es casi un hecho, en espera de que en realidad sea en beneficio de los veracruzanos. As\u00ed, por la tarde, se aperson\u00f3 en el Congreso local la secretaria de Finanzas, Tula Guerrero, quien explic\u00f3 a detalle a parte de [&hellip;]\" \/>\n<meta property=\"og:url\" content=\"https:\/\/lospoliticosveracruz.com\/?p=31357\" \/>\n<meta property=\"og:site_name\" content=\"Los pol\u00edticos Veracruz\" \/>\n<meta property=\"article:publisher\" content=\"https:\/\/www.facebook.com\/people\/Notimemes-de-los-Polticos\/61565672886568\/\" \/>\n<meta property=\"article:published_time\" content=\"2017-03-17T03:57:22+00:00\" \/>\n<meta property=\"og:image\" content=\"https:\/\/lospoliticosveracruz.com\/wp-content\/uploads\/2016\/07\/Logo-Dor.jpg\" \/>\n\t<meta property=\"og:image:width\" content=\"200\" \/>\n\t<meta property=\"og:image:height\" content=\"200\" \/>\n\t<meta property=\"og:image:type\" content=\"image\/jpeg\" \/>\n<meta name=\"author\" content=\"Lo viste en Los Pol\u00edticos\" \/>\n<meta name=\"twitter:card\" content=\"summary_large_image\" \/>\n<meta name=\"twitter:creator\" content=\"@LosPoliticosVer\" \/>\n<meta name=\"twitter:site\" content=\"@LosPoliticosVer\" \/>\n<meta name=\"twitter:label1\" content=\"Escrito por\" \/>\n\t<meta name=\"twitter:data1\" content=\"Lo viste en Los Pol\u00edticos\" \/>\n\t<meta name=\"twitter:label2\" content=\"Tiempo de lectura\" \/>\n\t<meta name=\"twitter:data2\" content=\"3 minutos\" \/>\n<script type=\"application\/ld+json\" class=\"yoast-schema-graph\">{\"@context\":\"https:\\\/\\\/schema.org\",\"@graph\":[{\"@type\":\"Article\",\"@id\":\"https:\\\/\\\/lospoliticosveracruz.com\\\/?p=31357#article\",\"isPartOf\":{\"@id\":\"https:\\\/\\\/lospoliticosveracruz.com\\\/?p=31357\"},\"author\":{\"name\":\"Lo viste en Los Pol\u00edticos\",\"@id\":\"https:\\\/\\\/lospoliticosveracruz.com\\\/#\\\/schema\\\/person\\\/b8702bb0e538456e6efd07080bf2a4a2\"},\"headline\":\"Alcaldes y CNC\",\"datePublished\":\"2017-03-17T03:57:22+00:00\",\"mainEntityOfPage\":{\"@id\":\"https:\\\/\\\/lospoliticosveracruz.com\\\/?p=31357\"},\"wordCount\":659,\"commentCount\":0,\"publisher\":{\"@id\":\"https:\\\/\\\/lospoliticosveracruz.com\\\/#organization\"},\"keywords\":[\"Clementina Guerrero\",\"Juan Carlos Molina Palacios\",\"reestructuraci\u00f3n deuda\"],\"articleSection\":[\"De Opini\u00f3n\"],\"inLanguage\":\"es\",\"potentialAction\":[{\"@type\":\"CommentAction\",\"name\":\"Comment\",\"target\":[\"https:\\\/\\\/lospoliticosveracruz.com\\\/?p=31357#respond\"]}]},{\"@type\":\"WebPage\",\"@id\":\"https:\\\/\\\/lospoliticosveracruz.com\\\/?p=31357\",\"url\":\"https:\\\/\\\/lospoliticosveracruz.com\\\/?p=31357\",\"name\":\"Alcaldes y CNC - Los pol\u00edticos Veracruz\",\"isPartOf\":{\"@id\":\"https:\\\/\\\/lospoliticosveracruz.com\\\/#website\"},\"datePublished\":\"2017-03-17T03:57:22+00:00\",\"breadcrumb\":{\"@id\":\"https:\\\/\\\/lospoliticosveracruz.com\\\/?p=31357#breadcrumb\"},\"inLanguage\":\"es\",\"potentialAction\":[{\"@type\":\"ReadAction\",\"target\":[\"https:\\\/\\\/lospoliticosveracruz.com\\\/?p=31357\"]}]},{\"@type\":\"BreadcrumbList\",\"@id\":\"https:\\\/\\\/lospoliticosveracruz.com\\\/?p=31357#breadcrumb\",\"itemListElement\":[{\"@type\":\"ListItem\",\"position\":1,\"name\":\"Portada\",\"item\":\"https:\\\/\\\/lospoliticosveracruz.com\\\/\"},{\"@type\":\"ListItem\",\"position\":2,\"name\":\"Alcaldes y CNC\"}]},{\"@type\":\"WebSite\",\"@id\":\"https:\\\/\\\/lospoliticosveracruz.com\\\/#website\",\"url\":\"https:\\\/\\\/lospoliticosveracruz.com\\\/\",\"name\":\"Los pol\u00edticos Veracruz\",\"description\":\"\",\"publisher\":{\"@id\":\"https:\\\/\\\/lospoliticosveracruz.com\\\/#organization\"},\"potentialAction\":[{\"@type\":\"SearchAction\",\"target\":{\"@type\":\"EntryPoint\",\"urlTemplate\":\"https:\\\/\\\/lospoliticosveracruz.com\\\/?s={search_term_string}\"},\"query-input\":{\"@type\":\"PropertyValueSpecification\",\"valueRequired\":true,\"valueName\":\"search_term_string\"}}],\"inLanguage\":\"es\"},{\"@type\":\"Organization\",\"@id\":\"https:\\\/\\\/lospoliticosveracruz.com\\\/#organization\",\"name\":\"Los pol\u00edticos Veracruz\",\"url\":\"https:\\\/\\\/lospoliticosveracruz.com\\\/\",\"logo\":{\"@type\":\"ImageObject\",\"inLanguage\":\"es\",\"@id\":\"https:\\\/\\\/lospoliticosveracruz.com\\\/#\\\/schema\\\/logo\\\/image\\\/\",\"url\":\"https:\\\/\\\/lospoliticosveracruz.com\\\/wp-content\\\/uploads\\\/2025\\\/12\\\/Logo-Nuevo-LOS-POLITICOS-1.jpg\",\"contentUrl\":\"https:\\\/\\\/lospoliticosveracruz.com\\\/wp-content\\\/uploads\\\/2025\\\/12\\\/Logo-Nuevo-LOS-POLITICOS-1.jpg\",\"width\":260,\"height\":70,\"caption\":\"Los pol\u00edticos Veracruz\"},\"image\":{\"@id\":\"https:\\\/\\\/lospoliticosveracruz.com\\\/#\\\/schema\\\/logo\\\/image\\\/\"},\"sameAs\":[\"https:\\\/\\\/www.facebook.com\\\/people\\\/Notimemes-de-los-Polticos\\\/61565672886568\\\/\",\"https:\\\/\\\/x.com\\\/LosPoliticosVer\"]},{\"@type\":\"Person\",\"@id\":\"https:\\\/\\\/lospoliticosveracruz.com\\\/#\\\/schema\\\/person\\\/b8702bb0e538456e6efd07080bf2a4a2\",\"name\":\"Lo viste en Los Pol\u00edticos\",\"image\":{\"@type\":\"ImageObject\",\"inLanguage\":\"es\",\"@id\":\"https:\\\/\\\/secure.gravatar.com\\\/avatar\\\/3a8de04a2656d44082be478bd6c086daa447c4651605818287b9532d3d0bd435?s=96&d=mm&r=g\",\"url\":\"https:\\\/\\\/secure.gravatar.com\\\/avatar\\\/3a8de04a2656d44082be478bd6c086daa447c4651605818287b9532d3d0bd435?s=96&d=mm&r=g\",\"contentUrl\":\"https:\\\/\\\/secure.gravatar.com\\\/avatar\\\/3a8de04a2656d44082be478bd6c086daa447c4651605818287b9532d3d0bd435?s=96&d=mm&r=g\",\"caption\":\"Lo viste en Los Pol\u00edticos\"},\"url\":\"https:\\\/\\\/lospoliticosveracruz.com\\\/?author=2\"}]}<\/script>\n<!-- \/ Yoast SEO plugin. -->","yoast_head_json":{"title":"Alcaldes y CNC - Los pol\u00edticos Veracruz","robots":{"index":"index","follow":"follow","max-snippet":"max-snippet:-1","max-image-preview":"max-image-preview:large","max-video-preview":"max-video-preview:-1"},"canonical":"https:\/\/lospoliticosveracruz.com\/?p=31357","og_locale":"es_ES","og_type":"article","og_title":"Alcaldes y CNC - Los pol\u00edticos Veracruz","og_description":"Salvador Mu\u00f1oz Los Pol\u00edticos &nbsp; Si otra cosa no pasa, la reestructuraci\u00f3n de la deuda ya es casi un hecho, en espera de que en realidad sea en beneficio de los veracruzanos. As\u00ed, por la tarde, se aperson\u00f3 en el Congreso local la secretaria de Finanzas, Tula Guerrero, quien explic\u00f3 a detalle a parte de [&hellip;]","og_url":"https:\/\/lospoliticosveracruz.com\/?p=31357","og_site_name":"Los pol\u00edticos Veracruz","article_publisher":"https:\/\/www.facebook.com\/people\/Notimemes-de-los-Polticos\/61565672886568\/","article_published_time":"2017-03-17T03:57:22+00:00","og_image":[{"width":200,"height":200,"url":"https:\/\/lospoliticosveracruz.com\/wp-content\/uploads\/2016\/07\/Logo-Dor.jpg","type":"image\/jpeg"}],"author":"Lo viste en Los Pol\u00edticos","twitter_card":"summary_large_image","twitter_creator":"@LosPoliticosVer","twitter_site":"@LosPoliticosVer","twitter_misc":{"Escrito por":"Lo viste en Los Pol\u00edticos","Tiempo de lectura":"3 minutos"},"schema":{"@context":"https:\/\/schema.org","@graph":[{"@type":"Article","@id":"https:\/\/lospoliticosveracruz.com\/?p=31357#article","isPartOf":{"@id":"https:\/\/lospoliticosveracruz.com\/?p=31357"},"author":{"name":"Lo viste en Los Pol\u00edticos","@id":"https:\/\/lospoliticosveracruz.com\/#\/schema\/person\/b8702bb0e538456e6efd07080bf2a4a2"},"headline":"Alcaldes y CNC","datePublished":"2017-03-17T03:57:22+00:00","mainEntityOfPage":{"@id":"https:\/\/lospoliticosveracruz.com\/?p=31357"},"wordCount":659,"commentCount":0,"publisher":{"@id":"https:\/\/lospoliticosveracruz.com\/#organization"},"keywords":["Clementina Guerrero","Juan Carlos Molina Palacios","reestructuraci\u00f3n deuda"],"articleSection":["De Opini\u00f3n"],"inLanguage":"es","potentialAction":[{"@type":"CommentAction","name":"Comment","target":["https:\/\/lospoliticosveracruz.com\/?p=31357#respond"]}]},{"@type":"WebPage","@id":"https:\/\/lospoliticosveracruz.com\/?p=31357","url":"https:\/\/lospoliticosveracruz.com\/?p=31357","name":"Alcaldes y CNC - Los pol\u00edticos Veracruz","isPartOf":{"@id":"https:\/\/lospoliticosveracruz.com\/#website"},"datePublished":"2017-03-17T03:57:22+00:00","breadcrumb":{"@id":"https:\/\/lospoliticosveracruz.com\/?p=31357#breadcrumb"},"inLanguage":"es","potentialAction":[{"@type":"ReadAction","target":["https:\/\/lospoliticosveracruz.com\/?p=31357"]}]},{"@type":"BreadcrumbList","@id":"https:\/\/lospoliticosveracruz.com\/?p=31357#breadcrumb","itemListElement":[{"@type":"ListItem","position":1,"name":"Portada","item":"https:\/\/lospoliticosveracruz.com\/"},{"@type":"ListItem","position":2,"name":"Alcaldes y CNC"}]},{"@type":"WebSite","@id":"https:\/\/lospoliticosveracruz.com\/#website","url":"https:\/\/lospoliticosveracruz.com\/","name":"Los pol\u00edticos Veracruz","description":"","publisher":{"@id":"https:\/\/lospoliticosveracruz.com\/#organization"},"potentialAction":[{"@type":"SearchAction","target":{"@type":"EntryPoint","urlTemplate":"https:\/\/lospoliticosveracruz.com\/?s={search_term_string}"},"query-input":{"@type":"PropertyValueSpecification","valueRequired":true,"valueName":"search_term_string"}}],"inLanguage":"es"},{"@type":"Organization","@id":"https:\/\/lospoliticosveracruz.com\/#organization","name":"Los pol\u00edticos Veracruz","url":"https:\/\/lospoliticosveracruz.com\/","logo":{"@type":"ImageObject","inLanguage":"es","@id":"https:\/\/lospoliticosveracruz.com\/#\/schema\/logo\/image\/","url":"https:\/\/lospoliticosveracruz.com\/wp-content\/uploads\/2025\/12\/Logo-Nuevo-LOS-POLITICOS-1.jpg","contentUrl":"https:\/\/lospoliticosveracruz.com\/wp-content\/uploads\/2025\/12\/Logo-Nuevo-LOS-POLITICOS-1.jpg","width":260,"height":70,"caption":"Los pol\u00edticos Veracruz"},"image":{"@id":"https:\/\/lospoliticosveracruz.com\/#\/schema\/logo\/image\/"},"sameAs":["https:\/\/www.facebook.com\/people\/Notimemes-de-los-Polticos\/61565672886568\/","https:\/\/x.com\/LosPoliticosVer"]},{"@type":"Person","@id":"https:\/\/lospoliticosveracruz.com\/#\/schema\/person\/b8702bb0e538456e6efd07080bf2a4a2","name":"Lo viste en Los Pol\u00edticos","image":{"@type":"ImageObject","inLanguage":"es","@id":"https:\/\/secure.gravatar.com\/avatar\/3a8de04a2656d44082be478bd6c086daa447c4651605818287b9532d3d0bd435?s=96&d=mm&r=g","url":"https:\/\/secure.gravatar.com\/avatar\/3a8de04a2656d44082be478bd6c086daa447c4651605818287b9532d3d0bd435?s=96&d=mm&r=g","contentUrl":"https:\/\/secure.gravatar.com\/avatar\/3a8de04a2656d44082be478bd6c086daa447c4651605818287b9532d3d0bd435?s=96&d=mm&r=g","caption":"Lo viste en Los Pol\u00edticos"},"url":"https:\/\/lospoliticosveracruz.com\/?author=2"}]}},"_links":{"self":[{"href":"https:\/\/lospoliticosveracruz.com\/index.php?rest_route=\/wp\/v2\/posts\/31357","targetHints":{"allow":["GET"]}}],"collection":[{"href":"https:\/\/lospoliticosveracruz.com\/index.php?rest_route=\/wp\/v2\/posts"}],"about":[{"href":"https:\/\/lospoliticosveracruz.com\/index.php?rest_route=\/wp\/v2\/types\/post"}],"author":[{"embeddable":true,"href":"https:\/\/lospoliticosveracruz.com\/index.php?rest_route=\/wp\/v2\/users\/2"}],"replies":[{"embeddable":true,"href":"https:\/\/lospoliticosveracruz.com\/index.php?rest_route=%2Fwp%2Fv2%2Fcomments&post=31357"}],"version-history":[{"count":4,"href":"https:\/\/lospoliticosveracruz.com\/index.php?rest_route=\/wp\/v2\/posts\/31357\/revisions"}],"predecessor-version":[{"id":31442,"href":"https:\/\/lospoliticosveracruz.com\/index.php?rest_route=\/wp\/v2\/posts\/31357\/revisions\/31442"}],"wp:attachment":[{"href":"https:\/\/lospoliticosveracruz.com\/index.php?rest_route=%2Fwp%2Fv2%2Fmedia&parent=31357"}],"wp:term":[{"taxonomy":"category","embeddable":true,"href":"https:\/\/lospoliticosveracruz.com\/index.php?rest_route=%2Fwp%2Fv2%2Fcategories&post=31357"},{"taxonomy":"post_tag","embeddable":true,"href":"https:\/\/lospoliticosveracruz.com\/index.php?rest_route=%2Fwp%2Fv2%2Ftags&post=31357"}],"curies":[{"name":"wp","href":"https:\/\/api.w.org\/{rel}","templated":true}]}}