{"id":31426,"date":"2017-03-15T21:23:12","date_gmt":"2017-03-16T03:23:12","guid":{"rendered":"http:\/\/www.lospoliticosveracruz.com.mx\/?p=31426"},"modified":"2017-03-15T21:23:12","modified_gmt":"2017-03-16T03:23:12","slug":"sergio-y-ricardo","status":"publish","type":"post","link":"https:\/\/lospoliticosveracruz.com\/?p=31426","title":{"rendered":"Sergio y Ricardo"},"content":{"rendered":"<p><strong>Salvador Mu\u00f1oz<\/strong><\/p>\n<p><em>Los Pol\u00edticos<\/em><\/p>\n<p>&nbsp;<\/p>\n<p>&nbsp;<\/p>\n<p>Si usted fuera presidente de la Junta de Coordinaci\u00f3n Pol\u00edtica del Congreso local, pero adem\u00e1s, cabeza de manada de la bancada panista, y sabiendo que al d\u00eda siguiente se fuera a votar la reestructuraci\u00f3n de la deuda que propuso Miguel \u00c1ngel Yunes Linares \u00bfqu\u00e9 har\u00eda la tarde-noche previa?<\/p>\n<p>Posibles respuestas:<\/p>\n<ol>\n<li>A) Cabildear con los jefes de bancada de Morena y PRI<\/li>\n<li>B) Cabildear con algunos diputados de oposici\u00f3n en cortito&#8230;<\/li>\n<li>C) Llevarse a su bancada a echar cascarita de Fut 7 en las canchas de El Pedregal, en Las \u00c1nimas.<\/li>\n<\/ol>\n<p>En los dos primeros casos, no hay testimonio de que as\u00ed haya sido, En el \u00faltimo, s\u00f3lo se tiene el comentario que antes de la sesi\u00f3n del Martes Negro hiciera el mismo Sergio Hern\u00e1ndez, de que estaba envarado&#8230;<\/p>\n<p>\u00bfQu\u00e9 orill\u00f3 a la confianza? En pl\u00e1tica que sostuvo con Pepe Mancha, le habr\u00eda asegurado que la reestructuraci\u00f3n iba y sal\u00eda. Mismo tenor, comentan, habr\u00eda escuchado el Gobernador.<\/p>\n<p>Por eso, cuando la tarde del Martes Negro Sergio Hern\u00e1ndez ve\u00eda desde su curul el tablero de los votos, el rictus de su rostro era el reflejo perfecto del dolor de estar perdiendo la aprobaci\u00f3n de la reestructuraci\u00f3n de la deuda&#8230; ojal\u00e1 y al menos, su bancada haya ganado en la cascarita de Fut 7.<\/p>\n<p>II<\/p>\n<p>Muy aparte de los nuevos delitos que le imputan a Flavino R\u00edos Alvarado, los que le achacan por abuso de autoridad, encubrimiento y tr\u00e1fico de influencias que se traducen en \u201chaber prestado un helic\u00f3ptero\u201d, no tanto a \u201chaber ayudado a fugarse a Javier Duarte de Ochoa\u201d, tienen m\u00e1s sentido medi\u00e1tico sin que por ello pierda su sentido jur\u00eddico.<\/p>\n<p>Me explico: Es claro que Flavino cometi\u00f3 el mismo delito que cometen muchas autoridades como el hacer uso de recursos p\u00fablicos para asuntos netamente privados o particulares, como cuando se habl\u00f3 del \u201cHelic\u00f3ptero del amor\u201d de Fidel Herrera o del \u201cHelic\u00f3ptero de las tortas de La Rielera\u201d de Javier Duarte. El pecado (o delito) de Flavino R\u00edos se concentra simplemente en \u201cuna cortes\u00eda\u201d para un Gobernador con Licencia que abus\u00f3 de la confianza de un pol\u00edtico al que enga\u00f1\u00f3 como a un chino.<\/p>\n<p>III<\/p>\n<p>Por cierto, en la relator\u00eda de esta \u201cfuga en helic\u00f3ptero\u201d (que hace recordar a otros bandidos como Alfredo R\u00edos Galeana, quien se pel\u00f3 en similar veh\u00edculo del penal de Santa Martha), surge el nombre de Ricardo Casanova Morales, quien trabaj\u00f3 en la direcci\u00f3n de Aeron\u00e1utica desde el gobierno de Fidel Herrera, colaborador cercano al titular Alejandro S\u00e1nchez, y vinculado a Gina Dom\u00ednguez, por haberlo nombrado presidente de la Fundaci\u00f3n Colosio Xalapa.<\/p>\n<p>El trabajo de Casanova Morales en Aeron\u00e1utica, comentan, era preparar los vuelos privados y las bit\u00e1coras de los funcionarios duartistas, algo as\u00ed como Log\u00edstica. Lo se\u00f1alan por ser quien recibi\u00f3 la instrucci\u00f3n de \u201cprestar\u201d el helic\u00f3ptero por parte de Flavino R\u00edos y de recibir una llamada de Javier Duarte para que lo pusiera en el Agrocentro el d\u00eda en que \u201cse dio a la fuga\u201d.<\/p>\n<p>\u00bfY por qu\u00e9 los reflectores se posan sobre Ricardo Casanova? A lo mejor por su origen: Es hijo de Juan Manuel Casanova Meraz, quien fue Fiscal Visitador durante el sexenio de Javier Duarte, y con Fidel Herrera, director general de Vinculaci\u00f3n Institucional y Asuntos Internos de la secretar\u00eda de Seguridad P\u00fablica. Actualmente, don Juan Manuel es candidato de Morena por la alcald\u00eda de Tempoal. Ricardo es secretario privado del presidente del PRI estatal, Renato Alarc\u00f3n y por si fuera poco, es sobrino de Hugo Meraz, el de las Finanzas del PRI estatal.<\/p>\n<p>El caso de Ricardo es curioso&#8230; ante una instrucci\u00f3n del Gobernador interino, \u00bfc\u00f3mo decirle que \u201cNo\u201d? aunque bien pudo decirle \u201cNo\u201d al Gobernador con licencia cuando le pidi\u00f3 el helic\u00f3ptero en el Agrocentro&#8230; claro, si esa versi\u00f3n es cierta.<\/p>\n<p>&nbsp;<\/p>\n<p>smcainito@gmail.com<\/p>\n<p>&nbsp;<\/p>\n","protected":false},"excerpt":{"rendered":"<p>Salvador Mu\u00f1oz Los Pol\u00edticos &nbsp; &nbsp; Si usted fuera presidente de la Junta de Coordinaci\u00f3n Pol\u00edtica del Congreso local, pero adem\u00e1s, cabeza de manada de la bancada panista, y sabiendo que al d\u00eda siguiente se fuera a votar la reestructuraci\u00f3n de la deuda que propuso Miguel \u00c1ngel Yunes Linares \u00bfqu\u00e9 har\u00eda la tarde-noche previa? Posibles [&hellip;]<\/p>\n","protected":false},"author":2,"featured_media":0,"comment_status":"open","ping_status":"open","sticky":false,"template":"","format":"standard","meta":{"tdm_status":"","tdm_grid_status":"","footnotes":""},"categories":[70],"tags":[1761,3238,7694,6142],"class_list":{"0":"post-31426","1":"post","2":"type-post","3":"status-publish","4":"format-standard","6":"category-de-opinion","7":"tag-flavino-rios","8":"tag-reestructuracion-deuda","9":"tag-ricardo-casanova","10":"tag-sergio-hernandez"},"yoast_head":"<!-- This site is optimized with the Yoast SEO plugin v27.4 - https:\/\/yoast.com\/product\/yoast-seo-wordpress\/ -->\n<title>Sergio y Ricardo - Los pol\u00edticos Veracruz<\/title>\n<meta name=\"robots\" content=\"index, follow, max-snippet:-1, max-image-preview:large, max-video-preview:-1\" \/>\n<link rel=\"canonical\" href=\"https:\/\/lospoliticosveracruz.com\/?p=31426\" \/>\n<meta property=\"og:locale\" content=\"es_ES\" \/>\n<meta property=\"og:type\" content=\"article\" \/>\n<meta property=\"og:title\" content=\"Sergio y Ricardo - Los pol\u00edticos Veracruz\" \/>\n<meta property=\"og:description\" content=\"Salvador Mu\u00f1oz Los Pol\u00edticos &nbsp; &nbsp; Si usted fuera presidente de la Junta de Coordinaci\u00f3n Pol\u00edtica del Congreso local, pero adem\u00e1s, cabeza de manada de la bancada panista, y sabiendo que al d\u00eda siguiente se fuera a votar la reestructuraci\u00f3n de la deuda que propuso Miguel \u00c1ngel Yunes Linares \u00bfqu\u00e9 har\u00eda la tarde-noche previa? Posibles [&hellip;]\" \/>\n<meta property=\"og:url\" content=\"https:\/\/lospoliticosveracruz.com\/?p=31426\" \/>\n<meta property=\"og:site_name\" content=\"Los pol\u00edticos Veracruz\" \/>\n<meta property=\"article:publisher\" content=\"https:\/\/www.facebook.com\/people\/Notimemes-de-los-Polticos\/61565672886568\/\" \/>\n<meta property=\"article:published_time\" content=\"2017-03-16T03:23:12+00:00\" \/>\n<meta property=\"og:image\" content=\"https:\/\/lospoliticosveracruz.com\/wp-content\/uploads\/2016\/07\/Logo-Dor.jpg\" \/>\n\t<meta property=\"og:image:width\" content=\"200\" \/>\n\t<meta property=\"og:image:height\" content=\"200\" \/>\n\t<meta property=\"og:image:type\" content=\"image\/jpeg\" \/>\n<meta name=\"author\" content=\"Lo viste en Los Pol\u00edticos\" \/>\n<meta name=\"twitter:card\" content=\"summary_large_image\" \/>\n<meta name=\"twitter:creator\" content=\"@LosPoliticosVer\" \/>\n<meta name=\"twitter:site\" content=\"@LosPoliticosVer\" \/>\n<meta name=\"twitter:label1\" content=\"Escrito por\" \/>\n\t<meta name=\"twitter:data1\" content=\"Lo viste en Los Pol\u00edticos\" \/>\n\t<meta name=\"twitter:label2\" content=\"Tiempo de lectura\" \/>\n\t<meta name=\"twitter:data2\" content=\"3 minutos\" \/>\n<script type=\"application\/ld+json\" class=\"yoast-schema-graph\">{\"@context\":\"https:\\\/\\\/schema.org\",\"@graph\":[{\"@type\":\"Article\",\"@id\":\"https:\\\/\\\/lospoliticosveracruz.com\\\/?p=31426#article\",\"isPartOf\":{\"@id\":\"https:\\\/\\\/lospoliticosveracruz.com\\\/?p=31426\"},\"author\":{\"name\":\"Lo viste en Los Pol\u00edticos\",\"@id\":\"https:\\\/\\\/lospoliticosveracruz.com\\\/#\\\/schema\\\/person\\\/b8702bb0e538456e6efd07080bf2a4a2\"},\"headline\":\"Sergio y Ricardo\",\"datePublished\":\"2017-03-16T03:23:12+00:00\",\"mainEntityOfPage\":{\"@id\":\"https:\\\/\\\/lospoliticosveracruz.com\\\/?p=31426\"},\"wordCount\":692,\"commentCount\":0,\"publisher\":{\"@id\":\"https:\\\/\\\/lospoliticosveracruz.com\\\/#organization\"},\"keywords\":[\"Flavino R\u00edos\",\"reestructuraci\u00f3n deuda\",\"Ricardo Casanova\",\"Sergio Hern\u00e1ndez\"],\"articleSection\":[\"De Opini\u00f3n\"],\"inLanguage\":\"es\",\"potentialAction\":[{\"@type\":\"CommentAction\",\"name\":\"Comment\",\"target\":[\"https:\\\/\\\/lospoliticosveracruz.com\\\/?p=31426#respond\"]}]},{\"@type\":\"WebPage\",\"@id\":\"https:\\\/\\\/lospoliticosveracruz.com\\\/?p=31426\",\"url\":\"https:\\\/\\\/lospoliticosveracruz.com\\\/?p=31426\",\"name\":\"Sergio y Ricardo - Los pol\u00edticos Veracruz\",\"isPartOf\":{\"@id\":\"https:\\\/\\\/lospoliticosveracruz.com\\\/#website\"},\"datePublished\":\"2017-03-16T03:23:12+00:00\",\"breadcrumb\":{\"@id\":\"https:\\\/\\\/lospoliticosveracruz.com\\\/?p=31426#breadcrumb\"},\"inLanguage\":\"es\",\"potentialAction\":[{\"@type\":\"ReadAction\",\"target\":[\"https:\\\/\\\/lospoliticosveracruz.com\\\/?p=31426\"]}]},{\"@type\":\"BreadcrumbList\",\"@id\":\"https:\\\/\\\/lospoliticosveracruz.com\\\/?p=31426#breadcrumb\",\"itemListElement\":[{\"@type\":\"ListItem\",\"position\":1,\"name\":\"Portada\",\"item\":\"https:\\\/\\\/lospoliticosveracruz.com\\\/\"},{\"@type\":\"ListItem\",\"position\":2,\"name\":\"Sergio y Ricardo\"}]},{\"@type\":\"WebSite\",\"@id\":\"https:\\\/\\\/lospoliticosveracruz.com\\\/#website\",\"url\":\"https:\\\/\\\/lospoliticosveracruz.com\\\/\",\"name\":\"Los pol\u00edticos Veracruz\",\"description\":\"\",\"publisher\":{\"@id\":\"https:\\\/\\\/lospoliticosveracruz.com\\\/#organization\"},\"potentialAction\":[{\"@type\":\"SearchAction\",\"target\":{\"@type\":\"EntryPoint\",\"urlTemplate\":\"https:\\\/\\\/lospoliticosveracruz.com\\\/?s={search_term_string}\"},\"query-input\":{\"@type\":\"PropertyValueSpecification\",\"valueRequired\":true,\"valueName\":\"search_term_string\"}}],\"inLanguage\":\"es\"},{\"@type\":\"Organization\",\"@id\":\"https:\\\/\\\/lospoliticosveracruz.com\\\/#organization\",\"name\":\"Los pol\u00edticos Veracruz\",\"url\":\"https:\\\/\\\/lospoliticosveracruz.com\\\/\",\"logo\":{\"@type\":\"ImageObject\",\"inLanguage\":\"es\",\"@id\":\"https:\\\/\\\/lospoliticosveracruz.com\\\/#\\\/schema\\\/logo\\\/image\\\/\",\"url\":\"https:\\\/\\\/lospoliticosveracruz.com\\\/wp-content\\\/uploads\\\/2025\\\/12\\\/Logo-Nuevo-LOS-POLITICOS-1.jpg\",\"contentUrl\":\"https:\\\/\\\/lospoliticosveracruz.com\\\/wp-content\\\/uploads\\\/2025\\\/12\\\/Logo-Nuevo-LOS-POLITICOS-1.jpg\",\"width\":260,\"height\":70,\"caption\":\"Los pol\u00edticos Veracruz\"},\"image\":{\"@id\":\"https:\\\/\\\/lospoliticosveracruz.com\\\/#\\\/schema\\\/logo\\\/image\\\/\"},\"sameAs\":[\"https:\\\/\\\/www.facebook.com\\\/people\\\/Notimemes-de-los-Polticos\\\/61565672886568\\\/\",\"https:\\\/\\\/x.com\\\/LosPoliticosVer\"]},{\"@type\":\"Person\",\"@id\":\"https:\\\/\\\/lospoliticosveracruz.com\\\/#\\\/schema\\\/person\\\/b8702bb0e538456e6efd07080bf2a4a2\",\"name\":\"Lo viste en Los Pol\u00edticos\",\"image\":{\"@type\":\"ImageObject\",\"inLanguage\":\"es\",\"@id\":\"https:\\\/\\\/secure.gravatar.com\\\/avatar\\\/3a8de04a2656d44082be478bd6c086daa447c4651605818287b9532d3d0bd435?s=96&d=mm&r=g\",\"url\":\"https:\\\/\\\/secure.gravatar.com\\\/avatar\\\/3a8de04a2656d44082be478bd6c086daa447c4651605818287b9532d3d0bd435?s=96&d=mm&r=g\",\"contentUrl\":\"https:\\\/\\\/secure.gravatar.com\\\/avatar\\\/3a8de04a2656d44082be478bd6c086daa447c4651605818287b9532d3d0bd435?s=96&d=mm&r=g\",\"caption\":\"Lo viste en Los Pol\u00edticos\"},\"url\":\"https:\\\/\\\/lospoliticosveracruz.com\\\/?author=2\"}]}<\/script>\n<!-- \/ Yoast SEO plugin. -->","yoast_head_json":{"title":"Sergio y Ricardo - Los pol\u00edticos Veracruz","robots":{"index":"index","follow":"follow","max-snippet":"max-snippet:-1","max-image-preview":"max-image-preview:large","max-video-preview":"max-video-preview:-1"},"canonical":"https:\/\/lospoliticosveracruz.com\/?p=31426","og_locale":"es_ES","og_type":"article","og_title":"Sergio y Ricardo - Los pol\u00edticos Veracruz","og_description":"Salvador Mu\u00f1oz Los Pol\u00edticos &nbsp; &nbsp; Si usted fuera presidente de la Junta de Coordinaci\u00f3n Pol\u00edtica del Congreso local, pero adem\u00e1s, cabeza de manada de la bancada panista, y sabiendo que al d\u00eda siguiente se fuera a votar la reestructuraci\u00f3n de la deuda que propuso Miguel \u00c1ngel Yunes Linares \u00bfqu\u00e9 har\u00eda la tarde-noche previa? Posibles [&hellip;]","og_url":"https:\/\/lospoliticosveracruz.com\/?p=31426","og_site_name":"Los pol\u00edticos Veracruz","article_publisher":"https:\/\/www.facebook.com\/people\/Notimemes-de-los-Polticos\/61565672886568\/","article_published_time":"2017-03-16T03:23:12+00:00","og_image":[{"width":200,"height":200,"url":"https:\/\/lospoliticosveracruz.com\/wp-content\/uploads\/2016\/07\/Logo-Dor.jpg","type":"image\/jpeg"}],"author":"Lo viste en Los Pol\u00edticos","twitter_card":"summary_large_image","twitter_creator":"@LosPoliticosVer","twitter_site":"@LosPoliticosVer","twitter_misc":{"Escrito por":"Lo viste en Los Pol\u00edticos","Tiempo de lectura":"3 minutos"},"schema":{"@context":"https:\/\/schema.org","@graph":[{"@type":"Article","@id":"https:\/\/lospoliticosveracruz.com\/?p=31426#article","isPartOf":{"@id":"https:\/\/lospoliticosveracruz.com\/?p=31426"},"author":{"name":"Lo viste en Los Pol\u00edticos","@id":"https:\/\/lospoliticosveracruz.com\/#\/schema\/person\/b8702bb0e538456e6efd07080bf2a4a2"},"headline":"Sergio y Ricardo","datePublished":"2017-03-16T03:23:12+00:00","mainEntityOfPage":{"@id":"https:\/\/lospoliticosveracruz.com\/?p=31426"},"wordCount":692,"commentCount":0,"publisher":{"@id":"https:\/\/lospoliticosveracruz.com\/#organization"},"keywords":["Flavino R\u00edos","reestructuraci\u00f3n deuda","Ricardo Casanova","Sergio Hern\u00e1ndez"],"articleSection":["De Opini\u00f3n"],"inLanguage":"es","potentialAction":[{"@type":"CommentAction","name":"Comment","target":["https:\/\/lospoliticosveracruz.com\/?p=31426#respond"]}]},{"@type":"WebPage","@id":"https:\/\/lospoliticosveracruz.com\/?p=31426","url":"https:\/\/lospoliticosveracruz.com\/?p=31426","name":"Sergio y Ricardo - Los pol\u00edticos Veracruz","isPartOf":{"@id":"https:\/\/lospoliticosveracruz.com\/#website"},"datePublished":"2017-03-16T03:23:12+00:00","breadcrumb":{"@id":"https:\/\/lospoliticosveracruz.com\/?p=31426#breadcrumb"},"inLanguage":"es","potentialAction":[{"@type":"ReadAction","target":["https:\/\/lospoliticosveracruz.com\/?p=31426"]}]},{"@type":"BreadcrumbList","@id":"https:\/\/lospoliticosveracruz.com\/?p=31426#breadcrumb","itemListElement":[{"@type":"ListItem","position":1,"name":"Portada","item":"https:\/\/lospoliticosveracruz.com\/"},{"@type":"ListItem","position":2,"name":"Sergio y Ricardo"}]},{"@type":"WebSite","@id":"https:\/\/lospoliticosveracruz.com\/#website","url":"https:\/\/lospoliticosveracruz.com\/","name":"Los pol\u00edticos Veracruz","description":"","publisher":{"@id":"https:\/\/lospoliticosveracruz.com\/#organization"},"potentialAction":[{"@type":"SearchAction","target":{"@type":"EntryPoint","urlTemplate":"https:\/\/lospoliticosveracruz.com\/?s={search_term_string}"},"query-input":{"@type":"PropertyValueSpecification","valueRequired":true,"valueName":"search_term_string"}}],"inLanguage":"es"},{"@type":"Organization","@id":"https:\/\/lospoliticosveracruz.com\/#organization","name":"Los pol\u00edticos Veracruz","url":"https:\/\/lospoliticosveracruz.com\/","logo":{"@type":"ImageObject","inLanguage":"es","@id":"https:\/\/lospoliticosveracruz.com\/#\/schema\/logo\/image\/","url":"https:\/\/lospoliticosveracruz.com\/wp-content\/uploads\/2025\/12\/Logo-Nuevo-LOS-POLITICOS-1.jpg","contentUrl":"https:\/\/lospoliticosveracruz.com\/wp-content\/uploads\/2025\/12\/Logo-Nuevo-LOS-POLITICOS-1.jpg","width":260,"height":70,"caption":"Los pol\u00edticos Veracruz"},"image":{"@id":"https:\/\/lospoliticosveracruz.com\/#\/schema\/logo\/image\/"},"sameAs":["https:\/\/www.facebook.com\/people\/Notimemes-de-los-Polticos\/61565672886568\/","https:\/\/x.com\/LosPoliticosVer"]},{"@type":"Person","@id":"https:\/\/lospoliticosveracruz.com\/#\/schema\/person\/b8702bb0e538456e6efd07080bf2a4a2","name":"Lo viste en Los Pol\u00edticos","image":{"@type":"ImageObject","inLanguage":"es","@id":"https:\/\/secure.gravatar.com\/avatar\/3a8de04a2656d44082be478bd6c086daa447c4651605818287b9532d3d0bd435?s=96&d=mm&r=g","url":"https:\/\/secure.gravatar.com\/avatar\/3a8de04a2656d44082be478bd6c086daa447c4651605818287b9532d3d0bd435?s=96&d=mm&r=g","contentUrl":"https:\/\/secure.gravatar.com\/avatar\/3a8de04a2656d44082be478bd6c086daa447c4651605818287b9532d3d0bd435?s=96&d=mm&r=g","caption":"Lo viste en Los Pol\u00edticos"},"url":"https:\/\/lospoliticosveracruz.com\/?author=2"}]}},"_links":{"self":[{"href":"https:\/\/lospoliticosveracruz.com\/index.php?rest_route=\/wp\/v2\/posts\/31426","targetHints":{"allow":["GET"]}}],"collection":[{"href":"https:\/\/lospoliticosveracruz.com\/index.php?rest_route=\/wp\/v2\/posts"}],"about":[{"href":"https:\/\/lospoliticosveracruz.com\/index.php?rest_route=\/wp\/v2\/types\/post"}],"author":[{"embeddable":true,"href":"https:\/\/lospoliticosveracruz.com\/index.php?rest_route=\/wp\/v2\/users\/2"}],"replies":[{"embeddable":true,"href":"https:\/\/lospoliticosveracruz.com\/index.php?rest_route=%2Fwp%2Fv2%2Fcomments&post=31426"}],"version-history":[{"count":2,"href":"https:\/\/lospoliticosveracruz.com\/index.php?rest_route=\/wp\/v2\/posts\/31426\/revisions"}],"predecessor-version":[{"id":31429,"href":"https:\/\/lospoliticosveracruz.com\/index.php?rest_route=\/wp\/v2\/posts\/31426\/revisions\/31429"}],"wp:attachment":[{"href":"https:\/\/lospoliticosveracruz.com\/index.php?rest_route=%2Fwp%2Fv2%2Fmedia&parent=31426"}],"wp:term":[{"taxonomy":"category","embeddable":true,"href":"https:\/\/lospoliticosveracruz.com\/index.php?rest_route=%2Fwp%2Fv2%2Fcategories&post=31426"},{"taxonomy":"post_tag","embeddable":true,"href":"https:\/\/lospoliticosveracruz.com\/index.php?rest_route=%2Fwp%2Fv2%2Ftags&post=31426"}],"curies":[{"name":"wp","href":"https:\/\/api.w.org\/{rel}","templated":true}]}}