{"id":31438,"date":"2017-03-17T20:53:01","date_gmt":"2017-03-18T02:53:01","guid":{"rendered":"http:\/\/www.lospoliticosveracruz.com.mx\/?p=31438"},"modified":"2017-03-17T20:53:01","modified_gmt":"2017-03-18T02:53:01","slug":"la-feria-2","status":"publish","type":"post","link":"https:\/\/lospoliticosveracruz.com\/?p=31438","title":{"rendered":"La feria"},"content":{"rendered":"<p><strong>Salvador Mu\u00f1oz<\/strong><\/p>\n<p><em>Los Pol\u00edticos<\/em><br \/>\nDespu\u00e9s de que le fue como en feria a Sergio Hern\u00e1ndez Hern\u00e1ndez, puede decir que hoy por fin tendr\u00e1 descanso. Y es que cada quien habla como le va precisamente en la Feria&#8230; aunque la sociedad espera que por este voto a favor de la reestructuraci\u00f3n de la deuda, no se hayan subido a la Rueda de la Fortuna los diputados del PRI y Juntos por Veracruz. \u00a1Vamos! En un momento dado, debemos suponer que actuaron pensando en los veracruzanos y en una de \u00e9sas, nuestra sociedad deje de ver a los legisladores como un mero carrusel&#8230; lleno de animales.<br \/>\nSi les digo que cada quien habla como le va en la feria&#8230; por ejemplo, por m\u00e1s que quieran, en este momento, no le hablen a Sergio Rodr\u00edguez Cort\u00e9s de los carritos chocones, porque c\u00f3mo le choca que le saquen aquel asunto del \u201crobo\u201d de una camioneta&#8230;<br \/>\n\u00a1Huy! Pero los de Morena no se anduvieron por las ramas, y aseguran que si panistas, perredistas, priistas y hasta los mixtos junto con los independientes estuvieran en la feria, se encargar\u00edan de la casa de los espejos&#8230; porque son especialistas en venderlos&#8230;<br \/>\nAunque siendo sinceros, a los de Morena igual les encanta \u00a1es-pejear!<br \/>\nComo sea, dicen que con la reestructuraci\u00f3n, ya habr\u00e1 feria&#8230; a ver si con ello el Congreso local deja de parecer \u00a1la casa del terror!<br \/>\nII<br \/>\nAunque hay de ferias a ferias&#8230; y este s\u00e1bado habr\u00e1 una en el Puerto de Veracruz, en la Unidad Deportiva Carlos Cerd\u00e1n Arechavaleta, prolongaci\u00f3n Esteban Morales 2110.<br \/>\nSe trata de la Feria de Apoyos y Servicios Interinstitucionales por parte de la Secretar\u00eda de Desarrollo Social (Sedesol) que encabeza la delegada Anil\u00fa Ingram Vallines, en la que en un esfuerzo conjunto de varias dependencias del Gobierno federal, se acercan varios programas sociales a los sectores que lo requieren.<br \/>\nAs\u00ed que, se\u00f1ora, se\u00f1or, abuela, abuelito, ni\u00f1os y j\u00f3venes, en esta feria, a diferencia de la que se pone all\u00e1 en Xalapa en la avenida L\u00e1zaro C\u00e1rdenas, no habr\u00e1 payasos, pero s\u00ed podr\u00e1 encontrar Prospera, y lleve lapicero para llenar su formato F1; viejitos, habr\u00e1 m\u00f3dulo del Inapam, quien quite y los den de alta o le hagan un chequeo en las mesas del IMSS o Issste pues hay consultas gratuitas y toma de glucosa.<br \/>\nAgregue la Comisi\u00f3n para el Desarrollo de Pueblos Ind\u00edgenas con m\u00f3dulos de proyectos e informaci\u00f3n; Diconsa con su tienda m\u00f3vil y Liconsa efectuar\u00e1 el canje de tarjetas; el Instituto Nacional de la Econom\u00eda Social tendr\u00e1 una mesa de informaci\u00f3n, lo mismo que la Profeco, que dicho sea de paso, Elizabeth Morales tuvo tino en Xalapa con Lety Segura en la subdelegaci\u00f3n.<br \/>\nHoy, toca en el Puerto, pero lo interesante de esta Feria es que se mueve en todo el estado, nom\u00e1s hay que estar abusados de la pr\u00f3xima estaci\u00f3n&#8230; Anil\u00fa Ingram, encargada de llevar la batuta y responsabilidad de estas ferias, realiza una tarea tit\u00e1nica para un estado tan vasto como el nuestro, pero enfocado al tejido social que lo requiere.<br \/>\nLa cita, a partir de las 10 am hasta las 13 horas.<br \/>\nDEL MONARQUISMO AL CACICAZGO<br \/>\nSi usted se preguntaba el porqu\u00e9 muchos priistas no critican a Miguel \u00c1ngel Yunes Linares porque uno de sus hijos se perfila como candidato a la alcald\u00eda de Veracruz, es porque el Monarquismo a la Veracruzana igual lo practican a la perfecci\u00f3n en el PRI, y baste un bot\u00f3n de muestra con el futuro candidato a la alcald\u00eda de Chicontepec: Pedro Adri\u00e1n Mart\u00ednez Estrada, hijo de Manuel Francisco Mart\u00ednez Mart\u00ednez, actual diputado local por el Verde, pero a la vez, ex alcalde panista y ex candidato a la diputaci\u00f3n federal de Tantoyuca en 2015 por el PRD. Pero por si eso fuera poco, \u00bfsaben qui\u00e9n es el actual alcalde de Chicontepec? Pedro Toribio Mart\u00ednez, sobrino del legislador Mart\u00ednez Mart\u00ednez, pero que llega a la presidencia municipal por el PAN&#8230; es cuando el Monarquismo parece m\u00e1s a Cacicazgo&#8230;<br \/>\nUN CHORRO POR LA 1 Y 2<br \/>\nPor cierto, ya se hab\u00eda platicado del inter\u00e9s del cuasi-candidato Montano por apuntar a una de sus hijas en la 2 de la regidur\u00eda, pero ese n\u00famero ya se est\u00e1 disputando por otras mujeres como Erika Ayala R\u00edos, Amparo \u00c1lvarez, Noem\u00ed Brito as\u00ed como la hija de Garc\u00eda M\u00e9ndez, Zazil Reyes y las dos sorpresotas: Lluvia Aguilar Bertini y Dalia P\u00e9rez Casta\u00f1eda. \u00a1Y eso es en el n\u00famero 2! En la regidur\u00eda 1 ya se apuntaron Jos\u00e9 Luis Santiago L\u00f3pez, Carlos Aceves, Jos\u00e9 Luis Hern\u00e1ndez, Ernesto Rizo, Rodrigo Montoya y un largo etc\u00e9tera, que ser\u00eda digno de desmenuzar nombre por nombre a cada uno de los aspirantes edilicios y ver a sus padrinos y sus posibilidades&#8230; pero con algunos nombres citados ya se crea uno un panorama&#8230;<br \/>\nsmcainito@gmail.com<\/p>\n","protected":false},"excerpt":{"rendered":"<p>Salvador Mu\u00f1oz Los Pol\u00edticos Despu\u00e9s de que le fue como en feria a Sergio Hern\u00e1ndez Hern\u00e1ndez, puede decir que hoy por fin tendr\u00e1 descanso. Y es que cada quien habla como le va precisamente en la Feria&#8230; aunque la sociedad espera que por este voto a favor de la reestructuraci\u00f3n de la deuda, no se [&hellip;]<\/p>\n","protected":false},"author":2,"featured_media":0,"comment_status":"open","ping_status":"open","sticky":false,"template":"","format":"standard","meta":{"tdm_status":"","tdm_grid_status":"","footnotes":""},"categories":[70],"tags":[7705,7706,6677,428,6142,807],"class_list":{"0":"post-31438","1":"post","2":"type-post","3":"status-publish","4":"format-standard","6":"category-de-opinion","7":"tag-feria","8":"tag-feria-de-apoyos-y-servicios-interinstitucionales","9":"tag-juntos-por-veracruz","10":"tag-miguel-angel-yunes-linares","11":"tag-sergio-hernandez","12":"tag-sergio-rodriguez-cortes"},"yoast_head":"<!-- This site is optimized with the Yoast SEO plugin v27.4 - https:\/\/yoast.com\/product\/yoast-seo-wordpress\/ -->\n<title>La feria - Los pol\u00edticos Veracruz<\/title>\n<meta name=\"robots\" content=\"index, follow, max-snippet:-1, max-image-preview:large, max-video-preview:-1\" \/>\n<link rel=\"canonical\" href=\"https:\/\/lospoliticosveracruz.com\/?p=31438\" \/>\n<meta property=\"og:locale\" content=\"es_ES\" \/>\n<meta property=\"og:type\" content=\"article\" \/>\n<meta property=\"og:title\" content=\"La feria - Los pol\u00edticos Veracruz\" \/>\n<meta property=\"og:description\" content=\"Salvador Mu\u00f1oz Los Pol\u00edticos Despu\u00e9s de que le fue como en feria a Sergio Hern\u00e1ndez Hern\u00e1ndez, puede decir que hoy por fin tendr\u00e1 descanso. Y es que cada quien habla como le va precisamente en la Feria&#8230; aunque la sociedad espera que por este voto a favor de la reestructuraci\u00f3n de la deuda, no se [&hellip;]\" \/>\n<meta property=\"og:url\" content=\"https:\/\/lospoliticosveracruz.com\/?p=31438\" \/>\n<meta property=\"og:site_name\" content=\"Los pol\u00edticos Veracruz\" \/>\n<meta property=\"article:publisher\" content=\"https:\/\/www.facebook.com\/people\/Notimemes-de-los-Polticos\/61565672886568\/\" \/>\n<meta property=\"article:published_time\" content=\"2017-03-18T02:53:01+00:00\" \/>\n<meta property=\"og:image\" content=\"https:\/\/lospoliticosveracruz.com\/wp-content\/uploads\/2016\/07\/Logo-Dor.jpg\" \/>\n\t<meta property=\"og:image:width\" content=\"200\" \/>\n\t<meta property=\"og:image:height\" content=\"200\" \/>\n\t<meta property=\"og:image:type\" content=\"image\/jpeg\" \/>\n<meta name=\"author\" content=\"Lo viste en Los Pol\u00edticos\" \/>\n<meta name=\"twitter:card\" content=\"summary_large_image\" \/>\n<meta name=\"twitter:creator\" content=\"@LosPoliticosVer\" \/>\n<meta name=\"twitter:site\" content=\"@LosPoliticosVer\" \/>\n<meta name=\"twitter:label1\" content=\"Escrito por\" \/>\n\t<meta name=\"twitter:data1\" content=\"Lo viste en Los Pol\u00edticos\" \/>\n\t<meta name=\"twitter:label2\" content=\"Tiempo de lectura\" \/>\n\t<meta name=\"twitter:data2\" content=\"4 minutos\" \/>\n<script type=\"application\/ld+json\" class=\"yoast-schema-graph\">{\"@context\":\"https:\\\/\\\/schema.org\",\"@graph\":[{\"@type\":\"Article\",\"@id\":\"https:\\\/\\\/lospoliticosveracruz.com\\\/?p=31438#article\",\"isPartOf\":{\"@id\":\"https:\\\/\\\/lospoliticosveracruz.com\\\/?p=31438\"},\"author\":{\"name\":\"Lo viste en Los Pol\u00edticos\",\"@id\":\"https:\\\/\\\/lospoliticosveracruz.com\\\/#\\\/schema\\\/person\\\/b8702bb0e538456e6efd07080bf2a4a2\"},\"headline\":\"La feria\",\"datePublished\":\"2017-03-18T02:53:01+00:00\",\"mainEntityOfPage\":{\"@id\":\"https:\\\/\\\/lospoliticosveracruz.com\\\/?p=31438\"},\"wordCount\":851,\"commentCount\":0,\"publisher\":{\"@id\":\"https:\\\/\\\/lospoliticosveracruz.com\\\/#organization\"},\"keywords\":[\"Feria\",\"Feria de Apoyos y Servicios Interinstitucionales\",\"Juntos por Veracruz\",\"Miguel Angel Yunes Linares\",\"Sergio Hern\u00e1ndez\",\"Sergio Rodr\u00edguez Cort\u00e9s\"],\"articleSection\":[\"De Opini\u00f3n\"],\"inLanguage\":\"es\",\"potentialAction\":[{\"@type\":\"CommentAction\",\"name\":\"Comment\",\"target\":[\"https:\\\/\\\/lospoliticosveracruz.com\\\/?p=31438#respond\"]}]},{\"@type\":\"WebPage\",\"@id\":\"https:\\\/\\\/lospoliticosveracruz.com\\\/?p=31438\",\"url\":\"https:\\\/\\\/lospoliticosveracruz.com\\\/?p=31438\",\"name\":\"La feria - Los pol\u00edticos Veracruz\",\"isPartOf\":{\"@id\":\"https:\\\/\\\/lospoliticosveracruz.com\\\/#website\"},\"datePublished\":\"2017-03-18T02:53:01+00:00\",\"breadcrumb\":{\"@id\":\"https:\\\/\\\/lospoliticosveracruz.com\\\/?p=31438#breadcrumb\"},\"inLanguage\":\"es\",\"potentialAction\":[{\"@type\":\"ReadAction\",\"target\":[\"https:\\\/\\\/lospoliticosveracruz.com\\\/?p=31438\"]}]},{\"@type\":\"BreadcrumbList\",\"@id\":\"https:\\\/\\\/lospoliticosveracruz.com\\\/?p=31438#breadcrumb\",\"itemListElement\":[{\"@type\":\"ListItem\",\"position\":1,\"name\":\"Portada\",\"item\":\"https:\\\/\\\/lospoliticosveracruz.com\\\/\"},{\"@type\":\"ListItem\",\"position\":2,\"name\":\"La feria\"}]},{\"@type\":\"WebSite\",\"@id\":\"https:\\\/\\\/lospoliticosveracruz.com\\\/#website\",\"url\":\"https:\\\/\\\/lospoliticosveracruz.com\\\/\",\"name\":\"Los pol\u00edticos Veracruz\",\"description\":\"\",\"publisher\":{\"@id\":\"https:\\\/\\\/lospoliticosveracruz.com\\\/#organization\"},\"potentialAction\":[{\"@type\":\"SearchAction\",\"target\":{\"@type\":\"EntryPoint\",\"urlTemplate\":\"https:\\\/\\\/lospoliticosveracruz.com\\\/?s={search_term_string}\"},\"query-input\":{\"@type\":\"PropertyValueSpecification\",\"valueRequired\":true,\"valueName\":\"search_term_string\"}}],\"inLanguage\":\"es\"},{\"@type\":\"Organization\",\"@id\":\"https:\\\/\\\/lospoliticosveracruz.com\\\/#organization\",\"name\":\"Los pol\u00edticos Veracruz\",\"url\":\"https:\\\/\\\/lospoliticosveracruz.com\\\/\",\"logo\":{\"@type\":\"ImageObject\",\"inLanguage\":\"es\",\"@id\":\"https:\\\/\\\/lospoliticosveracruz.com\\\/#\\\/schema\\\/logo\\\/image\\\/\",\"url\":\"https:\\\/\\\/lospoliticosveracruz.com\\\/wp-content\\\/uploads\\\/2025\\\/12\\\/Logo-Nuevo-LOS-POLITICOS-1.jpg\",\"contentUrl\":\"https:\\\/\\\/lospoliticosveracruz.com\\\/wp-content\\\/uploads\\\/2025\\\/12\\\/Logo-Nuevo-LOS-POLITICOS-1.jpg\",\"width\":260,\"height\":70,\"caption\":\"Los pol\u00edticos Veracruz\"},\"image\":{\"@id\":\"https:\\\/\\\/lospoliticosveracruz.com\\\/#\\\/schema\\\/logo\\\/image\\\/\"},\"sameAs\":[\"https:\\\/\\\/www.facebook.com\\\/people\\\/Notimemes-de-los-Polticos\\\/61565672886568\\\/\",\"https:\\\/\\\/x.com\\\/LosPoliticosVer\"]},{\"@type\":\"Person\",\"@id\":\"https:\\\/\\\/lospoliticosveracruz.com\\\/#\\\/schema\\\/person\\\/b8702bb0e538456e6efd07080bf2a4a2\",\"name\":\"Lo viste en Los Pol\u00edticos\",\"image\":{\"@type\":\"ImageObject\",\"inLanguage\":\"es\",\"@id\":\"https:\\\/\\\/secure.gravatar.com\\\/avatar\\\/3a8de04a2656d44082be478bd6c086daa447c4651605818287b9532d3d0bd435?s=96&d=mm&r=g\",\"url\":\"https:\\\/\\\/secure.gravatar.com\\\/avatar\\\/3a8de04a2656d44082be478bd6c086daa447c4651605818287b9532d3d0bd435?s=96&d=mm&r=g\",\"contentUrl\":\"https:\\\/\\\/secure.gravatar.com\\\/avatar\\\/3a8de04a2656d44082be478bd6c086daa447c4651605818287b9532d3d0bd435?s=96&d=mm&r=g\",\"caption\":\"Lo viste en Los Pol\u00edticos\"},\"url\":\"https:\\\/\\\/lospoliticosveracruz.com\\\/?author=2\"}]}<\/script>\n<!-- \/ Yoast SEO plugin. -->","yoast_head_json":{"title":"La feria - Los pol\u00edticos Veracruz","robots":{"index":"index","follow":"follow","max-snippet":"max-snippet:-1","max-image-preview":"max-image-preview:large","max-video-preview":"max-video-preview:-1"},"canonical":"https:\/\/lospoliticosveracruz.com\/?p=31438","og_locale":"es_ES","og_type":"article","og_title":"La feria - Los pol\u00edticos Veracruz","og_description":"Salvador Mu\u00f1oz Los Pol\u00edticos Despu\u00e9s de que le fue como en feria a Sergio Hern\u00e1ndez Hern\u00e1ndez, puede decir que hoy por fin tendr\u00e1 descanso. Y es que cada quien habla como le va precisamente en la Feria&#8230; aunque la sociedad espera que por este voto a favor de la reestructuraci\u00f3n de la deuda, no se [&hellip;]","og_url":"https:\/\/lospoliticosveracruz.com\/?p=31438","og_site_name":"Los pol\u00edticos Veracruz","article_publisher":"https:\/\/www.facebook.com\/people\/Notimemes-de-los-Polticos\/61565672886568\/","article_published_time":"2017-03-18T02:53:01+00:00","og_image":[{"width":200,"height":200,"url":"https:\/\/lospoliticosveracruz.com\/wp-content\/uploads\/2016\/07\/Logo-Dor.jpg","type":"image\/jpeg"}],"author":"Lo viste en Los Pol\u00edticos","twitter_card":"summary_large_image","twitter_creator":"@LosPoliticosVer","twitter_site":"@LosPoliticosVer","twitter_misc":{"Escrito por":"Lo viste en Los Pol\u00edticos","Tiempo de lectura":"4 minutos"},"schema":{"@context":"https:\/\/schema.org","@graph":[{"@type":"Article","@id":"https:\/\/lospoliticosveracruz.com\/?p=31438#article","isPartOf":{"@id":"https:\/\/lospoliticosveracruz.com\/?p=31438"},"author":{"name":"Lo viste en Los Pol\u00edticos","@id":"https:\/\/lospoliticosveracruz.com\/#\/schema\/person\/b8702bb0e538456e6efd07080bf2a4a2"},"headline":"La feria","datePublished":"2017-03-18T02:53:01+00:00","mainEntityOfPage":{"@id":"https:\/\/lospoliticosveracruz.com\/?p=31438"},"wordCount":851,"commentCount":0,"publisher":{"@id":"https:\/\/lospoliticosveracruz.com\/#organization"},"keywords":["Feria","Feria de Apoyos y Servicios Interinstitucionales","Juntos por Veracruz","Miguel Angel Yunes Linares","Sergio Hern\u00e1ndez","Sergio Rodr\u00edguez Cort\u00e9s"],"articleSection":["De Opini\u00f3n"],"inLanguage":"es","potentialAction":[{"@type":"CommentAction","name":"Comment","target":["https:\/\/lospoliticosveracruz.com\/?p=31438#respond"]}]},{"@type":"WebPage","@id":"https:\/\/lospoliticosveracruz.com\/?p=31438","url":"https:\/\/lospoliticosveracruz.com\/?p=31438","name":"La feria - Los pol\u00edticos Veracruz","isPartOf":{"@id":"https:\/\/lospoliticosveracruz.com\/#website"},"datePublished":"2017-03-18T02:53:01+00:00","breadcrumb":{"@id":"https:\/\/lospoliticosveracruz.com\/?p=31438#breadcrumb"},"inLanguage":"es","potentialAction":[{"@type":"ReadAction","target":["https:\/\/lospoliticosveracruz.com\/?p=31438"]}]},{"@type":"BreadcrumbList","@id":"https:\/\/lospoliticosveracruz.com\/?p=31438#breadcrumb","itemListElement":[{"@type":"ListItem","position":1,"name":"Portada","item":"https:\/\/lospoliticosveracruz.com\/"},{"@type":"ListItem","position":2,"name":"La feria"}]},{"@type":"WebSite","@id":"https:\/\/lospoliticosveracruz.com\/#website","url":"https:\/\/lospoliticosveracruz.com\/","name":"Los pol\u00edticos Veracruz","description":"","publisher":{"@id":"https:\/\/lospoliticosveracruz.com\/#organization"},"potentialAction":[{"@type":"SearchAction","target":{"@type":"EntryPoint","urlTemplate":"https:\/\/lospoliticosveracruz.com\/?s={search_term_string}"},"query-input":{"@type":"PropertyValueSpecification","valueRequired":true,"valueName":"search_term_string"}}],"inLanguage":"es"},{"@type":"Organization","@id":"https:\/\/lospoliticosveracruz.com\/#organization","name":"Los pol\u00edticos Veracruz","url":"https:\/\/lospoliticosveracruz.com\/","logo":{"@type":"ImageObject","inLanguage":"es","@id":"https:\/\/lospoliticosveracruz.com\/#\/schema\/logo\/image\/","url":"https:\/\/lospoliticosveracruz.com\/wp-content\/uploads\/2025\/12\/Logo-Nuevo-LOS-POLITICOS-1.jpg","contentUrl":"https:\/\/lospoliticosveracruz.com\/wp-content\/uploads\/2025\/12\/Logo-Nuevo-LOS-POLITICOS-1.jpg","width":260,"height":70,"caption":"Los pol\u00edticos Veracruz"},"image":{"@id":"https:\/\/lospoliticosveracruz.com\/#\/schema\/logo\/image\/"},"sameAs":["https:\/\/www.facebook.com\/people\/Notimemes-de-los-Polticos\/61565672886568\/","https:\/\/x.com\/LosPoliticosVer"]},{"@type":"Person","@id":"https:\/\/lospoliticosveracruz.com\/#\/schema\/person\/b8702bb0e538456e6efd07080bf2a4a2","name":"Lo viste en Los Pol\u00edticos","image":{"@type":"ImageObject","inLanguage":"es","@id":"https:\/\/secure.gravatar.com\/avatar\/3a8de04a2656d44082be478bd6c086daa447c4651605818287b9532d3d0bd435?s=96&d=mm&r=g","url":"https:\/\/secure.gravatar.com\/avatar\/3a8de04a2656d44082be478bd6c086daa447c4651605818287b9532d3d0bd435?s=96&d=mm&r=g","contentUrl":"https:\/\/secure.gravatar.com\/avatar\/3a8de04a2656d44082be478bd6c086daa447c4651605818287b9532d3d0bd435?s=96&d=mm&r=g","caption":"Lo viste en Los Pol\u00edticos"},"url":"https:\/\/lospoliticosveracruz.com\/?author=2"}]}},"_links":{"self":[{"href":"https:\/\/lospoliticosveracruz.com\/index.php?rest_route=\/wp\/v2\/posts\/31438","targetHints":{"allow":["GET"]}}],"collection":[{"href":"https:\/\/lospoliticosveracruz.com\/index.php?rest_route=\/wp\/v2\/posts"}],"about":[{"href":"https:\/\/lospoliticosveracruz.com\/index.php?rest_route=\/wp\/v2\/types\/post"}],"author":[{"embeddable":true,"href":"https:\/\/lospoliticosveracruz.com\/index.php?rest_route=\/wp\/v2\/users\/2"}],"replies":[{"embeddable":true,"href":"https:\/\/lospoliticosveracruz.com\/index.php?rest_route=%2Fwp%2Fv2%2Fcomments&post=31438"}],"version-history":[{"count":3,"href":"https:\/\/lospoliticosveracruz.com\/index.php?rest_route=\/wp\/v2\/posts\/31438\/revisions"}],"predecessor-version":[{"id":31462,"href":"https:\/\/lospoliticosveracruz.com\/index.php?rest_route=\/wp\/v2\/posts\/31438\/revisions\/31462"}],"wp:attachment":[{"href":"https:\/\/lospoliticosveracruz.com\/index.php?rest_route=%2Fwp%2Fv2%2Fmedia&parent=31438"}],"wp:term":[{"taxonomy":"category","embeddable":true,"href":"https:\/\/lospoliticosveracruz.com\/index.php?rest_route=%2Fwp%2Fv2%2Fcategories&post=31438"},{"taxonomy":"post_tag","embeddable":true,"href":"https:\/\/lospoliticosveracruz.com\/index.php?rest_route=%2Fwp%2Fv2%2Ftags&post=31438"}],"curies":[{"name":"wp","href":"https:\/\/api.w.org\/{rel}","templated":true}]}}