{"id":31479,"date":"2017-03-19T20:15:06","date_gmt":"2017-03-20T02:15:06","guid":{"rendered":"http:\/\/www.lospoliticosveracruz.com.mx\/?p=31479"},"modified":"2017-03-19T20:15:06","modified_gmt":"2017-03-20T02:15:06","slug":"tamara-o-de-la-educacion","status":"publish","type":"post","link":"https:\/\/lospoliticosveracruz.com\/?p=31479","title":{"rendered":"Tamara, o De la Educaci\u00f3n"},"content":{"rendered":"<p><strong>Cecilia Mu\u00f1oz <\/strong><\/p>\n<p><em>Polisemia<\/em><\/p>\n<p>&nbsp;<\/p>\n<p>&nbsp;<\/p>\n<p>Esta semana se nos rompi\u00f3 Internet. El trending topic ardi\u00f3 y sucedi\u00f3 que todos habl\u00e1bamos de lo mismo y lo sab\u00edamos, incluso sin necesidad de explicitarlo. Nosotros, los buenos, los educados, los intelectuales progres, nos unimos en contra de los otros, los malos, los ignorantes, los trolls. Y todo por un nombre: Tamara de Anda.<\/p>\n<p>Tamara, tambi\u00e9n conocida como Plaqueta en redes sociales, es una periodista radicada en la Ciudad de M\u00e9xico a quien la semana pasada un taxista le grit\u00f3 \u201cguapaaa\u201d, acci\u00f3n por la que ella no se qued\u00f3 callada: se le enfrent\u00f3 y le dijo que pod\u00eda denunciarlo por falta administrativa.<\/p>\n<p>Y as\u00ed fue: Tamara vio una patrulla, acudi\u00f3 a ella y un rato despu\u00e9s estaba en el Juzgado, levantando la denuncia ante el estupefacto taxista que no pag\u00f3 \u2013que no pudo, seguramente\u2013 los tres mil pesos de multa y que pas\u00f3 la noche en el Torito.<\/p>\n<p>Las cr\u00edticas por lo sucedido y documentado en Twitter y Periscope no tardaron en llegar, as\u00ed como tampoco los insultos y las amenazas. En pocas horas, Tamara ley\u00f3 en sus notificaciones todo el argot mexicano para la ofensa y los avisos de que la ten\u00edan ubicada y que ir\u00edan a darle un verdadero susto o, directamente, que la violar\u00edan. De parte de las mujeres tampoco hubo consenso: unas la apoyamos y otras se complacieron en insultarla tanto como sus contrapartes masculinas. Algunos hasta hicieron comunidad basada en lo \u201cdivertido\u201d que era insultar a Tamara. Comunidades formadas por el odio\u2026<\/p>\n<p>Pero tambi\u00e9n surgi\u00f3 una pregunta que me dej\u00f3 at\u00f3nita: \u201c\u00bfc\u00f3mo podemos nosotros, los hombres, decirle guapa a una mujer sin que nos denuncie?\u201d, \u201c\u00bfcu\u00e1l es el tono para decirle a una mujer guapa sin que sea acoso?\u201d.<\/p>\n<p>\u00c9stas y muchas otras de las respuestas generadas por la denuncia que Tamara interpuso dejan en claro una cosa: es la palabra y no la intencionalidad la que llama la atenci\u00f3n, y que la educaci\u00f3n c\u00edvica cubre todo, menos las interacciones de algunos hombres con las mujeres.<\/p>\n<p>Me explico: dif\u00edcilmente logro imaginarme que alguien que vive en sociedad no tenga presente ciertas reglas de cortes\u00eda comunes con el resto de los habitantes de su comunidad. Ciertamente no todos crecemos con los mismos patrones de amabilidad \u2013por ejemplo, yo no conoc\u00eda la expresi\u00f3n \u201cen mi casa, <em>que es su casa<\/em>\u201d hasta que entr\u00e9 a la prepa y siempre me he rehusado a contestar a un llamado con un \u201cmande\u201d, que tampoco me fue inculcado\u2013 pero hay f\u00f3rmulas b\u00e1sicas de convivencia que todos de una forma u otra conocemos: \u201cBuenos d\u00edas\/tardes\/noches\u201d, \u201ccon permiso\u201d, \u201cDisculpa, \u00bfpodr\u00edas\u2026?\u201d.<\/p>\n<p>A estas expresiones comod\u00edn, que pueden intercambiarse o modificarse levemente seg\u00fan la situaci\u00f3n en las que nos encontremos, tenemos que sumarle el tono de voz y la expresi\u00f3n corporal: es mejor saludar con una sonrisa, pedir un favor con un tono de voz suave en la medida de nuestras posibilidades, acercarse a un desconocido con el cuerpo relajado y no como si estuvi\u00e9ramos a punto de atacarlo.<\/p>\n<p>Sabemos, por ejemplo, que si quisi\u00e9ramos pedirle la hora a un extra\u00f1o, nos hemos de dirigir a \u00e9l o ella con alg\u00fan saludo y despu\u00e9s pedirle, por favor \u2013ya sea expl\u00edcito con las palabras, o impl\u00edcito, por el tono\u2013 que nos diga qu\u00e9 hora es. No nos paramos frente a nadie y le gritamos \u201c\u00a1HORA! \u00a1Quiero saber la hora!\u201d. Tampoco le gritamos a los desconocidos que caminan frente a nosotros a paso de tortuga \u201c\u00a1qu\u00edtate, estorbo!\u201d ni se nos ocurrir\u00eda la osad\u00eda de decirle a alguien que su \u201coutfit\u201d es horrible.<\/p>\n<p>Pero esto, por alguna raz\u00f3n dif\u00edcil de entender, no parece aplicar con las mujeres. Cuando salimos a la calle no falta el individuo que considera su derecho gritarnos \u2015o susurrarnos, o meramente decirnos\u2015 lo que se le cruce por la cabeza en alusi\u00f3n a nuestra apariencia. Aunque probablemente este mismo individuo sepa la importancia de decir \u201cgracias\u201d y \u201cpor favor\u201d y sea capaz de ir a la tienda de la esquina y decirle a la dependienta \u201cbuenos d\u00edas, do\u00f1a Mary, \u00bftiene blanquillos?\u201d, la educaci\u00f3n se le acaba cuando se topa con una mujer sola. Porque en serio, \u00bfalguien de veras considera cort\u00e9s soltarle, sin ton ni son, cualquier cosa \u2015ya no digamos una vulgaridad totalmente expl\u00edcita\u2015 a una extra\u00f1a?<\/p>\n<p>Entonces, \u00bfc\u00f3mo decirle guapa a una mujer sin que \u00e9sta lo considere acoso? Es tan simple como tratarla como a un ser humano.<\/p>\n<p>Correo: polisemia@outlook.es<\/p>\n<p>Twitter: polisemia_CM<\/p>\n","protected":false},"excerpt":{"rendered":"<p>Cecilia Mu\u00f1oz Polisemia &nbsp; &nbsp; Esta semana se nos rompi\u00f3 Internet. El trending topic ardi\u00f3 y sucedi\u00f3 que todos habl\u00e1bamos de lo mismo y lo sab\u00edamos, incluso sin necesidad de explicitarlo. Nosotros, los buenos, los educados, los intelectuales progres, nos unimos en contra de los otros, los malos, los ignorantes, los trolls. Y todo por [&hellip;]<\/p>\n","protected":false},"author":2,"featured_media":0,"comment_status":"open","ping_status":"open","sticky":false,"template":"","format":"standard","meta":{"tdm_status":"","tdm_grid_status":"","footnotes":""},"categories":[70],"tags":[3795,1030,7717],"class_list":{"0":"post-31479","1":"post","2":"type-post","3":"status-publish","4":"format-standard","6":"category-de-opinion","7":"tag-ciudad-de-mexico","8":"tag-educacion","9":"tag-tamara-de-anda"},"yoast_head":"<!-- This site is optimized with the Yoast SEO plugin v27.4 - https:\/\/yoast.com\/product\/yoast-seo-wordpress\/ -->\n<title>Tamara, o De la Educaci\u00f3n - Los pol\u00edticos Veracruz<\/title>\n<meta name=\"robots\" content=\"index, follow, max-snippet:-1, max-image-preview:large, max-video-preview:-1\" \/>\n<link rel=\"canonical\" href=\"https:\/\/lospoliticosveracruz.com\/?p=31479\" \/>\n<meta property=\"og:locale\" content=\"es_ES\" \/>\n<meta property=\"og:type\" content=\"article\" \/>\n<meta property=\"og:title\" content=\"Tamara, o De la Educaci\u00f3n - Los pol\u00edticos Veracruz\" \/>\n<meta property=\"og:description\" content=\"Cecilia Mu\u00f1oz Polisemia &nbsp; &nbsp; Esta semana se nos rompi\u00f3 Internet. El trending topic ardi\u00f3 y sucedi\u00f3 que todos habl\u00e1bamos de lo mismo y lo sab\u00edamos, incluso sin necesidad de explicitarlo. Nosotros, los buenos, los educados, los intelectuales progres, nos unimos en contra de los otros, los malos, los ignorantes, los trolls. Y todo por [&hellip;]\" \/>\n<meta property=\"og:url\" content=\"https:\/\/lospoliticosveracruz.com\/?p=31479\" \/>\n<meta property=\"og:site_name\" content=\"Los pol\u00edticos Veracruz\" \/>\n<meta property=\"article:publisher\" content=\"https:\/\/www.facebook.com\/people\/Notimemes-de-los-Polticos\/61565672886568\/\" \/>\n<meta property=\"article:published_time\" content=\"2017-03-20T02:15:06+00:00\" \/>\n<meta property=\"og:image\" content=\"https:\/\/lospoliticosveracruz.com\/wp-content\/uploads\/2016\/07\/Logo-Dor.jpg\" \/>\n\t<meta property=\"og:image:width\" content=\"200\" \/>\n\t<meta property=\"og:image:height\" content=\"200\" \/>\n\t<meta property=\"og:image:type\" content=\"image\/jpeg\" \/>\n<meta name=\"author\" content=\"Lo viste en Los Pol\u00edticos\" \/>\n<meta name=\"twitter:card\" content=\"summary_large_image\" \/>\n<meta name=\"twitter:creator\" content=\"@LosPoliticosVer\" \/>\n<meta name=\"twitter:site\" content=\"@LosPoliticosVer\" \/>\n<meta name=\"twitter:label1\" content=\"Escrito por\" \/>\n\t<meta name=\"twitter:data1\" content=\"Lo viste en Los Pol\u00edticos\" \/>\n\t<meta name=\"twitter:label2\" content=\"Tiempo de lectura\" \/>\n\t<meta name=\"twitter:data2\" content=\"4 minutos\" \/>\n<script type=\"application\/ld+json\" class=\"yoast-schema-graph\">{\"@context\":\"https:\\\/\\\/schema.org\",\"@graph\":[{\"@type\":\"Article\",\"@id\":\"https:\\\/\\\/lospoliticosveracruz.com\\\/?p=31479#article\",\"isPartOf\":{\"@id\":\"https:\\\/\\\/lospoliticosveracruz.com\\\/?p=31479\"},\"author\":{\"name\":\"Lo viste en Los Pol\u00edticos\",\"@id\":\"https:\\\/\\\/lospoliticosveracruz.com\\\/#\\\/schema\\\/person\\\/b8702bb0e538456e6efd07080bf2a4a2\"},\"headline\":\"Tamara, o De la Educaci\u00f3n\",\"datePublished\":\"2017-03-20T02:15:06+00:00\",\"mainEntityOfPage\":{\"@id\":\"https:\\\/\\\/lospoliticosveracruz.com\\\/?p=31479\"},\"wordCount\":799,\"commentCount\":0,\"publisher\":{\"@id\":\"https:\\\/\\\/lospoliticosveracruz.com\\\/#organization\"},\"keywords\":[\"Ciudad de M\u00e9xico\",\"educaci\u00f3n\",\"Tamara de Anda\"],\"articleSection\":[\"De Opini\u00f3n\"],\"inLanguage\":\"es\",\"potentialAction\":[{\"@type\":\"CommentAction\",\"name\":\"Comment\",\"target\":[\"https:\\\/\\\/lospoliticosveracruz.com\\\/?p=31479#respond\"]}]},{\"@type\":\"WebPage\",\"@id\":\"https:\\\/\\\/lospoliticosveracruz.com\\\/?p=31479\",\"url\":\"https:\\\/\\\/lospoliticosveracruz.com\\\/?p=31479\",\"name\":\"Tamara, o De la Educaci\u00f3n - Los pol\u00edticos Veracruz\",\"isPartOf\":{\"@id\":\"https:\\\/\\\/lospoliticosveracruz.com\\\/#website\"},\"datePublished\":\"2017-03-20T02:15:06+00:00\",\"breadcrumb\":{\"@id\":\"https:\\\/\\\/lospoliticosveracruz.com\\\/?p=31479#breadcrumb\"},\"inLanguage\":\"es\",\"potentialAction\":[{\"@type\":\"ReadAction\",\"target\":[\"https:\\\/\\\/lospoliticosveracruz.com\\\/?p=31479\"]}]},{\"@type\":\"BreadcrumbList\",\"@id\":\"https:\\\/\\\/lospoliticosveracruz.com\\\/?p=31479#breadcrumb\",\"itemListElement\":[{\"@type\":\"ListItem\",\"position\":1,\"name\":\"Portada\",\"item\":\"https:\\\/\\\/lospoliticosveracruz.com\\\/\"},{\"@type\":\"ListItem\",\"position\":2,\"name\":\"Tamara, o De la Educaci\u00f3n\"}]},{\"@type\":\"WebSite\",\"@id\":\"https:\\\/\\\/lospoliticosveracruz.com\\\/#website\",\"url\":\"https:\\\/\\\/lospoliticosveracruz.com\\\/\",\"name\":\"Los pol\u00edticos Veracruz\",\"description\":\"\",\"publisher\":{\"@id\":\"https:\\\/\\\/lospoliticosveracruz.com\\\/#organization\"},\"potentialAction\":[{\"@type\":\"SearchAction\",\"target\":{\"@type\":\"EntryPoint\",\"urlTemplate\":\"https:\\\/\\\/lospoliticosveracruz.com\\\/?s={search_term_string}\"},\"query-input\":{\"@type\":\"PropertyValueSpecification\",\"valueRequired\":true,\"valueName\":\"search_term_string\"}}],\"inLanguage\":\"es\"},{\"@type\":\"Organization\",\"@id\":\"https:\\\/\\\/lospoliticosveracruz.com\\\/#organization\",\"name\":\"Los pol\u00edticos Veracruz\",\"url\":\"https:\\\/\\\/lospoliticosveracruz.com\\\/\",\"logo\":{\"@type\":\"ImageObject\",\"inLanguage\":\"es\",\"@id\":\"https:\\\/\\\/lospoliticosveracruz.com\\\/#\\\/schema\\\/logo\\\/image\\\/\",\"url\":\"https:\\\/\\\/lospoliticosveracruz.com\\\/wp-content\\\/uploads\\\/2025\\\/12\\\/Logo-Nuevo-LOS-POLITICOS-1.jpg\",\"contentUrl\":\"https:\\\/\\\/lospoliticosveracruz.com\\\/wp-content\\\/uploads\\\/2025\\\/12\\\/Logo-Nuevo-LOS-POLITICOS-1.jpg\",\"width\":260,\"height\":70,\"caption\":\"Los pol\u00edticos Veracruz\"},\"image\":{\"@id\":\"https:\\\/\\\/lospoliticosveracruz.com\\\/#\\\/schema\\\/logo\\\/image\\\/\"},\"sameAs\":[\"https:\\\/\\\/www.facebook.com\\\/people\\\/Notimemes-de-los-Polticos\\\/61565672886568\\\/\",\"https:\\\/\\\/x.com\\\/LosPoliticosVer\"]},{\"@type\":\"Person\",\"@id\":\"https:\\\/\\\/lospoliticosveracruz.com\\\/#\\\/schema\\\/person\\\/b8702bb0e538456e6efd07080bf2a4a2\",\"name\":\"Lo viste en Los Pol\u00edticos\",\"image\":{\"@type\":\"ImageObject\",\"inLanguage\":\"es\",\"@id\":\"https:\\\/\\\/secure.gravatar.com\\\/avatar\\\/3a8de04a2656d44082be478bd6c086daa447c4651605818287b9532d3d0bd435?s=96&d=mm&r=g\",\"url\":\"https:\\\/\\\/secure.gravatar.com\\\/avatar\\\/3a8de04a2656d44082be478bd6c086daa447c4651605818287b9532d3d0bd435?s=96&d=mm&r=g\",\"contentUrl\":\"https:\\\/\\\/secure.gravatar.com\\\/avatar\\\/3a8de04a2656d44082be478bd6c086daa447c4651605818287b9532d3d0bd435?s=96&d=mm&r=g\",\"caption\":\"Lo viste en Los Pol\u00edticos\"},\"url\":\"https:\\\/\\\/lospoliticosveracruz.com\\\/?author=2\"}]}<\/script>\n<!-- \/ Yoast SEO plugin. -->","yoast_head_json":{"title":"Tamara, o De la Educaci\u00f3n - Los pol\u00edticos Veracruz","robots":{"index":"index","follow":"follow","max-snippet":"max-snippet:-1","max-image-preview":"max-image-preview:large","max-video-preview":"max-video-preview:-1"},"canonical":"https:\/\/lospoliticosveracruz.com\/?p=31479","og_locale":"es_ES","og_type":"article","og_title":"Tamara, o De la Educaci\u00f3n - Los pol\u00edticos Veracruz","og_description":"Cecilia Mu\u00f1oz Polisemia &nbsp; &nbsp; Esta semana se nos rompi\u00f3 Internet. El trending topic ardi\u00f3 y sucedi\u00f3 que todos habl\u00e1bamos de lo mismo y lo sab\u00edamos, incluso sin necesidad de explicitarlo. Nosotros, los buenos, los educados, los intelectuales progres, nos unimos en contra de los otros, los malos, los ignorantes, los trolls. Y todo por [&hellip;]","og_url":"https:\/\/lospoliticosveracruz.com\/?p=31479","og_site_name":"Los pol\u00edticos Veracruz","article_publisher":"https:\/\/www.facebook.com\/people\/Notimemes-de-los-Polticos\/61565672886568\/","article_published_time":"2017-03-20T02:15:06+00:00","og_image":[{"width":200,"height":200,"url":"https:\/\/lospoliticosveracruz.com\/wp-content\/uploads\/2016\/07\/Logo-Dor.jpg","type":"image\/jpeg"}],"author":"Lo viste en Los Pol\u00edticos","twitter_card":"summary_large_image","twitter_creator":"@LosPoliticosVer","twitter_site":"@LosPoliticosVer","twitter_misc":{"Escrito por":"Lo viste en Los Pol\u00edticos","Tiempo de lectura":"4 minutos"},"schema":{"@context":"https:\/\/schema.org","@graph":[{"@type":"Article","@id":"https:\/\/lospoliticosveracruz.com\/?p=31479#article","isPartOf":{"@id":"https:\/\/lospoliticosveracruz.com\/?p=31479"},"author":{"name":"Lo viste en Los Pol\u00edticos","@id":"https:\/\/lospoliticosveracruz.com\/#\/schema\/person\/b8702bb0e538456e6efd07080bf2a4a2"},"headline":"Tamara, o De la Educaci\u00f3n","datePublished":"2017-03-20T02:15:06+00:00","mainEntityOfPage":{"@id":"https:\/\/lospoliticosveracruz.com\/?p=31479"},"wordCount":799,"commentCount":0,"publisher":{"@id":"https:\/\/lospoliticosveracruz.com\/#organization"},"keywords":["Ciudad de M\u00e9xico","educaci\u00f3n","Tamara de Anda"],"articleSection":["De Opini\u00f3n"],"inLanguage":"es","potentialAction":[{"@type":"CommentAction","name":"Comment","target":["https:\/\/lospoliticosveracruz.com\/?p=31479#respond"]}]},{"@type":"WebPage","@id":"https:\/\/lospoliticosveracruz.com\/?p=31479","url":"https:\/\/lospoliticosveracruz.com\/?p=31479","name":"Tamara, o De la Educaci\u00f3n - Los pol\u00edticos Veracruz","isPartOf":{"@id":"https:\/\/lospoliticosveracruz.com\/#website"},"datePublished":"2017-03-20T02:15:06+00:00","breadcrumb":{"@id":"https:\/\/lospoliticosveracruz.com\/?p=31479#breadcrumb"},"inLanguage":"es","potentialAction":[{"@type":"ReadAction","target":["https:\/\/lospoliticosveracruz.com\/?p=31479"]}]},{"@type":"BreadcrumbList","@id":"https:\/\/lospoliticosveracruz.com\/?p=31479#breadcrumb","itemListElement":[{"@type":"ListItem","position":1,"name":"Portada","item":"https:\/\/lospoliticosveracruz.com\/"},{"@type":"ListItem","position":2,"name":"Tamara, o De la Educaci\u00f3n"}]},{"@type":"WebSite","@id":"https:\/\/lospoliticosveracruz.com\/#website","url":"https:\/\/lospoliticosveracruz.com\/","name":"Los pol\u00edticos Veracruz","description":"","publisher":{"@id":"https:\/\/lospoliticosveracruz.com\/#organization"},"potentialAction":[{"@type":"SearchAction","target":{"@type":"EntryPoint","urlTemplate":"https:\/\/lospoliticosveracruz.com\/?s={search_term_string}"},"query-input":{"@type":"PropertyValueSpecification","valueRequired":true,"valueName":"search_term_string"}}],"inLanguage":"es"},{"@type":"Organization","@id":"https:\/\/lospoliticosveracruz.com\/#organization","name":"Los pol\u00edticos Veracruz","url":"https:\/\/lospoliticosveracruz.com\/","logo":{"@type":"ImageObject","inLanguage":"es","@id":"https:\/\/lospoliticosveracruz.com\/#\/schema\/logo\/image\/","url":"https:\/\/lospoliticosveracruz.com\/wp-content\/uploads\/2025\/12\/Logo-Nuevo-LOS-POLITICOS-1.jpg","contentUrl":"https:\/\/lospoliticosveracruz.com\/wp-content\/uploads\/2025\/12\/Logo-Nuevo-LOS-POLITICOS-1.jpg","width":260,"height":70,"caption":"Los pol\u00edticos Veracruz"},"image":{"@id":"https:\/\/lospoliticosveracruz.com\/#\/schema\/logo\/image\/"},"sameAs":["https:\/\/www.facebook.com\/people\/Notimemes-de-los-Polticos\/61565672886568\/","https:\/\/x.com\/LosPoliticosVer"]},{"@type":"Person","@id":"https:\/\/lospoliticosveracruz.com\/#\/schema\/person\/b8702bb0e538456e6efd07080bf2a4a2","name":"Lo viste en Los Pol\u00edticos","image":{"@type":"ImageObject","inLanguage":"es","@id":"https:\/\/secure.gravatar.com\/avatar\/3a8de04a2656d44082be478bd6c086daa447c4651605818287b9532d3d0bd435?s=96&d=mm&r=g","url":"https:\/\/secure.gravatar.com\/avatar\/3a8de04a2656d44082be478bd6c086daa447c4651605818287b9532d3d0bd435?s=96&d=mm&r=g","contentUrl":"https:\/\/secure.gravatar.com\/avatar\/3a8de04a2656d44082be478bd6c086daa447c4651605818287b9532d3d0bd435?s=96&d=mm&r=g","caption":"Lo viste en Los Pol\u00edticos"},"url":"https:\/\/lospoliticosveracruz.com\/?author=2"}]}},"_links":{"self":[{"href":"https:\/\/lospoliticosveracruz.com\/index.php?rest_route=\/wp\/v2\/posts\/31479","targetHints":{"allow":["GET"]}}],"collection":[{"href":"https:\/\/lospoliticosveracruz.com\/index.php?rest_route=\/wp\/v2\/posts"}],"about":[{"href":"https:\/\/lospoliticosveracruz.com\/index.php?rest_route=\/wp\/v2\/types\/post"}],"author":[{"embeddable":true,"href":"https:\/\/lospoliticosveracruz.com\/index.php?rest_route=\/wp\/v2\/users\/2"}],"replies":[{"embeddable":true,"href":"https:\/\/lospoliticosveracruz.com\/index.php?rest_route=%2Fwp%2Fv2%2Fcomments&post=31479"}],"version-history":[{"count":1,"href":"https:\/\/lospoliticosveracruz.com\/index.php?rest_route=\/wp\/v2\/posts\/31479\/revisions"}],"predecessor-version":[{"id":31482,"href":"https:\/\/lospoliticosveracruz.com\/index.php?rest_route=\/wp\/v2\/posts\/31479\/revisions\/31482"}],"wp:attachment":[{"href":"https:\/\/lospoliticosveracruz.com\/index.php?rest_route=%2Fwp%2Fv2%2Fmedia&parent=31479"}],"wp:term":[{"taxonomy":"category","embeddable":true,"href":"https:\/\/lospoliticosveracruz.com\/index.php?rest_route=%2Fwp%2Fv2%2Fcategories&post=31479"},{"taxonomy":"post_tag","embeddable":true,"href":"https:\/\/lospoliticosveracruz.com\/index.php?rest_route=%2Fwp%2Fv2%2Ftags&post=31479"}],"curies":[{"name":"wp","href":"https:\/\/api.w.org\/{rel}","templated":true}]}}