{"id":31607,"date":"2017-03-24T11:58:09","date_gmt":"2017-03-24T17:58:09","guid":{"rendered":"http:\/\/www.lospoliticosveracruz.com.mx\/?p=31607"},"modified":"2017-03-24T11:58:09","modified_gmt":"2017-03-24T17:58:09","slug":"igualdad-para-veracruzanas","status":"publish","type":"post","link":"https:\/\/lospoliticosveracruz.com\/?p=31607","title":{"rendered":"Igualdad para veracruzanas"},"content":{"rendered":"<p><strong>Naldy Rodr\u00edguez<\/strong><\/p>\n<p><em>Transparencia 3.0<\/em><\/p>\n<p>&nbsp;<\/p>\n<p>&nbsp;<\/p>\n<p>Al hablar de igualdad, aparejado, nos viene a la mente la palabra desigualdad. Tenemos presente la noci\u00f3n del significado de \u00e9sta \u00faltima, pues encontramos numerosos ejemplos en la vida diaria y en nuestra sociedad.<\/p>\n<p>Vemos desigualdad en la distribuci\u00f3n de la riqueza, la conformaci\u00f3n de clases sociales \u2013si bien menos marcada la diferencia entre una y otra, persiste-, la asignaci\u00f3n de cargos p\u00fablicos y por supuesto en la representaci\u00f3n democr\u00e1tica de las mujeres.<\/p>\n<p>Para el fil\u00f3sofo pol\u00edtico Kymlicka la igualdad consiste en la aceptaci\u00f3n de que los intereses de cada miembro de la comunidad importan e importan de un modo igual y que cada ciudadano tiene derecho a una igual consideraci\u00f3n y respeto.<\/p>\n<p>Su concepto esta alejado de la realidad en el estado de Veracruz, donde hemos podido constatar que \u201clos intereses de cada miembro de la comunidad\u201d han quedado relegados a los de un grupo en el poder.<\/p>\n<p>As\u00ed en los \u00faltimos 12 a\u00f1os se han impuesto reformas constitucionales y leyes \u201ca modo\u201d como fue el caso de la reforma al art\u00edculo 4\u00ba de la Constituci\u00f3n Pol\u00edtica del Estado de Veracruz, catalogada por diversos sectores de la poblaci\u00f3n como una ley \u201cantiaborto\u201d.<\/p>\n<p>Gracias a la insistencia de Equifon\u00eda, Colectivo por la Ciudadan\u00eda, Autonom\u00eda y Libertad de las Mujeres, asociaci\u00f3n representada por Araceli Gonz\u00e1lez Saavedra, la Segob analiza la solicitud de una segunda alerta de violencia de g\u00e9nero para Veracruz por \u201cagravio comparado\u201d.<\/p>\n<p>Hasta ahora el informe advierte que existe una \u201cdiscriminaci\u00f3n normativa\u201d en contra de las mujeres veracruzanas con respecto a las de otras regiones del pa\u00eds que debe atenderse pronto.<\/p>\n<p>En el documento se expone la persecuci\u00f3n legal en contra de las mujeres que abortan, ya sea de forma espont\u00e1nea o inducida, pues se han iniciado 15 investigaciones ministeriales y siete carpetas de investigacio\u0301n por el delito de aborto en el estado entre el 2015 y el 2016. De esas 22 indagatorias, 13 se encuentran en tra\u0301mite, ocho en reserva y una consignada.<\/p>\n<p>En la solicitud, las integrantes de Equifon\u00eda argumentaron que la desigualdad en las leyes veracruzanas respecto a la de otros estados y a la legislaci\u00f3n federal deja en la indefensi\u00f3n a las mujeres, espec\u00edficamente en el acceso a salud p\u00fablica y a la Interrupci\u00f3n Legal del Embarazo.<\/p>\n<p>Tambi\u00e9n se\u00f1alaron que a diferencia de otros 22 estados, las veracruzanas que quedan embarazadas como producto de una violaci\u00f3n tienen como plazo l\u00edmite los tres primeros meses de gestaci\u00f3n para practicarse un aborto (para que no se les imponga responsabilidad).<\/p>\n<p>Se advierte tambi\u00e9n que en Veracruz existe una amplia necesidad de acceso a los servicios de salud especializados y a m\u00e9todos anticonceptivos para las mujeres. De acuerdo al estudio que realiz\u00f3 Equifon\u00eda, un 5 por ciento de las f\u00e9minas tiene insatisfecha la necesidad de anticoncepci\u00f3n. Y en el rango de edad de 20 a 24 a\u00f1os, el porcentaje aumenta a 8.2 por ciento.<\/p>\n<p>Es una realidad que las mujeres originarias del estado de Veracruz han tenido que salir a otras partes del pa\u00eds, principalmente a la Ciudad de M\u00e9xico (CDMX) para poder interrumpir su embarazo, ya sea porque fueron v\u00edctimas de alg\u00fan delito o tomaron la decisi\u00f3n de hacerlo por as\u00ed convenir a sus intereses. De 2014 al 2016 acudieron a hospitales p\u00fablicos de esa entidad un total de 86 mujeres, la mayor\u00eda ten\u00eda entre 20 y 30 a\u00f1os de edad y lo hicieron antes de la semana 12 de gestaci\u00f3n sin requisito alguno, seg\u00fan informes del gobierno capitalino obtenidos por transparencia.<\/p>\n<p>En aras de buscar una igualdad sustantiva en beneficio de la m\u00e1s mujeres veracruzanas es recomendable homologar la legislaci\u00f3n local y reformar el art\u00edculo 4\u00ba Constitucional para que accedan a servicios especializados de salud y a la Interrupci\u00f3n Legal del Embarazo.<\/p>\n<p>La Suprema Corte de Justicia de la Naci\u00f3n no tiene para cuando resolver la acci\u00f3n de inconstitucionalidad promovida por la Comisi\u00f3n Nacional de Derechos Humanos en contra de dicha reforma, ya lo dijo el secretario de Acuerdos, Rafael Coello Cetina.<\/p>\n<p>Ojal\u00e1 pronto se emita la segunda alerta de violencia de g\u00e9nero para Veracruz, pero sobre todo que se tomen las medidas y recomendaciones se\u00f1aladas, porque \u201cdel dicho al hecho, hay mucho trecho\u201d, como coloquialmente se dice.<\/p>\n<p>***<\/p>\n<p>El columnista Ricardo Monlu\u00ed fue etiquetado como el \u201cprimer\u201d periodista asesinado en el nuevo gobierno, como si quisieran seguir enumer\u00e1ndolos&#8230;Yo espero que sea el \u00faltimo, aunque eso signifique para muchos que a Miguel \u00c1ngel Yunes le vaya bien. Lo preocupante es la impunidad y la falta de justicia, porque se pone en riesgo al resto de quienes ejercen la profesi\u00f3n y con ello se atenta contra la libertad de expresi\u00f3n.<\/p>\n<p>\u201cDos personas y un secreto. As\u00ed empieza una conspiraci\u00f3n y toda corrupci\u00f3n\u201d:<\/p>\n<p>Julian Assange, \u201cEl quinto poder\u201d, una pel\u00edcula del 2013 muy vigente.<\/p>\n","protected":false},"excerpt":{"rendered":"<p>Naldy Rodr\u00edguez Transparencia 3.0 &nbsp; &nbsp; Al hablar de igualdad, aparejado, nos viene a la mente la palabra desigualdad. Tenemos presente la noci\u00f3n del significado de \u00e9sta \u00faltima, pues encontramos numerosos ejemplos en la vida diaria y en nuestra sociedad. Vemos desigualdad en la distribuci\u00f3n de la riqueza, la conformaci\u00f3n de clases sociales \u2013si bien [&hellip;]<\/p>\n","protected":false},"author":2,"featured_media":0,"comment_status":"open","ping_status":"open","sticky":false,"template":"","format":"standard","meta":{"tdm_status":"","tdm_grid_status":"","footnotes":""},"categories":[70],"tags":[3220,3431,460,7771],"class_list":{"0":"post-31607","1":"post","2":"type-post","3":"status-publish","4":"format-standard","6":"category-de-opinion","7":"tag-desigualdad","8":"tag-equifonia","9":"tag-igualdad","10":"tag-ley-antiaborto-alerta-de-genero-por-agravio-comparado"},"yoast_head":"<!-- This site is optimized with the Yoast SEO plugin v27.4 - https:\/\/yoast.com\/product\/yoast-seo-wordpress\/ -->\n<title>Igualdad para veracruzanas - Los pol\u00edticos Veracruz<\/title>\n<meta name=\"robots\" content=\"index, follow, max-snippet:-1, max-image-preview:large, max-video-preview:-1\" \/>\n<link rel=\"canonical\" href=\"https:\/\/lospoliticosveracruz.com\/?p=31607\" \/>\n<meta property=\"og:locale\" content=\"es_ES\" \/>\n<meta property=\"og:type\" content=\"article\" \/>\n<meta property=\"og:title\" content=\"Igualdad para veracruzanas - Los pol\u00edticos Veracruz\" \/>\n<meta property=\"og:description\" content=\"Naldy Rodr\u00edguez Transparencia 3.0 &nbsp; &nbsp; Al hablar de igualdad, aparejado, nos viene a la mente la palabra desigualdad. Tenemos presente la noci\u00f3n del significado de \u00e9sta \u00faltima, pues encontramos numerosos ejemplos en la vida diaria y en nuestra sociedad. Vemos desigualdad en la distribuci\u00f3n de la riqueza, la conformaci\u00f3n de clases sociales \u2013si bien [&hellip;]\" \/>\n<meta property=\"og:url\" content=\"https:\/\/lospoliticosveracruz.com\/?p=31607\" \/>\n<meta property=\"og:site_name\" content=\"Los pol\u00edticos Veracruz\" \/>\n<meta property=\"article:publisher\" content=\"https:\/\/www.facebook.com\/people\/Notimemes-de-los-Polticos\/61565672886568\/\" \/>\n<meta property=\"article:published_time\" content=\"2017-03-24T17:58:09+00:00\" \/>\n<meta property=\"og:image\" content=\"https:\/\/lospoliticosveracruz.com\/wp-content\/uploads\/2016\/07\/Logo-Dor.jpg\" \/>\n\t<meta property=\"og:image:width\" content=\"200\" \/>\n\t<meta property=\"og:image:height\" content=\"200\" \/>\n\t<meta property=\"og:image:type\" content=\"image\/jpeg\" \/>\n<meta name=\"author\" content=\"Lo viste en Los Pol\u00edticos\" \/>\n<meta name=\"twitter:card\" content=\"summary_large_image\" \/>\n<meta name=\"twitter:creator\" content=\"@LosPoliticosVer\" \/>\n<meta name=\"twitter:site\" content=\"@LosPoliticosVer\" \/>\n<meta name=\"twitter:label1\" content=\"Escrito por\" \/>\n\t<meta name=\"twitter:data1\" content=\"Lo viste en Los Pol\u00edticos\" \/>\n\t<meta name=\"twitter:label2\" content=\"Tiempo de lectura\" \/>\n\t<meta name=\"twitter:data2\" content=\"4 minutos\" \/>\n<script type=\"application\/ld+json\" class=\"yoast-schema-graph\">{\"@context\":\"https:\\\/\\\/schema.org\",\"@graph\":[{\"@type\":\"Article\",\"@id\":\"https:\\\/\\\/lospoliticosveracruz.com\\\/?p=31607#article\",\"isPartOf\":{\"@id\":\"https:\\\/\\\/lospoliticosveracruz.com\\\/?p=31607\"},\"author\":{\"name\":\"Lo viste en Los Pol\u00edticos\",\"@id\":\"https:\\\/\\\/lospoliticosveracruz.com\\\/#\\\/schema\\\/person\\\/b8702bb0e538456e6efd07080bf2a4a2\"},\"headline\":\"Igualdad para veracruzanas\",\"datePublished\":\"2017-03-24T17:58:09+00:00\",\"mainEntityOfPage\":{\"@id\":\"https:\\\/\\\/lospoliticosveracruz.com\\\/?p=31607\"},\"wordCount\":845,\"commentCount\":0,\"publisher\":{\"@id\":\"https:\\\/\\\/lospoliticosveracruz.com\\\/#organization\"},\"keywords\":[\"Desigualdad\",\"Equifon\u00eda\",\"igualdad\",\"ley antiaborto Alerta de G\u00e9nero por agravio comparado\"],\"articleSection\":[\"De Opini\u00f3n\"],\"inLanguage\":\"es\",\"potentialAction\":[{\"@type\":\"CommentAction\",\"name\":\"Comment\",\"target\":[\"https:\\\/\\\/lospoliticosveracruz.com\\\/?p=31607#respond\"]}]},{\"@type\":\"WebPage\",\"@id\":\"https:\\\/\\\/lospoliticosveracruz.com\\\/?p=31607\",\"url\":\"https:\\\/\\\/lospoliticosveracruz.com\\\/?p=31607\",\"name\":\"Igualdad para veracruzanas - Los pol\u00edticos Veracruz\",\"isPartOf\":{\"@id\":\"https:\\\/\\\/lospoliticosveracruz.com\\\/#website\"},\"datePublished\":\"2017-03-24T17:58:09+00:00\",\"breadcrumb\":{\"@id\":\"https:\\\/\\\/lospoliticosveracruz.com\\\/?p=31607#breadcrumb\"},\"inLanguage\":\"es\",\"potentialAction\":[{\"@type\":\"ReadAction\",\"target\":[\"https:\\\/\\\/lospoliticosveracruz.com\\\/?p=31607\"]}]},{\"@type\":\"BreadcrumbList\",\"@id\":\"https:\\\/\\\/lospoliticosveracruz.com\\\/?p=31607#breadcrumb\",\"itemListElement\":[{\"@type\":\"ListItem\",\"position\":1,\"name\":\"Portada\",\"item\":\"https:\\\/\\\/lospoliticosveracruz.com\\\/\"},{\"@type\":\"ListItem\",\"position\":2,\"name\":\"Igualdad para veracruzanas\"}]},{\"@type\":\"WebSite\",\"@id\":\"https:\\\/\\\/lospoliticosveracruz.com\\\/#website\",\"url\":\"https:\\\/\\\/lospoliticosveracruz.com\\\/\",\"name\":\"Los pol\u00edticos Veracruz\",\"description\":\"\",\"publisher\":{\"@id\":\"https:\\\/\\\/lospoliticosveracruz.com\\\/#organization\"},\"potentialAction\":[{\"@type\":\"SearchAction\",\"target\":{\"@type\":\"EntryPoint\",\"urlTemplate\":\"https:\\\/\\\/lospoliticosveracruz.com\\\/?s={search_term_string}\"},\"query-input\":{\"@type\":\"PropertyValueSpecification\",\"valueRequired\":true,\"valueName\":\"search_term_string\"}}],\"inLanguage\":\"es\"},{\"@type\":\"Organization\",\"@id\":\"https:\\\/\\\/lospoliticosveracruz.com\\\/#organization\",\"name\":\"Los pol\u00edticos Veracruz\",\"url\":\"https:\\\/\\\/lospoliticosveracruz.com\\\/\",\"logo\":{\"@type\":\"ImageObject\",\"inLanguage\":\"es\",\"@id\":\"https:\\\/\\\/lospoliticosveracruz.com\\\/#\\\/schema\\\/logo\\\/image\\\/\",\"url\":\"https:\\\/\\\/lospoliticosveracruz.com\\\/wp-content\\\/uploads\\\/2025\\\/12\\\/Logo-Nuevo-LOS-POLITICOS-1.jpg\",\"contentUrl\":\"https:\\\/\\\/lospoliticosveracruz.com\\\/wp-content\\\/uploads\\\/2025\\\/12\\\/Logo-Nuevo-LOS-POLITICOS-1.jpg\",\"width\":260,\"height\":70,\"caption\":\"Los pol\u00edticos Veracruz\"},\"image\":{\"@id\":\"https:\\\/\\\/lospoliticosveracruz.com\\\/#\\\/schema\\\/logo\\\/image\\\/\"},\"sameAs\":[\"https:\\\/\\\/www.facebook.com\\\/people\\\/Notimemes-de-los-Polticos\\\/61565672886568\\\/\",\"https:\\\/\\\/x.com\\\/LosPoliticosVer\"]},{\"@type\":\"Person\",\"@id\":\"https:\\\/\\\/lospoliticosveracruz.com\\\/#\\\/schema\\\/person\\\/b8702bb0e538456e6efd07080bf2a4a2\",\"name\":\"Lo viste en Los Pol\u00edticos\",\"image\":{\"@type\":\"ImageObject\",\"inLanguage\":\"es\",\"@id\":\"https:\\\/\\\/secure.gravatar.com\\\/avatar\\\/3a8de04a2656d44082be478bd6c086daa447c4651605818287b9532d3d0bd435?s=96&d=mm&r=g\",\"url\":\"https:\\\/\\\/secure.gravatar.com\\\/avatar\\\/3a8de04a2656d44082be478bd6c086daa447c4651605818287b9532d3d0bd435?s=96&d=mm&r=g\",\"contentUrl\":\"https:\\\/\\\/secure.gravatar.com\\\/avatar\\\/3a8de04a2656d44082be478bd6c086daa447c4651605818287b9532d3d0bd435?s=96&d=mm&r=g\",\"caption\":\"Lo viste en Los Pol\u00edticos\"},\"url\":\"https:\\\/\\\/lospoliticosveracruz.com\\\/?author=2\"}]}<\/script>\n<!-- \/ Yoast SEO plugin. -->","yoast_head_json":{"title":"Igualdad para veracruzanas - Los pol\u00edticos Veracruz","robots":{"index":"index","follow":"follow","max-snippet":"max-snippet:-1","max-image-preview":"max-image-preview:large","max-video-preview":"max-video-preview:-1"},"canonical":"https:\/\/lospoliticosveracruz.com\/?p=31607","og_locale":"es_ES","og_type":"article","og_title":"Igualdad para veracruzanas - Los pol\u00edticos Veracruz","og_description":"Naldy Rodr\u00edguez Transparencia 3.0 &nbsp; &nbsp; Al hablar de igualdad, aparejado, nos viene a la mente la palabra desigualdad. Tenemos presente la noci\u00f3n del significado de \u00e9sta \u00faltima, pues encontramos numerosos ejemplos en la vida diaria y en nuestra sociedad. Vemos desigualdad en la distribuci\u00f3n de la riqueza, la conformaci\u00f3n de clases sociales \u2013si bien [&hellip;]","og_url":"https:\/\/lospoliticosveracruz.com\/?p=31607","og_site_name":"Los pol\u00edticos Veracruz","article_publisher":"https:\/\/www.facebook.com\/people\/Notimemes-de-los-Polticos\/61565672886568\/","article_published_time":"2017-03-24T17:58:09+00:00","og_image":[{"width":200,"height":200,"url":"https:\/\/lospoliticosveracruz.com\/wp-content\/uploads\/2016\/07\/Logo-Dor.jpg","type":"image\/jpeg"}],"author":"Lo viste en Los Pol\u00edticos","twitter_card":"summary_large_image","twitter_creator":"@LosPoliticosVer","twitter_site":"@LosPoliticosVer","twitter_misc":{"Escrito por":"Lo viste en Los Pol\u00edticos","Tiempo de lectura":"4 minutos"},"schema":{"@context":"https:\/\/schema.org","@graph":[{"@type":"Article","@id":"https:\/\/lospoliticosveracruz.com\/?p=31607#article","isPartOf":{"@id":"https:\/\/lospoliticosveracruz.com\/?p=31607"},"author":{"name":"Lo viste en Los Pol\u00edticos","@id":"https:\/\/lospoliticosveracruz.com\/#\/schema\/person\/b8702bb0e538456e6efd07080bf2a4a2"},"headline":"Igualdad para veracruzanas","datePublished":"2017-03-24T17:58:09+00:00","mainEntityOfPage":{"@id":"https:\/\/lospoliticosveracruz.com\/?p=31607"},"wordCount":845,"commentCount":0,"publisher":{"@id":"https:\/\/lospoliticosveracruz.com\/#organization"},"keywords":["Desigualdad","Equifon\u00eda","igualdad","ley antiaborto Alerta de G\u00e9nero por agravio comparado"],"articleSection":["De Opini\u00f3n"],"inLanguage":"es","potentialAction":[{"@type":"CommentAction","name":"Comment","target":["https:\/\/lospoliticosveracruz.com\/?p=31607#respond"]}]},{"@type":"WebPage","@id":"https:\/\/lospoliticosveracruz.com\/?p=31607","url":"https:\/\/lospoliticosveracruz.com\/?p=31607","name":"Igualdad para veracruzanas - Los pol\u00edticos Veracruz","isPartOf":{"@id":"https:\/\/lospoliticosveracruz.com\/#website"},"datePublished":"2017-03-24T17:58:09+00:00","breadcrumb":{"@id":"https:\/\/lospoliticosveracruz.com\/?p=31607#breadcrumb"},"inLanguage":"es","potentialAction":[{"@type":"ReadAction","target":["https:\/\/lospoliticosveracruz.com\/?p=31607"]}]},{"@type":"BreadcrumbList","@id":"https:\/\/lospoliticosveracruz.com\/?p=31607#breadcrumb","itemListElement":[{"@type":"ListItem","position":1,"name":"Portada","item":"https:\/\/lospoliticosveracruz.com\/"},{"@type":"ListItem","position":2,"name":"Igualdad para veracruzanas"}]},{"@type":"WebSite","@id":"https:\/\/lospoliticosveracruz.com\/#website","url":"https:\/\/lospoliticosveracruz.com\/","name":"Los pol\u00edticos Veracruz","description":"","publisher":{"@id":"https:\/\/lospoliticosveracruz.com\/#organization"},"potentialAction":[{"@type":"SearchAction","target":{"@type":"EntryPoint","urlTemplate":"https:\/\/lospoliticosveracruz.com\/?s={search_term_string}"},"query-input":{"@type":"PropertyValueSpecification","valueRequired":true,"valueName":"search_term_string"}}],"inLanguage":"es"},{"@type":"Organization","@id":"https:\/\/lospoliticosveracruz.com\/#organization","name":"Los pol\u00edticos Veracruz","url":"https:\/\/lospoliticosveracruz.com\/","logo":{"@type":"ImageObject","inLanguage":"es","@id":"https:\/\/lospoliticosveracruz.com\/#\/schema\/logo\/image\/","url":"https:\/\/lospoliticosveracruz.com\/wp-content\/uploads\/2025\/12\/Logo-Nuevo-LOS-POLITICOS-1.jpg","contentUrl":"https:\/\/lospoliticosveracruz.com\/wp-content\/uploads\/2025\/12\/Logo-Nuevo-LOS-POLITICOS-1.jpg","width":260,"height":70,"caption":"Los pol\u00edticos Veracruz"},"image":{"@id":"https:\/\/lospoliticosveracruz.com\/#\/schema\/logo\/image\/"},"sameAs":["https:\/\/www.facebook.com\/people\/Notimemes-de-los-Polticos\/61565672886568\/","https:\/\/x.com\/LosPoliticosVer"]},{"@type":"Person","@id":"https:\/\/lospoliticosveracruz.com\/#\/schema\/person\/b8702bb0e538456e6efd07080bf2a4a2","name":"Lo viste en Los Pol\u00edticos","image":{"@type":"ImageObject","inLanguage":"es","@id":"https:\/\/secure.gravatar.com\/avatar\/3a8de04a2656d44082be478bd6c086daa447c4651605818287b9532d3d0bd435?s=96&d=mm&r=g","url":"https:\/\/secure.gravatar.com\/avatar\/3a8de04a2656d44082be478bd6c086daa447c4651605818287b9532d3d0bd435?s=96&d=mm&r=g","contentUrl":"https:\/\/secure.gravatar.com\/avatar\/3a8de04a2656d44082be478bd6c086daa447c4651605818287b9532d3d0bd435?s=96&d=mm&r=g","caption":"Lo viste en Los Pol\u00edticos"},"url":"https:\/\/lospoliticosveracruz.com\/?author=2"}]}},"_links":{"self":[{"href":"https:\/\/lospoliticosveracruz.com\/index.php?rest_route=\/wp\/v2\/posts\/31607","targetHints":{"allow":["GET"]}}],"collection":[{"href":"https:\/\/lospoliticosveracruz.com\/index.php?rest_route=\/wp\/v2\/posts"}],"about":[{"href":"https:\/\/lospoliticosveracruz.com\/index.php?rest_route=\/wp\/v2\/types\/post"}],"author":[{"embeddable":true,"href":"https:\/\/lospoliticosveracruz.com\/index.php?rest_route=\/wp\/v2\/users\/2"}],"replies":[{"embeddable":true,"href":"https:\/\/lospoliticosveracruz.com\/index.php?rest_route=%2Fwp%2Fv2%2Fcomments&post=31607"}],"version-history":[{"count":1,"href":"https:\/\/lospoliticosveracruz.com\/index.php?rest_route=\/wp\/v2\/posts\/31607\/revisions"}],"predecessor-version":[{"id":31608,"href":"https:\/\/lospoliticosveracruz.com\/index.php?rest_route=\/wp\/v2\/posts\/31607\/revisions\/31608"}],"wp:attachment":[{"href":"https:\/\/lospoliticosveracruz.com\/index.php?rest_route=%2Fwp%2Fv2%2Fmedia&parent=31607"}],"wp:term":[{"taxonomy":"category","embeddable":true,"href":"https:\/\/lospoliticosveracruz.com\/index.php?rest_route=%2Fwp%2Fv2%2Fcategories&post=31607"},{"taxonomy":"post_tag","embeddable":true,"href":"https:\/\/lospoliticosveracruz.com\/index.php?rest_route=%2Fwp%2Fv2%2Ftags&post=31607"}],"curies":[{"name":"wp","href":"https:\/\/api.w.org\/{rel}","templated":true}]}}