{"id":31917,"date":"2017-04-04T22:14:37","date_gmt":"2017-04-05T03:14:37","guid":{"rendered":"http:\/\/www.lospoliticosveracruz.com.mx\/?p=31917"},"modified":"2017-04-04T22:14:37","modified_gmt":"2017-04-05T03:14:37","slug":"el-sat-te-devuelve","status":"publish","type":"post","link":"https:\/\/lospoliticosveracruz.com\/?p=31917","title":{"rendered":"El SAT te devuelve"},"content":{"rendered":"<p><strong>Brenda Caballero<\/strong><\/p>\n<p><em>N\u00fameros Rojos<\/em><\/p>\n<p>&nbsp;<\/p>\n<p>\u00a1Aunque usted no lo crea! Abril es un mes en el que puedes tener un dinero extra, pues el SAT le devuelve sus impuestos en 5 d\u00edas. Recuerde la campa\u00f1a \u201c\u00bfPide factura y hacienda te devuelve?\u201d<\/p>\n<p>Este es el momento, pues en este mes toca a las personas f\u00edsicas presentar su declaraci\u00f3n anual, aunque en esta ocasi\u00f3n hay algunos cambios por parte de la Autoridad, pero vamos por partes: Si tienes un patr\u00f3n y recibes un sueldo o salario, t\u00fa puedes presentar tu declaraci\u00f3n anual si tienes deducciones personales. \u00bfCu\u00e1les pueden ser \u00e9stas?<\/p>\n<p>* Si adquiriste una casa-habitaci\u00f3n mediante un cr\u00e9dito hipotecario, puedes deducir los intereses reales que pagaste en el a\u00f1o a una instituci\u00f3n financiera al Infonavit o al Fovissste, siempre y cuando tu cr\u00e9dito hipotecario no rebase las 750 mil UDIS.<\/p>\n<p>* Tienes hijos y pagas escuela particular. Los servicios educativos son deducibles, siempre y cuando sean pagados a instituciones educativas con reconocimiento oficial. No aplica para la inscripci\u00f3n, solamente las colegiaturas mensuales. No importa el monto que pagues, solamente se considerar\u00e1n los siguientes topes de deducci\u00f3n: Preescolar: $14,200; Primaria: $12,900; Secundaria: $19,900; Profesional t\u00e9cnico: $17,100; Bachillerato o su equivalente: $24,500. Ojo: Si tu hijo cambia de nivel de primaria a secundaria, solamente le considerar\u00e1n la deducci\u00f3n de uno de ellos.<\/p>\n<p>* El transporte escolar se puede deducir, siempre y cuando la instituci\u00f3n educativa lo marque como obligatorio.<\/p>\n<p>* Los gastos funerarios para su c\u00f3nyuge o concubino\/a, as\u00ed como para padres, abuelos, hijos y nietos, tambi\u00e9n puedes deducirlos hasta por la cantidad que no exceda del salario m\u00ednimo, elevado al a\u00f1o. Estos gastos s\u00f3lo ser\u00e1n deducibles en el a\u00f1o en que se utilicen.<\/p>\n<p>* Todos los gastos m\u00e9dicos que tengan como son honorarios m\u00e9dicos, dentales, a enfermeras, hospitalarios, medicinas compradas \u00fanicamente en hospitales, an\u00e1lisis y estudios cl\u00ednicos, compra de pr\u00f3tesis, aparatos de rehabilitaci\u00f3n, lentes \u00f3pticos que sean para usted, su c\u00f3nyuge\/concubino as\u00ed como ascendientes y descendientes en l\u00ednea recta.<\/p>\n<p>* Todos los donativos que realice que no excedan del 7 por ciento de sus ingresos a organismos descentralizados, fundaciones, patronatos, etc\u00e9tera, que est\u00e9n autorizados para recibirlos.<\/p>\n<p>* Primas de Seguros por gastos m\u00e9dicos, complementarios o independientes de los servicios de salud proporcionados por instituciones p\u00fablicas de seguridad social, siempre que el beneficiario sea el contribuyente, c\u00f3nyuge o concubino\/a, ascendientes o descendientes en l\u00ednea recta.<\/p>\n<p>* \u00bfEst\u00e1 pensando en su jubilaci\u00f3n? Si hace aportaciones voluntarias a su Afore, hasta por un monto m\u00e1ximo del 10 por ciento de sus ingresos puede deducirlas.<\/p>\n<p>Todos estos gastos ser\u00e1n deducibles, siempre y cuando pida factura y no los pague en efectivo.<\/p>\n<p>Le dec\u00eda que este a\u00f1o hay cambios. Anteriormente era obligatorio presentar la declaraci\u00f3n si se rebasaban los 400 mil pesos de ingreso anuales; hoy, el SAT los exenta de la obligaci\u00f3n sin ninguna sanci\u00f3n.<\/p>\n<p>Si usted tiene dos patrones, obtuvo intereses financieros mayores a 20 mil pesos, es jubilado o tuvo una separaci\u00f3n laboral, tiene que presentarla. La tecnolog\u00eda nos da opciones de presentaci\u00f3n, mediante el portal de www.sat.gob.mx en la opci\u00f3n Declaraci\u00f3n de personas f\u00edsicas con su contrase\u00f1a o e-firma o por v\u00eda telef\u00f3nica al 01 55 627 22 728, en esta \u00faltima opci\u00f3n la informaci\u00f3n deber\u00e1 estar precargada y le har\u00e1n algunas preguntas de seguridad.<\/p>\n<p>Algo que usted debe de saber es que si a los datos precargados les hace alguna modificaci\u00f3n ser\u00e1 necesario que tenga a la mano su fiel o su e-firma, de lo contrario no podr\u00e1 usted enviarla.<\/p>\n<p>Para devoluciones hasta 10 mil pesos puede hacerlas con su contrase\u00f1a; para mayor a esta cantidad, con la fiel o e firma; y para devoluciones mayores a 150 mil pesos ser\u00e1n solamente con cita en el m\u00f3dulo del SAT.<\/p>\n<p>Sugerencia: al iniciar su captura le pide d\u00e9 de alta su buz\u00f3n tributario. H\u00e1galo, de lo contrario no podr\u00e1 darle seguimiento a su devoluci\u00f3n.<\/p>\n<p>\u00bfQu\u00e9 espera para que el SAT le devuelva?<\/p>\n<p>caballero_brenda@hotmail.com<\/p>\n<p>@NumerosRojos_BC<\/p>\n","protected":false},"excerpt":{"rendered":"<p>Brenda Caballero N\u00fameros Rojos &nbsp; \u00a1Aunque usted no lo crea! Abril es un mes en el que puedes tener un dinero extra, pues el SAT le devuelve sus impuestos en 5 d\u00edas. Recuerde la campa\u00f1a \u201c\u00bfPide factura y hacienda te devuelve?\u201d Este es el momento, pues en este mes toca a las personas f\u00edsicas presentar [&hellip;]<\/p>\n","protected":false},"author":2,"featured_media":0,"comment_status":"open","ping_status":"open","sticky":false,"template":"","format":"standard","meta":{"tdm_status":"","tdm_grid_status":"","footnotes":""},"categories":[70],"tags":[7906,7907,115],"class_list":{"0":"post-31917","1":"post","2":"type-post","3":"status-publish","4":"format-standard","6":"category-de-opinion","7":"tag-declaracion-anual","8":"tag-pide-factura-y-hacienda-te-devuelve","9":"tag-sat"},"yoast_head":"<!-- This site is optimized with the Yoast SEO plugin v27.4 - https:\/\/yoast.com\/product\/yoast-seo-wordpress\/ -->\n<title>El SAT te devuelve - Los pol\u00edticos Veracruz<\/title>\n<meta name=\"robots\" content=\"index, follow, max-snippet:-1, max-image-preview:large, max-video-preview:-1\" \/>\n<link rel=\"canonical\" href=\"https:\/\/lospoliticosveracruz.com\/?p=31917\" \/>\n<meta property=\"og:locale\" content=\"es_ES\" \/>\n<meta property=\"og:type\" content=\"article\" \/>\n<meta property=\"og:title\" content=\"El SAT te devuelve - Los pol\u00edticos Veracruz\" \/>\n<meta property=\"og:description\" content=\"Brenda Caballero N\u00fameros Rojos &nbsp; \u00a1Aunque usted no lo crea! Abril es un mes en el que puedes tener un dinero extra, pues el SAT le devuelve sus impuestos en 5 d\u00edas. Recuerde la campa\u00f1a \u201c\u00bfPide factura y hacienda te devuelve?\u201d Este es el momento, pues en este mes toca a las personas f\u00edsicas presentar [&hellip;]\" \/>\n<meta property=\"og:url\" content=\"https:\/\/lospoliticosveracruz.com\/?p=31917\" \/>\n<meta property=\"og:site_name\" content=\"Los pol\u00edticos Veracruz\" \/>\n<meta property=\"article:publisher\" content=\"https:\/\/www.facebook.com\/people\/Notimemes-de-los-Polticos\/61565672886568\/\" \/>\n<meta property=\"article:published_time\" content=\"2017-04-05T03:14:37+00:00\" \/>\n<meta property=\"og:image\" content=\"https:\/\/lospoliticosveracruz.com\/wp-content\/uploads\/2016\/07\/Logo-Dor.jpg\" \/>\n\t<meta property=\"og:image:width\" content=\"200\" \/>\n\t<meta property=\"og:image:height\" content=\"200\" \/>\n\t<meta property=\"og:image:type\" content=\"image\/jpeg\" \/>\n<meta name=\"author\" content=\"Lo viste en Los Pol\u00edticos\" \/>\n<meta name=\"twitter:card\" content=\"summary_large_image\" \/>\n<meta name=\"twitter:creator\" content=\"@LosPoliticosVer\" \/>\n<meta name=\"twitter:site\" content=\"@LosPoliticosVer\" \/>\n<meta name=\"twitter:label1\" content=\"Escrito por\" \/>\n\t<meta name=\"twitter:data1\" content=\"Lo viste en Los Pol\u00edticos\" \/>\n\t<meta name=\"twitter:label2\" content=\"Tiempo de lectura\" \/>\n\t<meta name=\"twitter:data2\" content=\"4 minutos\" \/>\n<script type=\"application\/ld+json\" class=\"yoast-schema-graph\">{\"@context\":\"https:\\\/\\\/schema.org\",\"@graph\":[{\"@type\":\"Article\",\"@id\":\"https:\\\/\\\/lospoliticosveracruz.com\\\/?p=31917#article\",\"isPartOf\":{\"@id\":\"https:\\\/\\\/lospoliticosveracruz.com\\\/?p=31917\"},\"author\":{\"name\":\"Lo viste en Los Pol\u00edticos\",\"@id\":\"https:\\\/\\\/lospoliticosveracruz.com\\\/#\\\/schema\\\/person\\\/b8702bb0e538456e6efd07080bf2a4a2\"},\"headline\":\"El SAT te devuelve\",\"datePublished\":\"2017-04-05T03:14:37+00:00\",\"mainEntityOfPage\":{\"@id\":\"https:\\\/\\\/lospoliticosveracruz.com\\\/?p=31917\"},\"wordCount\":707,\"commentCount\":0,\"publisher\":{\"@id\":\"https:\\\/\\\/lospoliticosveracruz.com\\\/#organization\"},\"keywords\":[\"Declaraci\u00f3n anual\",\"Pide factura y Hacienda te devuelve\",\"SAT\"],\"articleSection\":[\"De Opini\u00f3n\"],\"inLanguage\":\"es\",\"potentialAction\":[{\"@type\":\"CommentAction\",\"name\":\"Comment\",\"target\":[\"https:\\\/\\\/lospoliticosveracruz.com\\\/?p=31917#respond\"]}]},{\"@type\":\"WebPage\",\"@id\":\"https:\\\/\\\/lospoliticosveracruz.com\\\/?p=31917\",\"url\":\"https:\\\/\\\/lospoliticosveracruz.com\\\/?p=31917\",\"name\":\"El SAT te devuelve - Los pol\u00edticos Veracruz\",\"isPartOf\":{\"@id\":\"https:\\\/\\\/lospoliticosveracruz.com\\\/#website\"},\"datePublished\":\"2017-04-05T03:14:37+00:00\",\"breadcrumb\":{\"@id\":\"https:\\\/\\\/lospoliticosveracruz.com\\\/?p=31917#breadcrumb\"},\"inLanguage\":\"es\",\"potentialAction\":[{\"@type\":\"ReadAction\",\"target\":[\"https:\\\/\\\/lospoliticosveracruz.com\\\/?p=31917\"]}]},{\"@type\":\"BreadcrumbList\",\"@id\":\"https:\\\/\\\/lospoliticosveracruz.com\\\/?p=31917#breadcrumb\",\"itemListElement\":[{\"@type\":\"ListItem\",\"position\":1,\"name\":\"Portada\",\"item\":\"https:\\\/\\\/lospoliticosveracruz.com\\\/\"},{\"@type\":\"ListItem\",\"position\":2,\"name\":\"El SAT te devuelve\"}]},{\"@type\":\"WebSite\",\"@id\":\"https:\\\/\\\/lospoliticosveracruz.com\\\/#website\",\"url\":\"https:\\\/\\\/lospoliticosveracruz.com\\\/\",\"name\":\"Los pol\u00edticos Veracruz\",\"description\":\"\",\"publisher\":{\"@id\":\"https:\\\/\\\/lospoliticosveracruz.com\\\/#organization\"},\"potentialAction\":[{\"@type\":\"SearchAction\",\"target\":{\"@type\":\"EntryPoint\",\"urlTemplate\":\"https:\\\/\\\/lospoliticosveracruz.com\\\/?s={search_term_string}\"},\"query-input\":{\"@type\":\"PropertyValueSpecification\",\"valueRequired\":true,\"valueName\":\"search_term_string\"}}],\"inLanguage\":\"es\"},{\"@type\":\"Organization\",\"@id\":\"https:\\\/\\\/lospoliticosveracruz.com\\\/#organization\",\"name\":\"Los pol\u00edticos Veracruz\",\"url\":\"https:\\\/\\\/lospoliticosveracruz.com\\\/\",\"logo\":{\"@type\":\"ImageObject\",\"inLanguage\":\"es\",\"@id\":\"https:\\\/\\\/lospoliticosveracruz.com\\\/#\\\/schema\\\/logo\\\/image\\\/\",\"url\":\"https:\\\/\\\/lospoliticosveracruz.com\\\/wp-content\\\/uploads\\\/2025\\\/12\\\/Logo-Nuevo-LOS-POLITICOS-1.jpg\",\"contentUrl\":\"https:\\\/\\\/lospoliticosveracruz.com\\\/wp-content\\\/uploads\\\/2025\\\/12\\\/Logo-Nuevo-LOS-POLITICOS-1.jpg\",\"width\":260,\"height\":70,\"caption\":\"Los pol\u00edticos Veracruz\"},\"image\":{\"@id\":\"https:\\\/\\\/lospoliticosveracruz.com\\\/#\\\/schema\\\/logo\\\/image\\\/\"},\"sameAs\":[\"https:\\\/\\\/www.facebook.com\\\/people\\\/Notimemes-de-los-Polticos\\\/61565672886568\\\/\",\"https:\\\/\\\/x.com\\\/LosPoliticosVer\"]},{\"@type\":\"Person\",\"@id\":\"https:\\\/\\\/lospoliticosveracruz.com\\\/#\\\/schema\\\/person\\\/b8702bb0e538456e6efd07080bf2a4a2\",\"name\":\"Lo viste en Los Pol\u00edticos\",\"image\":{\"@type\":\"ImageObject\",\"inLanguage\":\"es\",\"@id\":\"https:\\\/\\\/secure.gravatar.com\\\/avatar\\\/3a8de04a2656d44082be478bd6c086daa447c4651605818287b9532d3d0bd435?s=96&d=mm&r=g\",\"url\":\"https:\\\/\\\/secure.gravatar.com\\\/avatar\\\/3a8de04a2656d44082be478bd6c086daa447c4651605818287b9532d3d0bd435?s=96&d=mm&r=g\",\"contentUrl\":\"https:\\\/\\\/secure.gravatar.com\\\/avatar\\\/3a8de04a2656d44082be478bd6c086daa447c4651605818287b9532d3d0bd435?s=96&d=mm&r=g\",\"caption\":\"Lo viste en Los Pol\u00edticos\"},\"url\":\"https:\\\/\\\/lospoliticosveracruz.com\\\/?author=2\"}]}<\/script>\n<!-- \/ Yoast SEO plugin. -->","yoast_head_json":{"title":"El SAT te devuelve - Los pol\u00edticos Veracruz","robots":{"index":"index","follow":"follow","max-snippet":"max-snippet:-1","max-image-preview":"max-image-preview:large","max-video-preview":"max-video-preview:-1"},"canonical":"https:\/\/lospoliticosveracruz.com\/?p=31917","og_locale":"es_ES","og_type":"article","og_title":"El SAT te devuelve - Los pol\u00edticos Veracruz","og_description":"Brenda Caballero N\u00fameros Rojos &nbsp; \u00a1Aunque usted no lo crea! Abril es un mes en el que puedes tener un dinero extra, pues el SAT le devuelve sus impuestos en 5 d\u00edas. Recuerde la campa\u00f1a \u201c\u00bfPide factura y hacienda te devuelve?\u201d Este es el momento, pues en este mes toca a las personas f\u00edsicas presentar [&hellip;]","og_url":"https:\/\/lospoliticosveracruz.com\/?p=31917","og_site_name":"Los pol\u00edticos Veracruz","article_publisher":"https:\/\/www.facebook.com\/people\/Notimemes-de-los-Polticos\/61565672886568\/","article_published_time":"2017-04-05T03:14:37+00:00","og_image":[{"width":200,"height":200,"url":"https:\/\/lospoliticosveracruz.com\/wp-content\/uploads\/2016\/07\/Logo-Dor.jpg","type":"image\/jpeg"}],"author":"Lo viste en Los Pol\u00edticos","twitter_card":"summary_large_image","twitter_creator":"@LosPoliticosVer","twitter_site":"@LosPoliticosVer","twitter_misc":{"Escrito por":"Lo viste en Los Pol\u00edticos","Tiempo de lectura":"4 minutos"},"schema":{"@context":"https:\/\/schema.org","@graph":[{"@type":"Article","@id":"https:\/\/lospoliticosveracruz.com\/?p=31917#article","isPartOf":{"@id":"https:\/\/lospoliticosveracruz.com\/?p=31917"},"author":{"name":"Lo viste en Los Pol\u00edticos","@id":"https:\/\/lospoliticosveracruz.com\/#\/schema\/person\/b8702bb0e538456e6efd07080bf2a4a2"},"headline":"El SAT te devuelve","datePublished":"2017-04-05T03:14:37+00:00","mainEntityOfPage":{"@id":"https:\/\/lospoliticosveracruz.com\/?p=31917"},"wordCount":707,"commentCount":0,"publisher":{"@id":"https:\/\/lospoliticosveracruz.com\/#organization"},"keywords":["Declaraci\u00f3n anual","Pide factura y Hacienda te devuelve","SAT"],"articleSection":["De Opini\u00f3n"],"inLanguage":"es","potentialAction":[{"@type":"CommentAction","name":"Comment","target":["https:\/\/lospoliticosveracruz.com\/?p=31917#respond"]}]},{"@type":"WebPage","@id":"https:\/\/lospoliticosveracruz.com\/?p=31917","url":"https:\/\/lospoliticosveracruz.com\/?p=31917","name":"El SAT te devuelve - Los pol\u00edticos Veracruz","isPartOf":{"@id":"https:\/\/lospoliticosveracruz.com\/#website"},"datePublished":"2017-04-05T03:14:37+00:00","breadcrumb":{"@id":"https:\/\/lospoliticosveracruz.com\/?p=31917#breadcrumb"},"inLanguage":"es","potentialAction":[{"@type":"ReadAction","target":["https:\/\/lospoliticosveracruz.com\/?p=31917"]}]},{"@type":"BreadcrumbList","@id":"https:\/\/lospoliticosveracruz.com\/?p=31917#breadcrumb","itemListElement":[{"@type":"ListItem","position":1,"name":"Portada","item":"https:\/\/lospoliticosveracruz.com\/"},{"@type":"ListItem","position":2,"name":"El SAT te devuelve"}]},{"@type":"WebSite","@id":"https:\/\/lospoliticosveracruz.com\/#website","url":"https:\/\/lospoliticosveracruz.com\/","name":"Los pol\u00edticos Veracruz","description":"","publisher":{"@id":"https:\/\/lospoliticosveracruz.com\/#organization"},"potentialAction":[{"@type":"SearchAction","target":{"@type":"EntryPoint","urlTemplate":"https:\/\/lospoliticosveracruz.com\/?s={search_term_string}"},"query-input":{"@type":"PropertyValueSpecification","valueRequired":true,"valueName":"search_term_string"}}],"inLanguage":"es"},{"@type":"Organization","@id":"https:\/\/lospoliticosveracruz.com\/#organization","name":"Los pol\u00edticos Veracruz","url":"https:\/\/lospoliticosveracruz.com\/","logo":{"@type":"ImageObject","inLanguage":"es","@id":"https:\/\/lospoliticosveracruz.com\/#\/schema\/logo\/image\/","url":"https:\/\/lospoliticosveracruz.com\/wp-content\/uploads\/2025\/12\/Logo-Nuevo-LOS-POLITICOS-1.jpg","contentUrl":"https:\/\/lospoliticosveracruz.com\/wp-content\/uploads\/2025\/12\/Logo-Nuevo-LOS-POLITICOS-1.jpg","width":260,"height":70,"caption":"Los pol\u00edticos Veracruz"},"image":{"@id":"https:\/\/lospoliticosveracruz.com\/#\/schema\/logo\/image\/"},"sameAs":["https:\/\/www.facebook.com\/people\/Notimemes-de-los-Polticos\/61565672886568\/","https:\/\/x.com\/LosPoliticosVer"]},{"@type":"Person","@id":"https:\/\/lospoliticosveracruz.com\/#\/schema\/person\/b8702bb0e538456e6efd07080bf2a4a2","name":"Lo viste en Los Pol\u00edticos","image":{"@type":"ImageObject","inLanguage":"es","@id":"https:\/\/secure.gravatar.com\/avatar\/3a8de04a2656d44082be478bd6c086daa447c4651605818287b9532d3d0bd435?s=96&d=mm&r=g","url":"https:\/\/secure.gravatar.com\/avatar\/3a8de04a2656d44082be478bd6c086daa447c4651605818287b9532d3d0bd435?s=96&d=mm&r=g","contentUrl":"https:\/\/secure.gravatar.com\/avatar\/3a8de04a2656d44082be478bd6c086daa447c4651605818287b9532d3d0bd435?s=96&d=mm&r=g","caption":"Lo viste en Los Pol\u00edticos"},"url":"https:\/\/lospoliticosveracruz.com\/?author=2"}]}},"_links":{"self":[{"href":"https:\/\/lospoliticosveracruz.com\/index.php?rest_route=\/wp\/v2\/posts\/31917","targetHints":{"allow":["GET"]}}],"collection":[{"href":"https:\/\/lospoliticosveracruz.com\/index.php?rest_route=\/wp\/v2\/posts"}],"about":[{"href":"https:\/\/lospoliticosveracruz.com\/index.php?rest_route=\/wp\/v2\/types\/post"}],"author":[{"embeddable":true,"href":"https:\/\/lospoliticosveracruz.com\/index.php?rest_route=\/wp\/v2\/users\/2"}],"replies":[{"embeddable":true,"href":"https:\/\/lospoliticosveracruz.com\/index.php?rest_route=%2Fwp%2Fv2%2Fcomments&post=31917"}],"version-history":[{"count":1,"href":"https:\/\/lospoliticosveracruz.com\/index.php?rest_route=\/wp\/v2\/posts\/31917\/revisions"}],"predecessor-version":[{"id":31918,"href":"https:\/\/lospoliticosveracruz.com\/index.php?rest_route=\/wp\/v2\/posts\/31917\/revisions\/31918"}],"wp:attachment":[{"href":"https:\/\/lospoliticosveracruz.com\/index.php?rest_route=%2Fwp%2Fv2%2Fmedia&parent=31917"}],"wp:term":[{"taxonomy":"category","embeddable":true,"href":"https:\/\/lospoliticosveracruz.com\/index.php?rest_route=%2Fwp%2Fv2%2Fcategories&post=31917"},{"taxonomy":"post_tag","embeddable":true,"href":"https:\/\/lospoliticosveracruz.com\/index.php?rest_route=%2Fwp%2Fv2%2Ftags&post=31917"}],"curies":[{"name":"wp","href":"https:\/\/api.w.org\/{rel}","templated":true}]}}