{"id":32064,"date":"2017-04-10T11:27:46","date_gmt":"2017-04-10T16:27:46","guid":{"rendered":"http:\/\/www.lospoliticosveracruz.com.mx\/?p=32064"},"modified":"2017-04-10T11:27:46","modified_gmt":"2017-04-10T16:27:46","slug":"historias-de-terror-2","status":"publish","type":"post","link":"https:\/\/lospoliticosveracruz.com\/?p=32064","title":{"rendered":"Historias de terror"},"content":{"rendered":"<p class=\"x_m_4902859317099073762MsoNoSpacing\"><strong>Luis Alberto Romero<\/strong><u><\/u><u><\/u><\/p>\n<p class=\"x_m_4902859317099073762MsoNoSpacing\"><em>Hora Cero<\/em><\/p>\n<p class=\"x_m_4902859317099073762MsoNoSpacing\"><u><\/u><u><\/u>\u00a0<u><\/u><\/p>\n<p class=\"x_m_4902859317099073762MsoNoSpacing\">Este fin de semana circul\u00f3 una noticia relacionada con los tres marinos que desaparecieron el pasado 31 de enero en el puerto de Veracruz.<u><\/u><u><\/u><\/p>\n<p class=\"x_m_4902859317099073762MsoNoSpacing\">Fernando Arturo Casta\u00f1\u00f3n Zamacona, comandante de la Primera Regi\u00f3n Naval, declar\u00f3 que la Secretar\u00eda de Marina presume que sus tres elementos, que se encontraban realizando trabajos de vigilancia cerca del Infonavit Buena Vista, parte norte del puerto de Veracruz, ya habr\u00edan perdido la vida.<u><\/u><u><\/u><\/p>\n<p class=\"x_m_4902859317099073762MsoNoSpacing\">De igual manera, confirm\u00f3 que la Fiscal\u00eda del Estado realiza pruebas periciales a los restos humanos hallados en fosas clandestinas, a efecto de identificar los cuerpos.<u><\/u><u><\/u><\/p>\n<p class=\"x_m_4902859317099073762MsoNoSpacing\">Sin embargo, dicha informaci\u00f3n se basa todav\u00eda en conjeturas y presunciones; oficialmente, los tres elementos de la marina que fueron privados de su libertad en el Puerto est\u00e1n en calidad de desaparecidos.<u><\/u><u><\/u><\/p>\n<p class=\"x_m_4902859317099073762MsoNoSpacing\">El tema, irremediablemente, nos remite al drama que viven cientos de veracruzanos que tienen entre sus familiares a alguna v\u00edctima de desaparici\u00f3n.<u><\/u><u><\/u><\/p>\n<p class=\"x_m_4902859317099073762MsoNoSpacing\">La semana pasada, por citar un dato al respecto, la Comisi\u00f3n Nacional de los Derechos Humanos (CNDH) revel\u00f3 que en una d\u00e9cada, de 2007 a 2016, se localizaron en territorio nacional 855 fosas clandestinas. Entre las entidades del pa\u00eds, Guerrero es la que m\u00e1s problemas tuvo en ese tema, con 195 fosas; el segundo lugar lo comparten los estados de Nuevo Le\u00f3n y Veracruz, con 191 fosas.<u><\/u><u><\/u><\/p>\n<p class=\"x_m_4902859317099073762MsoNoSpacing\">La entidad veracruzana report\u00f3 m\u00e1s de 21 mil fragmentos de restos \u00f3seos, lo que coloca al estado en algo muy parecido a una enorme fosa clandestina del Golfo de M\u00e9xico.<u><\/u><u><\/u><\/p>\n<p class=\"x_m_4902859317099073762MsoNoSpacing\">Recordemos que en marzo pasado, cerca de Alvarado, las autoridades hallaron otras ocho fosas, en las que fueron encontrados 47 cr\u00e1neos.<u><\/u><u><\/u><\/p>\n<p class=\"x_m_4902859317099073762MsoNoSpacing\">Lamentablemente, en esa materia, la relacionada con v\u00edctimas por desaparici\u00f3n, secuestro, violencia y fosas clandestinas, en Veracruz se vive desde hace diez a\u00f1os una verdadera historia de terror, de la que no hay regi\u00f3n que se salve.<u><\/u><u><\/u><\/p>\n<p class=\"x_m_4902859317099073762MsoNoSpacing\"><u><\/u>\u00a0<u><\/u><b>Tuxpan y la inversi\u00f3n en seguridad<u><\/u><u><\/u><\/b><\/p>\n<p class=\"x_m_4902859317099073762MsoNoSpacing\">El pasado viernes arranc\u00f3 en el puerto de Tuxpan el operativo interinstitucional Semana Santa 2017, en el que intervienen m\u00e1s de 200 elementos de diferentes dependencias y corporaciones de los 3 niveles de gobierno, Fuerza Naval del Golfo, Sector Naval,\u00a019 Zona Militar, 39 Batall\u00f3n de Infanter\u00eda, Agrupamiento Mar\u00edtimo de la Fuerza Civil,\u00a0Capitan\u00eda de Puerto, Polic\u00eda Federal Estaci\u00f3n Tuxpan, Delegaci\u00f3n de Seguridad P\u00fablica Regi\u00f3n II, Fiscal\u00eda Regional Zona Norte, Jurisdicci\u00f3n Sanitaria N\u00famero II, PROFECO,\u00a0\u00a0SEMARNAT, \u00c1ngeles Verdes y Cruz Roja Mexicana, todas relacionadas con la seguridad, el rescate y el auxilio a la poblaci\u00f3n.<u><\/u><u><\/u><\/p>\n<p class=\"x_m_4902859317099073762MsoNoSpacing\">De acuerdo con el bolet\u00edn emitido por el ayuntamiento que encabeza Ra\u00fal Ruiz D\u00edaz, con el citado operativo aumentar\u00e1 la vigilancia en ese puerto y particularmente en la zona de playa.<u><\/u><u><\/u><\/p>\n<p class=\"x_m_4902859317099073762MsoNoSpacing\">Ese evento, que incluy\u00f3 la entrega de los uniformes que portar\u00e1n durante el operativo los elementos de las dependencias involucradas, coincidi\u00f3 con la publicaci\u00f3n en el Diario Oficial de la Federaci\u00f3n del Convenio Espec\u00edfico de Adhesi\u00f3n para el otorgamiento del subsidio para el fortalecimiento del desempe\u00f1o en materia de Seguridad P\u00fablica a los municipios y demarcaciones territoriales de la Ciudad de M\u00e9xico, entre el Secretariado Ejecutivo del Sistema Nacional de Seguridad P\u00fablica, el Estado de Veracruz y cinco ayuntamientos veracruzanos, entre los que se encuentra Tuxpan.<u><\/u><u><\/u><\/p>\n<p class=\"x_m_4902859317099073762MsoNoSpacing\">Los t\u00e9rminos del citado convenio establecen que el Secretariado Ejecutivo transferir\u00e1 recursos federales del Programa de Fortalecimiento para la Seguridad, Fortaseg, a los municipios beneficiarios, a trav\u00e9s de la Secretar\u00eda de Finanzas del gobierno estatal.<u><\/u><u><\/u><\/p>\n<p class=\"x_m_4902859317099073762MsoNoSpacing\">En este caso, Tuxpan recibir\u00e1 10 millones de pesos de dicho programa federal, debido aportar el veinte por cierto, dos millones de pesos.<u><\/u><u><\/u><\/p>\n<p class=\"x_m_4902859317099073762MsoNoSpacing\">El asunto no es menor, dado que uno de los principales problemas que enfrenta la entidad veracruzana es, precisamente, el de la inseguridad; Tuxpan no es una excepci\u00f3n, aunque habr\u00eda que reconocer que tampoco es de las regiones m\u00e1s complicadas en cuanto a \u00edndices delictivos y violencia. En ese contexto, las gestiones de los ayuntamientos para invertir recursos en esa materia resultan de mucha importancia y hablan del compromiso de las autoridades municipales para atender el tema.<u><\/u><u><\/u><\/p>\n<p class=\"x_m_4902859317099073762MsoNoSpacing\"><u><\/u>\u00a0<u><\/u><\/p>\n<p class=\"x_m_4902859317099073762MsoNoSpacing\"><u><\/u>\u00a0<u><\/u><\/p>\n<p class=\"x_m_4902859317099073762MsoNoSpacing\"><b>Xalapa, acciones contra el delito<u><\/u><u><\/u><\/b><\/p>\n<p class=\"x_m_4902859317099073762MsoNoSpacing\">Igual que en Tuxpan, en la gesti\u00f3n de Am\u00e9rico Z\u00fa\u00f1iga Mart\u00ednez, la aplicaci\u00f3n del subsidio para el Fortalecimiento para la Seguridad, ha permitido crecer en equipamiento y capacidad de operaci\u00f3n.<u><\/u><u><\/u><\/p>\n<p class=\"x_m_4902859317099073762MsoNoSpacing\">Por ejemplo, en 2014 el C4 ten\u00eda conectadas \u00fanicamente a 47 c\u00e1maras de videovigilancia en Xalapa. Con las inversiones que se han realizado del 2015, 2016 y la que se har\u00e1 en este 2017, Xalapa tendr\u00e1, para el t\u00e9rmino de este a\u00f1o, 89 c\u00e1maras instaladas, lo que representa un incremento de casi el 90 por ciento; es decir, la cobertura de monitoreo en el gobierno de Z\u00fa\u00f1iga Mart\u00ednez ser\u00e1 casi doble en comparaci\u00f3n de cuando inici\u00f3 su per\u00edodo. Datos duros que hablan de un trabajo efectivo en materia de seguridad. @luisromero85<\/p>\n","protected":false},"excerpt":{"rendered":"<p>Luis Alberto Romero Hora Cero \u00a0 Este fin de semana circul\u00f3 una noticia relacionada con los tres marinos que desaparecieron el pasado 31 de enero en el puerto de Veracruz. Fernando Arturo Casta\u00f1\u00f3n Zamacona, comandante de la Primera Regi\u00f3n Naval, declar\u00f3 que la Secretar\u00eda de Marina presume que sus tres elementos, que se encontraban realizando [&hellip;]<\/p>\n","protected":false},"author":2,"featured_media":0,"comment_status":"open","ping_status":"open","sticky":false,"template":"","format":"standard","meta":{"tdm_status":"","tdm_grid_status":"","footnotes":""},"categories":[70],"tags":[4571,1699,7966],"class_list":{"0":"post-32064","1":"post","2":"type-post","3":"status-publish","4":"format-standard","6":"category-de-opinion","7":"tag-fernando-arturo-castanon-zamacona","8":"tag-fosas-clandestinas","9":"tag-marinos-desaparecidos-veracruz"},"yoast_head":"<!-- This site is optimized with the Yoast SEO plugin v27.4 - https:\/\/yoast.com\/product\/yoast-seo-wordpress\/ -->\n<title>Historias de terror - Los pol\u00edticos Veracruz<\/title>\n<meta name=\"robots\" content=\"index, follow, max-snippet:-1, max-image-preview:large, max-video-preview:-1\" \/>\n<link rel=\"canonical\" href=\"https:\/\/lospoliticosveracruz.com\/?p=32064\" \/>\n<meta property=\"og:locale\" content=\"es_ES\" \/>\n<meta property=\"og:type\" content=\"article\" \/>\n<meta property=\"og:title\" content=\"Historias de terror - Los pol\u00edticos Veracruz\" \/>\n<meta property=\"og:description\" content=\"Luis Alberto Romero Hora Cero \u00a0 Este fin de semana circul\u00f3 una noticia relacionada con los tres marinos que desaparecieron el pasado 31 de enero en el puerto de Veracruz. Fernando Arturo Casta\u00f1\u00f3n Zamacona, comandante de la Primera Regi\u00f3n Naval, declar\u00f3 que la Secretar\u00eda de Marina presume que sus tres elementos, que se encontraban realizando [&hellip;]\" \/>\n<meta property=\"og:url\" content=\"https:\/\/lospoliticosveracruz.com\/?p=32064\" \/>\n<meta property=\"og:site_name\" content=\"Los pol\u00edticos Veracruz\" \/>\n<meta property=\"article:publisher\" content=\"https:\/\/www.facebook.com\/people\/Notimemes-de-los-Polticos\/61565672886568\/\" \/>\n<meta property=\"article:published_time\" content=\"2017-04-10T16:27:46+00:00\" \/>\n<meta property=\"og:image\" content=\"https:\/\/lospoliticosveracruz.com\/wp-content\/uploads\/2016\/07\/Logo-Dor.jpg\" \/>\n\t<meta property=\"og:image:width\" content=\"200\" \/>\n\t<meta property=\"og:image:height\" content=\"200\" \/>\n\t<meta property=\"og:image:type\" content=\"image\/jpeg\" \/>\n<meta name=\"author\" content=\"Lo viste en Los Pol\u00edticos\" \/>\n<meta name=\"twitter:card\" content=\"summary_large_image\" \/>\n<meta name=\"twitter:creator\" content=\"@LosPoliticosVer\" \/>\n<meta name=\"twitter:site\" content=\"@LosPoliticosVer\" \/>\n<meta name=\"twitter:label1\" content=\"Escrito por\" \/>\n\t<meta name=\"twitter:data1\" content=\"Lo viste en Los Pol\u00edticos\" \/>\n\t<meta name=\"twitter:label2\" content=\"Tiempo de lectura\" \/>\n\t<meta name=\"twitter:data2\" content=\"4 minutos\" \/>\n<script type=\"application\/ld+json\" class=\"yoast-schema-graph\">{\"@context\":\"https:\\\/\\\/schema.org\",\"@graph\":[{\"@type\":\"Article\",\"@id\":\"https:\\\/\\\/lospoliticosveracruz.com\\\/?p=32064#article\",\"isPartOf\":{\"@id\":\"https:\\\/\\\/lospoliticosveracruz.com\\\/?p=32064\"},\"author\":{\"name\":\"Lo viste en Los Pol\u00edticos\",\"@id\":\"https:\\\/\\\/lospoliticosveracruz.com\\\/#\\\/schema\\\/person\\\/b8702bb0e538456e6efd07080bf2a4a2\"},\"headline\":\"Historias de terror\",\"datePublished\":\"2017-04-10T16:27:46+00:00\",\"mainEntityOfPage\":{\"@id\":\"https:\\\/\\\/lospoliticosveracruz.com\\\/?p=32064\"},\"wordCount\":839,\"commentCount\":0,\"publisher\":{\"@id\":\"https:\\\/\\\/lospoliticosveracruz.com\\\/#organization\"},\"keywords\":[\"Fernando Arturo Casta\u00f1\u00f3n Zamacona\",\"fosas clandestinas\",\"Marinos desaparecidos Veracruz\"],\"articleSection\":[\"De Opini\u00f3n\"],\"inLanguage\":\"es\",\"potentialAction\":[{\"@type\":\"CommentAction\",\"name\":\"Comment\",\"target\":[\"https:\\\/\\\/lospoliticosveracruz.com\\\/?p=32064#respond\"]}]},{\"@type\":\"WebPage\",\"@id\":\"https:\\\/\\\/lospoliticosveracruz.com\\\/?p=32064\",\"url\":\"https:\\\/\\\/lospoliticosveracruz.com\\\/?p=32064\",\"name\":\"Historias de terror - Los pol\u00edticos Veracruz\",\"isPartOf\":{\"@id\":\"https:\\\/\\\/lospoliticosveracruz.com\\\/#website\"},\"datePublished\":\"2017-04-10T16:27:46+00:00\",\"breadcrumb\":{\"@id\":\"https:\\\/\\\/lospoliticosveracruz.com\\\/?p=32064#breadcrumb\"},\"inLanguage\":\"es\",\"potentialAction\":[{\"@type\":\"ReadAction\",\"target\":[\"https:\\\/\\\/lospoliticosveracruz.com\\\/?p=32064\"]}]},{\"@type\":\"BreadcrumbList\",\"@id\":\"https:\\\/\\\/lospoliticosveracruz.com\\\/?p=32064#breadcrumb\",\"itemListElement\":[{\"@type\":\"ListItem\",\"position\":1,\"name\":\"Portada\",\"item\":\"https:\\\/\\\/lospoliticosveracruz.com\\\/\"},{\"@type\":\"ListItem\",\"position\":2,\"name\":\"Historias de terror\"}]},{\"@type\":\"WebSite\",\"@id\":\"https:\\\/\\\/lospoliticosveracruz.com\\\/#website\",\"url\":\"https:\\\/\\\/lospoliticosveracruz.com\\\/\",\"name\":\"Los pol\u00edticos Veracruz\",\"description\":\"\",\"publisher\":{\"@id\":\"https:\\\/\\\/lospoliticosveracruz.com\\\/#organization\"},\"potentialAction\":[{\"@type\":\"SearchAction\",\"target\":{\"@type\":\"EntryPoint\",\"urlTemplate\":\"https:\\\/\\\/lospoliticosveracruz.com\\\/?s={search_term_string}\"},\"query-input\":{\"@type\":\"PropertyValueSpecification\",\"valueRequired\":true,\"valueName\":\"search_term_string\"}}],\"inLanguage\":\"es\"},{\"@type\":\"Organization\",\"@id\":\"https:\\\/\\\/lospoliticosveracruz.com\\\/#organization\",\"name\":\"Los pol\u00edticos Veracruz\",\"url\":\"https:\\\/\\\/lospoliticosveracruz.com\\\/\",\"logo\":{\"@type\":\"ImageObject\",\"inLanguage\":\"es\",\"@id\":\"https:\\\/\\\/lospoliticosveracruz.com\\\/#\\\/schema\\\/logo\\\/image\\\/\",\"url\":\"https:\\\/\\\/lospoliticosveracruz.com\\\/wp-content\\\/uploads\\\/2025\\\/12\\\/Logo-Nuevo-LOS-POLITICOS-1.jpg\",\"contentUrl\":\"https:\\\/\\\/lospoliticosveracruz.com\\\/wp-content\\\/uploads\\\/2025\\\/12\\\/Logo-Nuevo-LOS-POLITICOS-1.jpg\",\"width\":260,\"height\":70,\"caption\":\"Los pol\u00edticos Veracruz\"},\"image\":{\"@id\":\"https:\\\/\\\/lospoliticosveracruz.com\\\/#\\\/schema\\\/logo\\\/image\\\/\"},\"sameAs\":[\"https:\\\/\\\/www.facebook.com\\\/people\\\/Notimemes-de-los-Polticos\\\/61565672886568\\\/\",\"https:\\\/\\\/x.com\\\/LosPoliticosVer\"]},{\"@type\":\"Person\",\"@id\":\"https:\\\/\\\/lospoliticosveracruz.com\\\/#\\\/schema\\\/person\\\/b8702bb0e538456e6efd07080bf2a4a2\",\"name\":\"Lo viste en Los Pol\u00edticos\",\"image\":{\"@type\":\"ImageObject\",\"inLanguage\":\"es\",\"@id\":\"https:\\\/\\\/secure.gravatar.com\\\/avatar\\\/3a8de04a2656d44082be478bd6c086daa447c4651605818287b9532d3d0bd435?s=96&d=mm&r=g\",\"url\":\"https:\\\/\\\/secure.gravatar.com\\\/avatar\\\/3a8de04a2656d44082be478bd6c086daa447c4651605818287b9532d3d0bd435?s=96&d=mm&r=g\",\"contentUrl\":\"https:\\\/\\\/secure.gravatar.com\\\/avatar\\\/3a8de04a2656d44082be478bd6c086daa447c4651605818287b9532d3d0bd435?s=96&d=mm&r=g\",\"caption\":\"Lo viste en Los Pol\u00edticos\"},\"url\":\"https:\\\/\\\/lospoliticosveracruz.com\\\/?author=2\"}]}<\/script>\n<!-- \/ Yoast SEO plugin. -->","yoast_head_json":{"title":"Historias de terror - Los pol\u00edticos Veracruz","robots":{"index":"index","follow":"follow","max-snippet":"max-snippet:-1","max-image-preview":"max-image-preview:large","max-video-preview":"max-video-preview:-1"},"canonical":"https:\/\/lospoliticosveracruz.com\/?p=32064","og_locale":"es_ES","og_type":"article","og_title":"Historias de terror - Los pol\u00edticos Veracruz","og_description":"Luis Alberto Romero Hora Cero \u00a0 Este fin de semana circul\u00f3 una noticia relacionada con los tres marinos que desaparecieron el pasado 31 de enero en el puerto de Veracruz. Fernando Arturo Casta\u00f1\u00f3n Zamacona, comandante de la Primera Regi\u00f3n Naval, declar\u00f3 que la Secretar\u00eda de Marina presume que sus tres elementos, que se encontraban realizando [&hellip;]","og_url":"https:\/\/lospoliticosveracruz.com\/?p=32064","og_site_name":"Los pol\u00edticos Veracruz","article_publisher":"https:\/\/www.facebook.com\/people\/Notimemes-de-los-Polticos\/61565672886568\/","article_published_time":"2017-04-10T16:27:46+00:00","og_image":[{"width":200,"height":200,"url":"https:\/\/lospoliticosveracruz.com\/wp-content\/uploads\/2016\/07\/Logo-Dor.jpg","type":"image\/jpeg"}],"author":"Lo viste en Los Pol\u00edticos","twitter_card":"summary_large_image","twitter_creator":"@LosPoliticosVer","twitter_site":"@LosPoliticosVer","twitter_misc":{"Escrito por":"Lo viste en Los Pol\u00edticos","Tiempo de lectura":"4 minutos"},"schema":{"@context":"https:\/\/schema.org","@graph":[{"@type":"Article","@id":"https:\/\/lospoliticosveracruz.com\/?p=32064#article","isPartOf":{"@id":"https:\/\/lospoliticosveracruz.com\/?p=32064"},"author":{"name":"Lo viste en Los Pol\u00edticos","@id":"https:\/\/lospoliticosveracruz.com\/#\/schema\/person\/b8702bb0e538456e6efd07080bf2a4a2"},"headline":"Historias de terror","datePublished":"2017-04-10T16:27:46+00:00","mainEntityOfPage":{"@id":"https:\/\/lospoliticosveracruz.com\/?p=32064"},"wordCount":839,"commentCount":0,"publisher":{"@id":"https:\/\/lospoliticosveracruz.com\/#organization"},"keywords":["Fernando Arturo Casta\u00f1\u00f3n Zamacona","fosas clandestinas","Marinos desaparecidos Veracruz"],"articleSection":["De Opini\u00f3n"],"inLanguage":"es","potentialAction":[{"@type":"CommentAction","name":"Comment","target":["https:\/\/lospoliticosveracruz.com\/?p=32064#respond"]}]},{"@type":"WebPage","@id":"https:\/\/lospoliticosveracruz.com\/?p=32064","url":"https:\/\/lospoliticosveracruz.com\/?p=32064","name":"Historias de terror - Los pol\u00edticos Veracruz","isPartOf":{"@id":"https:\/\/lospoliticosveracruz.com\/#website"},"datePublished":"2017-04-10T16:27:46+00:00","breadcrumb":{"@id":"https:\/\/lospoliticosveracruz.com\/?p=32064#breadcrumb"},"inLanguage":"es","potentialAction":[{"@type":"ReadAction","target":["https:\/\/lospoliticosveracruz.com\/?p=32064"]}]},{"@type":"BreadcrumbList","@id":"https:\/\/lospoliticosveracruz.com\/?p=32064#breadcrumb","itemListElement":[{"@type":"ListItem","position":1,"name":"Portada","item":"https:\/\/lospoliticosveracruz.com\/"},{"@type":"ListItem","position":2,"name":"Historias de terror"}]},{"@type":"WebSite","@id":"https:\/\/lospoliticosveracruz.com\/#website","url":"https:\/\/lospoliticosveracruz.com\/","name":"Los pol\u00edticos Veracruz","description":"","publisher":{"@id":"https:\/\/lospoliticosveracruz.com\/#organization"},"potentialAction":[{"@type":"SearchAction","target":{"@type":"EntryPoint","urlTemplate":"https:\/\/lospoliticosveracruz.com\/?s={search_term_string}"},"query-input":{"@type":"PropertyValueSpecification","valueRequired":true,"valueName":"search_term_string"}}],"inLanguage":"es"},{"@type":"Organization","@id":"https:\/\/lospoliticosveracruz.com\/#organization","name":"Los pol\u00edticos Veracruz","url":"https:\/\/lospoliticosveracruz.com\/","logo":{"@type":"ImageObject","inLanguage":"es","@id":"https:\/\/lospoliticosveracruz.com\/#\/schema\/logo\/image\/","url":"https:\/\/lospoliticosveracruz.com\/wp-content\/uploads\/2025\/12\/Logo-Nuevo-LOS-POLITICOS-1.jpg","contentUrl":"https:\/\/lospoliticosveracruz.com\/wp-content\/uploads\/2025\/12\/Logo-Nuevo-LOS-POLITICOS-1.jpg","width":260,"height":70,"caption":"Los pol\u00edticos Veracruz"},"image":{"@id":"https:\/\/lospoliticosveracruz.com\/#\/schema\/logo\/image\/"},"sameAs":["https:\/\/www.facebook.com\/people\/Notimemes-de-los-Polticos\/61565672886568\/","https:\/\/x.com\/LosPoliticosVer"]},{"@type":"Person","@id":"https:\/\/lospoliticosveracruz.com\/#\/schema\/person\/b8702bb0e538456e6efd07080bf2a4a2","name":"Lo viste en Los Pol\u00edticos","image":{"@type":"ImageObject","inLanguage":"es","@id":"https:\/\/secure.gravatar.com\/avatar\/3a8de04a2656d44082be478bd6c086daa447c4651605818287b9532d3d0bd435?s=96&d=mm&r=g","url":"https:\/\/secure.gravatar.com\/avatar\/3a8de04a2656d44082be478bd6c086daa447c4651605818287b9532d3d0bd435?s=96&d=mm&r=g","contentUrl":"https:\/\/secure.gravatar.com\/avatar\/3a8de04a2656d44082be478bd6c086daa447c4651605818287b9532d3d0bd435?s=96&d=mm&r=g","caption":"Lo viste en Los Pol\u00edticos"},"url":"https:\/\/lospoliticosveracruz.com\/?author=2"}]}},"_links":{"self":[{"href":"https:\/\/lospoliticosveracruz.com\/index.php?rest_route=\/wp\/v2\/posts\/32064","targetHints":{"allow":["GET"]}}],"collection":[{"href":"https:\/\/lospoliticosveracruz.com\/index.php?rest_route=\/wp\/v2\/posts"}],"about":[{"href":"https:\/\/lospoliticosveracruz.com\/index.php?rest_route=\/wp\/v2\/types\/post"}],"author":[{"embeddable":true,"href":"https:\/\/lospoliticosveracruz.com\/index.php?rest_route=\/wp\/v2\/users\/2"}],"replies":[{"embeddable":true,"href":"https:\/\/lospoliticosveracruz.com\/index.php?rest_route=%2Fwp%2Fv2%2Fcomments&post=32064"}],"version-history":[{"count":1,"href":"https:\/\/lospoliticosveracruz.com\/index.php?rest_route=\/wp\/v2\/posts\/32064\/revisions"}],"predecessor-version":[{"id":32065,"href":"https:\/\/lospoliticosveracruz.com\/index.php?rest_route=\/wp\/v2\/posts\/32064\/revisions\/32065"}],"wp:attachment":[{"href":"https:\/\/lospoliticosveracruz.com\/index.php?rest_route=%2Fwp%2Fv2%2Fmedia&parent=32064"}],"wp:term":[{"taxonomy":"category","embeddable":true,"href":"https:\/\/lospoliticosveracruz.com\/index.php?rest_route=%2Fwp%2Fv2%2Fcategories&post=32064"},{"taxonomy":"post_tag","embeddable":true,"href":"https:\/\/lospoliticosveracruz.com\/index.php?rest_route=%2Fwp%2Fv2%2Ftags&post=32064"}],"curies":[{"name":"wp","href":"https:\/\/api.w.org\/{rel}","templated":true}]}}