{"id":32141,"date":"2017-04-12T11:01:55","date_gmt":"2017-04-12T16:01:55","guid":{"rendered":"http:\/\/www.lospoliticosveracruz.com.mx\/?p=32141"},"modified":"2017-04-12T12:59:42","modified_gmt":"2017-04-12T17:59:42","slug":"la-contienda-por-martinez-de-la-torre","status":"publish","type":"post","link":"https:\/\/lospoliticosveracruz.com\/?p=32141","title":{"rendered":"La contienda por Mart\u00ednez de la Torre"},"content":{"rendered":"<p><b>Luis Alberto Romero<\/b><\/p>\n<p><i>Hora Cero<\/i><br \/>\nHasta hace poco m\u00e1s de una semana, entre los priistas de Mart\u00ednez de la Torre prevalec\u00eda un ambiente de relativo optimismo, dada la divisi\u00f3n que se habr\u00eda registrado al interior del equipo de campa\u00f1a del candidato del Partido Acci\u00f3n Nacional a dicha alcald\u00eda, Jos\u00e9 de la Torre S\u00e1nchez.<\/p>\n<p>Uno de los principales operadores del panismo en ese municipio hab\u00eda manifestado su decepci\u00f3n, debido a que fue relegado en la lista de los candidatos a las regidur\u00edas. Por tal motivo, los priistas comenzaron un intento para capitalizar lo que consideraron como una debilidad del principal adversario, el PAN. Sin embargo, no hubo tal divisi\u00f3n y, contrario a ello, en ese lugar se fortalece la percepci\u00f3n de que la elecci\u00f3n que tendr\u00e1 como jornada el primer domingo de junio pr\u00e1cticamente ya est\u00e1 definida.<\/p>\n<p>De la Torre S\u00e1nchez podr\u00eda pasar a la historia local como el primero en asumir la alcald\u00eda martinense durante tres periodos, lo cual nos habla no s\u00f3lo de su capacidad para ganar elecciones, sino tambi\u00e9n de su habilitad para mantener el control pol\u00edtico de ese municipio.<\/p>\n<p>Contrario a lo que esperaban los operadores priistas, no hubo ruptura en el blanquiazul; de hecho, parece que De la Torre camina sobre terreno pavimentado hacia la victoria municipal.<\/p>\n<p>Mientras tanto, en el Movimiento de Regeneraci\u00f3n Nacional (Morena) de Mart\u00ednez de la Torre tambi\u00e9n circul\u00f3 informaci\u00f3n sobre una supuesta fractura interna y sobre una estrategia para frenar la candidatura de Adri\u00e1n Montiel, un microempresario local que fue postulado por el partido de Andr\u00e9s Manuel L\u00f3pez Obrador.<\/p>\n<p>Algunos simpatizantes de Morena en esa localidad aseguraron que ese partido se hab\u00eda olvidado de la militancia y acusaron criterios poco claros para la asignaci\u00f3n de las candidaturas.<\/p>\n<p>Poco despu\u00e9s trascendi\u00f3 que el alcalde del lugar, Rolando Olivares Ahumada, habr\u00eda intentado postular como abanderado de Morena a un incondicional, Rodrigo Calder\u00f3n, empacador de c\u00edtricos y funcionario municipal del \u00e1rea de fomento agropecuario.<\/p>\n<p>Luego del rechazo de la fuerza pol\u00edtica que lidera L\u00f3pez Obrador a dicha candidatura, en Palacio Municipal se desat\u00f3 la ira y se habr\u00edan alentado versiones sobre la supuesta ca\u00edda de las probabilidades de Morena en esa elecci\u00f3n municipal.<\/p>\n<p>Sin embargo, contrario a ello, hoy esa fuerza pol\u00edtica est\u00e1 muy cerca de enviar al PRI al tercer lugar de la contienda.<br \/>\n<b>Rolando Olivares, actor secundario en la sucesi\u00f3n municipal<\/b><\/p>\n<p>Por cierto, antes del intento del alcalde por conseguir la candidatura de Morena para su incondicional, en Mart\u00ednez de la Torre circularon versiones en el sentido de que el grupo del mun\u00edcipe busc\u00f3 la candidatura priista, posibilidad que tambi\u00e9n le fue negada; de tal forma que hoy Rolando Olivares no es, en el contexto de su propia sucesi\u00f3n, m\u00e1s que un simple espectador, un actor secundario en una obra de teatro que tiene como protagonistas a Jos\u00e9 de la Torre, del PAN; Adri\u00e1n Montiel, de Morena; y Jorge Mendoza, del PRI, partido en el que el alcalde intenta colar una posici\u00f3n en la regidur\u00eda primera.<\/p>\n<p>Disminuido en t\u00e9rminos pol\u00edticos, Olivares Ahumada fue incapaz de consolidar una opci\u00f3n para que su grupo mantuviera el gobierno municipal; y termina por pelear una regidur\u00eda.<\/p>\n<p>En condiciones normales, un alcalde es capaz de colocar fichas para intentar conservar el ayuntamiento o bien negociar posiciones en circunstancias ventajosas; en Mart\u00ednez de la Torre no es as\u00ed y hoy la participaci\u00f3n de Rolando Olivares \u00fanicamente se registra como participante en la tradicional rebatinga por las regidur\u00edas, como cualquier l\u00edder sindical o de colonias populares.<\/p>\n<p>Por lo que toca a Jos\u00e9 de la Torre, el panista ya vela armas para enfrentar una contienda que podr\u00eda ganar, incluso, trabajando a medio gas. La duda en ese lugar se relaciona con el partido que se convertir\u00e1 en segunda fuerza pol\u00edtica y con el tema de las cinco regidur\u00edas en disputa.<br \/>\n<b>La definici\u00f3n en Xalapa<\/b><br \/>\nFuentes vinculadas al Partido de la Revoluci\u00f3n Democr\u00e1tica nos comentan que esta semana ser\u00eda definido el tema de la candidatura a la presidencia municipal por la capital del estado.<br \/>\nComo se recuerda, el proceso de selecci\u00f3n fue impugnado por uno de los dos aspirantes a la candidatura, el ex alcalde David Velasco Chedraui, quien argument\u00f3 vicios en la determinaci\u00f3n del Comit\u00e9 Ejecutivo Nacional del PRD, que favoreci\u00f3 a Ana Miriam Ferr\u00e1ez Centeno.<br \/>\nLo m\u00e1s probable, nos dicen, es que inicie la pr\u00f3xima semana con la candidatura de la alianza PAN-PRD definida en la capital del estado.<br \/>\nEl problema para la persona postulada por dicha coalici\u00f3n ser\u00e1 la necesidad de trabajar a marchas forzadas en el dise\u00f1o y la estrategia de campa\u00f1a, en la integraci\u00f3n de la estructura electoral, las brigadas de promoci\u00f3n del voto y, en t\u00e9rminos generales, en las condiciones para elevar las probabilidades de \u00e9xito<\/p>\n<p>@luisromero85.<\/p>\n","protected":false},"excerpt":{"rendered":"<p>Luis Alberto Romero Hora Cero Hasta hace poco m\u00e1s de una semana, entre los priistas de Mart\u00ednez de la Torre prevalec\u00eda un ambiente de relativo optimismo, dada la divisi\u00f3n que se habr\u00eda registrado al interior del equipo de campa\u00f1a del candidato del Partido Acci\u00f3n Nacional a dicha alcald\u00eda, Jos\u00e9 de la Torre S\u00e1nchez. Uno de [&hellip;]<\/p>\n","protected":false},"author":2,"featured_media":0,"comment_status":"open","ping_status":"open","sticky":false,"template":"","format":"standard","meta":{"tdm_status":"","tdm_grid_status":"","footnotes":""},"categories":[70],"tags":[5019,963,7983,1885],"class_list":{"0":"post-32141","1":"post","2":"type-post","3":"status-publish","4":"format-standard","6":"category-de-opinion","7":"tag-jose-de-la-torre-sanchez","8":"tag-martinez-de-la-torre","9":"tag-rodrigo-calderon","10":"tag-rolando-olivares-ahumada"},"yoast_head":"<!-- This site is optimized with the Yoast SEO plugin v27.4 - https:\/\/yoast.com\/product\/yoast-seo-wordpress\/ -->\n<title>La contienda por Mart\u00ednez de la Torre - Los pol\u00edticos Veracruz<\/title>\n<meta name=\"robots\" content=\"index, follow, max-snippet:-1, max-image-preview:large, max-video-preview:-1\" \/>\n<link rel=\"canonical\" href=\"https:\/\/lospoliticosveracruz.com\/?p=32141\" \/>\n<meta property=\"og:locale\" content=\"es_ES\" \/>\n<meta property=\"og:type\" content=\"article\" \/>\n<meta property=\"og:title\" content=\"La contienda por Mart\u00ednez de la Torre - Los pol\u00edticos Veracruz\" \/>\n<meta property=\"og:description\" content=\"Luis Alberto Romero Hora Cero Hasta hace poco m\u00e1s de una semana, entre los priistas de Mart\u00ednez de la Torre prevalec\u00eda un ambiente de relativo optimismo, dada la divisi\u00f3n que se habr\u00eda registrado al interior del equipo de campa\u00f1a del candidato del Partido Acci\u00f3n Nacional a dicha alcald\u00eda, Jos\u00e9 de la Torre S\u00e1nchez. Uno de [&hellip;]\" \/>\n<meta property=\"og:url\" content=\"https:\/\/lospoliticosveracruz.com\/?p=32141\" \/>\n<meta property=\"og:site_name\" content=\"Los pol\u00edticos Veracruz\" \/>\n<meta property=\"article:publisher\" content=\"https:\/\/www.facebook.com\/people\/Notimemes-de-los-Polticos\/61565672886568\/\" \/>\n<meta property=\"article:published_time\" content=\"2017-04-12T16:01:55+00:00\" \/>\n<meta property=\"article:modified_time\" content=\"2017-04-12T17:59:42+00:00\" \/>\n<meta property=\"og:image\" content=\"https:\/\/lospoliticosveracruz.com\/wp-content\/uploads\/2016\/07\/Logo-Dor.jpg\" \/>\n\t<meta property=\"og:image:width\" content=\"200\" \/>\n\t<meta property=\"og:image:height\" content=\"200\" \/>\n\t<meta property=\"og:image:type\" content=\"image\/jpeg\" \/>\n<meta name=\"author\" content=\"Lo viste en Los Pol\u00edticos\" \/>\n<meta name=\"twitter:card\" content=\"summary_large_image\" \/>\n<meta name=\"twitter:creator\" content=\"@LosPoliticosVer\" \/>\n<meta name=\"twitter:site\" content=\"@LosPoliticosVer\" \/>\n<meta name=\"twitter:label1\" content=\"Escrito por\" \/>\n\t<meta name=\"twitter:data1\" content=\"Lo viste en Los Pol\u00edticos\" \/>\n\t<meta name=\"twitter:label2\" content=\"Tiempo de lectura\" \/>\n\t<meta name=\"twitter:data2\" content=\"4 minutos\" \/>\n<script type=\"application\/ld+json\" class=\"yoast-schema-graph\">{\"@context\":\"https:\\\/\\\/schema.org\",\"@graph\":[{\"@type\":\"Article\",\"@id\":\"https:\\\/\\\/lospoliticosveracruz.com\\\/?p=32141#article\",\"isPartOf\":{\"@id\":\"https:\\\/\\\/lospoliticosveracruz.com\\\/?p=32141\"},\"author\":{\"name\":\"Lo viste en Los Pol\u00edticos\",\"@id\":\"https:\\\/\\\/lospoliticosveracruz.com\\\/#\\\/schema\\\/person\\\/b8702bb0e538456e6efd07080bf2a4a2\"},\"headline\":\"La contienda por Mart\u00ednez de la Torre\",\"datePublished\":\"2017-04-12T16:01:55+00:00\",\"dateModified\":\"2017-04-12T17:59:42+00:00\",\"mainEntityOfPage\":{\"@id\":\"https:\\\/\\\/lospoliticosveracruz.com\\\/?p=32141\"},\"wordCount\":866,\"commentCount\":0,\"publisher\":{\"@id\":\"https:\\\/\\\/lospoliticosveracruz.com\\\/#organization\"},\"keywords\":[\"Jos\u00e9 de la Torre S\u00e1nchez\",\"Mart\u00ednez de la Torre\",\"Rodrigo Calder\u00f3n\",\"Rolando Olivares Ahumada\"],\"articleSection\":[\"De Opini\u00f3n\"],\"inLanguage\":\"es\",\"potentialAction\":[{\"@type\":\"CommentAction\",\"name\":\"Comment\",\"target\":[\"https:\\\/\\\/lospoliticosveracruz.com\\\/?p=32141#respond\"]}]},{\"@type\":\"WebPage\",\"@id\":\"https:\\\/\\\/lospoliticosveracruz.com\\\/?p=32141\",\"url\":\"https:\\\/\\\/lospoliticosveracruz.com\\\/?p=32141\",\"name\":\"La contienda por Mart\u00ednez de la Torre - Los pol\u00edticos Veracruz\",\"isPartOf\":{\"@id\":\"https:\\\/\\\/lospoliticosveracruz.com\\\/#website\"},\"datePublished\":\"2017-04-12T16:01:55+00:00\",\"dateModified\":\"2017-04-12T17:59:42+00:00\",\"breadcrumb\":{\"@id\":\"https:\\\/\\\/lospoliticosveracruz.com\\\/?p=32141#breadcrumb\"},\"inLanguage\":\"es\",\"potentialAction\":[{\"@type\":\"ReadAction\",\"target\":[\"https:\\\/\\\/lospoliticosveracruz.com\\\/?p=32141\"]}]},{\"@type\":\"BreadcrumbList\",\"@id\":\"https:\\\/\\\/lospoliticosveracruz.com\\\/?p=32141#breadcrumb\",\"itemListElement\":[{\"@type\":\"ListItem\",\"position\":1,\"name\":\"Portada\",\"item\":\"https:\\\/\\\/lospoliticosveracruz.com\\\/\"},{\"@type\":\"ListItem\",\"position\":2,\"name\":\"La contienda por Mart\u00ednez de la Torre\"}]},{\"@type\":\"WebSite\",\"@id\":\"https:\\\/\\\/lospoliticosveracruz.com\\\/#website\",\"url\":\"https:\\\/\\\/lospoliticosveracruz.com\\\/\",\"name\":\"Los pol\u00edticos Veracruz\",\"description\":\"\",\"publisher\":{\"@id\":\"https:\\\/\\\/lospoliticosveracruz.com\\\/#organization\"},\"potentialAction\":[{\"@type\":\"SearchAction\",\"target\":{\"@type\":\"EntryPoint\",\"urlTemplate\":\"https:\\\/\\\/lospoliticosveracruz.com\\\/?s={search_term_string}\"},\"query-input\":{\"@type\":\"PropertyValueSpecification\",\"valueRequired\":true,\"valueName\":\"search_term_string\"}}],\"inLanguage\":\"es\"},{\"@type\":\"Organization\",\"@id\":\"https:\\\/\\\/lospoliticosveracruz.com\\\/#organization\",\"name\":\"Los pol\u00edticos Veracruz\",\"url\":\"https:\\\/\\\/lospoliticosveracruz.com\\\/\",\"logo\":{\"@type\":\"ImageObject\",\"inLanguage\":\"es\",\"@id\":\"https:\\\/\\\/lospoliticosveracruz.com\\\/#\\\/schema\\\/logo\\\/image\\\/\",\"url\":\"https:\\\/\\\/lospoliticosveracruz.com\\\/wp-content\\\/uploads\\\/2025\\\/12\\\/Logo-Nuevo-LOS-POLITICOS-1.jpg\",\"contentUrl\":\"https:\\\/\\\/lospoliticosveracruz.com\\\/wp-content\\\/uploads\\\/2025\\\/12\\\/Logo-Nuevo-LOS-POLITICOS-1.jpg\",\"width\":260,\"height\":70,\"caption\":\"Los pol\u00edticos Veracruz\"},\"image\":{\"@id\":\"https:\\\/\\\/lospoliticosveracruz.com\\\/#\\\/schema\\\/logo\\\/image\\\/\"},\"sameAs\":[\"https:\\\/\\\/www.facebook.com\\\/people\\\/Notimemes-de-los-Polticos\\\/61565672886568\\\/\",\"https:\\\/\\\/x.com\\\/LosPoliticosVer\"]},{\"@type\":\"Person\",\"@id\":\"https:\\\/\\\/lospoliticosveracruz.com\\\/#\\\/schema\\\/person\\\/b8702bb0e538456e6efd07080bf2a4a2\",\"name\":\"Lo viste en Los Pol\u00edticos\",\"image\":{\"@type\":\"ImageObject\",\"inLanguage\":\"es\",\"@id\":\"https:\\\/\\\/secure.gravatar.com\\\/avatar\\\/3a8de04a2656d44082be478bd6c086daa447c4651605818287b9532d3d0bd435?s=96&d=mm&r=g\",\"url\":\"https:\\\/\\\/secure.gravatar.com\\\/avatar\\\/3a8de04a2656d44082be478bd6c086daa447c4651605818287b9532d3d0bd435?s=96&d=mm&r=g\",\"contentUrl\":\"https:\\\/\\\/secure.gravatar.com\\\/avatar\\\/3a8de04a2656d44082be478bd6c086daa447c4651605818287b9532d3d0bd435?s=96&d=mm&r=g\",\"caption\":\"Lo viste en Los Pol\u00edticos\"},\"url\":\"https:\\\/\\\/lospoliticosveracruz.com\\\/?author=2\"}]}<\/script>\n<!-- \/ Yoast SEO plugin. -->","yoast_head_json":{"title":"La contienda por Mart\u00ednez de la Torre - Los pol\u00edticos Veracruz","robots":{"index":"index","follow":"follow","max-snippet":"max-snippet:-1","max-image-preview":"max-image-preview:large","max-video-preview":"max-video-preview:-1"},"canonical":"https:\/\/lospoliticosveracruz.com\/?p=32141","og_locale":"es_ES","og_type":"article","og_title":"La contienda por Mart\u00ednez de la Torre - Los pol\u00edticos Veracruz","og_description":"Luis Alberto Romero Hora Cero Hasta hace poco m\u00e1s de una semana, entre los priistas de Mart\u00ednez de la Torre prevalec\u00eda un ambiente de relativo optimismo, dada la divisi\u00f3n que se habr\u00eda registrado al interior del equipo de campa\u00f1a del candidato del Partido Acci\u00f3n Nacional a dicha alcald\u00eda, Jos\u00e9 de la Torre S\u00e1nchez. Uno de [&hellip;]","og_url":"https:\/\/lospoliticosveracruz.com\/?p=32141","og_site_name":"Los pol\u00edticos Veracruz","article_publisher":"https:\/\/www.facebook.com\/people\/Notimemes-de-los-Polticos\/61565672886568\/","article_published_time":"2017-04-12T16:01:55+00:00","article_modified_time":"2017-04-12T17:59:42+00:00","og_image":[{"width":200,"height":200,"url":"https:\/\/lospoliticosveracruz.com\/wp-content\/uploads\/2016\/07\/Logo-Dor.jpg","type":"image\/jpeg"}],"author":"Lo viste en Los Pol\u00edticos","twitter_card":"summary_large_image","twitter_creator":"@LosPoliticosVer","twitter_site":"@LosPoliticosVer","twitter_misc":{"Escrito por":"Lo viste en Los Pol\u00edticos","Tiempo de lectura":"4 minutos"},"schema":{"@context":"https:\/\/schema.org","@graph":[{"@type":"Article","@id":"https:\/\/lospoliticosveracruz.com\/?p=32141#article","isPartOf":{"@id":"https:\/\/lospoliticosveracruz.com\/?p=32141"},"author":{"name":"Lo viste en Los Pol\u00edticos","@id":"https:\/\/lospoliticosveracruz.com\/#\/schema\/person\/b8702bb0e538456e6efd07080bf2a4a2"},"headline":"La contienda por Mart\u00ednez de la Torre","datePublished":"2017-04-12T16:01:55+00:00","dateModified":"2017-04-12T17:59:42+00:00","mainEntityOfPage":{"@id":"https:\/\/lospoliticosveracruz.com\/?p=32141"},"wordCount":866,"commentCount":0,"publisher":{"@id":"https:\/\/lospoliticosveracruz.com\/#organization"},"keywords":["Jos\u00e9 de la Torre S\u00e1nchez","Mart\u00ednez de la Torre","Rodrigo Calder\u00f3n","Rolando Olivares Ahumada"],"articleSection":["De Opini\u00f3n"],"inLanguage":"es","potentialAction":[{"@type":"CommentAction","name":"Comment","target":["https:\/\/lospoliticosveracruz.com\/?p=32141#respond"]}]},{"@type":"WebPage","@id":"https:\/\/lospoliticosveracruz.com\/?p=32141","url":"https:\/\/lospoliticosveracruz.com\/?p=32141","name":"La contienda por Mart\u00ednez de la Torre - Los pol\u00edticos Veracruz","isPartOf":{"@id":"https:\/\/lospoliticosveracruz.com\/#website"},"datePublished":"2017-04-12T16:01:55+00:00","dateModified":"2017-04-12T17:59:42+00:00","breadcrumb":{"@id":"https:\/\/lospoliticosveracruz.com\/?p=32141#breadcrumb"},"inLanguage":"es","potentialAction":[{"@type":"ReadAction","target":["https:\/\/lospoliticosveracruz.com\/?p=32141"]}]},{"@type":"BreadcrumbList","@id":"https:\/\/lospoliticosveracruz.com\/?p=32141#breadcrumb","itemListElement":[{"@type":"ListItem","position":1,"name":"Portada","item":"https:\/\/lospoliticosveracruz.com\/"},{"@type":"ListItem","position":2,"name":"La contienda por Mart\u00ednez de la Torre"}]},{"@type":"WebSite","@id":"https:\/\/lospoliticosveracruz.com\/#website","url":"https:\/\/lospoliticosveracruz.com\/","name":"Los pol\u00edticos Veracruz","description":"","publisher":{"@id":"https:\/\/lospoliticosveracruz.com\/#organization"},"potentialAction":[{"@type":"SearchAction","target":{"@type":"EntryPoint","urlTemplate":"https:\/\/lospoliticosveracruz.com\/?s={search_term_string}"},"query-input":{"@type":"PropertyValueSpecification","valueRequired":true,"valueName":"search_term_string"}}],"inLanguage":"es"},{"@type":"Organization","@id":"https:\/\/lospoliticosveracruz.com\/#organization","name":"Los pol\u00edticos Veracruz","url":"https:\/\/lospoliticosveracruz.com\/","logo":{"@type":"ImageObject","inLanguage":"es","@id":"https:\/\/lospoliticosveracruz.com\/#\/schema\/logo\/image\/","url":"https:\/\/lospoliticosveracruz.com\/wp-content\/uploads\/2025\/12\/Logo-Nuevo-LOS-POLITICOS-1.jpg","contentUrl":"https:\/\/lospoliticosveracruz.com\/wp-content\/uploads\/2025\/12\/Logo-Nuevo-LOS-POLITICOS-1.jpg","width":260,"height":70,"caption":"Los pol\u00edticos Veracruz"},"image":{"@id":"https:\/\/lospoliticosveracruz.com\/#\/schema\/logo\/image\/"},"sameAs":["https:\/\/www.facebook.com\/people\/Notimemes-de-los-Polticos\/61565672886568\/","https:\/\/x.com\/LosPoliticosVer"]},{"@type":"Person","@id":"https:\/\/lospoliticosveracruz.com\/#\/schema\/person\/b8702bb0e538456e6efd07080bf2a4a2","name":"Lo viste en Los Pol\u00edticos","image":{"@type":"ImageObject","inLanguage":"es","@id":"https:\/\/secure.gravatar.com\/avatar\/3a8de04a2656d44082be478bd6c086daa447c4651605818287b9532d3d0bd435?s=96&d=mm&r=g","url":"https:\/\/secure.gravatar.com\/avatar\/3a8de04a2656d44082be478bd6c086daa447c4651605818287b9532d3d0bd435?s=96&d=mm&r=g","contentUrl":"https:\/\/secure.gravatar.com\/avatar\/3a8de04a2656d44082be478bd6c086daa447c4651605818287b9532d3d0bd435?s=96&d=mm&r=g","caption":"Lo viste en Los Pol\u00edticos"},"url":"https:\/\/lospoliticosveracruz.com\/?author=2"}]}},"_links":{"self":[{"href":"https:\/\/lospoliticosveracruz.com\/index.php?rest_route=\/wp\/v2\/posts\/32141","targetHints":{"allow":["GET"]}}],"collection":[{"href":"https:\/\/lospoliticosveracruz.com\/index.php?rest_route=\/wp\/v2\/posts"}],"about":[{"href":"https:\/\/lospoliticosveracruz.com\/index.php?rest_route=\/wp\/v2\/types\/post"}],"author":[{"embeddable":true,"href":"https:\/\/lospoliticosveracruz.com\/index.php?rest_route=\/wp\/v2\/users\/2"}],"replies":[{"embeddable":true,"href":"https:\/\/lospoliticosveracruz.com\/index.php?rest_route=%2Fwp%2Fv2%2Fcomments&post=32141"}],"version-history":[{"count":2,"href":"https:\/\/lospoliticosveracruz.com\/index.php?rest_route=\/wp\/v2\/posts\/32141\/revisions"}],"predecessor-version":[{"id":32143,"href":"https:\/\/lospoliticosveracruz.com\/index.php?rest_route=\/wp\/v2\/posts\/32141\/revisions\/32143"}],"wp:attachment":[{"href":"https:\/\/lospoliticosveracruz.com\/index.php?rest_route=%2Fwp%2Fv2%2Fmedia&parent=32141"}],"wp:term":[{"taxonomy":"category","embeddable":true,"href":"https:\/\/lospoliticosveracruz.com\/index.php?rest_route=%2Fwp%2Fv2%2Fcategories&post=32141"},{"taxonomy":"post_tag","embeddable":true,"href":"https:\/\/lospoliticosveracruz.com\/index.php?rest_route=%2Fwp%2Fv2%2Ftags&post=32141"}],"curies":[{"name":"wp","href":"https:\/\/api.w.org\/{rel}","templated":true}]}}