{"id":32286,"date":"2017-04-16T01:20:07","date_gmt":"2017-04-16T06:20:07","guid":{"rendered":"http:\/\/www.lospoliticosveracruz.com.mx\/?p=32286"},"modified":"2017-04-16T01:20:07","modified_gmt":"2017-04-16T06:20:07","slug":"detencion-o-negociacion","status":"publish","type":"post","link":"https:\/\/lospoliticosveracruz.com\/?p=32286","title":{"rendered":"Detenci\u00f3n o negociaci\u00f3n"},"content":{"rendered":"<p><a href=\"http:\/\/www.lospoliticosveracruz.com.mx\/wp-content\/uploads\/2017\/04\/Javier-Emilio-y-Caro.jpg\"><img loading=\"lazy\" decoding=\"async\" class=\"aligncenter size-full wp-image-32290\" src=\"http:\/\/www.lospoliticosveracruz.com.mx\/wp-content\/uploads\/2017\/04\/Javier-Emilio-y-Caro.jpg\" alt=\"Javier Emilio y Caro\" width=\"899\" height=\"891\" \/><\/a><\/p>\n<p><strong>Brenda Caballero<\/strong><\/p>\n<p><em>N\u00fameros Rojos<\/em><\/p>\n<p>\u201c\u00bfEstaremos cerca de una detenci\u00f3n negociada despu\u00e9s de las vacaciones de Semana Santa?\u201d Era parte del final de mi columna de este s\u00e1bado.<\/p>\n<p>Me qued\u00e9 corta. La detenci\u00f3n del ex gobernador Javier Duarte de Ochoa fue anoche, en s\u00e1bado de Gloria, aproximadamente a las 20 horas en Guatemala.<\/p>\n<p>La primicia la dio Televisa a trav\u00e9s del periodista Carlos Loret de Mola, con un tuiter a las 21:03 donde con may\u00fasculas dec\u00eda YA FUE DETENIDO y para que no quedara duda, despu\u00e9s del \u201coso\u201d de la foto borrosa de Joaqu\u00edn L\u00f3pez D\u00f3riga, escribi\u00f3: \u201cMe informan fuentes de primer nivel del gobierno federal\u201d.<\/p>\n<p>A las 21:27 horas, la PGR informaba sobre la detenci\u00f3n y publicaba un comunicado que ampliaba la noticia: \u201cPor su probable responsabilidad en la Comisi\u00f3n de los Delitos de Delincuencia Organizada y Operaciones con Recursos de Procedencia Il\u00edcita\u201d.<\/p>\n<p>Ahora s\u00ed, fue cierto\u2026 las redes sociales se vuelven locas y empiezan a mandar el mensaje: Intent\u00f3 contratar un avi\u00f3n privado en Guatemala para huir a Europa. Ofreci\u00f3 40 mil d\u00f3lares en efectivo. La empresa aeron\u00e1utica dio aviso a las autoridades por la forma de intentar contratar el avi\u00f3n. Con ello supieron de \u00e9l para su captura\u201d.<\/p>\n<p><a href=\"http:\/\/www.lospoliticosveracruz.com.mx\/wp-content\/uploads\/2017\/04\/R-Ayache-copy.jpg\"><img loading=\"lazy\" decoding=\"async\" class=\"aligncenter size-full wp-image-32291\" src=\"http:\/\/www.lospoliticosveracruz.com.mx\/wp-content\/uploads\/2017\/04\/R-Ayache-copy.jpg\" alt=\"R Ayache copy\" width=\"600\" height=\"715\" \/><\/a> <a href=\"http:\/\/www.lospoliticosveracruz.com.mx\/wp-content\/uploads\/2017\/04\/En-el-Aeropuerto-de-Toluca.jpg\"><img loading=\"lazy\" decoding=\"async\" class=\"aligncenter size-full wp-image-32288\" src=\"http:\/\/www.lospoliticosveracruz.com.mx\/wp-content\/uploads\/2017\/04\/En-el-Aeropuerto-de-Toluca.jpg\" alt=\"En el Aeropuerto de Toluca\" width=\"580\" height=\"1096\" \/><\/a><\/p>\n<p>II<\/p>\n<p>Cerca de las ocho de la noche, agentes de la Interpol arribaron al Hotel Atitl\u00e1n, ubicado en la Calle de Finca San Buenaventura, Cerca del R\u00edo Panajachel, \u00a0Guatemala. Es una finca de lujo, en medio de la naturaleza, que tiene casas equipadas, piscina y playa privada, adem\u00e1s de restaurante y bar. Puede uno hacer uso tambi\u00e9n de kayacs. Al ver las casi 200 fotos del lugar, hace recordar al rancho Las Mesas, que era de su propiedad en Valle de Bravo.<\/p>\n<p>Es all\u00e1, en ese hotel, donde estuvo Javier Duarte con sus hijos casi dos d\u00edas, antes de ser detenido. Y es all\u00ed donde se queda Karime Mac\u00edas con ellos, mientras trasladan a Javier Duarte a las oficinas de la Interpol.<\/p>\n<p>Se confirmaba el dato: Emilio, Carolina y Javier Duarte Mac\u00edas viajaron a Guatemala para reencontrarse con sus padres. Ahora, ya hasta circula en redes el plan de vuelo y el arribo de la familia Mac\u00edas Tubilla a Guatemala el d\u00eda 14 de abril en un vuelo privado.<\/p>\n<p><a href=\"http:\/\/www.lospoliticosveracruz.com.mx\/wp-content\/uploads\/2017\/04\/Plan-de-vuelo-copy.jpg\"><img loading=\"lazy\" decoding=\"async\" class=\"aligncenter size-full wp-image-32292\" src=\"http:\/\/www.lospoliticosveracruz.com.mx\/wp-content\/uploads\/2017\/04\/Plan-de-vuelo-copy.jpg\" alt=\"Plan de vuelo copy\" width=\"600\" height=\"314\" \/><\/a><\/p>\n<p>III<\/p>\n<p>Trataron de no olvidar nada. No import\u00f3 el n\u00famero de maletas que llevaban. Se apresuraron para llegar a tiempo al vuelo comercial de Aerom\u00e9xico que los llevar\u00eda el jueves santo de Tuxtla Guti\u00e9rrez a la Ciudad de M\u00e9xico.<\/p>\n<p>Jos\u00e9 Armando Rodr\u00edguez Ayache, su esposa M\u00f3nica Ghihan Mac\u00edas Tubilla, Mar\u00eda Virginia Jazm\u00edn Tubilla, madre de \u00e9sta y los ni\u00f1os Carolina, Emilio y Javier Duarte Mac\u00edas as\u00ed como Santiago y Paulina Rodr\u00edguez Mac\u00edas durmieron en el Hotel Intercontinental Presidente Santa Fe en la Ciudad de M\u00e9xico. El viernes por la ma\u00f1ana se trasladaron al Aeropuerto de Toluca en el Estado de M\u00e9xico para continuar su viaje con destino a Guatemala.<\/p>\n<p>Es all\u00ed donde se da el percance de Jos\u00e9 Armando Rodr\u00edguez Ayache con miembros de la aduana por llevar m\u00e1s d\u00f3lares de los permitidos, situaci\u00f3n que debi\u00f3 solucionar, pues la sonrisa que le acompa\u00f1aba despu\u00e9s era inmensa \u00bfo ser\u00eda porque su plan estaba funcionado de acuerdo a lo planeado?<\/p>\n<p>IV<\/p>\n<p>Una semana antes de que los ni\u00f1os salieran de vacaciones, lleg\u00f3 a la casa de Tony Mac\u00edas en Tuxtla Guti\u00e9rrez, Chiapas, la se\u00f1ora Cecilia de Ochoa Guasti, mam\u00e1 de Javier Duarte de Ochoa. Ambas suegras junto con la madre de Rodr\u00edguez Ayache visitaron la parroquia del Justo Juez e hicieron oraci\u00f3n \u00bfo acaso pidieron un milagro?<\/p>\n<p>Lo primero que se pensar\u00eda es que la se\u00f1ora Cecilia se iba a quedar con los ni\u00f1os en vacaciones, pues ten\u00eda tiempo sin convivir con ellos; sin embargo, no fue as\u00ed; incluso no viaj\u00f3 con la familia a la Ciudad de M\u00e9xico.<\/p>\n<p>Esa semana fue muy movida para toda la familia, incluso hasta hubo visitas a la notaria 46 de Tuxtla Guti\u00e9rrez, por parte de la se\u00f1ora Virginia, madre de Karime. \u00bfDejar las cosas en orden?<\/p>\n<p>Algo verdaderamente sorpresivo fueron las dos grandes ausencias en el viaje a la Ciudad de M\u00e9xico y Guatemala: el pap\u00e1 de Karime Mac\u00edas, Antonio Mac\u00edas Yazegey, quien al parecer se hizo a un lado y sigue en Tuxtla Guti\u00e9rrez; y la mam\u00e1 de Javier Duarte de Ochoa, la se\u00f1ora Cecilia de Ochoa Guasti.<\/p>\n<p>V<\/p>\n<p>\u00bfNegociaci\u00f3n? \u00bfDuarte a la c\u00e1rcel sin tocar a Karime? \u00bfLa Fiscal\u00eda en Veracruz entrar\u00eda en ese paquete? Eran ya las especulaciones de varios medios de comunicaci\u00f3n; sin embargo, para la detenci\u00f3n de Javier Duarte, hay dos \u00a0factores muy importantes aparte del trabajo de la PGR, quien siempre mantuvo la hip\u00f3tesis de la familia para dar con el paradero del ex gobernador:<\/p>\n<p>1.- La detenci\u00f3n de Tom\u00e1s Jes\u00fas Yarrington Ruvalcaba, ex gobernador de Tamaulipas, en Italia despu\u00e9s de 5 a\u00f1os de estar pr\u00f3fugo. Si no mal recuerdo, los ojos de la justicia se centran en \u00e9l despu\u00e9s de no localizar a Duarte de Ochoa.<\/p>\n<p>2.- Todas las denuncias que interpuso el gobernador Miguel \u00c1ngel Yunes Linares, quien se la rif\u00f3 yendo contra el Sistema, ya que sin \u00e9stas, seguramente todos los saqueadores de Veracruz estar\u00edan tranquilamente viviendo en Europa o en Woodlands.<\/p>\n<p>Y la pregunta: Si no se hubiera detenido a Javier Duarte \u00bfir\u00edan sobre Fidel Herrera? No olvidemos que estamos en \u00e9poca electoral, \u00bfo esto apenas comienza?<\/p>\n<p>Mientras tanto, un buen s\u00e1bado de gloria para los veracruzanos y un s\u00e1bado santo que sabe a gloria para el gobernador Miguel \u00c1ngel Yunes Linares.<\/p>\n<p>&nbsp;<\/p>\n<p><a href=\"mailto:caballero_brenda@hotmail.com\">caballero_brenda@hotmail.com<\/a><\/p>\n<p>&nbsp;<\/p>\n<p>@NumerosRojos_BC<\/p>\n","protected":false},"excerpt":{"rendered":"<p>Brenda Caballero N\u00fameros Rojos \u201c\u00bfEstaremos cerca de una detenci\u00f3n negociada despu\u00e9s de las vacaciones de Semana Santa?\u201d Era parte del final de mi columna de este s\u00e1bado. Me qued\u00e9 corta. La detenci\u00f3n del ex gobernador Javier Duarte de Ochoa fue anoche, en s\u00e1bado de Gloria, aproximadamente a las 20 horas en Guatemala. La primicia la [&hellip;]<\/p>\n","protected":false},"author":2,"featured_media":0,"comment_status":"open","ping_status":"open","sticky":false,"template":"","format":"standard","meta":{"tdm_status":"","tdm_grid_status":"","footnotes":""},"categories":[70],"tags":[4891,8011,260,3244,6739,231,428,8012,2869,6775],"class_list":{"0":"post-32286","1":"post","2":"type-post","3":"status-publish","4":"format-standard","6":"category-de-opinion","7":"tag-carlos-loret-de-mola","8":"tag-hotel-atitlan","9":"tag-javier-duarte-de-ochoa","10":"tag-joaquin-lopez-doriga","11":"tag-jose-armando-rodriguez-ayache","12":"tag-karime-macias-tubilla","13":"tag-miguel-angel-yunes-linares","14":"tag-negociacion","15":"tag-pgr","16":"tag-tomas-jesus-yarrington-ruvalcaba"},"yoast_head":"<!-- This site is optimized with the Yoast SEO plugin v27.4 - https:\/\/yoast.com\/product\/yoast-seo-wordpress\/ -->\n<title>Detenci\u00f3n o negociaci\u00f3n - Los pol\u00edticos Veracruz<\/title>\n<meta name=\"robots\" content=\"index, follow, max-snippet:-1, max-image-preview:large, max-video-preview:-1\" \/>\n<link rel=\"canonical\" href=\"https:\/\/lospoliticosveracruz.com\/?p=32286\" \/>\n<meta property=\"og:locale\" content=\"es_ES\" \/>\n<meta property=\"og:type\" content=\"article\" \/>\n<meta property=\"og:title\" content=\"Detenci\u00f3n o negociaci\u00f3n - Los pol\u00edticos Veracruz\" \/>\n<meta property=\"og:description\" content=\"Brenda Caballero N\u00fameros Rojos \u201c\u00bfEstaremos cerca de una detenci\u00f3n negociada despu\u00e9s de las vacaciones de Semana Santa?\u201d Era parte del final de mi columna de este s\u00e1bado. Me qued\u00e9 corta. La detenci\u00f3n del ex gobernador Javier Duarte de Ochoa fue anoche, en s\u00e1bado de Gloria, aproximadamente a las 20 horas en Guatemala. La primicia la [&hellip;]\" \/>\n<meta property=\"og:url\" content=\"https:\/\/lospoliticosveracruz.com\/?p=32286\" \/>\n<meta property=\"og:site_name\" content=\"Los pol\u00edticos Veracruz\" \/>\n<meta property=\"article:publisher\" content=\"https:\/\/www.facebook.com\/people\/Notimemes-de-los-Polticos\/61565672886568\/\" \/>\n<meta property=\"article:published_time\" content=\"2017-04-16T06:20:07+00:00\" \/>\n<meta property=\"og:image\" content=\"http:\/\/www.lospoliticosveracruz.com.mx\/wp-content\/uploads\/2017\/04\/Javier-Emilio-y-Caro.jpg\" \/>\n<meta name=\"author\" content=\"Lo viste en Los Pol\u00edticos\" \/>\n<meta name=\"twitter:card\" content=\"summary_large_image\" \/>\n<meta name=\"twitter:creator\" content=\"@LosPoliticosVer\" \/>\n<meta name=\"twitter:site\" content=\"@LosPoliticosVer\" \/>\n<meta name=\"twitter:label1\" content=\"Escrito por\" \/>\n\t<meta name=\"twitter:data1\" content=\"Lo viste en Los Pol\u00edticos\" \/>\n\t<meta name=\"twitter:label2\" content=\"Tiempo de lectura\" \/>\n\t<meta name=\"twitter:data2\" content=\"5 minutos\" \/>\n<script type=\"application\/ld+json\" class=\"yoast-schema-graph\">{\"@context\":\"https:\\\/\\\/schema.org\",\"@graph\":[{\"@type\":\"Article\",\"@id\":\"https:\\\/\\\/lospoliticosveracruz.com\\\/?p=32286#article\",\"isPartOf\":{\"@id\":\"https:\\\/\\\/lospoliticosveracruz.com\\\/?p=32286\"},\"author\":{\"name\":\"Lo viste en Los Pol\u00edticos\",\"@id\":\"https:\\\/\\\/lospoliticosveracruz.com\\\/#\\\/schema\\\/person\\\/b8702bb0e538456e6efd07080bf2a4a2\"},\"headline\":\"Detenci\u00f3n o negociaci\u00f3n\",\"datePublished\":\"2017-04-16T06:20:07+00:00\",\"mainEntityOfPage\":{\"@id\":\"https:\\\/\\\/lospoliticosveracruz.com\\\/?p=32286\"},\"wordCount\":1000,\"commentCount\":0,\"publisher\":{\"@id\":\"https:\\\/\\\/lospoliticosveracruz.com\\\/#organization\"},\"image\":{\"@id\":\"https:\\\/\\\/lospoliticosveracruz.com\\\/?p=32286#primaryimage\"},\"thumbnailUrl\":\"http:\\\/\\\/www.lospoliticosveracruz.com.mx\\\/wp-content\\\/uploads\\\/2017\\\/04\\\/Javier-Emilio-y-Caro.jpg\",\"keywords\":[\"Carlos Loret de Mola\",\"Hotel Atitl\u00e1n\",\"Javier Duarte de Ochoa\",\"Joaqu\u00edn L\u00f3pez D\u00f3riga\",\"Jos\u00e9 Armando Rodr\u00edguez Ayache\",\"Karime Mac\u00edas Tubilla\",\"Miguel Angel Yunes Linares\",\"Negociaci\u00f3n\",\"PGR\",\"Tom\u00e1s Jes\u00fas Yarrington Ruvalcaba\"],\"articleSection\":[\"De Opini\u00f3n\"],\"inLanguage\":\"es\",\"potentialAction\":[{\"@type\":\"CommentAction\",\"name\":\"Comment\",\"target\":[\"https:\\\/\\\/lospoliticosveracruz.com\\\/?p=32286#respond\"]}]},{\"@type\":\"WebPage\",\"@id\":\"https:\\\/\\\/lospoliticosveracruz.com\\\/?p=32286\",\"url\":\"https:\\\/\\\/lospoliticosveracruz.com\\\/?p=32286\",\"name\":\"Detenci\u00f3n o negociaci\u00f3n - Los pol\u00edticos Veracruz\",\"isPartOf\":{\"@id\":\"https:\\\/\\\/lospoliticosveracruz.com\\\/#website\"},\"primaryImageOfPage\":{\"@id\":\"https:\\\/\\\/lospoliticosveracruz.com\\\/?p=32286#primaryimage\"},\"image\":{\"@id\":\"https:\\\/\\\/lospoliticosveracruz.com\\\/?p=32286#primaryimage\"},\"thumbnailUrl\":\"http:\\\/\\\/www.lospoliticosveracruz.com.mx\\\/wp-content\\\/uploads\\\/2017\\\/04\\\/Javier-Emilio-y-Caro.jpg\",\"datePublished\":\"2017-04-16T06:20:07+00:00\",\"breadcrumb\":{\"@id\":\"https:\\\/\\\/lospoliticosveracruz.com\\\/?p=32286#breadcrumb\"},\"inLanguage\":\"es\",\"potentialAction\":[{\"@type\":\"ReadAction\",\"target\":[\"https:\\\/\\\/lospoliticosveracruz.com\\\/?p=32286\"]}]},{\"@type\":\"ImageObject\",\"inLanguage\":\"es\",\"@id\":\"https:\\\/\\\/lospoliticosveracruz.com\\\/?p=32286#primaryimage\",\"url\":\"http:\\\/\\\/www.lospoliticosveracruz.com.mx\\\/wp-content\\\/uploads\\\/2017\\\/04\\\/Javier-Emilio-y-Caro.jpg\",\"contentUrl\":\"http:\\\/\\\/www.lospoliticosveracruz.com.mx\\\/wp-content\\\/uploads\\\/2017\\\/04\\\/Javier-Emilio-y-Caro.jpg\"},{\"@type\":\"BreadcrumbList\",\"@id\":\"https:\\\/\\\/lospoliticosveracruz.com\\\/?p=32286#breadcrumb\",\"itemListElement\":[{\"@type\":\"ListItem\",\"position\":1,\"name\":\"Portada\",\"item\":\"https:\\\/\\\/lospoliticosveracruz.com\\\/\"},{\"@type\":\"ListItem\",\"position\":2,\"name\":\"Detenci\u00f3n o negociaci\u00f3n\"}]},{\"@type\":\"WebSite\",\"@id\":\"https:\\\/\\\/lospoliticosveracruz.com\\\/#website\",\"url\":\"https:\\\/\\\/lospoliticosveracruz.com\\\/\",\"name\":\"Los pol\u00edticos Veracruz\",\"description\":\"\",\"publisher\":{\"@id\":\"https:\\\/\\\/lospoliticosveracruz.com\\\/#organization\"},\"potentialAction\":[{\"@type\":\"SearchAction\",\"target\":{\"@type\":\"EntryPoint\",\"urlTemplate\":\"https:\\\/\\\/lospoliticosveracruz.com\\\/?s={search_term_string}\"},\"query-input\":{\"@type\":\"PropertyValueSpecification\",\"valueRequired\":true,\"valueName\":\"search_term_string\"}}],\"inLanguage\":\"es\"},{\"@type\":\"Organization\",\"@id\":\"https:\\\/\\\/lospoliticosveracruz.com\\\/#organization\",\"name\":\"Los pol\u00edticos Veracruz\",\"url\":\"https:\\\/\\\/lospoliticosveracruz.com\\\/\",\"logo\":{\"@type\":\"ImageObject\",\"inLanguage\":\"es\",\"@id\":\"https:\\\/\\\/lospoliticosveracruz.com\\\/#\\\/schema\\\/logo\\\/image\\\/\",\"url\":\"https:\\\/\\\/lospoliticosveracruz.com\\\/wp-content\\\/uploads\\\/2025\\\/12\\\/Logo-Nuevo-LOS-POLITICOS-1.jpg\",\"contentUrl\":\"https:\\\/\\\/lospoliticosveracruz.com\\\/wp-content\\\/uploads\\\/2025\\\/12\\\/Logo-Nuevo-LOS-POLITICOS-1.jpg\",\"width\":260,\"height\":70,\"caption\":\"Los pol\u00edticos Veracruz\"},\"image\":{\"@id\":\"https:\\\/\\\/lospoliticosveracruz.com\\\/#\\\/schema\\\/logo\\\/image\\\/\"},\"sameAs\":[\"https:\\\/\\\/www.facebook.com\\\/people\\\/Notimemes-de-los-Polticos\\\/61565672886568\\\/\",\"https:\\\/\\\/x.com\\\/LosPoliticosVer\"]},{\"@type\":\"Person\",\"@id\":\"https:\\\/\\\/lospoliticosveracruz.com\\\/#\\\/schema\\\/person\\\/b8702bb0e538456e6efd07080bf2a4a2\",\"name\":\"Lo viste en Los Pol\u00edticos\",\"image\":{\"@type\":\"ImageObject\",\"inLanguage\":\"es\",\"@id\":\"https:\\\/\\\/secure.gravatar.com\\\/avatar\\\/3a8de04a2656d44082be478bd6c086daa447c4651605818287b9532d3d0bd435?s=96&d=mm&r=g\",\"url\":\"https:\\\/\\\/secure.gravatar.com\\\/avatar\\\/3a8de04a2656d44082be478bd6c086daa447c4651605818287b9532d3d0bd435?s=96&d=mm&r=g\",\"contentUrl\":\"https:\\\/\\\/secure.gravatar.com\\\/avatar\\\/3a8de04a2656d44082be478bd6c086daa447c4651605818287b9532d3d0bd435?s=96&d=mm&r=g\",\"caption\":\"Lo viste en Los Pol\u00edticos\"},\"url\":\"https:\\\/\\\/lospoliticosveracruz.com\\\/?author=2\"}]}<\/script>\n<!-- \/ Yoast SEO plugin. -->","yoast_head_json":{"title":"Detenci\u00f3n o negociaci\u00f3n - Los pol\u00edticos Veracruz","robots":{"index":"index","follow":"follow","max-snippet":"max-snippet:-1","max-image-preview":"max-image-preview:large","max-video-preview":"max-video-preview:-1"},"canonical":"https:\/\/lospoliticosveracruz.com\/?p=32286","og_locale":"es_ES","og_type":"article","og_title":"Detenci\u00f3n o negociaci\u00f3n - Los pol\u00edticos Veracruz","og_description":"Brenda Caballero N\u00fameros Rojos \u201c\u00bfEstaremos cerca de una detenci\u00f3n negociada despu\u00e9s de las vacaciones de Semana Santa?\u201d Era parte del final de mi columna de este s\u00e1bado. Me qued\u00e9 corta. La detenci\u00f3n del ex gobernador Javier Duarte de Ochoa fue anoche, en s\u00e1bado de Gloria, aproximadamente a las 20 horas en Guatemala. La primicia la [&hellip;]","og_url":"https:\/\/lospoliticosveracruz.com\/?p=32286","og_site_name":"Los pol\u00edticos Veracruz","article_publisher":"https:\/\/www.facebook.com\/people\/Notimemes-de-los-Polticos\/61565672886568\/","article_published_time":"2017-04-16T06:20:07+00:00","og_image":[{"url":"http:\/\/www.lospoliticosveracruz.com.mx\/wp-content\/uploads\/2017\/04\/Javier-Emilio-y-Caro.jpg","type":"","width":"","height":""}],"author":"Lo viste en Los Pol\u00edticos","twitter_card":"summary_large_image","twitter_creator":"@LosPoliticosVer","twitter_site":"@LosPoliticosVer","twitter_misc":{"Escrito por":"Lo viste en Los Pol\u00edticos","Tiempo de lectura":"5 minutos"},"schema":{"@context":"https:\/\/schema.org","@graph":[{"@type":"Article","@id":"https:\/\/lospoliticosveracruz.com\/?p=32286#article","isPartOf":{"@id":"https:\/\/lospoliticosveracruz.com\/?p=32286"},"author":{"name":"Lo viste en Los Pol\u00edticos","@id":"https:\/\/lospoliticosveracruz.com\/#\/schema\/person\/b8702bb0e538456e6efd07080bf2a4a2"},"headline":"Detenci\u00f3n o negociaci\u00f3n","datePublished":"2017-04-16T06:20:07+00:00","mainEntityOfPage":{"@id":"https:\/\/lospoliticosveracruz.com\/?p=32286"},"wordCount":1000,"commentCount":0,"publisher":{"@id":"https:\/\/lospoliticosveracruz.com\/#organization"},"image":{"@id":"https:\/\/lospoliticosveracruz.com\/?p=32286#primaryimage"},"thumbnailUrl":"http:\/\/www.lospoliticosveracruz.com.mx\/wp-content\/uploads\/2017\/04\/Javier-Emilio-y-Caro.jpg","keywords":["Carlos Loret de Mola","Hotel Atitl\u00e1n","Javier Duarte de Ochoa","Joaqu\u00edn L\u00f3pez D\u00f3riga","Jos\u00e9 Armando Rodr\u00edguez Ayache","Karime Mac\u00edas Tubilla","Miguel Angel Yunes Linares","Negociaci\u00f3n","PGR","Tom\u00e1s Jes\u00fas Yarrington Ruvalcaba"],"articleSection":["De Opini\u00f3n"],"inLanguage":"es","potentialAction":[{"@type":"CommentAction","name":"Comment","target":["https:\/\/lospoliticosveracruz.com\/?p=32286#respond"]}]},{"@type":"WebPage","@id":"https:\/\/lospoliticosveracruz.com\/?p=32286","url":"https:\/\/lospoliticosveracruz.com\/?p=32286","name":"Detenci\u00f3n o negociaci\u00f3n - Los pol\u00edticos Veracruz","isPartOf":{"@id":"https:\/\/lospoliticosveracruz.com\/#website"},"primaryImageOfPage":{"@id":"https:\/\/lospoliticosveracruz.com\/?p=32286#primaryimage"},"image":{"@id":"https:\/\/lospoliticosveracruz.com\/?p=32286#primaryimage"},"thumbnailUrl":"http:\/\/www.lospoliticosveracruz.com.mx\/wp-content\/uploads\/2017\/04\/Javier-Emilio-y-Caro.jpg","datePublished":"2017-04-16T06:20:07+00:00","breadcrumb":{"@id":"https:\/\/lospoliticosveracruz.com\/?p=32286#breadcrumb"},"inLanguage":"es","potentialAction":[{"@type":"ReadAction","target":["https:\/\/lospoliticosveracruz.com\/?p=32286"]}]},{"@type":"ImageObject","inLanguage":"es","@id":"https:\/\/lospoliticosveracruz.com\/?p=32286#primaryimage","url":"http:\/\/www.lospoliticosveracruz.com.mx\/wp-content\/uploads\/2017\/04\/Javier-Emilio-y-Caro.jpg","contentUrl":"http:\/\/www.lospoliticosveracruz.com.mx\/wp-content\/uploads\/2017\/04\/Javier-Emilio-y-Caro.jpg"},{"@type":"BreadcrumbList","@id":"https:\/\/lospoliticosveracruz.com\/?p=32286#breadcrumb","itemListElement":[{"@type":"ListItem","position":1,"name":"Portada","item":"https:\/\/lospoliticosveracruz.com\/"},{"@type":"ListItem","position":2,"name":"Detenci\u00f3n o negociaci\u00f3n"}]},{"@type":"WebSite","@id":"https:\/\/lospoliticosveracruz.com\/#website","url":"https:\/\/lospoliticosveracruz.com\/","name":"Los pol\u00edticos Veracruz","description":"","publisher":{"@id":"https:\/\/lospoliticosveracruz.com\/#organization"},"potentialAction":[{"@type":"SearchAction","target":{"@type":"EntryPoint","urlTemplate":"https:\/\/lospoliticosveracruz.com\/?s={search_term_string}"},"query-input":{"@type":"PropertyValueSpecification","valueRequired":true,"valueName":"search_term_string"}}],"inLanguage":"es"},{"@type":"Organization","@id":"https:\/\/lospoliticosveracruz.com\/#organization","name":"Los pol\u00edticos Veracruz","url":"https:\/\/lospoliticosveracruz.com\/","logo":{"@type":"ImageObject","inLanguage":"es","@id":"https:\/\/lospoliticosveracruz.com\/#\/schema\/logo\/image\/","url":"https:\/\/lospoliticosveracruz.com\/wp-content\/uploads\/2025\/12\/Logo-Nuevo-LOS-POLITICOS-1.jpg","contentUrl":"https:\/\/lospoliticosveracruz.com\/wp-content\/uploads\/2025\/12\/Logo-Nuevo-LOS-POLITICOS-1.jpg","width":260,"height":70,"caption":"Los pol\u00edticos Veracruz"},"image":{"@id":"https:\/\/lospoliticosveracruz.com\/#\/schema\/logo\/image\/"},"sameAs":["https:\/\/www.facebook.com\/people\/Notimemes-de-los-Polticos\/61565672886568\/","https:\/\/x.com\/LosPoliticosVer"]},{"@type":"Person","@id":"https:\/\/lospoliticosveracruz.com\/#\/schema\/person\/b8702bb0e538456e6efd07080bf2a4a2","name":"Lo viste en Los Pol\u00edticos","image":{"@type":"ImageObject","inLanguage":"es","@id":"https:\/\/secure.gravatar.com\/avatar\/3a8de04a2656d44082be478bd6c086daa447c4651605818287b9532d3d0bd435?s=96&d=mm&r=g","url":"https:\/\/secure.gravatar.com\/avatar\/3a8de04a2656d44082be478bd6c086daa447c4651605818287b9532d3d0bd435?s=96&d=mm&r=g","contentUrl":"https:\/\/secure.gravatar.com\/avatar\/3a8de04a2656d44082be478bd6c086daa447c4651605818287b9532d3d0bd435?s=96&d=mm&r=g","caption":"Lo viste en Los Pol\u00edticos"},"url":"https:\/\/lospoliticosveracruz.com\/?author=2"}]}},"_links":{"self":[{"href":"https:\/\/lospoliticosveracruz.com\/index.php?rest_route=\/wp\/v2\/posts\/32286","targetHints":{"allow":["GET"]}}],"collection":[{"href":"https:\/\/lospoliticosveracruz.com\/index.php?rest_route=\/wp\/v2\/posts"}],"about":[{"href":"https:\/\/lospoliticosveracruz.com\/index.php?rest_route=\/wp\/v2\/types\/post"}],"author":[{"embeddable":true,"href":"https:\/\/lospoliticosveracruz.com\/index.php?rest_route=\/wp\/v2\/users\/2"}],"replies":[{"embeddable":true,"href":"https:\/\/lospoliticosveracruz.com\/index.php?rest_route=%2Fwp%2Fv2%2Fcomments&post=32286"}],"version-history":[{"count":2,"href":"https:\/\/lospoliticosveracruz.com\/index.php?rest_route=\/wp\/v2\/posts\/32286\/revisions"}],"predecessor-version":[{"id":32293,"href":"https:\/\/lospoliticosveracruz.com\/index.php?rest_route=\/wp\/v2\/posts\/32286\/revisions\/32293"}],"wp:attachment":[{"href":"https:\/\/lospoliticosveracruz.com\/index.php?rest_route=%2Fwp%2Fv2%2Fmedia&parent=32286"}],"wp:term":[{"taxonomy":"category","embeddable":true,"href":"https:\/\/lospoliticosveracruz.com\/index.php?rest_route=%2Fwp%2Fv2%2Fcategories&post=32286"},{"taxonomy":"post_tag","embeddable":true,"href":"https:\/\/lospoliticosveracruz.com\/index.php?rest_route=%2Fwp%2Fv2%2Ftags&post=32286"}],"curies":[{"name":"wp","href":"https:\/\/api.w.org\/{rel}","templated":true}]}}