{"id":32392,"date":"2017-04-18T10:35:55","date_gmt":"2017-04-18T15:35:55","guid":{"rendered":"http:\/\/www.lospoliticosveracruz.com.mx\/?p=32392"},"modified":"2017-04-18T10:35:55","modified_gmt":"2017-04-18T15:35:55","slug":"viene-pena-nieto-el-proximo-viernes","status":"publish","type":"post","link":"https:\/\/lospoliticosveracruz.com\/?p=32392","title":{"rendered":"Viene Pe\u00f1a Nieto el pr\u00f3ximo viernes"},"content":{"rendered":"<p><strong>Jos\u00e9 Ortiz Medina<\/strong><\/p>\n<p><em>En corto&#8230; sin cortes<\/em><\/p>\n<div dir=\"ltr\">\n<p class=\"x_MsoNormal\"><b>\u00a0<\/b><\/p>\n<p class=\"x_MsoNormal\">\n<p class=\"x_MsoNormal\">\n<p class=\"x_MsoNormal\">Por segunda ocasi\u00f3n durante la presente administraci\u00f3n estatal, el presidente de M\u00e9xico Enrique Pe\u00f1a Nieto estar\u00e1 en Veracruz, este viernes.<\/p>\n<p class=\"x_MsoNormal\">El primer mandatario de la Naci\u00f3n acudir\u00e1 a la Heroica Escuela Naval para\u00a0encabezar la ceremonia en honor al 103 Aniversario de la Defensa del Puerto de Veracruz de 1914, en contra de tropas estadounidenses.<\/p>\n<p class=\"x_MsoNormal\">Sin duda que la actual coyuntura pol\u00edtica del estado rodear\u00e1 la visita del Presidente, pues el tema de la seguridad y, sobre todo, el de la captura de Javier Duarte, estar\u00e1n presentes en la agenda de los gobiernos federal y estatal.<\/p>\n<p class=\"x_MsoNormal\">\u00bfHabr\u00e1 alguna referencia expl\u00edcita? Habremos de estar atentos.<\/p>\n<p class=\"x_MsoNormal\"><b>\u00a0<\/b><\/p>\n<p class=\"x_MsoNormal\"><b>Millonaria inversi\u00f3n para el\u00a0<\/b><b>sistema de agua de zona conurbada<\/b><\/p>\n<p class=\"x_MsoNormal\">\n<p class=\"x_MsoNormal\">Ser\u00e1 dif\u00edcil, pero no imposible que el alcalde de Veracruz, Ram\u00f3n Poo Gil, deje en orden el tema de agua y saneamiento en su municipio despu\u00e9s de la desaparici\u00f3n del SAS, cuyo sindicato vaya que le ha hecho pasar un mal rato al mun\u00edcipe, y a los ciudadanos, pero este lunes se dio un paso fundamental al anunciar una multimillonaria inversi\u00f3n en la materia.<\/p>\n<p class=\"x_MsoNormal\">En su calidad de presidente del Consejo Consultivo del Instituto Metropolitano del Agua, Poo Gil present\u00f3 los programas de Mejora y Eficiencia de Operaciones, Sistema de Agua Potable y Sistema de Saneamiento para el puerto jarocho: casi mil 400 millones de pesos para dar mantenimiento y modernizar el sistema que en algunas partes de la ciudad, tiene m\u00e1s de 100 a\u00f1os sin que se haya intervenido.<\/p>\n<p class=\"x_MsoNormal\">Es, quiz\u00e1, el cap\u00edtulo final a una larga transici\u00f3n entre el antiguo operador intermunicipal de agua, al sistema p\u00fablico-privado que representa Grupo Mas. No fue f\u00e1cil, el alcalde tuvo que sortear, conciliar y resolver un conflicto que se antojaba m\u00e1s largo, costoso y en detrimento de la sociedad porte\u00f1a por los bloqueos, cierres de v\u00e1lvulas y plantas de agua.<\/p>\n<p class=\"x_MsoNormal\">Eso se acab\u00f3.<\/p>\n<p class=\"x_MsoNormal\">El programa que anunci\u00f3 Ram\u00f3n Poo incluye, entre otros rubros, 77 millones de pesos para mejorar y eficientar las operaciones del sistema; 44 nuevos pozos, planta potabilizadora y 58 kil\u00f3metros de red de agua potable, sustituci\u00f3n de redes y tomas de agua, con una inversi\u00f3n de 358 millones, adem\u00e1s de la rehabilitaci\u00f3n de 19 plantas de tratamiento de aguas, as\u00ed como la construcci\u00f3n de dos nuevas, y la introducci\u00f3n de nueva red de alcantarillado de 84 kil\u00f3metros, todo para el periodo 2017-2019.<\/p>\n<p class=\"x_MsoNormal\">Sin duda, de concluirse en tiempo y forma, los porte\u00f1os recordar\u00e1n, y bien, la administraci\u00f3n de Poo, pues el tema era, insistimos, una a\u00f1eja demanda.<\/p>\n<p class=\"x_MsoNormal\"><b>\u00a0<\/b><\/p>\n<p class=\"x_MsoNormal\"><b>Asesinan a esposo de precandidata\u00a0<\/b><b>del PRD en Altotonga<\/b><\/p>\n<p>&nbsp;<\/p>\n<p>Mientras todo mundo est\u00e1 entretenido con el circo armado en torno de la detenci\u00f3n del ex gobernador Javier Duarte de Ochoa, la violencia se sigue asomando en Veracruz.<\/p>\n<p>Este lunes fue asesinado en Altotonga el esposo de Irene Ch\u00e1vez Garc\u00eda, quien es precandidata del PRD a la alcald\u00eda de ese municipio. El hoy finado, conocido por el mote de \u201cEl G\u00fcero\u201d, fue asesinado a balazos frente a su casa.<\/p>\n<p>Este acto de violencia se da un d\u00eda antes de que la Comisi\u00f3n Jurisdiccional del CEN del PRD resuelva la impugnaci\u00f3n que Irene Ch\u00e1vez present\u00f3 contra la designaci\u00f3n de Santa Guadalupe Hern\u00e1ndez Santill\u00e1n como abanderada perredista en Altotonga. Y aun cuando hasta ahora no existe alg\u00fan elemento que pueda vincular el crimen directamente con la pol\u00edtica, ah\u00ed queda el hecho, de suyo, lamentable.<\/p>\n<p>Lo dijimos antes. Si las autoridades estatales no se dedican a gobernar en lugar de andar en la grilla, la efervescencia pol\u00edtica propia de las elecciones municipales puede sal\u00edrseles de control. Mucho cuidado.<\/p>\n<p class=\"x_MsoNormal\"><b>\u00a0<\/b><\/p>\n<p class=\"x_MsoNormal\"><b>RECORTES: <\/b>Ahora viene otro esc\u00e1ndalo nacional para Andr\u00e9s Manuel L\u00f3pez Obrador. Y es que en breve habr\u00e1n de refrescar alguna informaci\u00f3n que involucra a su cu\u00f1ada Carol\u00a0Jessica Moreno\u00a0Torres, quien fue fugaz Oficial Mayor de la Secretar\u00eda de Educaci\u00f3n de Veracruz. Hablan de un presunto desfalco que supera los 300 millones de pesos. Y cuentan que esa lana fue a parar a Morena\u2026 Y POR CIERTO, ya que hablamos de AMLO, hay quienes aseguran que El Peje s\u00ed sostuvo una reuni\u00f3n el a\u00f1o pasado, antes de las elecciones a gobernador, con Javier Duarte de Ochoa. Dicen que en ese c\u00f3nclave habr\u00eda estado presente Cuitl\u00e1huac Garc\u00eda, entonces abanderado de MORENA para la primera magistratura de la entidad. Supuestamente el encuentro se llev\u00f3 a cabo en el Puerto de Veracruz, en un domicilio privado. Narran que uno de los que se encontraba afuera de esa reuni\u00f3n, habr\u00eda sido Atanasio Garc\u00eda Dur\u00e1n, esperando a su hijo Cuitl\u00e1huac\u2026 CUENTAN EN las altas esferas del poder yunista que luego de la detenci\u00f3n de Javier Duarte de Ochoa, el gobernador Miguel \u00c1ngel Yunes Linares va con todo contra Fidel Herrera Beltr\u00e1n, a quien el Turco no parar\u00e1 hasta no verlo en la c\u00e1rcel. Tal vez por eso es que el pol\u00edtico cuenque\u00f1o no pisa tierras veracruzanas ni de chiste. No sea que en una de esas se la apliquen y lo metan a Pacho junto con parte del ex gabinete de Javier.<\/p>\n<\/div>\n","protected":false},"excerpt":{"rendered":"<p>Jos\u00e9 Ortiz Medina En corto&#8230; sin cortes \u00a0 Por segunda ocasi\u00f3n durante la presente administraci\u00f3n estatal, el presidente de M\u00e9xico Enrique Pe\u00f1a Nieto estar\u00e1 en Veracruz, este viernes. El primer mandatario de la Naci\u00f3n acudir\u00e1 a la Heroica Escuela Naval para\u00a0encabezar la ceremonia en honor al 103 Aniversario de la Defensa del Puerto de Veracruz [&hellip;]<\/p>\n","protected":false},"author":2,"featured_media":0,"comment_status":"open","ping_status":"open","sticky":false,"template":"","format":"standard","meta":{"tdm_status":"","tdm_grid_status":"","footnotes":""},"categories":[70],"tags":[281,8025,3419],"class_list":{"0":"post-32392","1":"post","2":"type-post","3":"status-publish","4":"format-standard","6":"category-de-opinion","7":"tag-enrique-pena-nieto","8":"tag-irene-chavez-garcia","9":"tag-ramon-poo-gil"},"yoast_head":"<!-- This site is optimized with the Yoast SEO plugin v27.4 - https:\/\/yoast.com\/product\/yoast-seo-wordpress\/ -->\n<title>Viene Pe\u00f1a Nieto el pr\u00f3ximo viernes - Los pol\u00edticos Veracruz<\/title>\n<meta name=\"robots\" content=\"index, follow, max-snippet:-1, max-image-preview:large, max-video-preview:-1\" \/>\n<link rel=\"canonical\" href=\"https:\/\/lospoliticosveracruz.com\/?p=32392\" \/>\n<meta property=\"og:locale\" content=\"es_ES\" \/>\n<meta property=\"og:type\" content=\"article\" \/>\n<meta property=\"og:title\" content=\"Viene Pe\u00f1a Nieto el pr\u00f3ximo viernes - Los pol\u00edticos Veracruz\" \/>\n<meta property=\"og:description\" content=\"Jos\u00e9 Ortiz Medina En corto&#8230; sin cortes \u00a0 Por segunda ocasi\u00f3n durante la presente administraci\u00f3n estatal, el presidente de M\u00e9xico Enrique Pe\u00f1a Nieto estar\u00e1 en Veracruz, este viernes. El primer mandatario de la Naci\u00f3n acudir\u00e1 a la Heroica Escuela Naval para\u00a0encabezar la ceremonia en honor al 103 Aniversario de la Defensa del Puerto de Veracruz [&hellip;]\" \/>\n<meta property=\"og:url\" content=\"https:\/\/lospoliticosveracruz.com\/?p=32392\" \/>\n<meta property=\"og:site_name\" content=\"Los pol\u00edticos Veracruz\" \/>\n<meta property=\"article:publisher\" content=\"https:\/\/www.facebook.com\/people\/Notimemes-de-los-Polticos\/61565672886568\/\" \/>\n<meta property=\"article:published_time\" content=\"2017-04-18T15:35:55+00:00\" \/>\n<meta property=\"og:image\" content=\"https:\/\/lospoliticosveracruz.com\/wp-content\/uploads\/2016\/07\/Logo-Dor.jpg\" \/>\n\t<meta property=\"og:image:width\" content=\"200\" \/>\n\t<meta property=\"og:image:height\" content=\"200\" \/>\n\t<meta property=\"og:image:type\" content=\"image\/jpeg\" \/>\n<meta name=\"author\" content=\"Lo viste en Los Pol\u00edticos\" \/>\n<meta name=\"twitter:card\" content=\"summary_large_image\" \/>\n<meta name=\"twitter:creator\" content=\"@LosPoliticosVer\" \/>\n<meta name=\"twitter:site\" content=\"@LosPoliticosVer\" \/>\n<meta name=\"twitter:label1\" content=\"Escrito por\" \/>\n\t<meta name=\"twitter:data1\" content=\"Lo viste en Los Pol\u00edticos\" \/>\n\t<meta name=\"twitter:label2\" content=\"Tiempo de lectura\" \/>\n\t<meta name=\"twitter:data2\" content=\"4 minutos\" \/>\n<script type=\"application\/ld+json\" class=\"yoast-schema-graph\">{\"@context\":\"https:\\\/\\\/schema.org\",\"@graph\":[{\"@type\":\"Article\",\"@id\":\"https:\\\/\\\/lospoliticosveracruz.com\\\/?p=32392#article\",\"isPartOf\":{\"@id\":\"https:\\\/\\\/lospoliticosveracruz.com\\\/?p=32392\"},\"author\":{\"name\":\"Lo viste en Los Pol\u00edticos\",\"@id\":\"https:\\\/\\\/lospoliticosveracruz.com\\\/#\\\/schema\\\/person\\\/b8702bb0e538456e6efd07080bf2a4a2\"},\"headline\":\"Viene Pe\u00f1a Nieto el pr\u00f3ximo viernes\",\"datePublished\":\"2017-04-18T15:35:55+00:00\",\"mainEntityOfPage\":{\"@id\":\"https:\\\/\\\/lospoliticosveracruz.com\\\/?p=32392\"},\"wordCount\":906,\"commentCount\":0,\"publisher\":{\"@id\":\"https:\\\/\\\/lospoliticosveracruz.com\\\/#organization\"},\"keywords\":[\"Enrique Pe\u00f1a Nieto\",\"Irene Ch\u00e1vez Garc\u00eda\",\"Ram\u00f3n Poo Gil\"],\"articleSection\":[\"De Opini\u00f3n\"],\"inLanguage\":\"es\",\"potentialAction\":[{\"@type\":\"CommentAction\",\"name\":\"Comment\",\"target\":[\"https:\\\/\\\/lospoliticosveracruz.com\\\/?p=32392#respond\"]}]},{\"@type\":\"WebPage\",\"@id\":\"https:\\\/\\\/lospoliticosveracruz.com\\\/?p=32392\",\"url\":\"https:\\\/\\\/lospoliticosveracruz.com\\\/?p=32392\",\"name\":\"Viene Pe\u00f1a Nieto el pr\u00f3ximo viernes - Los pol\u00edticos Veracruz\",\"isPartOf\":{\"@id\":\"https:\\\/\\\/lospoliticosveracruz.com\\\/#website\"},\"datePublished\":\"2017-04-18T15:35:55+00:00\",\"breadcrumb\":{\"@id\":\"https:\\\/\\\/lospoliticosveracruz.com\\\/?p=32392#breadcrumb\"},\"inLanguage\":\"es\",\"potentialAction\":[{\"@type\":\"ReadAction\",\"target\":[\"https:\\\/\\\/lospoliticosveracruz.com\\\/?p=32392\"]}]},{\"@type\":\"BreadcrumbList\",\"@id\":\"https:\\\/\\\/lospoliticosveracruz.com\\\/?p=32392#breadcrumb\",\"itemListElement\":[{\"@type\":\"ListItem\",\"position\":1,\"name\":\"Portada\",\"item\":\"https:\\\/\\\/lospoliticosveracruz.com\\\/\"},{\"@type\":\"ListItem\",\"position\":2,\"name\":\"Viene Pe\u00f1a Nieto el pr\u00f3ximo viernes\"}]},{\"@type\":\"WebSite\",\"@id\":\"https:\\\/\\\/lospoliticosveracruz.com\\\/#website\",\"url\":\"https:\\\/\\\/lospoliticosveracruz.com\\\/\",\"name\":\"Los pol\u00edticos Veracruz\",\"description\":\"\",\"publisher\":{\"@id\":\"https:\\\/\\\/lospoliticosveracruz.com\\\/#organization\"},\"potentialAction\":[{\"@type\":\"SearchAction\",\"target\":{\"@type\":\"EntryPoint\",\"urlTemplate\":\"https:\\\/\\\/lospoliticosveracruz.com\\\/?s={search_term_string}\"},\"query-input\":{\"@type\":\"PropertyValueSpecification\",\"valueRequired\":true,\"valueName\":\"search_term_string\"}}],\"inLanguage\":\"es\"},{\"@type\":\"Organization\",\"@id\":\"https:\\\/\\\/lospoliticosveracruz.com\\\/#organization\",\"name\":\"Los pol\u00edticos Veracruz\",\"url\":\"https:\\\/\\\/lospoliticosveracruz.com\\\/\",\"logo\":{\"@type\":\"ImageObject\",\"inLanguage\":\"es\",\"@id\":\"https:\\\/\\\/lospoliticosveracruz.com\\\/#\\\/schema\\\/logo\\\/image\\\/\",\"url\":\"https:\\\/\\\/lospoliticosveracruz.com\\\/wp-content\\\/uploads\\\/2025\\\/12\\\/Logo-Nuevo-LOS-POLITICOS-1.jpg\",\"contentUrl\":\"https:\\\/\\\/lospoliticosveracruz.com\\\/wp-content\\\/uploads\\\/2025\\\/12\\\/Logo-Nuevo-LOS-POLITICOS-1.jpg\",\"width\":260,\"height\":70,\"caption\":\"Los pol\u00edticos Veracruz\"},\"image\":{\"@id\":\"https:\\\/\\\/lospoliticosveracruz.com\\\/#\\\/schema\\\/logo\\\/image\\\/\"},\"sameAs\":[\"https:\\\/\\\/www.facebook.com\\\/people\\\/Notimemes-de-los-Polticos\\\/61565672886568\\\/\",\"https:\\\/\\\/x.com\\\/LosPoliticosVer\"]},{\"@type\":\"Person\",\"@id\":\"https:\\\/\\\/lospoliticosveracruz.com\\\/#\\\/schema\\\/person\\\/b8702bb0e538456e6efd07080bf2a4a2\",\"name\":\"Lo viste en Los Pol\u00edticos\",\"image\":{\"@type\":\"ImageObject\",\"inLanguage\":\"es\",\"@id\":\"https:\\\/\\\/secure.gravatar.com\\\/avatar\\\/3a8de04a2656d44082be478bd6c086daa447c4651605818287b9532d3d0bd435?s=96&d=mm&r=g\",\"url\":\"https:\\\/\\\/secure.gravatar.com\\\/avatar\\\/3a8de04a2656d44082be478bd6c086daa447c4651605818287b9532d3d0bd435?s=96&d=mm&r=g\",\"contentUrl\":\"https:\\\/\\\/secure.gravatar.com\\\/avatar\\\/3a8de04a2656d44082be478bd6c086daa447c4651605818287b9532d3d0bd435?s=96&d=mm&r=g\",\"caption\":\"Lo viste en Los Pol\u00edticos\"},\"url\":\"https:\\\/\\\/lospoliticosveracruz.com\\\/?author=2\"}]}<\/script>\n<!-- \/ Yoast SEO plugin. -->","yoast_head_json":{"title":"Viene Pe\u00f1a Nieto el pr\u00f3ximo viernes - Los pol\u00edticos Veracruz","robots":{"index":"index","follow":"follow","max-snippet":"max-snippet:-1","max-image-preview":"max-image-preview:large","max-video-preview":"max-video-preview:-1"},"canonical":"https:\/\/lospoliticosveracruz.com\/?p=32392","og_locale":"es_ES","og_type":"article","og_title":"Viene Pe\u00f1a Nieto el pr\u00f3ximo viernes - Los pol\u00edticos Veracruz","og_description":"Jos\u00e9 Ortiz Medina En corto&#8230; sin cortes \u00a0 Por segunda ocasi\u00f3n durante la presente administraci\u00f3n estatal, el presidente de M\u00e9xico Enrique Pe\u00f1a Nieto estar\u00e1 en Veracruz, este viernes. El primer mandatario de la Naci\u00f3n acudir\u00e1 a la Heroica Escuela Naval para\u00a0encabezar la ceremonia en honor al 103 Aniversario de la Defensa del Puerto de Veracruz [&hellip;]","og_url":"https:\/\/lospoliticosveracruz.com\/?p=32392","og_site_name":"Los pol\u00edticos Veracruz","article_publisher":"https:\/\/www.facebook.com\/people\/Notimemes-de-los-Polticos\/61565672886568\/","article_published_time":"2017-04-18T15:35:55+00:00","og_image":[{"width":200,"height":200,"url":"https:\/\/lospoliticosveracruz.com\/wp-content\/uploads\/2016\/07\/Logo-Dor.jpg","type":"image\/jpeg"}],"author":"Lo viste en Los Pol\u00edticos","twitter_card":"summary_large_image","twitter_creator":"@LosPoliticosVer","twitter_site":"@LosPoliticosVer","twitter_misc":{"Escrito por":"Lo viste en Los Pol\u00edticos","Tiempo de lectura":"4 minutos"},"schema":{"@context":"https:\/\/schema.org","@graph":[{"@type":"Article","@id":"https:\/\/lospoliticosveracruz.com\/?p=32392#article","isPartOf":{"@id":"https:\/\/lospoliticosveracruz.com\/?p=32392"},"author":{"name":"Lo viste en Los Pol\u00edticos","@id":"https:\/\/lospoliticosveracruz.com\/#\/schema\/person\/b8702bb0e538456e6efd07080bf2a4a2"},"headline":"Viene Pe\u00f1a Nieto el pr\u00f3ximo viernes","datePublished":"2017-04-18T15:35:55+00:00","mainEntityOfPage":{"@id":"https:\/\/lospoliticosveracruz.com\/?p=32392"},"wordCount":906,"commentCount":0,"publisher":{"@id":"https:\/\/lospoliticosveracruz.com\/#organization"},"keywords":["Enrique Pe\u00f1a Nieto","Irene Ch\u00e1vez Garc\u00eda","Ram\u00f3n Poo Gil"],"articleSection":["De Opini\u00f3n"],"inLanguage":"es","potentialAction":[{"@type":"CommentAction","name":"Comment","target":["https:\/\/lospoliticosveracruz.com\/?p=32392#respond"]}]},{"@type":"WebPage","@id":"https:\/\/lospoliticosveracruz.com\/?p=32392","url":"https:\/\/lospoliticosveracruz.com\/?p=32392","name":"Viene Pe\u00f1a Nieto el pr\u00f3ximo viernes - Los pol\u00edticos Veracruz","isPartOf":{"@id":"https:\/\/lospoliticosveracruz.com\/#website"},"datePublished":"2017-04-18T15:35:55+00:00","breadcrumb":{"@id":"https:\/\/lospoliticosveracruz.com\/?p=32392#breadcrumb"},"inLanguage":"es","potentialAction":[{"@type":"ReadAction","target":["https:\/\/lospoliticosveracruz.com\/?p=32392"]}]},{"@type":"BreadcrumbList","@id":"https:\/\/lospoliticosveracruz.com\/?p=32392#breadcrumb","itemListElement":[{"@type":"ListItem","position":1,"name":"Portada","item":"https:\/\/lospoliticosveracruz.com\/"},{"@type":"ListItem","position":2,"name":"Viene Pe\u00f1a Nieto el pr\u00f3ximo viernes"}]},{"@type":"WebSite","@id":"https:\/\/lospoliticosveracruz.com\/#website","url":"https:\/\/lospoliticosveracruz.com\/","name":"Los pol\u00edticos Veracruz","description":"","publisher":{"@id":"https:\/\/lospoliticosveracruz.com\/#organization"},"potentialAction":[{"@type":"SearchAction","target":{"@type":"EntryPoint","urlTemplate":"https:\/\/lospoliticosveracruz.com\/?s={search_term_string}"},"query-input":{"@type":"PropertyValueSpecification","valueRequired":true,"valueName":"search_term_string"}}],"inLanguage":"es"},{"@type":"Organization","@id":"https:\/\/lospoliticosveracruz.com\/#organization","name":"Los pol\u00edticos Veracruz","url":"https:\/\/lospoliticosveracruz.com\/","logo":{"@type":"ImageObject","inLanguage":"es","@id":"https:\/\/lospoliticosveracruz.com\/#\/schema\/logo\/image\/","url":"https:\/\/lospoliticosveracruz.com\/wp-content\/uploads\/2025\/12\/Logo-Nuevo-LOS-POLITICOS-1.jpg","contentUrl":"https:\/\/lospoliticosveracruz.com\/wp-content\/uploads\/2025\/12\/Logo-Nuevo-LOS-POLITICOS-1.jpg","width":260,"height":70,"caption":"Los pol\u00edticos Veracruz"},"image":{"@id":"https:\/\/lospoliticosveracruz.com\/#\/schema\/logo\/image\/"},"sameAs":["https:\/\/www.facebook.com\/people\/Notimemes-de-los-Polticos\/61565672886568\/","https:\/\/x.com\/LosPoliticosVer"]},{"@type":"Person","@id":"https:\/\/lospoliticosveracruz.com\/#\/schema\/person\/b8702bb0e538456e6efd07080bf2a4a2","name":"Lo viste en Los Pol\u00edticos","image":{"@type":"ImageObject","inLanguage":"es","@id":"https:\/\/secure.gravatar.com\/avatar\/3a8de04a2656d44082be478bd6c086daa447c4651605818287b9532d3d0bd435?s=96&d=mm&r=g","url":"https:\/\/secure.gravatar.com\/avatar\/3a8de04a2656d44082be478bd6c086daa447c4651605818287b9532d3d0bd435?s=96&d=mm&r=g","contentUrl":"https:\/\/secure.gravatar.com\/avatar\/3a8de04a2656d44082be478bd6c086daa447c4651605818287b9532d3d0bd435?s=96&d=mm&r=g","caption":"Lo viste en Los Pol\u00edticos"},"url":"https:\/\/lospoliticosveracruz.com\/?author=2"}]}},"_links":{"self":[{"href":"https:\/\/lospoliticosveracruz.com\/index.php?rest_route=\/wp\/v2\/posts\/32392","targetHints":{"allow":["GET"]}}],"collection":[{"href":"https:\/\/lospoliticosveracruz.com\/index.php?rest_route=\/wp\/v2\/posts"}],"about":[{"href":"https:\/\/lospoliticosveracruz.com\/index.php?rest_route=\/wp\/v2\/types\/post"}],"author":[{"embeddable":true,"href":"https:\/\/lospoliticosveracruz.com\/index.php?rest_route=\/wp\/v2\/users\/2"}],"replies":[{"embeddable":true,"href":"https:\/\/lospoliticosveracruz.com\/index.php?rest_route=%2Fwp%2Fv2%2Fcomments&post=32392"}],"version-history":[{"count":1,"href":"https:\/\/lospoliticosveracruz.com\/index.php?rest_route=\/wp\/v2\/posts\/32392\/revisions"}],"predecessor-version":[{"id":32393,"href":"https:\/\/lospoliticosveracruz.com\/index.php?rest_route=\/wp\/v2\/posts\/32392\/revisions\/32393"}],"wp:attachment":[{"href":"https:\/\/lospoliticosveracruz.com\/index.php?rest_route=%2Fwp%2Fv2%2Fmedia&parent=32392"}],"wp:term":[{"taxonomy":"category","embeddable":true,"href":"https:\/\/lospoliticosveracruz.com\/index.php?rest_route=%2Fwp%2Fv2%2Fcategories&post=32392"},{"taxonomy":"post_tag","embeddable":true,"href":"https:\/\/lospoliticosveracruz.com\/index.php?rest_route=%2Fwp%2Fv2%2Ftags&post=32392"}],"curies":[{"name":"wp","href":"https:\/\/api.w.org\/{rel}","templated":true}]}}