{"id":32589,"date":"2017-04-20T10:07:50","date_gmt":"2017-04-20T15:07:50","guid":{"rendered":"http:\/\/www.lospoliticosveracruz.com.mx\/?p=32589"},"modified":"2017-04-20T10:07:50","modified_gmt":"2017-04-20T15:07:50","slug":"morena-presente-y-todos-los-demas-ausentes","status":"publish","type":"post","link":"https:\/\/lospoliticosveracruz.com\/?p=32589","title":{"rendered":"MORENA PRESENTE\u2026 \u00a1Y TODOS LOS DEM\u00c1S AUSENTES!"},"content":{"rendered":"<div dir=\"ltr\">\n<p class=\"x_MsoNormal\"><strong>Rafael C. Zugasti.<\/strong><\/p>\n<p class=\"x_MsoNormal\"><em>El Red Room.<\/em><\/p>\n<p class=\"x_MsoNormal\"><span lang=\"ES\">\u00a0<\/span><span lang=\"ES\">\u00a0<\/span><\/p>\n<p class=\"x_MsoNormal\"><span lang=\"ES\">Interesante es observar el trabajo que nuestros representantes populares hacen en beneficio de la entidad, de los distritos que representan y ante todo de los ciudadanos que les brindaron su confianza para llegar a la C\u00e1mara Baja del Honorable Congreso de la Uni\u00f3n, el palacio de San L\u00e1zaro.<\/span><\/p>\n<p class=\"x_MsoNormal\"><span lang=\"ES\">Sab\u00eda usted, amable lector, que en la actualidad el Estado tiene 29 representantes populares que devengan salario, suntuoso para la gran mayor\u00eda de ellos, debido a lo que hacen o, peor, a lo que no hacen o dejan de hacer.<\/span><\/p>\n<p class=\"x_MsoNormal\"><span lang=\"ES\">Sab\u00eda usted que de esos 29, diecis\u00e9is son del PRI, tres del PRD, 4 del PVEM, tres de Acci\u00f3n Nacional, uno de Encuentro Social y dos de Morena, el Movimiento de Regeneraci\u00f3n Nacional.<\/span><\/p>\n<p class=\"x_MsoNormal\"><span lang=\"ES\">Sab\u00eda tambi\u00e9n, que el PAN se qued\u00f3, y con ello tambi\u00e9n Veracruz, sin un congresista federal debido a que el suplente del propietario, que entro en funciones por ausencia del mismo, renunci\u00f3 a la representaci\u00f3n legislativa para ser \u201cfuncionario\u201d en el gobierno del \u201ccambio\u201d.<\/span><\/p>\n<p class=\"x_MsoNormal\"><span lang=\"ES\">Sab\u00eda que s\u00f3lo el 7 por cierto, es decir dos de los 29 diputados, \u00a0de los representantes populares que calientan las curules en San L\u00e1zaro, pertenecientes a los 30 distritos que cohabitan en el Estado de Veracruz, son los \u00fanicos que tienen plena labor y trabajo parlamentario y legislativo.<\/span><\/p>\n<p class=\"x_MsoNormal\"><span lang=\"ES\">As\u00ed es, Roc\u00edo Nahle y Cuitl\u00e1huac Garc\u00eda son los \u00fanicos diputados federales que d\u00eda a d\u00eda hacen su chamba legislativa, los que m\u00e1s se escuchan, ven y sienten presentes en la agenda pol\u00edtica y publica de Veracruz.<\/span><\/p>\n<p class=\"x_MsoNormal\"><span lang=\"ES\">Los dem\u00e1s, o andan viendo pasar el periodo legislativo de tres a\u00f1os; o est\u00e1n cuid\u00e1ndose de no ser desaforados por la comisi\u00f3n instructora; o de plano no saben ni para que fueron electos.<\/span><\/p>\n<p class=\"x_MsoNormal\"><span lang=\"ES\">Ante ello, importante es resaltar que \u00fanicamente es MORENA en la Entidad quien tiene presencia sustancial, en lo que, a nuestros representantes parlamentarios, en el \u00e1mbito federal, se refiere.<\/span><\/p>\n<p class=\"x_MsoNormal\"><span lang=\"ES\">Y s\u00f3lo basta observar cuantas veces en lo que va del actual 2017 usted y yo hemos visto establecer un punto de opini\u00f3n, comentario o an\u00e1lisis de la situaci\u00f3n de quien se supone debe ser, por el distrito electoral federal en el que habitemos, nuestro representante en la C\u00e1mara de Diputados, \u00a1ni una!<\/span><\/p>\n<p class=\"x_MsoNormal\"><span lang=\"ES\">Es Cuitl\u00e1huac y Roc\u00edo; Roc\u00edo y Cuitl\u00e1huac, los que han puesto sustanciales temas en la agenda p\u00fablica de Veracruz. Ambos, emitieron sus argumentaciones cuando el alza indebida a la gasolina, ambos han estado presentes en cualquier momento del devenir pol\u00edtico de Veracruz.<\/span><\/p>\n<p class=\"x_MsoNormal\"><span lang=\"ES\">As\u00ed, con tal dato, debemos valorar a qui\u00e9n debemos brindar de nueva cuenta nuestra confianza electoral: a los que llegando al poder se ausentan, o renuncian para buscar otro espacio de poder y de remuneraci\u00f3n may\u00fascula, como el diputado federal, propietario y suplente, del PAN; o a quienes d\u00eda a d\u00eda est\u00e1n, y est\u00e9n, presentes para aportar al desarrollo de nuestra territorialidad y sobre todo de nuestra gente.<\/span><\/p>\n<p class=\"x_MsoNormal\"><span lang=\"ES\">Morena presente y, ahora s\u00ed, todos los dem\u00e1s partidos pol\u00edticos en San L\u00e1zaro, del Estado, han estado y estar\u00e1n ausentes.<\/span><\/p>\n<p class=\"x_MsoNormal\"><b>REPENSAR EL PENSAR.<\/b><\/p>\n<p class=\"x_MsoNormal\"><span lang=\"ES\">Importante lo que sucede y suceder\u00e1 en el Grupo MAS. Mil cuatrocientos millones de pesos destinados a edificar, fortificar y consolidar la infraestructura hidr\u00e1ulica de la ciudad de Veracruz. Nadie puede negar que la acci\u00f3n de desaparici\u00f3n de la estructura anquilosada que algunos \u201clideraban\u201d; y, en lugar de producir m\u00e1s, dejaba menos para la ciudad y\u2026m\u00e1s, mucho m\u00e1s para el patrimonio y las cuentas bancar\u00edas personales de algunos simpatizantes de la improductividad del ex SAS.<\/span><\/p>\n<p class=\"x_MsoNormal\"><span lang=\"ES\">Dicen que la comisi\u00f3n instructora, en la legislatura federal y en la estatal, pondr\u00e1 sus herramientas a calibrar para comenzar a desaforar a alguno que otro millonario\u2026 \u00a1zaz!<\/span><\/p>\n<\/div>\n<p>&nbsp;<\/p>\n","protected":false},"excerpt":{"rendered":"<p>Rafael C. Zugasti. El Red Room. \u00a0\u00a0 Interesante es observar el trabajo que nuestros representantes populares hacen en beneficio de la entidad, de los distritos que representan y ante todo de los ciudadanos que les brindaron su confianza para llegar a la C\u00e1mara Baja del Honorable Congreso de la Uni\u00f3n, el palacio de San L\u00e1zaro. [&hellip;]<\/p>\n","protected":false},"author":2,"featured_media":0,"comment_status":"open","ping_status":"open","sticky":false,"template":"","format":"standard","meta":{"tdm_status":"","tdm_grid_status":"","footnotes":""},"categories":[70],"tags":[1681,1026,3578],"class_list":{"0":"post-32589","1":"post","2":"type-post","3":"status-publish","4":"format-standard","6":"category-de-opinion","7":"tag-cuitlahuac-garcia","8":"tag-morena","9":"tag-rocio-nahle"},"yoast_head":"<!-- This site is optimized with the Yoast SEO plugin v27.4 - https:\/\/yoast.com\/product\/yoast-seo-wordpress\/ -->\n<title>MORENA PRESENTE\u2026 \u00a1Y TODOS LOS DEM\u00c1S AUSENTES! - Los pol\u00edticos Veracruz<\/title>\n<meta name=\"robots\" content=\"index, follow, max-snippet:-1, max-image-preview:large, max-video-preview:-1\" \/>\n<link rel=\"canonical\" href=\"https:\/\/lospoliticosveracruz.com\/?p=32589\" \/>\n<meta property=\"og:locale\" content=\"es_ES\" \/>\n<meta property=\"og:type\" content=\"article\" \/>\n<meta property=\"og:title\" content=\"MORENA PRESENTE\u2026 \u00a1Y TODOS LOS DEM\u00c1S AUSENTES! - Los pol\u00edticos Veracruz\" \/>\n<meta property=\"og:description\" content=\"Rafael C. Zugasti. El Red Room. \u00a0\u00a0 Interesante es observar el trabajo que nuestros representantes populares hacen en beneficio de la entidad, de los distritos que representan y ante todo de los ciudadanos que les brindaron su confianza para llegar a la C\u00e1mara Baja del Honorable Congreso de la Uni\u00f3n, el palacio de San L\u00e1zaro. [&hellip;]\" \/>\n<meta property=\"og:url\" content=\"https:\/\/lospoliticosveracruz.com\/?p=32589\" \/>\n<meta property=\"og:site_name\" content=\"Los pol\u00edticos Veracruz\" \/>\n<meta property=\"article:publisher\" content=\"https:\/\/www.facebook.com\/people\/Notimemes-de-los-Polticos\/61565672886568\/\" \/>\n<meta property=\"article:published_time\" content=\"2017-04-20T15:07:50+00:00\" \/>\n<meta property=\"og:image\" content=\"https:\/\/lospoliticosveracruz.com\/wp-content\/uploads\/2016\/07\/Logo-Dor.jpg\" \/>\n\t<meta property=\"og:image:width\" content=\"200\" \/>\n\t<meta property=\"og:image:height\" content=\"200\" \/>\n\t<meta property=\"og:image:type\" content=\"image\/jpeg\" \/>\n<meta name=\"author\" content=\"Lo viste en Los Pol\u00edticos\" \/>\n<meta name=\"twitter:card\" content=\"summary_large_image\" \/>\n<meta name=\"twitter:creator\" content=\"@LosPoliticosVer\" \/>\n<meta name=\"twitter:site\" content=\"@LosPoliticosVer\" \/>\n<meta name=\"twitter:label1\" content=\"Escrito por\" \/>\n\t<meta name=\"twitter:data1\" content=\"Lo viste en Los Pol\u00edticos\" \/>\n\t<meta name=\"twitter:label2\" content=\"Tiempo de lectura\" \/>\n\t<meta name=\"twitter:data2\" content=\"3 minutos\" \/>\n<script type=\"application\/ld+json\" class=\"yoast-schema-graph\">{\"@context\":\"https:\\\/\\\/schema.org\",\"@graph\":[{\"@type\":\"Article\",\"@id\":\"https:\\\/\\\/lospoliticosveracruz.com\\\/?p=32589#article\",\"isPartOf\":{\"@id\":\"https:\\\/\\\/lospoliticosveracruz.com\\\/?p=32589\"},\"author\":{\"name\":\"Lo viste en Los Pol\u00edticos\",\"@id\":\"https:\\\/\\\/lospoliticosveracruz.com\\\/#\\\/schema\\\/person\\\/b8702bb0e538456e6efd07080bf2a4a2\"},\"headline\":\"MORENA PRESENTE\u2026 \u00a1Y TODOS LOS DEM\u00c1S AUSENTES!\",\"datePublished\":\"2017-04-20T15:07:50+00:00\",\"mainEntityOfPage\":{\"@id\":\"https:\\\/\\\/lospoliticosveracruz.com\\\/?p=32589\"},\"wordCount\":669,\"commentCount\":0,\"publisher\":{\"@id\":\"https:\\\/\\\/lospoliticosveracruz.com\\\/#organization\"},\"keywords\":[\"Cuitl\u00e1huac Garc\u00eda\",\"Morena\",\"Roc\u00edo Nahle\"],\"articleSection\":[\"De Opini\u00f3n\"],\"inLanguage\":\"es\",\"potentialAction\":[{\"@type\":\"CommentAction\",\"name\":\"Comment\",\"target\":[\"https:\\\/\\\/lospoliticosveracruz.com\\\/?p=32589#respond\"]}]},{\"@type\":\"WebPage\",\"@id\":\"https:\\\/\\\/lospoliticosveracruz.com\\\/?p=32589\",\"url\":\"https:\\\/\\\/lospoliticosveracruz.com\\\/?p=32589\",\"name\":\"MORENA PRESENTE\u2026 \u00a1Y TODOS LOS DEM\u00c1S AUSENTES! - Los pol\u00edticos Veracruz\",\"isPartOf\":{\"@id\":\"https:\\\/\\\/lospoliticosveracruz.com\\\/#website\"},\"datePublished\":\"2017-04-20T15:07:50+00:00\",\"breadcrumb\":{\"@id\":\"https:\\\/\\\/lospoliticosveracruz.com\\\/?p=32589#breadcrumb\"},\"inLanguage\":\"es\",\"potentialAction\":[{\"@type\":\"ReadAction\",\"target\":[\"https:\\\/\\\/lospoliticosveracruz.com\\\/?p=32589\"]}]},{\"@type\":\"BreadcrumbList\",\"@id\":\"https:\\\/\\\/lospoliticosveracruz.com\\\/?p=32589#breadcrumb\",\"itemListElement\":[{\"@type\":\"ListItem\",\"position\":1,\"name\":\"Portada\",\"item\":\"https:\\\/\\\/lospoliticosveracruz.com\\\/\"},{\"@type\":\"ListItem\",\"position\":2,\"name\":\"MORENA PRESENTE\u2026 \u00a1Y TODOS LOS DEM\u00c1S AUSENTES!\"}]},{\"@type\":\"WebSite\",\"@id\":\"https:\\\/\\\/lospoliticosveracruz.com\\\/#website\",\"url\":\"https:\\\/\\\/lospoliticosveracruz.com\\\/\",\"name\":\"Los pol\u00edticos Veracruz\",\"description\":\"\",\"publisher\":{\"@id\":\"https:\\\/\\\/lospoliticosveracruz.com\\\/#organization\"},\"potentialAction\":[{\"@type\":\"SearchAction\",\"target\":{\"@type\":\"EntryPoint\",\"urlTemplate\":\"https:\\\/\\\/lospoliticosveracruz.com\\\/?s={search_term_string}\"},\"query-input\":{\"@type\":\"PropertyValueSpecification\",\"valueRequired\":true,\"valueName\":\"search_term_string\"}}],\"inLanguage\":\"es\"},{\"@type\":\"Organization\",\"@id\":\"https:\\\/\\\/lospoliticosveracruz.com\\\/#organization\",\"name\":\"Los pol\u00edticos Veracruz\",\"url\":\"https:\\\/\\\/lospoliticosveracruz.com\\\/\",\"logo\":{\"@type\":\"ImageObject\",\"inLanguage\":\"es\",\"@id\":\"https:\\\/\\\/lospoliticosveracruz.com\\\/#\\\/schema\\\/logo\\\/image\\\/\",\"url\":\"https:\\\/\\\/lospoliticosveracruz.com\\\/wp-content\\\/uploads\\\/2025\\\/12\\\/Logo-Nuevo-LOS-POLITICOS-1.jpg\",\"contentUrl\":\"https:\\\/\\\/lospoliticosveracruz.com\\\/wp-content\\\/uploads\\\/2025\\\/12\\\/Logo-Nuevo-LOS-POLITICOS-1.jpg\",\"width\":260,\"height\":70,\"caption\":\"Los pol\u00edticos Veracruz\"},\"image\":{\"@id\":\"https:\\\/\\\/lospoliticosveracruz.com\\\/#\\\/schema\\\/logo\\\/image\\\/\"},\"sameAs\":[\"https:\\\/\\\/www.facebook.com\\\/people\\\/Notimemes-de-los-Polticos\\\/61565672886568\\\/\",\"https:\\\/\\\/x.com\\\/LosPoliticosVer\"]},{\"@type\":\"Person\",\"@id\":\"https:\\\/\\\/lospoliticosveracruz.com\\\/#\\\/schema\\\/person\\\/b8702bb0e538456e6efd07080bf2a4a2\",\"name\":\"Lo viste en Los Pol\u00edticos\",\"image\":{\"@type\":\"ImageObject\",\"inLanguage\":\"es\",\"@id\":\"https:\\\/\\\/secure.gravatar.com\\\/avatar\\\/3a8de04a2656d44082be478bd6c086daa447c4651605818287b9532d3d0bd435?s=96&d=mm&r=g\",\"url\":\"https:\\\/\\\/secure.gravatar.com\\\/avatar\\\/3a8de04a2656d44082be478bd6c086daa447c4651605818287b9532d3d0bd435?s=96&d=mm&r=g\",\"contentUrl\":\"https:\\\/\\\/secure.gravatar.com\\\/avatar\\\/3a8de04a2656d44082be478bd6c086daa447c4651605818287b9532d3d0bd435?s=96&d=mm&r=g\",\"caption\":\"Lo viste en Los Pol\u00edticos\"},\"url\":\"https:\\\/\\\/lospoliticosveracruz.com\\\/?author=2\"}]}<\/script>\n<!-- \/ Yoast SEO plugin. -->","yoast_head_json":{"title":"MORENA PRESENTE\u2026 \u00a1Y TODOS LOS DEM\u00c1S AUSENTES! - Los pol\u00edticos Veracruz","robots":{"index":"index","follow":"follow","max-snippet":"max-snippet:-1","max-image-preview":"max-image-preview:large","max-video-preview":"max-video-preview:-1"},"canonical":"https:\/\/lospoliticosveracruz.com\/?p=32589","og_locale":"es_ES","og_type":"article","og_title":"MORENA PRESENTE\u2026 \u00a1Y TODOS LOS DEM\u00c1S AUSENTES! - Los pol\u00edticos Veracruz","og_description":"Rafael C. Zugasti. El Red Room. \u00a0\u00a0 Interesante es observar el trabajo que nuestros representantes populares hacen en beneficio de la entidad, de los distritos que representan y ante todo de los ciudadanos que les brindaron su confianza para llegar a la C\u00e1mara Baja del Honorable Congreso de la Uni\u00f3n, el palacio de San L\u00e1zaro. [&hellip;]","og_url":"https:\/\/lospoliticosveracruz.com\/?p=32589","og_site_name":"Los pol\u00edticos Veracruz","article_publisher":"https:\/\/www.facebook.com\/people\/Notimemes-de-los-Polticos\/61565672886568\/","article_published_time":"2017-04-20T15:07:50+00:00","og_image":[{"width":200,"height":200,"url":"https:\/\/lospoliticosveracruz.com\/wp-content\/uploads\/2016\/07\/Logo-Dor.jpg","type":"image\/jpeg"}],"author":"Lo viste en Los Pol\u00edticos","twitter_card":"summary_large_image","twitter_creator":"@LosPoliticosVer","twitter_site":"@LosPoliticosVer","twitter_misc":{"Escrito por":"Lo viste en Los Pol\u00edticos","Tiempo de lectura":"3 minutos"},"schema":{"@context":"https:\/\/schema.org","@graph":[{"@type":"Article","@id":"https:\/\/lospoliticosveracruz.com\/?p=32589#article","isPartOf":{"@id":"https:\/\/lospoliticosveracruz.com\/?p=32589"},"author":{"name":"Lo viste en Los Pol\u00edticos","@id":"https:\/\/lospoliticosveracruz.com\/#\/schema\/person\/b8702bb0e538456e6efd07080bf2a4a2"},"headline":"MORENA PRESENTE\u2026 \u00a1Y TODOS LOS DEM\u00c1S AUSENTES!","datePublished":"2017-04-20T15:07:50+00:00","mainEntityOfPage":{"@id":"https:\/\/lospoliticosveracruz.com\/?p=32589"},"wordCount":669,"commentCount":0,"publisher":{"@id":"https:\/\/lospoliticosveracruz.com\/#organization"},"keywords":["Cuitl\u00e1huac Garc\u00eda","Morena","Roc\u00edo Nahle"],"articleSection":["De Opini\u00f3n"],"inLanguage":"es","potentialAction":[{"@type":"CommentAction","name":"Comment","target":["https:\/\/lospoliticosveracruz.com\/?p=32589#respond"]}]},{"@type":"WebPage","@id":"https:\/\/lospoliticosveracruz.com\/?p=32589","url":"https:\/\/lospoliticosveracruz.com\/?p=32589","name":"MORENA PRESENTE\u2026 \u00a1Y TODOS LOS DEM\u00c1S AUSENTES! - Los pol\u00edticos Veracruz","isPartOf":{"@id":"https:\/\/lospoliticosveracruz.com\/#website"},"datePublished":"2017-04-20T15:07:50+00:00","breadcrumb":{"@id":"https:\/\/lospoliticosveracruz.com\/?p=32589#breadcrumb"},"inLanguage":"es","potentialAction":[{"@type":"ReadAction","target":["https:\/\/lospoliticosveracruz.com\/?p=32589"]}]},{"@type":"BreadcrumbList","@id":"https:\/\/lospoliticosveracruz.com\/?p=32589#breadcrumb","itemListElement":[{"@type":"ListItem","position":1,"name":"Portada","item":"https:\/\/lospoliticosveracruz.com\/"},{"@type":"ListItem","position":2,"name":"MORENA PRESENTE\u2026 \u00a1Y TODOS LOS DEM\u00c1S AUSENTES!"}]},{"@type":"WebSite","@id":"https:\/\/lospoliticosveracruz.com\/#website","url":"https:\/\/lospoliticosveracruz.com\/","name":"Los pol\u00edticos Veracruz","description":"","publisher":{"@id":"https:\/\/lospoliticosveracruz.com\/#organization"},"potentialAction":[{"@type":"SearchAction","target":{"@type":"EntryPoint","urlTemplate":"https:\/\/lospoliticosveracruz.com\/?s={search_term_string}"},"query-input":{"@type":"PropertyValueSpecification","valueRequired":true,"valueName":"search_term_string"}}],"inLanguage":"es"},{"@type":"Organization","@id":"https:\/\/lospoliticosveracruz.com\/#organization","name":"Los pol\u00edticos Veracruz","url":"https:\/\/lospoliticosveracruz.com\/","logo":{"@type":"ImageObject","inLanguage":"es","@id":"https:\/\/lospoliticosveracruz.com\/#\/schema\/logo\/image\/","url":"https:\/\/lospoliticosveracruz.com\/wp-content\/uploads\/2025\/12\/Logo-Nuevo-LOS-POLITICOS-1.jpg","contentUrl":"https:\/\/lospoliticosveracruz.com\/wp-content\/uploads\/2025\/12\/Logo-Nuevo-LOS-POLITICOS-1.jpg","width":260,"height":70,"caption":"Los pol\u00edticos Veracruz"},"image":{"@id":"https:\/\/lospoliticosveracruz.com\/#\/schema\/logo\/image\/"},"sameAs":["https:\/\/www.facebook.com\/people\/Notimemes-de-los-Polticos\/61565672886568\/","https:\/\/x.com\/LosPoliticosVer"]},{"@type":"Person","@id":"https:\/\/lospoliticosveracruz.com\/#\/schema\/person\/b8702bb0e538456e6efd07080bf2a4a2","name":"Lo viste en Los Pol\u00edticos","image":{"@type":"ImageObject","inLanguage":"es","@id":"https:\/\/secure.gravatar.com\/avatar\/3a8de04a2656d44082be478bd6c086daa447c4651605818287b9532d3d0bd435?s=96&d=mm&r=g","url":"https:\/\/secure.gravatar.com\/avatar\/3a8de04a2656d44082be478bd6c086daa447c4651605818287b9532d3d0bd435?s=96&d=mm&r=g","contentUrl":"https:\/\/secure.gravatar.com\/avatar\/3a8de04a2656d44082be478bd6c086daa447c4651605818287b9532d3d0bd435?s=96&d=mm&r=g","caption":"Lo viste en Los Pol\u00edticos"},"url":"https:\/\/lospoliticosveracruz.com\/?author=2"}]}},"_links":{"self":[{"href":"https:\/\/lospoliticosveracruz.com\/index.php?rest_route=\/wp\/v2\/posts\/32589","targetHints":{"allow":["GET"]}}],"collection":[{"href":"https:\/\/lospoliticosveracruz.com\/index.php?rest_route=\/wp\/v2\/posts"}],"about":[{"href":"https:\/\/lospoliticosveracruz.com\/index.php?rest_route=\/wp\/v2\/types\/post"}],"author":[{"embeddable":true,"href":"https:\/\/lospoliticosveracruz.com\/index.php?rest_route=\/wp\/v2\/users\/2"}],"replies":[{"embeddable":true,"href":"https:\/\/lospoliticosveracruz.com\/index.php?rest_route=%2Fwp%2Fv2%2Fcomments&post=32589"}],"version-history":[{"count":1,"href":"https:\/\/lospoliticosveracruz.com\/index.php?rest_route=\/wp\/v2\/posts\/32589\/revisions"}],"predecessor-version":[{"id":32594,"href":"https:\/\/lospoliticosveracruz.com\/index.php?rest_route=\/wp\/v2\/posts\/32589\/revisions\/32594"}],"wp:attachment":[{"href":"https:\/\/lospoliticosveracruz.com\/index.php?rest_route=%2Fwp%2Fv2%2Fmedia&parent=32589"}],"wp:term":[{"taxonomy":"category","embeddable":true,"href":"https:\/\/lospoliticosveracruz.com\/index.php?rest_route=%2Fwp%2Fv2%2Fcategories&post=32589"},{"taxonomy":"post_tag","embeddable":true,"href":"https:\/\/lospoliticosveracruz.com\/index.php?rest_route=%2Fwp%2Fv2%2Ftags&post=32589"}],"curies":[{"name":"wp","href":"https:\/\/api.w.org\/{rel}","templated":true}]}}