{"id":32595,"date":"2017-04-20T10:20:48","date_gmt":"2017-04-20T15:20:48","guid":{"rendered":"http:\/\/www.lospoliticosveracruz.com.mx\/?p=32595"},"modified":"2017-04-20T10:20:48","modified_gmt":"2017-04-20T15:20:48","slug":"dante-flavino-y-duarte","status":"publish","type":"post","link":"https:\/\/lospoliticosveracruz.com\/?p=32595","title":{"rendered":"Dante, Flavino y Duarte"},"content":{"rendered":"<p class=\"x_m_8991389568474545411MsoNoSpacing\"><strong>Luis Alberto Romero<\/strong><\/p>\n<p class=\"x_m_8991389568474545411MsoNoSpacing\"><em>Hora Cero<\/em><\/p>\n<p class=\"x_m_8991389568474545411MsoNoSpacing\">\n<p class=\"x_m_8991389568474545411MsoNoSpacing\">\n<p class=\"x_m_8991389568474545411MsoNoSpacing\">Aunque en t\u00e9rminos de personalidad, formaci\u00f3n y capacidad esos tres ex gobernadores tienen muy poco, casi nada en com\u00fan, Dante Delgado, Flavino R\u00edos y Javier Duarte comparten una historia muy parecida: los tres pisaron la c\u00e1rcel.<u><\/u><u><\/u><\/p>\n<p class=\"x_m_8991389568474545411MsoNoSpacing\">En los tres procesos, adem\u00e1s, un papel importante jug\u00f3 el gobernador Miguel \u00c1ngel Yunes Linares.<u><\/u><u><\/u><\/p>\n<p class=\"x_m_8991389568474545411MsoNoSpacing\">Aunque por distintas acusaciones y en \u00e9pocas diferentes, esos tres ex mandatarios veracruzanos durmieron o duermen tras las rejas; Dante Delgado gobern\u00f3 la entidad del primer d\u00eda de diciembre de 1988 al 30 de noviembre de 1992. Durante el sexenio de Patricio Chirinos, cuando Yunes Linares ocupaba el cargo de secretario de Gobierno, Dante fue preso durante un a\u00f1o y tres meses en el penal de Pacho Viejo, se\u00f1alado por los delitos de abuso de autoridad, peculado y enriquecimiento il\u00edcito. Al final de esa historia, la prescripci\u00f3n favoreci\u00f3 al sucesor de don Fernando Guti\u00e9rrez Barrios. Ese fue el primer ex gobernador veracruzano en convertirse en reo de Pacho Viejo.<u><\/u><u><\/u><\/p>\n<p class=\"x_m_8991389568474545411MsoNoSpacing\">Flavino R\u00edos Alvarado tambi\u00e9n fue, al igual que Dante Delgado, gobernador interino de Veracruz, aunque su periodo fue mucho m\u00e1s ef\u00edmero; la peque\u00f1a administraci\u00f3n de <i>El Chino<\/i>, como se le conoce en el ambiente pol\u00edtico estatal, s\u00f3lo dur\u00f3 del 12 de octubre al 30 de noviembre de 2016. A poco m\u00e1s de 3 meses de finalizado su paso por el poder Ejecutivo estatal, el 12 de marzo del presente a\u00f1o, R\u00edos Alvarado fue encarcelado, acusado por haber facilitado los medios, un helic\u00f3ptero oficial en este caso, para que el ex gobernador Javier Duarte emprendiera la huida del estado y del pa\u00eds; y se mantuviera pr\u00f3fugo por casi cinco meses, m\u00e1s de 150 d\u00edas.<u><\/u><u><\/u><\/p>\n<p class=\"x_m_8991389568474545411MsoNoSpacing\">A Flavino R\u00edos lo vincularon a proceso para pasar un a\u00f1o en prisi\u00f3n preventiva; sin embargo, el 20 de marzo, una semana despu\u00e9s de ser detenido, el ex gobernador interino fue enviado al hospital por una supuesta afectaci\u00f3n a su salud y de ah\u00ed, a prisi\u00f3n domiciliaria. Fue el segundo.<u><\/u><u><\/u><\/p>\n<p class=\"x_m_8991389568474545411MsoNoSpacing\">Javier Duarte de Ochoa es el tercero y m\u00e1s reciente caso de un ex gobernador veracruzano detenido. El pupilo y sucesor de Fidel Herrera Beltr\u00e1n est\u00e1 en una c\u00e1rcel guatemalteca, en espera de su extradici\u00f3n.<u><\/u><u><\/u><\/p>\n<p class=\"x_m_8991389568474545411MsoNoSpacing\">A Duarte se le se\u00f1ala por los delitos de operaciones con recursos de procedencia il\u00edcita, desv\u00edo de recursos federales y delincuencia organizada. Por la gravedad de las acusaciones que pesan en su contra, se dice que a diferencia de Dante Delgado y Flavino R\u00edos, el cordob\u00e9s podr\u00eda pasar una muy larga temporada en prisi\u00f3n.<u><\/u><u><\/u><\/p>\n<p class=\"x_m_8991389568474545411MsoNoSpacing\">Por otro lado, no existen antecedentes en el pa\u00eds de un gobernante con tantos se\u00f1alamientos por actos il\u00edcitos. Javier Duarte, sin duda, pasar\u00e1 a la historia nacional como ejemplo de corrupci\u00f3n; Yunes Linares, como el primero en tener un papel determinante en el encarcelamiento de tres ex mandatarios veracruzanos.<u><\/u><u><\/u><\/p>\n<p class=\"x_m_8991389568474545411MsoNoSpacing\">Son, los de Dante, Flavino y Duarte, casos parecidos por el hecho de que los tres ex gobernadores pasaron por la c\u00e1rcel, pero tambi\u00e9n muy diferentes por las acusaciones y se\u00f1alamientos que se ventilan. La mayor diferencia, sin embargo, se observar\u00e1 con el tiempo, porque Delgado Rannauro pudo reinventarse al salir de Pacho Viejo para convertirse en voz opositora a Partido Revolucionario Institucional y fundar un partido pol\u00edtico, el Movimiento Ciudadano, un alcance que no tiene Flavino R\u00edos, y mucho menos Javier Duarte.<u><\/u><u><\/u><\/p>\n<p class=\"x_m_8991389568474545411MsoNoSpacing\">Por cierto, entre un sector de la opini\u00f3n p\u00fablica prevalece la idea de que el paso de Duarte de Ochoa por la c\u00e1rcel podr\u00eda no ser tan largo; en pocas palabras, que el ex gobernador de Veracruz recobrar\u00eda su libertad al poco tiempo de llegar al pa\u00eds, debido al d\u00e9bil sistema de impartici\u00f3n de justicia. El tema nos recuerda a un ex titular del Juzgado Mixto Municipal de Mart\u00ednez de la Torre, quien se\u00f1alaba que \u201cel sistema de justicia de nuestro pa\u00eds es tan perfecto, que si Jesucristo hubiera sido mexicano no lo crucificamos\u2026 \u00a1le arreglamos su asunto!\u201d.<\/p>\n<p class=\"x_m_8991389568474545411MsoNoSpacing\">@luisromero85<\/p>\n","protected":false},"excerpt":{"rendered":"<p>Luis Alberto Romero Hora Cero Aunque en t\u00e9rminos de personalidad, formaci\u00f3n y capacidad esos tres ex gobernadores tienen muy poco, casi nada en com\u00fan, Dante Delgado, Flavino R\u00edos y Javier Duarte comparten una historia muy parecida: los tres pisaron la c\u00e1rcel. En los tres procesos, adem\u00e1s, un papel importante jug\u00f3 el gobernador Miguel \u00c1ngel Yunes [&hellip;]<\/p>\n","protected":false},"author":2,"featured_media":0,"comment_status":"open","ping_status":"open","sticky":false,"template":"","format":"standard","meta":{"tdm_status":"","tdm_grid_status":"","footnotes":""},"categories":[70],"tags":[2219,1761,162,428],"class_list":{"0":"post-32595","1":"post","2":"type-post","3":"status-publish","4":"format-standard","6":"category-de-opinion","7":"tag-dante-delgado","8":"tag-flavino-rios","9":"tag-javier-duarte","10":"tag-miguel-angel-yunes-linares"},"yoast_head":"<!-- This site is optimized with the Yoast SEO plugin v27.4 - https:\/\/yoast.com\/product\/yoast-seo-wordpress\/ -->\n<title>Dante, Flavino y Duarte - Los pol\u00edticos Veracruz<\/title>\n<meta name=\"robots\" content=\"index, follow, max-snippet:-1, max-image-preview:large, max-video-preview:-1\" \/>\n<link rel=\"canonical\" href=\"https:\/\/lospoliticosveracruz.com\/?p=32595\" \/>\n<meta property=\"og:locale\" content=\"es_ES\" \/>\n<meta property=\"og:type\" content=\"article\" \/>\n<meta property=\"og:title\" content=\"Dante, Flavino y Duarte - Los pol\u00edticos Veracruz\" \/>\n<meta property=\"og:description\" content=\"Luis Alberto Romero Hora Cero Aunque en t\u00e9rminos de personalidad, formaci\u00f3n y capacidad esos tres ex gobernadores tienen muy poco, casi nada en com\u00fan, Dante Delgado, Flavino R\u00edos y Javier Duarte comparten una historia muy parecida: los tres pisaron la c\u00e1rcel. En los tres procesos, adem\u00e1s, un papel importante jug\u00f3 el gobernador Miguel \u00c1ngel Yunes [&hellip;]\" \/>\n<meta property=\"og:url\" content=\"https:\/\/lospoliticosveracruz.com\/?p=32595\" \/>\n<meta property=\"og:site_name\" content=\"Los pol\u00edticos Veracruz\" \/>\n<meta property=\"article:publisher\" content=\"https:\/\/www.facebook.com\/people\/Notimemes-de-los-Polticos\/61565672886568\/\" \/>\n<meta property=\"article:published_time\" content=\"2017-04-20T15:20:48+00:00\" \/>\n<meta property=\"og:image\" content=\"https:\/\/lospoliticosveracruz.com\/wp-content\/uploads\/2016\/07\/Logo-Dor.jpg\" \/>\n\t<meta property=\"og:image:width\" content=\"200\" \/>\n\t<meta property=\"og:image:height\" content=\"200\" \/>\n\t<meta property=\"og:image:type\" content=\"image\/jpeg\" \/>\n<meta name=\"author\" content=\"Lo viste en Los Pol\u00edticos\" \/>\n<meta name=\"twitter:card\" content=\"summary_large_image\" \/>\n<meta name=\"twitter:creator\" content=\"@LosPoliticosVer\" \/>\n<meta name=\"twitter:site\" content=\"@LosPoliticosVer\" \/>\n<meta name=\"twitter:label1\" content=\"Escrito por\" \/>\n\t<meta name=\"twitter:data1\" content=\"Lo viste en Los Pol\u00edticos\" \/>\n\t<meta name=\"twitter:label2\" content=\"Tiempo de lectura\" \/>\n\t<meta name=\"twitter:data2\" content=\"4 minutos\" \/>\n<script type=\"application\/ld+json\" class=\"yoast-schema-graph\">{\"@context\":\"https:\\\/\\\/schema.org\",\"@graph\":[{\"@type\":\"Article\",\"@id\":\"https:\\\/\\\/lospoliticosveracruz.com\\\/?p=32595#article\",\"isPartOf\":{\"@id\":\"https:\\\/\\\/lospoliticosveracruz.com\\\/?p=32595\"},\"author\":{\"name\":\"Lo viste en Los Pol\u00edticos\",\"@id\":\"https:\\\/\\\/lospoliticosveracruz.com\\\/#\\\/schema\\\/person\\\/b8702bb0e538456e6efd07080bf2a4a2\"},\"headline\":\"Dante, Flavino y Duarte\",\"datePublished\":\"2017-04-20T15:20:48+00:00\",\"mainEntityOfPage\":{\"@id\":\"https:\\\/\\\/lospoliticosveracruz.com\\\/?p=32595\"},\"wordCount\":707,\"commentCount\":0,\"publisher\":{\"@id\":\"https:\\\/\\\/lospoliticosveracruz.com\\\/#organization\"},\"keywords\":[\"Dante Delgado\",\"Flavino R\u00edos\",\"Javier Duarte\",\"Miguel Angel Yunes Linares\"],\"articleSection\":[\"De Opini\u00f3n\"],\"inLanguage\":\"es\",\"potentialAction\":[{\"@type\":\"CommentAction\",\"name\":\"Comment\",\"target\":[\"https:\\\/\\\/lospoliticosveracruz.com\\\/?p=32595#respond\"]}]},{\"@type\":\"WebPage\",\"@id\":\"https:\\\/\\\/lospoliticosveracruz.com\\\/?p=32595\",\"url\":\"https:\\\/\\\/lospoliticosveracruz.com\\\/?p=32595\",\"name\":\"Dante, Flavino y Duarte - Los pol\u00edticos Veracruz\",\"isPartOf\":{\"@id\":\"https:\\\/\\\/lospoliticosveracruz.com\\\/#website\"},\"datePublished\":\"2017-04-20T15:20:48+00:00\",\"breadcrumb\":{\"@id\":\"https:\\\/\\\/lospoliticosveracruz.com\\\/?p=32595#breadcrumb\"},\"inLanguage\":\"es\",\"potentialAction\":[{\"@type\":\"ReadAction\",\"target\":[\"https:\\\/\\\/lospoliticosveracruz.com\\\/?p=32595\"]}]},{\"@type\":\"BreadcrumbList\",\"@id\":\"https:\\\/\\\/lospoliticosveracruz.com\\\/?p=32595#breadcrumb\",\"itemListElement\":[{\"@type\":\"ListItem\",\"position\":1,\"name\":\"Portada\",\"item\":\"https:\\\/\\\/lospoliticosveracruz.com\\\/\"},{\"@type\":\"ListItem\",\"position\":2,\"name\":\"Dante, Flavino y Duarte\"}]},{\"@type\":\"WebSite\",\"@id\":\"https:\\\/\\\/lospoliticosveracruz.com\\\/#website\",\"url\":\"https:\\\/\\\/lospoliticosveracruz.com\\\/\",\"name\":\"Los pol\u00edticos Veracruz\",\"description\":\"\",\"publisher\":{\"@id\":\"https:\\\/\\\/lospoliticosveracruz.com\\\/#organization\"},\"potentialAction\":[{\"@type\":\"SearchAction\",\"target\":{\"@type\":\"EntryPoint\",\"urlTemplate\":\"https:\\\/\\\/lospoliticosveracruz.com\\\/?s={search_term_string}\"},\"query-input\":{\"@type\":\"PropertyValueSpecification\",\"valueRequired\":true,\"valueName\":\"search_term_string\"}}],\"inLanguage\":\"es\"},{\"@type\":\"Organization\",\"@id\":\"https:\\\/\\\/lospoliticosveracruz.com\\\/#organization\",\"name\":\"Los pol\u00edticos Veracruz\",\"url\":\"https:\\\/\\\/lospoliticosveracruz.com\\\/\",\"logo\":{\"@type\":\"ImageObject\",\"inLanguage\":\"es\",\"@id\":\"https:\\\/\\\/lospoliticosveracruz.com\\\/#\\\/schema\\\/logo\\\/image\\\/\",\"url\":\"https:\\\/\\\/lospoliticosveracruz.com\\\/wp-content\\\/uploads\\\/2025\\\/12\\\/Logo-Nuevo-LOS-POLITICOS-1.jpg\",\"contentUrl\":\"https:\\\/\\\/lospoliticosveracruz.com\\\/wp-content\\\/uploads\\\/2025\\\/12\\\/Logo-Nuevo-LOS-POLITICOS-1.jpg\",\"width\":260,\"height\":70,\"caption\":\"Los pol\u00edticos Veracruz\"},\"image\":{\"@id\":\"https:\\\/\\\/lospoliticosveracruz.com\\\/#\\\/schema\\\/logo\\\/image\\\/\"},\"sameAs\":[\"https:\\\/\\\/www.facebook.com\\\/people\\\/Notimemes-de-los-Polticos\\\/61565672886568\\\/\",\"https:\\\/\\\/x.com\\\/LosPoliticosVer\"]},{\"@type\":\"Person\",\"@id\":\"https:\\\/\\\/lospoliticosveracruz.com\\\/#\\\/schema\\\/person\\\/b8702bb0e538456e6efd07080bf2a4a2\",\"name\":\"Lo viste en Los Pol\u00edticos\",\"image\":{\"@type\":\"ImageObject\",\"inLanguage\":\"es\",\"@id\":\"https:\\\/\\\/secure.gravatar.com\\\/avatar\\\/3a8de04a2656d44082be478bd6c086daa447c4651605818287b9532d3d0bd435?s=96&d=mm&r=g\",\"url\":\"https:\\\/\\\/secure.gravatar.com\\\/avatar\\\/3a8de04a2656d44082be478bd6c086daa447c4651605818287b9532d3d0bd435?s=96&d=mm&r=g\",\"contentUrl\":\"https:\\\/\\\/secure.gravatar.com\\\/avatar\\\/3a8de04a2656d44082be478bd6c086daa447c4651605818287b9532d3d0bd435?s=96&d=mm&r=g\",\"caption\":\"Lo viste en Los Pol\u00edticos\"},\"url\":\"https:\\\/\\\/lospoliticosveracruz.com\\\/?author=2\"}]}<\/script>\n<!-- \/ Yoast SEO plugin. -->","yoast_head_json":{"title":"Dante, Flavino y Duarte - Los pol\u00edticos Veracruz","robots":{"index":"index","follow":"follow","max-snippet":"max-snippet:-1","max-image-preview":"max-image-preview:large","max-video-preview":"max-video-preview:-1"},"canonical":"https:\/\/lospoliticosveracruz.com\/?p=32595","og_locale":"es_ES","og_type":"article","og_title":"Dante, Flavino y Duarte - Los pol\u00edticos Veracruz","og_description":"Luis Alberto Romero Hora Cero Aunque en t\u00e9rminos de personalidad, formaci\u00f3n y capacidad esos tres ex gobernadores tienen muy poco, casi nada en com\u00fan, Dante Delgado, Flavino R\u00edos y Javier Duarte comparten una historia muy parecida: los tres pisaron la c\u00e1rcel. En los tres procesos, adem\u00e1s, un papel importante jug\u00f3 el gobernador Miguel \u00c1ngel Yunes [&hellip;]","og_url":"https:\/\/lospoliticosveracruz.com\/?p=32595","og_site_name":"Los pol\u00edticos Veracruz","article_publisher":"https:\/\/www.facebook.com\/people\/Notimemes-de-los-Polticos\/61565672886568\/","article_published_time":"2017-04-20T15:20:48+00:00","og_image":[{"width":200,"height":200,"url":"https:\/\/lospoliticosveracruz.com\/wp-content\/uploads\/2016\/07\/Logo-Dor.jpg","type":"image\/jpeg"}],"author":"Lo viste en Los Pol\u00edticos","twitter_card":"summary_large_image","twitter_creator":"@LosPoliticosVer","twitter_site":"@LosPoliticosVer","twitter_misc":{"Escrito por":"Lo viste en Los Pol\u00edticos","Tiempo de lectura":"4 minutos"},"schema":{"@context":"https:\/\/schema.org","@graph":[{"@type":"Article","@id":"https:\/\/lospoliticosveracruz.com\/?p=32595#article","isPartOf":{"@id":"https:\/\/lospoliticosveracruz.com\/?p=32595"},"author":{"name":"Lo viste en Los Pol\u00edticos","@id":"https:\/\/lospoliticosveracruz.com\/#\/schema\/person\/b8702bb0e538456e6efd07080bf2a4a2"},"headline":"Dante, Flavino y Duarte","datePublished":"2017-04-20T15:20:48+00:00","mainEntityOfPage":{"@id":"https:\/\/lospoliticosveracruz.com\/?p=32595"},"wordCount":707,"commentCount":0,"publisher":{"@id":"https:\/\/lospoliticosveracruz.com\/#organization"},"keywords":["Dante Delgado","Flavino R\u00edos","Javier Duarte","Miguel Angel Yunes Linares"],"articleSection":["De Opini\u00f3n"],"inLanguage":"es","potentialAction":[{"@type":"CommentAction","name":"Comment","target":["https:\/\/lospoliticosveracruz.com\/?p=32595#respond"]}]},{"@type":"WebPage","@id":"https:\/\/lospoliticosveracruz.com\/?p=32595","url":"https:\/\/lospoliticosveracruz.com\/?p=32595","name":"Dante, Flavino y Duarte - Los pol\u00edticos Veracruz","isPartOf":{"@id":"https:\/\/lospoliticosveracruz.com\/#website"},"datePublished":"2017-04-20T15:20:48+00:00","breadcrumb":{"@id":"https:\/\/lospoliticosveracruz.com\/?p=32595#breadcrumb"},"inLanguage":"es","potentialAction":[{"@type":"ReadAction","target":["https:\/\/lospoliticosveracruz.com\/?p=32595"]}]},{"@type":"BreadcrumbList","@id":"https:\/\/lospoliticosveracruz.com\/?p=32595#breadcrumb","itemListElement":[{"@type":"ListItem","position":1,"name":"Portada","item":"https:\/\/lospoliticosveracruz.com\/"},{"@type":"ListItem","position":2,"name":"Dante, Flavino y Duarte"}]},{"@type":"WebSite","@id":"https:\/\/lospoliticosveracruz.com\/#website","url":"https:\/\/lospoliticosveracruz.com\/","name":"Los pol\u00edticos Veracruz","description":"","publisher":{"@id":"https:\/\/lospoliticosveracruz.com\/#organization"},"potentialAction":[{"@type":"SearchAction","target":{"@type":"EntryPoint","urlTemplate":"https:\/\/lospoliticosveracruz.com\/?s={search_term_string}"},"query-input":{"@type":"PropertyValueSpecification","valueRequired":true,"valueName":"search_term_string"}}],"inLanguage":"es"},{"@type":"Organization","@id":"https:\/\/lospoliticosveracruz.com\/#organization","name":"Los pol\u00edticos Veracruz","url":"https:\/\/lospoliticosveracruz.com\/","logo":{"@type":"ImageObject","inLanguage":"es","@id":"https:\/\/lospoliticosveracruz.com\/#\/schema\/logo\/image\/","url":"https:\/\/lospoliticosveracruz.com\/wp-content\/uploads\/2025\/12\/Logo-Nuevo-LOS-POLITICOS-1.jpg","contentUrl":"https:\/\/lospoliticosveracruz.com\/wp-content\/uploads\/2025\/12\/Logo-Nuevo-LOS-POLITICOS-1.jpg","width":260,"height":70,"caption":"Los pol\u00edticos Veracruz"},"image":{"@id":"https:\/\/lospoliticosveracruz.com\/#\/schema\/logo\/image\/"},"sameAs":["https:\/\/www.facebook.com\/people\/Notimemes-de-los-Polticos\/61565672886568\/","https:\/\/x.com\/LosPoliticosVer"]},{"@type":"Person","@id":"https:\/\/lospoliticosveracruz.com\/#\/schema\/person\/b8702bb0e538456e6efd07080bf2a4a2","name":"Lo viste en Los Pol\u00edticos","image":{"@type":"ImageObject","inLanguage":"es","@id":"https:\/\/secure.gravatar.com\/avatar\/3a8de04a2656d44082be478bd6c086daa447c4651605818287b9532d3d0bd435?s=96&d=mm&r=g","url":"https:\/\/secure.gravatar.com\/avatar\/3a8de04a2656d44082be478bd6c086daa447c4651605818287b9532d3d0bd435?s=96&d=mm&r=g","contentUrl":"https:\/\/secure.gravatar.com\/avatar\/3a8de04a2656d44082be478bd6c086daa447c4651605818287b9532d3d0bd435?s=96&d=mm&r=g","caption":"Lo viste en Los Pol\u00edticos"},"url":"https:\/\/lospoliticosveracruz.com\/?author=2"}]}},"_links":{"self":[{"href":"https:\/\/lospoliticosveracruz.com\/index.php?rest_route=\/wp\/v2\/posts\/32595","targetHints":{"allow":["GET"]}}],"collection":[{"href":"https:\/\/lospoliticosveracruz.com\/index.php?rest_route=\/wp\/v2\/posts"}],"about":[{"href":"https:\/\/lospoliticosveracruz.com\/index.php?rest_route=\/wp\/v2\/types\/post"}],"author":[{"embeddable":true,"href":"https:\/\/lospoliticosveracruz.com\/index.php?rest_route=\/wp\/v2\/users\/2"}],"replies":[{"embeddable":true,"href":"https:\/\/lospoliticosveracruz.com\/index.php?rest_route=%2Fwp%2Fv2%2Fcomments&post=32595"}],"version-history":[{"count":2,"href":"https:\/\/lospoliticosveracruz.com\/index.php?rest_route=\/wp\/v2\/posts\/32595\/revisions"}],"predecessor-version":[{"id":32597,"href":"https:\/\/lospoliticosveracruz.com\/index.php?rest_route=\/wp\/v2\/posts\/32595\/revisions\/32597"}],"wp:attachment":[{"href":"https:\/\/lospoliticosveracruz.com\/index.php?rest_route=%2Fwp%2Fv2%2Fmedia&parent=32595"}],"wp:term":[{"taxonomy":"category","embeddable":true,"href":"https:\/\/lospoliticosveracruz.com\/index.php?rest_route=%2Fwp%2Fv2%2Fcategories&post=32595"},{"taxonomy":"post_tag","embeddable":true,"href":"https:\/\/lospoliticosveracruz.com\/index.php?rest_route=%2Fwp%2Fv2%2Ftags&post=32595"}],"curies":[{"name":"wp","href":"https:\/\/api.w.org\/{rel}","templated":true}]}}