{"id":32941,"date":"2017-04-25T10:51:12","date_gmt":"2017-04-25T15:51:12","guid":{"rendered":"http:\/\/www.lospoliticosveracruz.com.mx\/?p=32941"},"modified":"2017-04-25T10:51:12","modified_gmt":"2017-04-25T15:51:12","slug":"ivan-la-mano-que-mecio-la-cuna-en-ez","status":"publish","type":"post","link":"https:\/\/lospoliticosveracruz.com\/?p=32941","title":{"rendered":"Iv\u00e1n, la mano que  meci\u00f3 la cuna en EZ"},"content":{"rendered":"<p class=\"x_MsoNormal\"><strong>Jos\u00e9 Ortiz Medina<\/strong><\/p>\n<p class=\"x_MsoNormal\"><em>En Corto&#8230; Sin Cortes\u00a0<\/em><\/p>\n<p class=\"x_MsoNormal\">\n<p class=\"x_MsoNormal\">La dirigente nacional del PRD, Alejandra Barrales, otorg\u00f3 la candidatura por Emiliano Zapata al expriista Daniel Baizabal; lo curioso es que horas antes de que se conociera dicha resoluci\u00f3n, fue captado afuera del recinto del CEN del partido del Sol Azteca al excontralor duartista, Iv\u00e1n L\u00f3pez.<\/p>\n<p class=\"x_MsoNormal\">\u00bfQu\u00e9 hac\u00eda alguien que en teor\u00eda no tendr\u00eda nada qu\u00e9 hacer ah\u00ed? Se cree que Iv\u00e1n estaba cabildeando para que el fallo definitivo fuera en contra del sobrino del alcalde de Emiliano Zapata y ex aspirante del PAN-PRD en ese municipio, Luis Sergio Leyva Olmos.<\/p>\n<p class=\"x_MsoNormal\">Hay versiones de que el mismo Iv\u00e1n L\u00f3pez estuvo detr\u00e1s de la operaci\u00f3n pol\u00edtica para tumbarle la candidatura a Leyva Olmos, lo que se confirm\u00f3 este lunes con el fallo en su contra y el triunfo de quien fue dirigente municipal del PRI en Emiliano Zapata, Daniel Baizabal.<\/p>\n<p class=\"x_MsoNormal\">\u00bfY cu\u00e1l es el inter\u00e9s del exduartista, quien adem\u00e1s se registr\u00f3 como candidato independiente en ese municipio?<\/p>\n<p class=\"x_MsoNormal\">Pues se dice que el excontralor est\u00e1 molesto con el alcalde Daniel Olmos porque al parecer no le ha otorgado los permisos para la explotaci\u00f3n de bancos de piedra y para el desarrollo de fraccionamientos campestres, ya que se sabe que Iv\u00e1n L\u00f3pez ha comprado cientos de hect\u00e1reas en Emiliano Zapata.<\/p>\n<p class=\"x_MsoNormal\">Adem\u00e1s, hay quien afirma que Iv\u00e1n \u201cEl terrible\u201d, trae acuerdos con Daniel Baizabal, contratista beneficiado durante la docena tr\u00e1gica que encabezaron Fidel Herrera y Javier Duarte.<\/p>\n<p class=\"x_MsoNormal\">El detalle es que al tumbarle a su sobrino la candidatura, el alcalde de Emiliano Zapata no apoyar\u00e1 a Baizabal. En una de esas, el mun\u00edcipe hace alianzas con otros candidatos.<\/p>\n<p class=\"x_MsoNormal\">Ver fotos y video de este episodio en\u00a0\u00a0\u00a0\u00a0 <a href=\"https:\/\/www.versiones.com.mx\/ivan-lopez-la-mano-que-mecio-la-cuna-en-la-caida-del-sobrino-del-alcalde-de-emiliano-zapata\/\" target=\"_blank\" rel=\"noopener noreferrer\">https:\/\/www.versiones.com.mx\/<wbr \/>ivan-lopez-la-mano-que-mecio-<wbr \/>la-cuna-en-la-caida-del-<wbr \/>sobrino-del-alcalde-de-<wbr \/>emiliano-zapata\/<\/a><\/p>\n<p class=\"x_MsoNormal\">\n<p class=\"x_MsoNormal\"><b>De pena ajena, el delegado de\u00a0<\/b><b>Gobernaci\u00f3n en Veracruz<\/b><\/p>\n<p class=\"x_MsoNormal\">El que sigue dando de qu\u00e9 hablar es el delegado de la Secretar\u00eda de Gobernaci\u00f3n en Veracruz, \u00c1ngel Isaac Ochoa P\u00e9rez. Y no para bien.<\/p>\n<p class=\"x_MsoNormal\">Nos dicen que el funcionario est\u00e1 m\u00e1s ocupado en la grilla electorera que en hacer su chamba, al grado de que est\u00e1 presionando fuertemente para \u201ccolar\u201d a su esposa, Ady Rangel \u2013con quien muy seguido se da la gran vida en paseos por Nueva York y las islas griegas, como lo documentamos aqu\u00ed mismo la semana pasada-, en un buen lugar en la planilla de regidores del candidato del PRI a la alcald\u00eda de Xalapa, Alejandro Montano.<\/p>\n<p class=\"x_MsoNormal\">Adem\u00e1s, es conocida la actitud prepotente y soez con que trata a los dem\u00e1s delegados federales en Veracruz, y de la cual dio muestra el viernes pasado, durante la visita del presidente Enrique Pe\u00f1a Nieto a Ant\u00f3n Lizardo.<\/p>\n<p class=\"x_MsoNormal\">Cuando los delegados se juntaron para la selfie que se tomaron con el mandatario, Ochoa P\u00e9rez grit\u00f3 \u201cpinches delegados, no van a las reuniones de trabajo pero aqu\u00ed est\u00e1n luego luego para la foto\u201d, lo que caus\u00f3 molestia y pena ajena.<\/p>\n<p class=\"x_MsoNormal\">Y as\u00ed, de pena ajena este se\u00f1or, al que deber\u00edan investigar. \u00bfO de d\u00f3nde sale para tanto viaje<\/p>\n<p class=\"x_MsoNormal\"><b>\u00a0<\/b><b>Los excesos del cacique\u00a0<\/b><b>Everardo Soto Matla<\/b><\/p>\n<p class=\"x_MsoNormal\">En este proceso electoral municipal\u00a0Everardo Soto Matla, alcalde panista\u00a0de Ixhuacan,\u00a0s\u00ed que se sirvi\u00f3 con la cuchara grande. Everardo est\u00e1 a punto de subir como candidata a su amiga personal\u00edsima, Luz Am\u00e9rica Andrade S\u00e1nchez en la planilla del PRD-PAN en Teocelo.<\/p>\n<p class=\"x_MsoNormal\">Y en su\u00a0propio municipio impuso a su hermana Isabel Soto Matla como candidata del PAN-PRD y aprovechando que su esposa Alicia Valdivia Vargas\u00a0es originaria de Cosautl\u00e1n, la arrop\u00f3 como candidata de PAN PRD. Y a Coatepec mand\u00f3 como candidato del PAN-PRD a su ex\u00a0contralor y amigo tambi\u00e9n \u201cpersonal\u00edsimo\u201d \u00a0Luis Enrique Fern\u00e1ndez Peredo, famoso por haber pagado una multa de 300 mil pesos por violar la ley\u00a0y estar inhabilitado por la Secretar\u00eda de la Funci\u00f3n P\u00fablica hasta el 2022.<\/p>\n<p class=\"x_MsoNormal\">Vaya que Everardo Soto Matla olvid\u00f3 los nobles principios que dieron origen a Acci\u00f3n Nacional. Por ejemplo, el fundador de esas siglas, Manuel G\u00f3mez Mor\u00edn, afirm\u00f3 alguna vez que en nombre de la esperanza, del bien y grandeza de M\u00e9xico, renovamos el llamado para que el Municipio deje de ser `caciquismo y mugre\u00b4 y se convierta en limpio servicio de la comunidad.<\/p>\n<p class=\"x_MsoNormal\">Pero por lo que se ve, Soto Matla entendi\u00f3 este ideario al rev\u00e9s.<\/p>\n<p class=\"x_MsoNormal\">Y as\u00ed, por el estilo, hay varios caciques neo panistas-perredistas que s\u00f3lo van por los negocios, al estilo Javier Duarte.<\/p>\n<p class=\"x_MsoNormal\">\u00bfY d\u00f3nde qued\u00f3 el tan cacareado cambio?<\/p>\n<p class=\"x_MsoNormal\">\u00a0<b>Se fortalece Conrado<\/b><\/p>\n<p class=\"x_MsoNormal\">\u00a0<span lang=\"ES-TRAD\">En Emiliano Zapata emerge cada vez con m\u00e1s fuerza el nombre de Conrado B\u00e1ez Andrade, candidato de<b> <\/b>la alianza \u00a8Que resurja Veracruz\u00a8, del PRI-PVEM, a la presidencia municipal. Durante a\u00f1os Conrado ha construido su trayectoria pol\u00edtica al lado de la militancia, haciendo trabajo pol\u00edtico a ras de suelo, por lo que cuenta con arraigo y cercan\u00eda con la gente; son muchos los comisariados ejidales, as\u00ed como l\u00edderes naturales y de los sectores productivos los que le han expresado su respaldo, entre los que se cuenta a ganaderos, transportistas y comerciantes.<\/span><\/p>\n<p class=\"x_MsoNormal\"><span lang=\"ES-TRAD\">Conrado B\u00e1ez es un cuadro forjado en las luchas partidistas, ya fue regidor y presidente del Comit\u00e9 Municipal del PRI, y por lo tanto conoce la importancia de tener convicciones y lealtades firmes, adem\u00e1s de estar plenamente identificado con las comunidades y conocer por su nombre a los pobladores.<\/span><\/p>\n<p class=\"x_MsoNormal\"><span lang=\"ES-TRAD\">\u00a0<\/span><\/p>\n<p class=\"x_MsoNormal\"><b>Le siguen queriendo \u201cmover el\u00a0<\/b><b>tapete\u201d al alcalde de Perote<\/b><\/p>\n<p class=\"x_MsoNormal\">Sigue la \u201cmano negra\u201d de los traidores moviendo las aguas para intentar desestabilizar al Ayuntamiento de Perote y al presidente municipal, Miguel Sebasti\u00e1n Taboada Ortiz.<\/p>\n<p class=\"x_MsoNormal\">Ahora \u201ctitiretearon\u201d al secretario general del Sindicato de Trabajadores del Ayuntamiento perote\u00f1o, V\u00edctor Mendoza Cort\u00e9s, para hacer esc\u00e1ndalo en Xalapa denunciando un supuesto acoso laboral, aderezado por se\u00f1alamientos al aire de desv\u00edos de recursos.<\/p>\n<p class=\"x_MsoNormal\">Lo \u00fanico cierto es que ante la falta de argumentos y sobre todo, de lealtad, los traidores no hacen m\u00e1s que exhibirse, intentando perjudicar al grupo del que abrevaron e hicieron una carrera en el servicio p\u00fablico y la pol\u00edtica.<\/p>\n<p class=\"x_MsoNormal\">Pero todos saben qui\u00e9nes son. Y de lo que son capaces.<\/p>\n","protected":false},"excerpt":{"rendered":"<p>Jos\u00e9 Ortiz Medina En Corto&#8230; Sin Cortes\u00a0 La dirigente nacional del PRD, Alejandra Barrales, otorg\u00f3 la candidatura por Emiliano Zapata al expriista Daniel Baizabal; lo curioso es que horas antes de que se conociera dicha resoluci\u00f3n, fue captado afuera del recinto del CEN del partido del Sol Azteca al excontralor duartista, Iv\u00e1n L\u00f3pez. \u00bfQu\u00e9 hac\u00eda [&hellip;]<\/p>\n","protected":false},"author":2,"featured_media":0,"comment_status":"open","ping_status":"open","sticky":false,"template":"","format":"standard","meta":{"tdm_status":"","tdm_grid_status":"","footnotes":""},"categories":[70],"tags":[3278,469,8095,107],"class_list":{"0":"post-32941","1":"post","2":"type-post","3":"status-publish","4":"format-standard","6":"category-de-opinion","7":"tag-daniel-baizabal","8":"tag-emiliano-zapata","9":"tag-ivan-lopez","10":"tag-prd"},"yoast_head":"<!-- This site is optimized with the Yoast SEO plugin v28.1 - https:\/\/yoast.com\/product\/yoast-seo-wordpress\/ -->\n<title>Iv\u00e1n, la mano que meci\u00f3 la cuna en EZ - Los pol\u00edticos Veracruz<\/title>\n<meta name=\"robots\" content=\"index, follow, max-snippet:-1, max-image-preview:large, max-video-preview:-1\" \/>\n<link rel=\"canonical\" href=\"https:\/\/lospoliticosveracruz.com\/?p=32941\" \/>\n<meta property=\"og:locale\" content=\"es_ES\" \/>\n<meta property=\"og:type\" content=\"article\" \/>\n<meta property=\"og:title\" content=\"Iv\u00e1n, la mano que meci\u00f3 la cuna en EZ - Los pol\u00edticos Veracruz\" \/>\n<meta property=\"og:description\" content=\"Jos\u00e9 Ortiz Medina En Corto&#8230; Sin Cortes\u00a0 La dirigente nacional del PRD, Alejandra Barrales, otorg\u00f3 la candidatura por Emiliano Zapata al expriista Daniel Baizabal; lo curioso es que horas antes de que se conociera dicha resoluci\u00f3n, fue captado afuera del recinto del CEN del partido del Sol Azteca al excontralor duartista, Iv\u00e1n L\u00f3pez. \u00bfQu\u00e9 hac\u00eda [&hellip;]\" \/>\n<meta property=\"og:url\" content=\"https:\/\/lospoliticosveracruz.com\/?p=32941\" \/>\n<meta property=\"og:site_name\" content=\"Los pol\u00edticos Veracruz\" \/>\n<meta property=\"article:publisher\" content=\"https:\/\/www.facebook.com\/people\/Notimemes-de-los-Polticos\/61565672886568\/\" \/>\n<meta property=\"article:published_time\" content=\"2017-04-25T15:51:12+00:00\" \/>\n<meta property=\"og:image\" content=\"https:\/\/lospoliticosveracruz.com\/wp-content\/uploads\/2016\/07\/Logo-Dor.jpg\" \/>\n\t<meta property=\"og:image:width\" content=\"200\" \/>\n\t<meta property=\"og:image:height\" content=\"200\" \/>\n\t<meta property=\"og:image:type\" content=\"image\/jpeg\" \/>\n<meta name=\"author\" content=\"Lo viste en Los Pol\u00edticos\" \/>\n<meta name=\"twitter:card\" content=\"summary_large_image\" \/>\n<meta name=\"twitter:creator\" content=\"@LosPoliticosVer\" \/>\n<meta name=\"twitter:site\" content=\"@LosPoliticosVer\" \/>\n<meta name=\"twitter:label1\" content=\"Escrito por\" \/>\n\t<meta name=\"twitter:data1\" content=\"Lo viste en Los Pol\u00edticos\" \/>\n\t<meta name=\"twitter:label2\" content=\"Tiempo de lectura\" \/>\n\t<meta name=\"twitter:data2\" content=\"5 minutos\" \/>\n<script type=\"application\/ld+json\" class=\"yoast-schema-graph\">{\"@context\":\"https:\\\/\\\/schema.org\",\"@graph\":[{\"@type\":\"Article\",\"@id\":\"https:\\\/\\\/lospoliticosveracruz.com\\\/?p=32941#article\",\"isPartOf\":{\"@id\":\"https:\\\/\\\/lospoliticosveracruz.com\\\/?p=32941\"},\"author\":{\"name\":\"Lo viste en Los Pol\u00edticos\",\"@id\":\"https:\\\/\\\/lospoliticosveracruz.com\\\/#\\\/schema\\\/person\\\/b8702bb0e538456e6efd07080bf2a4a2\"},\"headline\":\"Iv\u00e1n, la mano que meci\u00f3 la cuna en EZ\",\"datePublished\":\"2017-04-25T15:51:12+00:00\",\"mainEntityOfPage\":{\"@id\":\"https:\\\/\\\/lospoliticosveracruz.com\\\/?p=32941\"},\"wordCount\":1072,\"commentCount\":0,\"publisher\":{\"@id\":\"https:\\\/\\\/lospoliticosveracruz.com\\\/#organization\"},\"keywords\":[\"Daniel Baizabal\",\"Emiliano Zapata\",\"Iv\u00e1n L\u00f3pez\",\"PRD\"],\"articleSection\":[\"De Opini\u00f3n\"],\"inLanguage\":\"es\",\"potentialAction\":[{\"@type\":\"CommentAction\",\"name\":\"Comment\",\"target\":[\"https:\\\/\\\/lospoliticosveracruz.com\\\/?p=32941#respond\"]}]},{\"@type\":\"WebPage\",\"@id\":\"https:\\\/\\\/lospoliticosveracruz.com\\\/?p=32941\",\"url\":\"https:\\\/\\\/lospoliticosveracruz.com\\\/?p=32941\",\"name\":\"Iv\u00e1n, la mano que meci\u00f3 la cuna en EZ - Los pol\u00edticos Veracruz\",\"isPartOf\":{\"@id\":\"https:\\\/\\\/lospoliticosveracruz.com\\\/#website\"},\"datePublished\":\"2017-04-25T15:51:12+00:00\",\"breadcrumb\":{\"@id\":\"https:\\\/\\\/lospoliticosveracruz.com\\\/?p=32941#breadcrumb\"},\"inLanguage\":\"es\",\"potentialAction\":[{\"@type\":\"ReadAction\",\"target\":[\"https:\\\/\\\/lospoliticosveracruz.com\\\/?p=32941\"]}]},{\"@type\":\"BreadcrumbList\",\"@id\":\"https:\\\/\\\/lospoliticosveracruz.com\\\/?p=32941#breadcrumb\",\"itemListElement\":[{\"@type\":\"ListItem\",\"position\":1,\"name\":\"Portada\",\"item\":\"https:\\\/\\\/lospoliticosveracruz.com\\\/\"},{\"@type\":\"ListItem\",\"position\":2,\"name\":\"Iv\u00e1n, la mano que meci\u00f3 la cuna en EZ\"}]},{\"@type\":\"WebSite\",\"@id\":\"https:\\\/\\\/lospoliticosveracruz.com\\\/#website\",\"url\":\"https:\\\/\\\/lospoliticosveracruz.com\\\/\",\"name\":\"Los pol\u00edticos Veracruz\",\"description\":\"\",\"publisher\":{\"@id\":\"https:\\\/\\\/lospoliticosveracruz.com\\\/#organization\"},\"potentialAction\":[{\"@type\":\"SearchAction\",\"target\":{\"@type\":\"EntryPoint\",\"urlTemplate\":\"https:\\\/\\\/lospoliticosveracruz.com\\\/?s={search_term_string}\"},\"query-input\":{\"@type\":\"PropertyValueSpecification\",\"valueRequired\":true,\"valueName\":\"search_term_string\"}}],\"inLanguage\":\"es\"},{\"@type\":\"Organization\",\"@id\":\"https:\\\/\\\/lospoliticosveracruz.com\\\/#organization\",\"name\":\"Los pol\u00edticos Veracruz\",\"url\":\"https:\\\/\\\/lospoliticosveracruz.com\\\/\",\"logo\":{\"@type\":\"ImageObject\",\"inLanguage\":\"es\",\"@id\":\"https:\\\/\\\/lospoliticosveracruz.com\\\/#\\\/schema\\\/logo\\\/image\\\/\",\"url\":\"https:\\\/\\\/lospoliticosveracruz.com\\\/wp-content\\\/uploads\\\/2025\\\/12\\\/Logo-Nuevo-LOS-POLITICOS-1.jpg\",\"contentUrl\":\"https:\\\/\\\/lospoliticosveracruz.com\\\/wp-content\\\/uploads\\\/2025\\\/12\\\/Logo-Nuevo-LOS-POLITICOS-1.jpg\",\"width\":260,\"height\":70,\"caption\":\"Los pol\u00edticos Veracruz\"},\"image\":{\"@id\":\"https:\\\/\\\/lospoliticosveracruz.com\\\/#\\\/schema\\\/logo\\\/image\\\/\"},\"sameAs\":[\"https:\\\/\\\/www.facebook.com\\\/people\\\/Notimemes-de-los-Polticos\\\/61565672886568\\\/\",\"https:\\\/\\\/x.com\\\/LosPoliticosVer\"]},{\"@type\":\"Person\",\"@id\":\"https:\\\/\\\/lospoliticosveracruz.com\\\/#\\\/schema\\\/person\\\/b8702bb0e538456e6efd07080bf2a4a2\",\"name\":\"Lo viste en Los Pol\u00edticos\",\"image\":{\"@type\":\"ImageObject\",\"inLanguage\":\"es\",\"@id\":\"https:\\\/\\\/secure.gravatar.com\\\/avatar\\\/3a8de04a2656d44082be478bd6c086daa447c4651605818287b9532d3d0bd435?s=96&d=mm&r=g\",\"url\":\"https:\\\/\\\/secure.gravatar.com\\\/avatar\\\/3a8de04a2656d44082be478bd6c086daa447c4651605818287b9532d3d0bd435?s=96&d=mm&r=g\",\"contentUrl\":\"https:\\\/\\\/secure.gravatar.com\\\/avatar\\\/3a8de04a2656d44082be478bd6c086daa447c4651605818287b9532d3d0bd435?s=96&d=mm&r=g\",\"caption\":\"Lo viste en Los Pol\u00edticos\"},\"url\":\"https:\\\/\\\/lospoliticosveracruz.com\\\/?author=2\"}]}<\/script>\n<!-- \/ Yoast SEO plugin. -->","yoast_head_json":{"title":"Iv\u00e1n, la mano que meci\u00f3 la cuna en EZ - Los pol\u00edticos Veracruz","robots":{"index":"index","follow":"follow","max-snippet":"max-snippet:-1","max-image-preview":"max-image-preview:large","max-video-preview":"max-video-preview:-1"},"canonical":"https:\/\/lospoliticosveracruz.com\/?p=32941","og_locale":"es_ES","og_type":"article","og_title":"Iv\u00e1n, la mano que meci\u00f3 la cuna en EZ - Los pol\u00edticos Veracruz","og_description":"Jos\u00e9 Ortiz Medina En Corto&#8230; Sin Cortes\u00a0 La dirigente nacional del PRD, Alejandra Barrales, otorg\u00f3 la candidatura por Emiliano Zapata al expriista Daniel Baizabal; lo curioso es que horas antes de que se conociera dicha resoluci\u00f3n, fue captado afuera del recinto del CEN del partido del Sol Azteca al excontralor duartista, Iv\u00e1n L\u00f3pez. \u00bfQu\u00e9 hac\u00eda [&hellip;]","og_url":"https:\/\/lospoliticosveracruz.com\/?p=32941","og_site_name":"Los pol\u00edticos Veracruz","article_publisher":"https:\/\/www.facebook.com\/people\/Notimemes-de-los-Polticos\/61565672886568\/","article_published_time":"2017-04-25T15:51:12+00:00","og_image":[{"width":200,"height":200,"url":"https:\/\/lospoliticosveracruz.com\/wp-content\/uploads\/2016\/07\/Logo-Dor.jpg","type":"image\/jpeg"}],"author":"Lo viste en Los Pol\u00edticos","twitter_card":"summary_large_image","twitter_creator":"@LosPoliticosVer","twitter_site":"@LosPoliticosVer","twitter_misc":{"Escrito por":"Lo viste en Los Pol\u00edticos","Tiempo de lectura":"5 minutos"},"schema":{"@context":"https:\/\/schema.org","@graph":[{"@type":"Article","@id":"https:\/\/lospoliticosveracruz.com\/?p=32941#article","isPartOf":{"@id":"https:\/\/lospoliticosveracruz.com\/?p=32941"},"author":{"name":"Lo viste en Los Pol\u00edticos","@id":"https:\/\/lospoliticosveracruz.com\/#\/schema\/person\/b8702bb0e538456e6efd07080bf2a4a2"},"headline":"Iv\u00e1n, la mano que meci\u00f3 la cuna en EZ","datePublished":"2017-04-25T15:51:12+00:00","mainEntityOfPage":{"@id":"https:\/\/lospoliticosveracruz.com\/?p=32941"},"wordCount":1072,"commentCount":0,"publisher":{"@id":"https:\/\/lospoliticosveracruz.com\/#organization"},"keywords":["Daniel Baizabal","Emiliano Zapata","Iv\u00e1n L\u00f3pez","PRD"],"articleSection":["De Opini\u00f3n"],"inLanguage":"es","potentialAction":[{"@type":"CommentAction","name":"Comment","target":["https:\/\/lospoliticosveracruz.com\/?p=32941#respond"]}]},{"@type":"WebPage","@id":"https:\/\/lospoliticosveracruz.com\/?p=32941","url":"https:\/\/lospoliticosveracruz.com\/?p=32941","name":"Iv\u00e1n, la mano que meci\u00f3 la cuna en EZ - Los pol\u00edticos Veracruz","isPartOf":{"@id":"https:\/\/lospoliticosveracruz.com\/#website"},"datePublished":"2017-04-25T15:51:12+00:00","breadcrumb":{"@id":"https:\/\/lospoliticosveracruz.com\/?p=32941#breadcrumb"},"inLanguage":"es","potentialAction":[{"@type":"ReadAction","target":["https:\/\/lospoliticosveracruz.com\/?p=32941"]}]},{"@type":"BreadcrumbList","@id":"https:\/\/lospoliticosveracruz.com\/?p=32941#breadcrumb","itemListElement":[{"@type":"ListItem","position":1,"name":"Portada","item":"https:\/\/lospoliticosveracruz.com\/"},{"@type":"ListItem","position":2,"name":"Iv\u00e1n, la mano que meci\u00f3 la cuna en EZ"}]},{"@type":"WebSite","@id":"https:\/\/lospoliticosveracruz.com\/#website","url":"https:\/\/lospoliticosveracruz.com\/","name":"Los pol\u00edticos Veracruz","description":"","publisher":{"@id":"https:\/\/lospoliticosveracruz.com\/#organization"},"potentialAction":[{"@type":"SearchAction","target":{"@type":"EntryPoint","urlTemplate":"https:\/\/lospoliticosveracruz.com\/?s={search_term_string}"},"query-input":{"@type":"PropertyValueSpecification","valueRequired":true,"valueName":"search_term_string"}}],"inLanguage":"es"},{"@type":"Organization","@id":"https:\/\/lospoliticosveracruz.com\/#organization","name":"Los pol\u00edticos Veracruz","url":"https:\/\/lospoliticosveracruz.com\/","logo":{"@type":"ImageObject","inLanguage":"es","@id":"https:\/\/lospoliticosveracruz.com\/#\/schema\/logo\/image\/","url":"https:\/\/lospoliticosveracruz.com\/wp-content\/uploads\/2025\/12\/Logo-Nuevo-LOS-POLITICOS-1.jpg","contentUrl":"https:\/\/lospoliticosveracruz.com\/wp-content\/uploads\/2025\/12\/Logo-Nuevo-LOS-POLITICOS-1.jpg","width":260,"height":70,"caption":"Los pol\u00edticos Veracruz"},"image":{"@id":"https:\/\/lospoliticosveracruz.com\/#\/schema\/logo\/image\/"},"sameAs":["https:\/\/www.facebook.com\/people\/Notimemes-de-los-Polticos\/61565672886568\/","https:\/\/x.com\/LosPoliticosVer"]},{"@type":"Person","@id":"https:\/\/lospoliticosveracruz.com\/#\/schema\/person\/b8702bb0e538456e6efd07080bf2a4a2","name":"Lo viste en Los Pol\u00edticos","image":{"@type":"ImageObject","inLanguage":"es","@id":"https:\/\/secure.gravatar.com\/avatar\/3a8de04a2656d44082be478bd6c086daa447c4651605818287b9532d3d0bd435?s=96&d=mm&r=g","url":"https:\/\/secure.gravatar.com\/avatar\/3a8de04a2656d44082be478bd6c086daa447c4651605818287b9532d3d0bd435?s=96&d=mm&r=g","contentUrl":"https:\/\/secure.gravatar.com\/avatar\/3a8de04a2656d44082be478bd6c086daa447c4651605818287b9532d3d0bd435?s=96&d=mm&r=g","caption":"Lo viste en Los Pol\u00edticos"},"url":"https:\/\/lospoliticosveracruz.com\/?author=2"}]}},"_links":{"self":[{"href":"https:\/\/lospoliticosveracruz.com\/index.php?rest_route=\/wp\/v2\/posts\/32941","targetHints":{"allow":["GET"]}}],"collection":[{"href":"https:\/\/lospoliticosveracruz.com\/index.php?rest_route=\/wp\/v2\/posts"}],"about":[{"href":"https:\/\/lospoliticosveracruz.com\/index.php?rest_route=\/wp\/v2\/types\/post"}],"author":[{"embeddable":true,"href":"https:\/\/lospoliticosveracruz.com\/index.php?rest_route=\/wp\/v2\/users\/2"}],"replies":[{"embeddable":true,"href":"https:\/\/lospoliticosveracruz.com\/index.php?rest_route=%2Fwp%2Fv2%2Fcomments&post=32941"}],"version-history":[{"count":1,"href":"https:\/\/lospoliticosveracruz.com\/index.php?rest_route=\/wp\/v2\/posts\/32941\/revisions"}],"predecessor-version":[{"id":32942,"href":"https:\/\/lospoliticosveracruz.com\/index.php?rest_route=\/wp\/v2\/posts\/32941\/revisions\/32942"}],"wp:attachment":[{"href":"https:\/\/lospoliticosveracruz.com\/index.php?rest_route=%2Fwp%2Fv2%2Fmedia&parent=32941"}],"wp:term":[{"taxonomy":"category","embeddable":true,"href":"https:\/\/lospoliticosveracruz.com\/index.php?rest_route=%2Fwp%2Fv2%2Fcategories&post=32941"},{"taxonomy":"post_tag","embeddable":true,"href":"https:\/\/lospoliticosveracruz.com\/index.php?rest_route=%2Fwp%2Fv2%2Ftags&post=32941"}],"curies":[{"name":"wp","href":"https:\/\/api.w.org\/{rel}","templated":true}]}}