{"id":33045,"date":"2017-04-26T21:21:28","date_gmt":"2017-04-27T02:21:28","guid":{"rendered":"http:\/\/www.lospoliticosveracruz.com.mx\/?p=33045"},"modified":"2017-04-26T21:21:28","modified_gmt":"2017-04-27T02:21:28","slug":"caiga-quien-caiga","status":"publish","type":"post","link":"https:\/\/lospoliticosveracruz.com\/?p=33045","title":{"rendered":"Caiga quien caiga"},"content":{"rendered":"<p><strong>Brenda Caballero<\/strong><br \/>\n<em>N\u00fameros Rojos<\/em><\/p>\n<p>Disculpe usted si escribo de mujeres en jueves, pero cr\u00e9ame, no puedo esperar hasta el lunes.<br \/>\nLos sucesos que estamos viviendo involucran a varias f\u00e9minas que est\u00e1n inmersas en la pol\u00edtica veracruzana y que desafortunadamente est\u00e1n dando de qu\u00e9 hablar de manera negativa.<br \/>\nPrimero Eva Cadena, diputada con licencia de Morena, a quien grabaron recibiendo medio mill\u00f3n de pesos para su l\u00edder moral, Andr\u00e9s Manuel L\u00f3pez Obrador. El \u201ccuatro\u201d fue tan bien puesto que de tener altas probabilidades a ser alcaldesa por Las Choapas, ahora, aparte de ser separada de su fracci\u00f3n parlamentaria y cancelada su candidatura, se pasea por la Fiscal\u00eda para presentar la denuncia contra quien resulte responsable por su video.<br \/>\nHay algo que debo reconocer en todo esto, la separaci\u00f3n inmediata de su partido. \u00bfCu\u00e1ntos casos no hemos visto en las mismas circunstancias y siguen como sin nada? Incluso hasta se premia.<br \/>\nHasta ahora, Morena actu\u00f3 como lo dice el dicho: \u201cs\u00ed tu mano es ocasi\u00f3n de pecado, c\u00f3rtatela\u201d.<br \/>\nAqu\u00ed hago dos reflexiones:<br \/>\nPrimera: \u00bfMorena habr\u00eda actuado de la misma forma con un var\u00f3n? Recordemos que hay se\u00f1alamientos de que Morena recibi\u00f3 dinero en las elecciones pasadas, y todo apunta a que fue a Cuitl\u00e1huac Garc\u00eda, de acuerdo a lo expresado por H\u00e9ctor Yunes Landa.<br \/>\nSegunda: Vuelve la cr\u00edtica a viajar en un veh\u00edculo de lujo. La diputada se traslad\u00f3 en un auto Mercedes Benz a la Fiscal\u00eda. Antes tendr\u00edamos que preguntar \u00bfes de ella o le dieron el avent\u00f3n? \u00bfLo renta o est\u00e1 pagando las mensualidades? Aunque le ha llovido de todo en una semana, la cr\u00edtica que le har\u00eda es \u00bfpor qu\u00e9 siendo diputada en Veracruz trae placas de la Ciudad de M\u00e9xico? Hay que recaudar para el estado y no para Miguel \u00c1ngel Mancera.<br \/>\nII<br \/>\nSeguimos con las grabaciones de mujeres, \u00bfser\u00e1 que los hombres no se dejan grabar?<br \/>\nY de Morena brincamos al PRI. Y la conversaci\u00f3n entre Octavia Ortega Arteaga, ex diputada local y Mar\u00eda del Carmen Castel\u00e1n, operadora pol\u00edtica de P\u00e1nuco.<br \/>\nAunque Tava lleva dos acumuladas; primero, cuando sali\u00f3 de los moches que daba a los diputados y que los llamaba \u201cchocolates\u201d, y otro ventilado en redes el d\u00eda de ayer, donde no hay \u201cincentivos\u201d sino m\u00e1s bien denostaciones en contra de dos de los principales priistas del estado: el senador Pepe Yunes que goza de una amplia simpat\u00eda, y del dirigente del tricolor, Renato Alarc\u00f3n.<br \/>\nAlgo raro se respira aqu\u00ed, porque a diferencia del caso de Eva que se ve meramente electorero, el de Tava cobra otro tinte: el mensaje.<br \/>\n\u00bfCon qui\u00e9n platic\u00f3 recientemente la diputada diciendo cosas que no deb\u00eda?<br \/>\nEs de aclararse que aqu\u00ed no pas\u00f3 nada. Tava sigue en el PRI, eso s\u00ed muy encabritada por la exhibici\u00f3n p\u00fablica.<br \/>\nIII<br \/>\nCuando veo un gobernante, un subsecretario, un director, un subdirector, un jefe en turno, siempre viene a mi mente la frase de Benito Ju\u00e1rez: \u201cNunca abuses del poder humillando a tus semejantes, porque el poder termina y el recuerdo perdura\u201d.<br \/>\nY es que el recuerdo ha alcanzado a Gina Dom\u00ednguez Col\u00edo, ex vocera de Javier Duarte, quien ahora que sale a la palestra a defenderse y a decir su verdad, todos se le van encima, incluso los mismos a los que apoy\u00f3 con grandes convenios o a los que les mandaba a traer regalos exclusivos con un personal.<br \/>\nGina fue considerada varias veces como una de las mujeres m\u00e1s poderosas de Veracruz; sin embargo, la ambici\u00f3n la alcanz\u00f3 y hoy el recuerdo tambi\u00e9n.<br \/>\nPero ojo, el paso que dio ayer Gina en los medios, siendo noticia, es una se\u00f1al de que dar\u00e1 batalla, no importando quien caiga.<br \/>\ncaballero_brenda@hotmail.com<br \/>\n@NumerosRojos_BC<\/p>\n","protected":false},"excerpt":{"rendered":"<p>Brenda Caballero N\u00fameros Rojos Disculpe usted si escribo de mujeres en jueves, pero cr\u00e9ame, no puedo esperar hasta el lunes. Los sucesos que estamos viviendo involucran a varias f\u00e9minas que est\u00e1n inmersas en la pol\u00edtica veracruzana y que desafortunadamente est\u00e1n dando de qu\u00e9 hablar de manera negativa. Primero Eva Cadena, diputada con licencia de Morena, [&hellip;]<\/p>\n","protected":false},"author":2,"featured_media":0,"comment_status":"open","ping_status":"open","sticky":false,"template":"","format":"standard","meta":{"tdm_status":"","tdm_grid_status":"","footnotes":""},"categories":[70],"tags":[8113,3502,8114,1026,1443],"class_list":{"0":"post-33045","1":"post","2":"type-post","3":"status-publish","4":"format-standard","6":"category-de-opinion","7":"tag-eva-cadena","8":"tag-gina-dominguez-colio","9":"tag-maria-del-carmen-castelan","10":"tag-morena","11":"tag-octavia-ortega-arteaga"},"yoast_head":"<!-- This site is optimized with the Yoast SEO plugin v27.4 - https:\/\/yoast.com\/product\/yoast-seo-wordpress\/ -->\n<title>Caiga quien caiga - Los pol\u00edticos Veracruz<\/title>\n<meta name=\"robots\" content=\"index, follow, max-snippet:-1, max-image-preview:large, max-video-preview:-1\" \/>\n<link rel=\"canonical\" href=\"https:\/\/lospoliticosveracruz.com\/?p=33045\" \/>\n<meta property=\"og:locale\" content=\"es_ES\" \/>\n<meta property=\"og:type\" content=\"article\" \/>\n<meta property=\"og:title\" content=\"Caiga quien caiga - Los pol\u00edticos Veracruz\" \/>\n<meta property=\"og:description\" content=\"Brenda Caballero N\u00fameros Rojos Disculpe usted si escribo de mujeres en jueves, pero cr\u00e9ame, no puedo esperar hasta el lunes. Los sucesos que estamos viviendo involucran a varias f\u00e9minas que est\u00e1n inmersas en la pol\u00edtica veracruzana y que desafortunadamente est\u00e1n dando de qu\u00e9 hablar de manera negativa. Primero Eva Cadena, diputada con licencia de Morena, [&hellip;]\" \/>\n<meta property=\"og:url\" content=\"https:\/\/lospoliticosveracruz.com\/?p=33045\" \/>\n<meta property=\"og:site_name\" content=\"Los pol\u00edticos Veracruz\" \/>\n<meta property=\"article:publisher\" content=\"https:\/\/www.facebook.com\/people\/Notimemes-de-los-Polticos\/61565672886568\/\" \/>\n<meta property=\"article:published_time\" content=\"2017-04-27T02:21:28+00:00\" \/>\n<meta property=\"og:image\" content=\"https:\/\/lospoliticosveracruz.com\/wp-content\/uploads\/2016\/07\/Logo-Dor.jpg\" \/>\n\t<meta property=\"og:image:width\" content=\"200\" \/>\n\t<meta property=\"og:image:height\" content=\"200\" \/>\n\t<meta property=\"og:image:type\" content=\"image\/jpeg\" \/>\n<meta name=\"author\" content=\"Lo viste en Los Pol\u00edticos\" \/>\n<meta name=\"twitter:card\" content=\"summary_large_image\" \/>\n<meta name=\"twitter:creator\" content=\"@LosPoliticosVer\" \/>\n<meta name=\"twitter:site\" content=\"@LosPoliticosVer\" \/>\n<meta name=\"twitter:label1\" content=\"Escrito por\" \/>\n\t<meta name=\"twitter:data1\" content=\"Lo viste en Los Pol\u00edticos\" \/>\n\t<meta name=\"twitter:label2\" content=\"Tiempo de lectura\" \/>\n\t<meta name=\"twitter:data2\" content=\"3 minutos\" \/>\n<script type=\"application\/ld+json\" class=\"yoast-schema-graph\">{\"@context\":\"https:\\\/\\\/schema.org\",\"@graph\":[{\"@type\":\"Article\",\"@id\":\"https:\\\/\\\/lospoliticosveracruz.com\\\/?p=33045#article\",\"isPartOf\":{\"@id\":\"https:\\\/\\\/lospoliticosveracruz.com\\\/?p=33045\"},\"author\":{\"name\":\"Lo viste en Los Pol\u00edticos\",\"@id\":\"https:\\\/\\\/lospoliticosveracruz.com\\\/#\\\/schema\\\/person\\\/b8702bb0e538456e6efd07080bf2a4a2\"},\"headline\":\"Caiga quien caiga\",\"datePublished\":\"2017-04-27T02:21:28+00:00\",\"mainEntityOfPage\":{\"@id\":\"https:\\\/\\\/lospoliticosveracruz.com\\\/?p=33045\"},\"wordCount\":663,\"commentCount\":0,\"publisher\":{\"@id\":\"https:\\\/\\\/lospoliticosveracruz.com\\\/#organization\"},\"keywords\":[\"Eva Cadena\",\"Gina Dom\u00ednguez Col\u00edo\",\"Mar\u00eda del Carmen Castel\u00e1n\",\"Morena\",\"Octavia Ortega Arteaga\"],\"articleSection\":[\"De Opini\u00f3n\"],\"inLanguage\":\"es\",\"potentialAction\":[{\"@type\":\"CommentAction\",\"name\":\"Comment\",\"target\":[\"https:\\\/\\\/lospoliticosveracruz.com\\\/?p=33045#respond\"]}]},{\"@type\":\"WebPage\",\"@id\":\"https:\\\/\\\/lospoliticosveracruz.com\\\/?p=33045\",\"url\":\"https:\\\/\\\/lospoliticosveracruz.com\\\/?p=33045\",\"name\":\"Caiga quien caiga - Los pol\u00edticos Veracruz\",\"isPartOf\":{\"@id\":\"https:\\\/\\\/lospoliticosveracruz.com\\\/#website\"},\"datePublished\":\"2017-04-27T02:21:28+00:00\",\"breadcrumb\":{\"@id\":\"https:\\\/\\\/lospoliticosveracruz.com\\\/?p=33045#breadcrumb\"},\"inLanguage\":\"es\",\"potentialAction\":[{\"@type\":\"ReadAction\",\"target\":[\"https:\\\/\\\/lospoliticosveracruz.com\\\/?p=33045\"]}]},{\"@type\":\"BreadcrumbList\",\"@id\":\"https:\\\/\\\/lospoliticosveracruz.com\\\/?p=33045#breadcrumb\",\"itemListElement\":[{\"@type\":\"ListItem\",\"position\":1,\"name\":\"Portada\",\"item\":\"https:\\\/\\\/lospoliticosveracruz.com\\\/\"},{\"@type\":\"ListItem\",\"position\":2,\"name\":\"Caiga quien caiga\"}]},{\"@type\":\"WebSite\",\"@id\":\"https:\\\/\\\/lospoliticosveracruz.com\\\/#website\",\"url\":\"https:\\\/\\\/lospoliticosveracruz.com\\\/\",\"name\":\"Los pol\u00edticos Veracruz\",\"description\":\"\",\"publisher\":{\"@id\":\"https:\\\/\\\/lospoliticosveracruz.com\\\/#organization\"},\"potentialAction\":[{\"@type\":\"SearchAction\",\"target\":{\"@type\":\"EntryPoint\",\"urlTemplate\":\"https:\\\/\\\/lospoliticosveracruz.com\\\/?s={search_term_string}\"},\"query-input\":{\"@type\":\"PropertyValueSpecification\",\"valueRequired\":true,\"valueName\":\"search_term_string\"}}],\"inLanguage\":\"es\"},{\"@type\":\"Organization\",\"@id\":\"https:\\\/\\\/lospoliticosveracruz.com\\\/#organization\",\"name\":\"Los pol\u00edticos Veracruz\",\"url\":\"https:\\\/\\\/lospoliticosveracruz.com\\\/\",\"logo\":{\"@type\":\"ImageObject\",\"inLanguage\":\"es\",\"@id\":\"https:\\\/\\\/lospoliticosveracruz.com\\\/#\\\/schema\\\/logo\\\/image\\\/\",\"url\":\"https:\\\/\\\/lospoliticosveracruz.com\\\/wp-content\\\/uploads\\\/2025\\\/12\\\/Logo-Nuevo-LOS-POLITICOS-1.jpg\",\"contentUrl\":\"https:\\\/\\\/lospoliticosveracruz.com\\\/wp-content\\\/uploads\\\/2025\\\/12\\\/Logo-Nuevo-LOS-POLITICOS-1.jpg\",\"width\":260,\"height\":70,\"caption\":\"Los pol\u00edticos Veracruz\"},\"image\":{\"@id\":\"https:\\\/\\\/lospoliticosveracruz.com\\\/#\\\/schema\\\/logo\\\/image\\\/\"},\"sameAs\":[\"https:\\\/\\\/www.facebook.com\\\/people\\\/Notimemes-de-los-Polticos\\\/61565672886568\\\/\",\"https:\\\/\\\/x.com\\\/LosPoliticosVer\"]},{\"@type\":\"Person\",\"@id\":\"https:\\\/\\\/lospoliticosveracruz.com\\\/#\\\/schema\\\/person\\\/b8702bb0e538456e6efd07080bf2a4a2\",\"name\":\"Lo viste en Los Pol\u00edticos\",\"image\":{\"@type\":\"ImageObject\",\"inLanguage\":\"es\",\"@id\":\"https:\\\/\\\/secure.gravatar.com\\\/avatar\\\/3a8de04a2656d44082be478bd6c086daa447c4651605818287b9532d3d0bd435?s=96&d=mm&r=g\",\"url\":\"https:\\\/\\\/secure.gravatar.com\\\/avatar\\\/3a8de04a2656d44082be478bd6c086daa447c4651605818287b9532d3d0bd435?s=96&d=mm&r=g\",\"contentUrl\":\"https:\\\/\\\/secure.gravatar.com\\\/avatar\\\/3a8de04a2656d44082be478bd6c086daa447c4651605818287b9532d3d0bd435?s=96&d=mm&r=g\",\"caption\":\"Lo viste en Los Pol\u00edticos\"},\"url\":\"https:\\\/\\\/lospoliticosveracruz.com\\\/?author=2\"}]}<\/script>\n<!-- \/ Yoast SEO plugin. -->","yoast_head_json":{"title":"Caiga quien caiga - Los pol\u00edticos Veracruz","robots":{"index":"index","follow":"follow","max-snippet":"max-snippet:-1","max-image-preview":"max-image-preview:large","max-video-preview":"max-video-preview:-1"},"canonical":"https:\/\/lospoliticosveracruz.com\/?p=33045","og_locale":"es_ES","og_type":"article","og_title":"Caiga quien caiga - Los pol\u00edticos Veracruz","og_description":"Brenda Caballero N\u00fameros Rojos Disculpe usted si escribo de mujeres en jueves, pero cr\u00e9ame, no puedo esperar hasta el lunes. Los sucesos que estamos viviendo involucran a varias f\u00e9minas que est\u00e1n inmersas en la pol\u00edtica veracruzana y que desafortunadamente est\u00e1n dando de qu\u00e9 hablar de manera negativa. Primero Eva Cadena, diputada con licencia de Morena, [&hellip;]","og_url":"https:\/\/lospoliticosveracruz.com\/?p=33045","og_site_name":"Los pol\u00edticos Veracruz","article_publisher":"https:\/\/www.facebook.com\/people\/Notimemes-de-los-Polticos\/61565672886568\/","article_published_time":"2017-04-27T02:21:28+00:00","og_image":[{"width":200,"height":200,"url":"https:\/\/lospoliticosveracruz.com\/wp-content\/uploads\/2016\/07\/Logo-Dor.jpg","type":"image\/jpeg"}],"author":"Lo viste en Los Pol\u00edticos","twitter_card":"summary_large_image","twitter_creator":"@LosPoliticosVer","twitter_site":"@LosPoliticosVer","twitter_misc":{"Escrito por":"Lo viste en Los Pol\u00edticos","Tiempo de lectura":"3 minutos"},"schema":{"@context":"https:\/\/schema.org","@graph":[{"@type":"Article","@id":"https:\/\/lospoliticosveracruz.com\/?p=33045#article","isPartOf":{"@id":"https:\/\/lospoliticosveracruz.com\/?p=33045"},"author":{"name":"Lo viste en Los Pol\u00edticos","@id":"https:\/\/lospoliticosveracruz.com\/#\/schema\/person\/b8702bb0e538456e6efd07080bf2a4a2"},"headline":"Caiga quien caiga","datePublished":"2017-04-27T02:21:28+00:00","mainEntityOfPage":{"@id":"https:\/\/lospoliticosveracruz.com\/?p=33045"},"wordCount":663,"commentCount":0,"publisher":{"@id":"https:\/\/lospoliticosveracruz.com\/#organization"},"keywords":["Eva Cadena","Gina Dom\u00ednguez Col\u00edo","Mar\u00eda del Carmen Castel\u00e1n","Morena","Octavia Ortega Arteaga"],"articleSection":["De Opini\u00f3n"],"inLanguage":"es","potentialAction":[{"@type":"CommentAction","name":"Comment","target":["https:\/\/lospoliticosveracruz.com\/?p=33045#respond"]}]},{"@type":"WebPage","@id":"https:\/\/lospoliticosveracruz.com\/?p=33045","url":"https:\/\/lospoliticosveracruz.com\/?p=33045","name":"Caiga quien caiga - Los pol\u00edticos Veracruz","isPartOf":{"@id":"https:\/\/lospoliticosveracruz.com\/#website"},"datePublished":"2017-04-27T02:21:28+00:00","breadcrumb":{"@id":"https:\/\/lospoliticosveracruz.com\/?p=33045#breadcrumb"},"inLanguage":"es","potentialAction":[{"@type":"ReadAction","target":["https:\/\/lospoliticosveracruz.com\/?p=33045"]}]},{"@type":"BreadcrumbList","@id":"https:\/\/lospoliticosveracruz.com\/?p=33045#breadcrumb","itemListElement":[{"@type":"ListItem","position":1,"name":"Portada","item":"https:\/\/lospoliticosveracruz.com\/"},{"@type":"ListItem","position":2,"name":"Caiga quien caiga"}]},{"@type":"WebSite","@id":"https:\/\/lospoliticosveracruz.com\/#website","url":"https:\/\/lospoliticosveracruz.com\/","name":"Los pol\u00edticos Veracruz","description":"","publisher":{"@id":"https:\/\/lospoliticosveracruz.com\/#organization"},"potentialAction":[{"@type":"SearchAction","target":{"@type":"EntryPoint","urlTemplate":"https:\/\/lospoliticosveracruz.com\/?s={search_term_string}"},"query-input":{"@type":"PropertyValueSpecification","valueRequired":true,"valueName":"search_term_string"}}],"inLanguage":"es"},{"@type":"Organization","@id":"https:\/\/lospoliticosveracruz.com\/#organization","name":"Los pol\u00edticos Veracruz","url":"https:\/\/lospoliticosveracruz.com\/","logo":{"@type":"ImageObject","inLanguage":"es","@id":"https:\/\/lospoliticosveracruz.com\/#\/schema\/logo\/image\/","url":"https:\/\/lospoliticosveracruz.com\/wp-content\/uploads\/2025\/12\/Logo-Nuevo-LOS-POLITICOS-1.jpg","contentUrl":"https:\/\/lospoliticosveracruz.com\/wp-content\/uploads\/2025\/12\/Logo-Nuevo-LOS-POLITICOS-1.jpg","width":260,"height":70,"caption":"Los pol\u00edticos Veracruz"},"image":{"@id":"https:\/\/lospoliticosveracruz.com\/#\/schema\/logo\/image\/"},"sameAs":["https:\/\/www.facebook.com\/people\/Notimemes-de-los-Polticos\/61565672886568\/","https:\/\/x.com\/LosPoliticosVer"]},{"@type":"Person","@id":"https:\/\/lospoliticosveracruz.com\/#\/schema\/person\/b8702bb0e538456e6efd07080bf2a4a2","name":"Lo viste en Los Pol\u00edticos","image":{"@type":"ImageObject","inLanguage":"es","@id":"https:\/\/secure.gravatar.com\/avatar\/3a8de04a2656d44082be478bd6c086daa447c4651605818287b9532d3d0bd435?s=96&d=mm&r=g","url":"https:\/\/secure.gravatar.com\/avatar\/3a8de04a2656d44082be478bd6c086daa447c4651605818287b9532d3d0bd435?s=96&d=mm&r=g","contentUrl":"https:\/\/secure.gravatar.com\/avatar\/3a8de04a2656d44082be478bd6c086daa447c4651605818287b9532d3d0bd435?s=96&d=mm&r=g","caption":"Lo viste en Los Pol\u00edticos"},"url":"https:\/\/lospoliticosveracruz.com\/?author=2"}]}},"_links":{"self":[{"href":"https:\/\/lospoliticosveracruz.com\/index.php?rest_route=\/wp\/v2\/posts\/33045","targetHints":{"allow":["GET"]}}],"collection":[{"href":"https:\/\/lospoliticosveracruz.com\/index.php?rest_route=\/wp\/v2\/posts"}],"about":[{"href":"https:\/\/lospoliticosveracruz.com\/index.php?rest_route=\/wp\/v2\/types\/post"}],"author":[{"embeddable":true,"href":"https:\/\/lospoliticosveracruz.com\/index.php?rest_route=\/wp\/v2\/users\/2"}],"replies":[{"embeddable":true,"href":"https:\/\/lospoliticosveracruz.com\/index.php?rest_route=%2Fwp%2Fv2%2Fcomments&post=33045"}],"version-history":[{"count":2,"href":"https:\/\/lospoliticosveracruz.com\/index.php?rest_route=\/wp\/v2\/posts\/33045\/revisions"}],"predecessor-version":[{"id":33099,"href":"https:\/\/lospoliticosveracruz.com\/index.php?rest_route=\/wp\/v2\/posts\/33045\/revisions\/33099"}],"wp:attachment":[{"href":"https:\/\/lospoliticosveracruz.com\/index.php?rest_route=%2Fwp%2Fv2%2Fmedia&parent=33045"}],"wp:term":[{"taxonomy":"category","embeddable":true,"href":"https:\/\/lospoliticosveracruz.com\/index.php?rest_route=%2Fwp%2Fv2%2Fcategories&post=33045"},{"taxonomy":"post_tag","embeddable":true,"href":"https:\/\/lospoliticosveracruz.com\/index.php?rest_route=%2Fwp%2Fv2%2Ftags&post=33045"}],"curies":[{"name":"wp","href":"https:\/\/api.w.org\/{rel}","templated":true}]}}