{"id":33315,"date":"2017-04-29T07:47:07","date_gmt":"2017-04-29T12:47:07","guid":{"rendered":"http:\/\/www.lospoliticosveracruz.com.mx\/?p=33315"},"modified":"2017-04-29T07:47:31","modified_gmt":"2017-04-29T12:47:31","slug":"si-tarek-se-salvo-el-tibu-por-que-no","status":"publish","type":"post","link":"https:\/\/lospoliticosveracruz.com\/?p=33315","title":{"rendered":"Si Tarek se salv\u00f3 \u00bfEl Tibu por qu\u00e9 no?"},"content":{"rendered":"<p><strong>Brenda Caballero<\/strong><\/p>\n<p><em>N\u00fameros Rojos<\/em><\/p>\n<p>Son las 20:30 y empiezo a escribir, al mismo tiempo que el hombre sintoniza el partido del Tibur\u00f3n contra Monterrey. Reconozco que no soy\u00a0\u00a0tiburona de coraz\u00f3n, m\u00e1s bien \u00e1guila (espero que mi afinidad al Am\u00e9rica no lo decepcione y siga leyendo mis columnas), aunque en general me gusta el f\u00fatbol y disfruto ver cualquier equipo.<\/p>\n<p>Aun recuerdo cuando adolescente fui portera varias veces, m\u00e1s bien lo recuerdan mis mu\u00f1ecas pues nunca use guantes.<\/p>\n<p>Pero regresando al Pirata donde f\u00e1cil se alcanzan los 30 grados con una sensaci\u00f3n t\u00e9rmica mayor, la gente grita y aplaude a su equipo para que no se vaya. En twitter tambi\u00e9n el apoyo est\u00e1 con el hashtag #ElTibuNoSeVa.<\/p>\n<p>Minuto 25, y el Chaca Arev\u00e1lo anota. La esperanza renace, pues este partido es clave para que los Tiburones de Veracruz no desciendan.<\/p>\n<p>Aunque por all\u00ed corri\u00f3 el rumor de que ya no lo quer\u00edan en primera por todos los esc\u00e1ndalos que ha generado por sus finanzas y por su due\u00f1o Fidel Kuri Grajales, el que por cierto va a contender por la alcald\u00eda del Puerto de Veracruz.<\/p>\n<p>Mientras se desarrolla el partido y los jarochos hacen changuitos para que el Tibu no se vaya, pues representa una fuente de ingresos para varias familias y por supuesto una velita para Fidel Kuri Grajales para promocionar su imagen rumbo a la alcald\u00eda.<\/p>\n<p>Si hacemos memoria, los Tiburones fueron usados como plataforma a la diputaci\u00f3n en el arranque de campa\u00f1a de Kuri Grajales por la diputaci\u00f3n federal por el distrito de Orizaba y hasta recibi\u00f3 en el 2015 un jal\u00f3n de orejas por parte del Instituto Nacional Electoral, ante la queja de Luis Brise\u00f1o Cort\u00e9s, presidente en ese entonces del Comit\u00e9 Directivo Municipal del PAN, por llevarlos a un desfile en Orizaba con toda la intenci\u00f3n de promocionarse y obtener el voto. Kuri aleg\u00f3 puritita coincidencia, pero si tom\u00f3 la bandera deportiva y hasta la puntada de prometer construir un estadio para los orizabe\u00f1os, del cual no se han visto ni los cimientos.<\/p>\n<p>Eso s\u00ed, quienes le est\u00e1n ganando el mandado son los empresarios Hugo Chah\u00edn Maluly, de Orizaba, y Ra\u00fal Centeno, de Chiapas, quienes ya est\u00e1n viendo hasta los terrenos en los municipios de Huiloapan de Cuauth\u00e9moc, Ixtaczoquitl\u00e1n o Rafael Delgado.<\/p>\n<p>El partido termina y hasta el momento el Tibu est\u00e1 medio salvado del descenso, aunque la definici\u00f3n ser\u00e1 el d\u00eda de hoy con los juegos de Jaguares y Monarcas\u2026 si alguno pierde, de inmediato Kuri Grajales junto con sus Tiburones Rojos estar\u00e1n en la campa\u00f1a, \u00a1perd\u00f3n! \u00a1estar\u00e1n salvados!<\/p>\n<p>Y mire que ya est\u00e1 planeando usar al equipo para sus \u201cintenciones electoreras\u201d, pues hace tres d\u00edas declar\u00f3 que construir\u00e1 un estadio en Veracruz, pues el que est\u00e1 en Boca del R\u00edo, el Pirata Fuente, casa del Tibur\u00f3n de toda la vida, es muy peque\u00f1o y ya no caben.<\/p>\n<p>Si Tarek se salv\u00f3 \u00bfEl Tibu por qu\u00e9 no?<\/p>\n<p>&nbsp;<\/p>\n<p>&nbsp;<\/p>\n<p><a href=\"mailto:caballero_brenda@hotmail.com\">caballero_brenda@hotmail.com<\/a><\/p>\n<p>&nbsp;<\/p>\n<p><u>@NumerosRojos_BC<\/u><\/p>\n","protected":false},"excerpt":{"rendered":"<p>Brenda Caballero N\u00fameros Rojos Son las 20:30 y empiezo a escribir, al mismo tiempo que el hombre sintoniza el partido del Tibur\u00f3n contra Monterrey. Reconozco que no soy\u00a0\u00a0tiburona de coraz\u00f3n, m\u00e1s bien \u00e1guila (espero que mi afinidad al Am\u00e9rica no lo decepcione y siga leyendo mis columnas), aunque en general me gusta el f\u00fatbol y [&hellip;]<\/p>\n","protected":false},"author":2,"featured_media":0,"comment_status":"open","ping_status":"open","sticky":false,"template":"","format":"standard","meta":{"tdm_status":"","tdm_grid_status":"","footnotes":""},"categories":[1],"tags":[608,7585,1639,266,8134,1641],"class_list":{"0":"post-33315","1":"post","2":"type-post","3":"status-publish","4":"format-standard","6":"category-sin-categoria","7":"tag-fidel-kuri-grajales","8":"tag-hugo-chahin-maluly","9":"tag-orizaba","10":"tag-pan","11":"tag-pirata-fuente","12":"tag-tiburones-rojos"},"yoast_head":"<!-- This site is optimized with the Yoast SEO plugin v27.4 - https:\/\/yoast.com\/product\/yoast-seo-wordpress\/ -->\n<title>Si Tarek se salv\u00f3 \u00bfEl Tibu por qu\u00e9 no? - Los pol\u00edticos Veracruz<\/title>\n<meta name=\"robots\" content=\"index, follow, max-snippet:-1, max-image-preview:large, max-video-preview:-1\" \/>\n<link rel=\"canonical\" href=\"https:\/\/lospoliticosveracruz.com\/?p=33315\" \/>\n<meta property=\"og:locale\" content=\"es_ES\" \/>\n<meta property=\"og:type\" content=\"article\" \/>\n<meta property=\"og:title\" content=\"Si Tarek se salv\u00f3 \u00bfEl Tibu por qu\u00e9 no? - Los pol\u00edticos Veracruz\" \/>\n<meta property=\"og:description\" content=\"Brenda Caballero N\u00fameros Rojos Son las 20:30 y empiezo a escribir, al mismo tiempo que el hombre sintoniza el partido del Tibur\u00f3n contra Monterrey. Reconozco que no soy\u00a0\u00a0tiburona de coraz\u00f3n, m\u00e1s bien \u00e1guila (espero que mi afinidad al Am\u00e9rica no lo decepcione y siga leyendo mis columnas), aunque en general me gusta el f\u00fatbol y [&hellip;]\" \/>\n<meta property=\"og:url\" content=\"https:\/\/lospoliticosveracruz.com\/?p=33315\" \/>\n<meta property=\"og:site_name\" content=\"Los pol\u00edticos Veracruz\" \/>\n<meta property=\"article:publisher\" content=\"https:\/\/www.facebook.com\/people\/Notimemes-de-los-Polticos\/61565672886568\/\" \/>\n<meta property=\"article:published_time\" content=\"2017-04-29T12:47:07+00:00\" \/>\n<meta property=\"article:modified_time\" content=\"2017-04-29T12:47:31+00:00\" \/>\n<meta property=\"og:image\" content=\"https:\/\/lospoliticosveracruz.com\/wp-content\/uploads\/2016\/07\/Logo-Dor.jpg\" \/>\n\t<meta property=\"og:image:width\" content=\"200\" \/>\n\t<meta property=\"og:image:height\" content=\"200\" \/>\n\t<meta property=\"og:image:type\" content=\"image\/jpeg\" \/>\n<meta name=\"author\" content=\"Lo viste en Los Pol\u00edticos\" \/>\n<meta name=\"twitter:card\" content=\"summary_large_image\" \/>\n<meta name=\"twitter:creator\" content=\"@LosPoliticosVer\" \/>\n<meta name=\"twitter:site\" content=\"@LosPoliticosVer\" \/>\n<meta name=\"twitter:label1\" content=\"Escrito por\" \/>\n\t<meta name=\"twitter:data1\" content=\"Lo viste en Los Pol\u00edticos\" \/>\n\t<meta name=\"twitter:label2\" content=\"Tiempo de lectura\" \/>\n\t<meta name=\"twitter:data2\" content=\"3 minutos\" \/>\n<script type=\"application\/ld+json\" class=\"yoast-schema-graph\">{\"@context\":\"https:\\\/\\\/schema.org\",\"@graph\":[{\"@type\":\"Article\",\"@id\":\"https:\\\/\\\/lospoliticosveracruz.com\\\/?p=33315#article\",\"isPartOf\":{\"@id\":\"https:\\\/\\\/lospoliticosveracruz.com\\\/?p=33315\"},\"author\":{\"name\":\"Lo viste en Los Pol\u00edticos\",\"@id\":\"https:\\\/\\\/lospoliticosveracruz.com\\\/#\\\/schema\\\/person\\\/b8702bb0e538456e6efd07080bf2a4a2\"},\"headline\":\"Si Tarek se salv\u00f3 \u00bfEl Tibu por qu\u00e9 no?\",\"datePublished\":\"2017-04-29T12:47:07+00:00\",\"dateModified\":\"2017-04-29T12:47:31+00:00\",\"mainEntityOfPage\":{\"@id\":\"https:\\\/\\\/lospoliticosveracruz.com\\\/?p=33315\"},\"wordCount\":539,\"commentCount\":0,\"publisher\":{\"@id\":\"https:\\\/\\\/lospoliticosveracruz.com\\\/#organization\"},\"keywords\":[\"Fidel Kuri Grajales\",\"Hugo Chah\u00edn Maluly\",\"Orizaba\",\"PAN\",\"Pirata Fuente\",\"Tiburones Rojos\"],\"inLanguage\":\"es\",\"potentialAction\":[{\"@type\":\"CommentAction\",\"name\":\"Comment\",\"target\":[\"https:\\\/\\\/lospoliticosveracruz.com\\\/?p=33315#respond\"]}]},{\"@type\":\"WebPage\",\"@id\":\"https:\\\/\\\/lospoliticosveracruz.com\\\/?p=33315\",\"url\":\"https:\\\/\\\/lospoliticosveracruz.com\\\/?p=33315\",\"name\":\"Si Tarek se salv\u00f3 \u00bfEl Tibu por qu\u00e9 no? - Los pol\u00edticos Veracruz\",\"isPartOf\":{\"@id\":\"https:\\\/\\\/lospoliticosveracruz.com\\\/#website\"},\"datePublished\":\"2017-04-29T12:47:07+00:00\",\"dateModified\":\"2017-04-29T12:47:31+00:00\",\"breadcrumb\":{\"@id\":\"https:\\\/\\\/lospoliticosveracruz.com\\\/?p=33315#breadcrumb\"},\"inLanguage\":\"es\",\"potentialAction\":[{\"@type\":\"ReadAction\",\"target\":[\"https:\\\/\\\/lospoliticosveracruz.com\\\/?p=33315\"]}]},{\"@type\":\"BreadcrumbList\",\"@id\":\"https:\\\/\\\/lospoliticosveracruz.com\\\/?p=33315#breadcrumb\",\"itemListElement\":[{\"@type\":\"ListItem\",\"position\":1,\"name\":\"Portada\",\"item\":\"https:\\\/\\\/lospoliticosveracruz.com\\\/\"},{\"@type\":\"ListItem\",\"position\":2,\"name\":\"Si Tarek se salv\u00f3 \u00bfEl Tibu por qu\u00e9 no?\"}]},{\"@type\":\"WebSite\",\"@id\":\"https:\\\/\\\/lospoliticosveracruz.com\\\/#website\",\"url\":\"https:\\\/\\\/lospoliticosveracruz.com\\\/\",\"name\":\"Los pol\u00edticos Veracruz\",\"description\":\"\",\"publisher\":{\"@id\":\"https:\\\/\\\/lospoliticosveracruz.com\\\/#organization\"},\"potentialAction\":[{\"@type\":\"SearchAction\",\"target\":{\"@type\":\"EntryPoint\",\"urlTemplate\":\"https:\\\/\\\/lospoliticosveracruz.com\\\/?s={search_term_string}\"},\"query-input\":{\"@type\":\"PropertyValueSpecification\",\"valueRequired\":true,\"valueName\":\"search_term_string\"}}],\"inLanguage\":\"es\"},{\"@type\":\"Organization\",\"@id\":\"https:\\\/\\\/lospoliticosveracruz.com\\\/#organization\",\"name\":\"Los pol\u00edticos Veracruz\",\"url\":\"https:\\\/\\\/lospoliticosveracruz.com\\\/\",\"logo\":{\"@type\":\"ImageObject\",\"inLanguage\":\"es\",\"@id\":\"https:\\\/\\\/lospoliticosveracruz.com\\\/#\\\/schema\\\/logo\\\/image\\\/\",\"url\":\"https:\\\/\\\/lospoliticosveracruz.com\\\/wp-content\\\/uploads\\\/2025\\\/12\\\/Logo-Nuevo-LOS-POLITICOS-1.jpg\",\"contentUrl\":\"https:\\\/\\\/lospoliticosveracruz.com\\\/wp-content\\\/uploads\\\/2025\\\/12\\\/Logo-Nuevo-LOS-POLITICOS-1.jpg\",\"width\":260,\"height\":70,\"caption\":\"Los pol\u00edticos Veracruz\"},\"image\":{\"@id\":\"https:\\\/\\\/lospoliticosveracruz.com\\\/#\\\/schema\\\/logo\\\/image\\\/\"},\"sameAs\":[\"https:\\\/\\\/www.facebook.com\\\/people\\\/Notimemes-de-los-Polticos\\\/61565672886568\\\/\",\"https:\\\/\\\/x.com\\\/LosPoliticosVer\"]},{\"@type\":\"Person\",\"@id\":\"https:\\\/\\\/lospoliticosveracruz.com\\\/#\\\/schema\\\/person\\\/b8702bb0e538456e6efd07080bf2a4a2\",\"name\":\"Lo viste en Los Pol\u00edticos\",\"image\":{\"@type\":\"ImageObject\",\"inLanguage\":\"es\",\"@id\":\"https:\\\/\\\/secure.gravatar.com\\\/avatar\\\/3a8de04a2656d44082be478bd6c086daa447c4651605818287b9532d3d0bd435?s=96&d=mm&r=g\",\"url\":\"https:\\\/\\\/secure.gravatar.com\\\/avatar\\\/3a8de04a2656d44082be478bd6c086daa447c4651605818287b9532d3d0bd435?s=96&d=mm&r=g\",\"contentUrl\":\"https:\\\/\\\/secure.gravatar.com\\\/avatar\\\/3a8de04a2656d44082be478bd6c086daa447c4651605818287b9532d3d0bd435?s=96&d=mm&r=g\",\"caption\":\"Lo viste en Los Pol\u00edticos\"},\"url\":\"https:\\\/\\\/lospoliticosveracruz.com\\\/?author=2\"}]}<\/script>\n<!-- \/ Yoast SEO plugin. -->","yoast_head_json":{"title":"Si Tarek se salv\u00f3 \u00bfEl Tibu por qu\u00e9 no? - Los pol\u00edticos Veracruz","robots":{"index":"index","follow":"follow","max-snippet":"max-snippet:-1","max-image-preview":"max-image-preview:large","max-video-preview":"max-video-preview:-1"},"canonical":"https:\/\/lospoliticosveracruz.com\/?p=33315","og_locale":"es_ES","og_type":"article","og_title":"Si Tarek se salv\u00f3 \u00bfEl Tibu por qu\u00e9 no? - Los pol\u00edticos Veracruz","og_description":"Brenda Caballero N\u00fameros Rojos Son las 20:30 y empiezo a escribir, al mismo tiempo que el hombre sintoniza el partido del Tibur\u00f3n contra Monterrey. Reconozco que no soy\u00a0\u00a0tiburona de coraz\u00f3n, m\u00e1s bien \u00e1guila (espero que mi afinidad al Am\u00e9rica no lo decepcione y siga leyendo mis columnas), aunque en general me gusta el f\u00fatbol y [&hellip;]","og_url":"https:\/\/lospoliticosveracruz.com\/?p=33315","og_site_name":"Los pol\u00edticos Veracruz","article_publisher":"https:\/\/www.facebook.com\/people\/Notimemes-de-los-Polticos\/61565672886568\/","article_published_time":"2017-04-29T12:47:07+00:00","article_modified_time":"2017-04-29T12:47:31+00:00","og_image":[{"width":200,"height":200,"url":"https:\/\/lospoliticosveracruz.com\/wp-content\/uploads\/2016\/07\/Logo-Dor.jpg","type":"image\/jpeg"}],"author":"Lo viste en Los Pol\u00edticos","twitter_card":"summary_large_image","twitter_creator":"@LosPoliticosVer","twitter_site":"@LosPoliticosVer","twitter_misc":{"Escrito por":"Lo viste en Los Pol\u00edticos","Tiempo de lectura":"3 minutos"},"schema":{"@context":"https:\/\/schema.org","@graph":[{"@type":"Article","@id":"https:\/\/lospoliticosveracruz.com\/?p=33315#article","isPartOf":{"@id":"https:\/\/lospoliticosveracruz.com\/?p=33315"},"author":{"name":"Lo viste en Los Pol\u00edticos","@id":"https:\/\/lospoliticosveracruz.com\/#\/schema\/person\/b8702bb0e538456e6efd07080bf2a4a2"},"headline":"Si Tarek se salv\u00f3 \u00bfEl Tibu por qu\u00e9 no?","datePublished":"2017-04-29T12:47:07+00:00","dateModified":"2017-04-29T12:47:31+00:00","mainEntityOfPage":{"@id":"https:\/\/lospoliticosveracruz.com\/?p=33315"},"wordCount":539,"commentCount":0,"publisher":{"@id":"https:\/\/lospoliticosveracruz.com\/#organization"},"keywords":["Fidel Kuri Grajales","Hugo Chah\u00edn Maluly","Orizaba","PAN","Pirata Fuente","Tiburones Rojos"],"inLanguage":"es","potentialAction":[{"@type":"CommentAction","name":"Comment","target":["https:\/\/lospoliticosveracruz.com\/?p=33315#respond"]}]},{"@type":"WebPage","@id":"https:\/\/lospoliticosveracruz.com\/?p=33315","url":"https:\/\/lospoliticosveracruz.com\/?p=33315","name":"Si Tarek se salv\u00f3 \u00bfEl Tibu por qu\u00e9 no? - Los pol\u00edticos Veracruz","isPartOf":{"@id":"https:\/\/lospoliticosveracruz.com\/#website"},"datePublished":"2017-04-29T12:47:07+00:00","dateModified":"2017-04-29T12:47:31+00:00","breadcrumb":{"@id":"https:\/\/lospoliticosveracruz.com\/?p=33315#breadcrumb"},"inLanguage":"es","potentialAction":[{"@type":"ReadAction","target":["https:\/\/lospoliticosveracruz.com\/?p=33315"]}]},{"@type":"BreadcrumbList","@id":"https:\/\/lospoliticosveracruz.com\/?p=33315#breadcrumb","itemListElement":[{"@type":"ListItem","position":1,"name":"Portada","item":"https:\/\/lospoliticosveracruz.com\/"},{"@type":"ListItem","position":2,"name":"Si Tarek se salv\u00f3 \u00bfEl Tibu por qu\u00e9 no?"}]},{"@type":"WebSite","@id":"https:\/\/lospoliticosveracruz.com\/#website","url":"https:\/\/lospoliticosveracruz.com\/","name":"Los pol\u00edticos Veracruz","description":"","publisher":{"@id":"https:\/\/lospoliticosveracruz.com\/#organization"},"potentialAction":[{"@type":"SearchAction","target":{"@type":"EntryPoint","urlTemplate":"https:\/\/lospoliticosveracruz.com\/?s={search_term_string}"},"query-input":{"@type":"PropertyValueSpecification","valueRequired":true,"valueName":"search_term_string"}}],"inLanguage":"es"},{"@type":"Organization","@id":"https:\/\/lospoliticosveracruz.com\/#organization","name":"Los pol\u00edticos Veracruz","url":"https:\/\/lospoliticosveracruz.com\/","logo":{"@type":"ImageObject","inLanguage":"es","@id":"https:\/\/lospoliticosveracruz.com\/#\/schema\/logo\/image\/","url":"https:\/\/lospoliticosveracruz.com\/wp-content\/uploads\/2025\/12\/Logo-Nuevo-LOS-POLITICOS-1.jpg","contentUrl":"https:\/\/lospoliticosveracruz.com\/wp-content\/uploads\/2025\/12\/Logo-Nuevo-LOS-POLITICOS-1.jpg","width":260,"height":70,"caption":"Los pol\u00edticos Veracruz"},"image":{"@id":"https:\/\/lospoliticosveracruz.com\/#\/schema\/logo\/image\/"},"sameAs":["https:\/\/www.facebook.com\/people\/Notimemes-de-los-Polticos\/61565672886568\/","https:\/\/x.com\/LosPoliticosVer"]},{"@type":"Person","@id":"https:\/\/lospoliticosveracruz.com\/#\/schema\/person\/b8702bb0e538456e6efd07080bf2a4a2","name":"Lo viste en Los Pol\u00edticos","image":{"@type":"ImageObject","inLanguage":"es","@id":"https:\/\/secure.gravatar.com\/avatar\/3a8de04a2656d44082be478bd6c086daa447c4651605818287b9532d3d0bd435?s=96&d=mm&r=g","url":"https:\/\/secure.gravatar.com\/avatar\/3a8de04a2656d44082be478bd6c086daa447c4651605818287b9532d3d0bd435?s=96&d=mm&r=g","contentUrl":"https:\/\/secure.gravatar.com\/avatar\/3a8de04a2656d44082be478bd6c086daa447c4651605818287b9532d3d0bd435?s=96&d=mm&r=g","caption":"Lo viste en Los Pol\u00edticos"},"url":"https:\/\/lospoliticosveracruz.com\/?author=2"}]}},"_links":{"self":[{"href":"https:\/\/lospoliticosveracruz.com\/index.php?rest_route=\/wp\/v2\/posts\/33315","targetHints":{"allow":["GET"]}}],"collection":[{"href":"https:\/\/lospoliticosveracruz.com\/index.php?rest_route=\/wp\/v2\/posts"}],"about":[{"href":"https:\/\/lospoliticosveracruz.com\/index.php?rest_route=\/wp\/v2\/types\/post"}],"author":[{"embeddable":true,"href":"https:\/\/lospoliticosveracruz.com\/index.php?rest_route=\/wp\/v2\/users\/2"}],"replies":[{"embeddable":true,"href":"https:\/\/lospoliticosveracruz.com\/index.php?rest_route=%2Fwp%2Fv2%2Fcomments&post=33315"}],"version-history":[{"count":1,"href":"https:\/\/lospoliticosveracruz.com\/index.php?rest_route=\/wp\/v2\/posts\/33315\/revisions"}],"predecessor-version":[{"id":33316,"href":"https:\/\/lospoliticosveracruz.com\/index.php?rest_route=\/wp\/v2\/posts\/33315\/revisions\/33316"}],"wp:attachment":[{"href":"https:\/\/lospoliticosveracruz.com\/index.php?rest_route=%2Fwp%2Fv2%2Fmedia&parent=33315"}],"wp:term":[{"taxonomy":"category","embeddable":true,"href":"https:\/\/lospoliticosveracruz.com\/index.php?rest_route=%2Fwp%2Fv2%2Fcategories&post=33315"},{"taxonomy":"post_tag","embeddable":true,"href":"https:\/\/lospoliticosveracruz.com\/index.php?rest_route=%2Fwp%2Fv2%2Ftags&post=33315"}],"curies":[{"name":"wp","href":"https:\/\/api.w.org\/{rel}","templated":true}]}}