{"id":33425,"date":"2017-05-03T13:08:08","date_gmt":"2017-05-03T18:08:08","guid":{"rendered":"http:\/\/www.lospoliticosveracruz.com.mx\/?p=33425"},"modified":"2017-05-03T13:08:08","modified_gmt":"2017-05-03T18:08:08","slug":"listos-o-no-ahi-van","status":"publish","type":"post","link":"https:\/\/lospoliticosveracruz.com\/?p=33425","title":{"rendered":"Listos o no, ah\u00ed van"},"content":{"rendered":"<p><strong>David Carri\u00f3n Rosales<\/strong><\/p>\n<p><em>Tragos de caf\u00e9<\/em><\/p>\n<p>&nbsp;<\/p>\n<p>&nbsp;<\/p>\n<p>En punto de las 00:00h del 2 de mayo comenzaron oficialmente las campa\u00f1as para elegir a los 212 ediles en Veracruz.<\/p>\n<p>La jornada electoral en Veracruz ser\u00e1 una de las cuatro que habr\u00e1 en todo el pa\u00eds y en la que se eligen m\u00e1s cargos de todas ellas.<\/p>\n<p>51 en Nayarit y 64 en Coahuila, renovando en ambos casos el Congreso, la gubernatura y los ediles. La madre de las elecciones en el EdoMex s\u00f3lo renueva al Gobernador.<\/p>\n<p>Nuestra joven democracia viene este a\u00f1o acompa\u00f1ada del Manual de G\u00e9nero, un librito de 71 p\u00e1ginas que explica con palitos y bolitas la nueva forma de competir en los procesos electorales de la mano de la equidad de g\u00e9nero.<\/p>\n<p>Este librito puso a trabajar a todos los partidos y todos los candidatos, que todav\u00eda andan presentando sus sustituciones y cambios en sus planillas.<\/p>\n<p>En Xalapa estuvo m\u00e1s competida la primera regidur\u00eda que la candidatura misma. Al final pudo m\u00e1s el peso del Peso, que la experiencia o la juventud.<\/p>\n<p>A pesar de exigir, lo que por estatuto les corresponder\u00eda, ning\u00fan joven destacado de la pol\u00edtica xalape\u00f1a est\u00e1 con Alejandro Montano. Al joven fuerte del propio alcalde, Rodrigo Montoya, con suela gastadita, lo dejaron fuera. Otros j\u00f3venes \u00e1vidos marcharon, unos convocaron en La Parroquia, algunos presentaron oficios y otros dimitieron y quitaron su apoyo al partido, pero ninguno logr\u00f3 ser considerado. A ver si de ahora en adelante las \u201cmodas\u201d pol\u00edticas de inclusi\u00f3n dejan de ser letra muerta.<\/p>\n<p>Luego vienen los candidatos, que en fila recorren desde el primer minuto las colonias de Xalapa. Nicanor Moreira y Ana Miriam Ferr\u00e1ez salieron de la misma meta: Xalitic. Se especul\u00f3 much\u00edsimo sobre ese arranque, sobre todo porque si en verdad hubiera una coalici\u00f3n, seguro ah\u00ed hubiera f\u00f3rmula.<\/p>\n<p>Nicanor Moreira trae un equipazo de campa\u00f1a, se vale de ciudadanos que han sido reconocidos localmente y con Nuestro Municipio A.C. ya tiene recorrido la mayor\u00eda de Xalapa. Caballo que alcanza\u2026<\/p>\n<p>Ana Miriam Ferr\u00e1ez recorre Xalapa con un tono fresoide. El emporio de medios de su familia es la carta fuerte con que cuenta en este momento, adem\u00e1s de que su partido es gobierno, una coyuntura privilegiada.<\/p>\n<p>Hip\u00f3lito Rodr\u00edguezes doctor en Ciencias Sociales, con el mejor perfil acad\u00e9mico pero con cero experiencia, como le gustan a Andr\u00e9s Manuel.<\/p>\n<p>As\u00ed que mucho caf\u00e9 y un poco de paciencia para que estos 30 d\u00edas de campa\u00f1a nos bombardeen por la radio, la televisi\u00f3n, las redes sociales, con los mensajes, las pancartas, los micro perforados, las lonas, los flayers, los espectaculares.<\/p>\n<p><strong>Caf\u00e9 expr\u00e9s<\/strong><\/p>\n<p>El mejor caf\u00e9 de la regi\u00f3n es coatepecano, donde arranca la feria del caf\u00e9. Una feria bastante mejorada con relaci\u00f3n a sus antecesoras, por lo menos ya hay cafeticultores presentes. Su peor momento es cuando se empareja con la de Banderilla, pero como siempre la pol\u00edtica primero y luego, despu\u00e9s: la cultura.<\/p>\n<p>@DavoCarrion<\/p>\n<p>www.journalveracruz.com<\/p>\n","protected":false},"excerpt":{"rendered":"<p>David Carri\u00f3n Rosales Tragos de caf\u00e9 &nbsp; &nbsp; En punto de las 00:00h del 2 de mayo comenzaron oficialmente las campa\u00f1as para elegir a los 212 ediles en Veracruz. La jornada electoral en Veracruz ser\u00e1 una de las cuatro que habr\u00e1 en todo el pa\u00eds y en la que se eligen m\u00e1s cargos de todas [&hellip;]<\/p>\n","protected":false},"author":2,"featured_media":0,"comment_status":"open","ping_status":"open","sticky":false,"template":"","format":"standard","meta":{"tdm_status":"","tdm_grid_status":"","footnotes":""},"categories":[70],"tags":[7408,2334,6952,8175,7094,3027],"class_list":{"0":"post-33425","1":"post","2":"type-post","3":"status-publish","4":"format-standard","6":"category-de-opinion","7":"tag-ana-miriam-ferraez","8":"tag-campanas","9":"tag-elecciones-2017","10":"tag-manual-de-genero","11":"tag-nicanor-moreira","12":"tag-rodrigo-montoya"},"yoast_head":"<!-- This site is optimized with the Yoast SEO plugin v27.4 - https:\/\/yoast.com\/product\/yoast-seo-wordpress\/ -->\n<title>Listos o no, ah\u00ed van - Los pol\u00edticos Veracruz<\/title>\n<meta name=\"robots\" content=\"index, follow, max-snippet:-1, max-image-preview:large, max-video-preview:-1\" \/>\n<link rel=\"canonical\" href=\"https:\/\/lospoliticosveracruz.com\/?p=33425\" \/>\n<meta property=\"og:locale\" content=\"es_ES\" \/>\n<meta property=\"og:type\" content=\"article\" \/>\n<meta property=\"og:title\" content=\"Listos o no, ah\u00ed van - Los pol\u00edticos Veracruz\" \/>\n<meta property=\"og:description\" content=\"David Carri\u00f3n Rosales Tragos de caf\u00e9 &nbsp; &nbsp; En punto de las 00:00h del 2 de mayo comenzaron oficialmente las campa\u00f1as para elegir a los 212 ediles en Veracruz. La jornada electoral en Veracruz ser\u00e1 una de las cuatro que habr\u00e1 en todo el pa\u00eds y en la que se eligen m\u00e1s cargos de todas [&hellip;]\" \/>\n<meta property=\"og:url\" content=\"https:\/\/lospoliticosveracruz.com\/?p=33425\" \/>\n<meta property=\"og:site_name\" content=\"Los pol\u00edticos Veracruz\" \/>\n<meta property=\"article:publisher\" content=\"https:\/\/www.facebook.com\/people\/Notimemes-de-los-Polticos\/61565672886568\/\" \/>\n<meta property=\"article:published_time\" content=\"2017-05-03T18:08:08+00:00\" \/>\n<meta property=\"og:image\" content=\"https:\/\/lospoliticosveracruz.com\/wp-content\/uploads\/2016\/07\/Logo-Dor.jpg\" \/>\n\t<meta property=\"og:image:width\" content=\"200\" \/>\n\t<meta property=\"og:image:height\" content=\"200\" \/>\n\t<meta property=\"og:image:type\" content=\"image\/jpeg\" \/>\n<meta name=\"author\" content=\"Lo viste en Los Pol\u00edticos\" \/>\n<meta name=\"twitter:card\" content=\"summary_large_image\" \/>\n<meta name=\"twitter:creator\" content=\"@LosPoliticosVer\" \/>\n<meta name=\"twitter:site\" content=\"@LosPoliticosVer\" \/>\n<meta name=\"twitter:label1\" content=\"Escrito por\" \/>\n\t<meta name=\"twitter:data1\" content=\"Lo viste en Los Pol\u00edticos\" \/>\n\t<meta name=\"twitter:label2\" content=\"Tiempo de lectura\" \/>\n\t<meta name=\"twitter:data2\" content=\"3 minutos\" \/>\n<script type=\"application\/ld+json\" class=\"yoast-schema-graph\">{\"@context\":\"https:\\\/\\\/schema.org\",\"@graph\":[{\"@type\":\"Article\",\"@id\":\"https:\\\/\\\/lospoliticosveracruz.com\\\/?p=33425#article\",\"isPartOf\":{\"@id\":\"https:\\\/\\\/lospoliticosveracruz.com\\\/?p=33425\"},\"author\":{\"name\":\"Lo viste en Los Pol\u00edticos\",\"@id\":\"https:\\\/\\\/lospoliticosveracruz.com\\\/#\\\/schema\\\/person\\\/b8702bb0e538456e6efd07080bf2a4a2\"},\"headline\":\"Listos o no, ah\u00ed van\",\"datePublished\":\"2017-05-03T18:08:08+00:00\",\"mainEntityOfPage\":{\"@id\":\"https:\\\/\\\/lospoliticosveracruz.com\\\/?p=33425\"},\"wordCount\":527,\"commentCount\":0,\"publisher\":{\"@id\":\"https:\\\/\\\/lospoliticosveracruz.com\\\/#organization\"},\"keywords\":[\"Ana Miriam Ferr\u00e1ez\",\"campa\u00f1as\",\"Elecciones 2017\",\"Manual de G\u00e9nero\",\"Nicanor Moreira\",\"Rodrigo Montoya\"],\"articleSection\":[\"De Opini\u00f3n\"],\"inLanguage\":\"es\",\"potentialAction\":[{\"@type\":\"CommentAction\",\"name\":\"Comment\",\"target\":[\"https:\\\/\\\/lospoliticosveracruz.com\\\/?p=33425#respond\"]}]},{\"@type\":\"WebPage\",\"@id\":\"https:\\\/\\\/lospoliticosveracruz.com\\\/?p=33425\",\"url\":\"https:\\\/\\\/lospoliticosveracruz.com\\\/?p=33425\",\"name\":\"Listos o no, ah\u00ed van - Los pol\u00edticos Veracruz\",\"isPartOf\":{\"@id\":\"https:\\\/\\\/lospoliticosveracruz.com\\\/#website\"},\"datePublished\":\"2017-05-03T18:08:08+00:00\",\"breadcrumb\":{\"@id\":\"https:\\\/\\\/lospoliticosveracruz.com\\\/?p=33425#breadcrumb\"},\"inLanguage\":\"es\",\"potentialAction\":[{\"@type\":\"ReadAction\",\"target\":[\"https:\\\/\\\/lospoliticosveracruz.com\\\/?p=33425\"]}]},{\"@type\":\"BreadcrumbList\",\"@id\":\"https:\\\/\\\/lospoliticosveracruz.com\\\/?p=33425#breadcrumb\",\"itemListElement\":[{\"@type\":\"ListItem\",\"position\":1,\"name\":\"Portada\",\"item\":\"https:\\\/\\\/lospoliticosveracruz.com\\\/\"},{\"@type\":\"ListItem\",\"position\":2,\"name\":\"Listos o no, ah\u00ed van\"}]},{\"@type\":\"WebSite\",\"@id\":\"https:\\\/\\\/lospoliticosveracruz.com\\\/#website\",\"url\":\"https:\\\/\\\/lospoliticosveracruz.com\\\/\",\"name\":\"Los pol\u00edticos Veracruz\",\"description\":\"\",\"publisher\":{\"@id\":\"https:\\\/\\\/lospoliticosveracruz.com\\\/#organization\"},\"potentialAction\":[{\"@type\":\"SearchAction\",\"target\":{\"@type\":\"EntryPoint\",\"urlTemplate\":\"https:\\\/\\\/lospoliticosveracruz.com\\\/?s={search_term_string}\"},\"query-input\":{\"@type\":\"PropertyValueSpecification\",\"valueRequired\":true,\"valueName\":\"search_term_string\"}}],\"inLanguage\":\"es\"},{\"@type\":\"Organization\",\"@id\":\"https:\\\/\\\/lospoliticosveracruz.com\\\/#organization\",\"name\":\"Los pol\u00edticos Veracruz\",\"url\":\"https:\\\/\\\/lospoliticosveracruz.com\\\/\",\"logo\":{\"@type\":\"ImageObject\",\"inLanguage\":\"es\",\"@id\":\"https:\\\/\\\/lospoliticosveracruz.com\\\/#\\\/schema\\\/logo\\\/image\\\/\",\"url\":\"https:\\\/\\\/lospoliticosveracruz.com\\\/wp-content\\\/uploads\\\/2025\\\/12\\\/Logo-Nuevo-LOS-POLITICOS-1.jpg\",\"contentUrl\":\"https:\\\/\\\/lospoliticosveracruz.com\\\/wp-content\\\/uploads\\\/2025\\\/12\\\/Logo-Nuevo-LOS-POLITICOS-1.jpg\",\"width\":260,\"height\":70,\"caption\":\"Los pol\u00edticos Veracruz\"},\"image\":{\"@id\":\"https:\\\/\\\/lospoliticosveracruz.com\\\/#\\\/schema\\\/logo\\\/image\\\/\"},\"sameAs\":[\"https:\\\/\\\/www.facebook.com\\\/people\\\/Notimemes-de-los-Polticos\\\/61565672886568\\\/\",\"https:\\\/\\\/x.com\\\/LosPoliticosVer\"]},{\"@type\":\"Person\",\"@id\":\"https:\\\/\\\/lospoliticosveracruz.com\\\/#\\\/schema\\\/person\\\/b8702bb0e538456e6efd07080bf2a4a2\",\"name\":\"Lo viste en Los Pol\u00edticos\",\"image\":{\"@type\":\"ImageObject\",\"inLanguage\":\"es\",\"@id\":\"https:\\\/\\\/secure.gravatar.com\\\/avatar\\\/3a8de04a2656d44082be478bd6c086daa447c4651605818287b9532d3d0bd435?s=96&d=mm&r=g\",\"url\":\"https:\\\/\\\/secure.gravatar.com\\\/avatar\\\/3a8de04a2656d44082be478bd6c086daa447c4651605818287b9532d3d0bd435?s=96&d=mm&r=g\",\"contentUrl\":\"https:\\\/\\\/secure.gravatar.com\\\/avatar\\\/3a8de04a2656d44082be478bd6c086daa447c4651605818287b9532d3d0bd435?s=96&d=mm&r=g\",\"caption\":\"Lo viste en Los Pol\u00edticos\"},\"url\":\"https:\\\/\\\/lospoliticosveracruz.com\\\/?author=2\"}]}<\/script>\n<!-- \/ Yoast SEO plugin. -->","yoast_head_json":{"title":"Listos o no, ah\u00ed van - Los pol\u00edticos Veracruz","robots":{"index":"index","follow":"follow","max-snippet":"max-snippet:-1","max-image-preview":"max-image-preview:large","max-video-preview":"max-video-preview:-1"},"canonical":"https:\/\/lospoliticosveracruz.com\/?p=33425","og_locale":"es_ES","og_type":"article","og_title":"Listos o no, ah\u00ed van - Los pol\u00edticos Veracruz","og_description":"David Carri\u00f3n Rosales Tragos de caf\u00e9 &nbsp; &nbsp; En punto de las 00:00h del 2 de mayo comenzaron oficialmente las campa\u00f1as para elegir a los 212 ediles en Veracruz. La jornada electoral en Veracruz ser\u00e1 una de las cuatro que habr\u00e1 en todo el pa\u00eds y en la que se eligen m\u00e1s cargos de todas [&hellip;]","og_url":"https:\/\/lospoliticosveracruz.com\/?p=33425","og_site_name":"Los pol\u00edticos Veracruz","article_publisher":"https:\/\/www.facebook.com\/people\/Notimemes-de-los-Polticos\/61565672886568\/","article_published_time":"2017-05-03T18:08:08+00:00","og_image":[{"width":200,"height":200,"url":"https:\/\/lospoliticosveracruz.com\/wp-content\/uploads\/2016\/07\/Logo-Dor.jpg","type":"image\/jpeg"}],"author":"Lo viste en Los Pol\u00edticos","twitter_card":"summary_large_image","twitter_creator":"@LosPoliticosVer","twitter_site":"@LosPoliticosVer","twitter_misc":{"Escrito por":"Lo viste en Los Pol\u00edticos","Tiempo de lectura":"3 minutos"},"schema":{"@context":"https:\/\/schema.org","@graph":[{"@type":"Article","@id":"https:\/\/lospoliticosveracruz.com\/?p=33425#article","isPartOf":{"@id":"https:\/\/lospoliticosveracruz.com\/?p=33425"},"author":{"name":"Lo viste en Los Pol\u00edticos","@id":"https:\/\/lospoliticosveracruz.com\/#\/schema\/person\/b8702bb0e538456e6efd07080bf2a4a2"},"headline":"Listos o no, ah\u00ed van","datePublished":"2017-05-03T18:08:08+00:00","mainEntityOfPage":{"@id":"https:\/\/lospoliticosveracruz.com\/?p=33425"},"wordCount":527,"commentCount":0,"publisher":{"@id":"https:\/\/lospoliticosveracruz.com\/#organization"},"keywords":["Ana Miriam Ferr\u00e1ez","campa\u00f1as","Elecciones 2017","Manual de G\u00e9nero","Nicanor Moreira","Rodrigo Montoya"],"articleSection":["De Opini\u00f3n"],"inLanguage":"es","potentialAction":[{"@type":"CommentAction","name":"Comment","target":["https:\/\/lospoliticosveracruz.com\/?p=33425#respond"]}]},{"@type":"WebPage","@id":"https:\/\/lospoliticosveracruz.com\/?p=33425","url":"https:\/\/lospoliticosveracruz.com\/?p=33425","name":"Listos o no, ah\u00ed van - Los pol\u00edticos Veracruz","isPartOf":{"@id":"https:\/\/lospoliticosveracruz.com\/#website"},"datePublished":"2017-05-03T18:08:08+00:00","breadcrumb":{"@id":"https:\/\/lospoliticosveracruz.com\/?p=33425#breadcrumb"},"inLanguage":"es","potentialAction":[{"@type":"ReadAction","target":["https:\/\/lospoliticosveracruz.com\/?p=33425"]}]},{"@type":"BreadcrumbList","@id":"https:\/\/lospoliticosveracruz.com\/?p=33425#breadcrumb","itemListElement":[{"@type":"ListItem","position":1,"name":"Portada","item":"https:\/\/lospoliticosveracruz.com\/"},{"@type":"ListItem","position":2,"name":"Listos o no, ah\u00ed van"}]},{"@type":"WebSite","@id":"https:\/\/lospoliticosveracruz.com\/#website","url":"https:\/\/lospoliticosveracruz.com\/","name":"Los pol\u00edticos Veracruz","description":"","publisher":{"@id":"https:\/\/lospoliticosveracruz.com\/#organization"},"potentialAction":[{"@type":"SearchAction","target":{"@type":"EntryPoint","urlTemplate":"https:\/\/lospoliticosveracruz.com\/?s={search_term_string}"},"query-input":{"@type":"PropertyValueSpecification","valueRequired":true,"valueName":"search_term_string"}}],"inLanguage":"es"},{"@type":"Organization","@id":"https:\/\/lospoliticosveracruz.com\/#organization","name":"Los pol\u00edticos Veracruz","url":"https:\/\/lospoliticosveracruz.com\/","logo":{"@type":"ImageObject","inLanguage":"es","@id":"https:\/\/lospoliticosveracruz.com\/#\/schema\/logo\/image\/","url":"https:\/\/lospoliticosveracruz.com\/wp-content\/uploads\/2025\/12\/Logo-Nuevo-LOS-POLITICOS-1.jpg","contentUrl":"https:\/\/lospoliticosveracruz.com\/wp-content\/uploads\/2025\/12\/Logo-Nuevo-LOS-POLITICOS-1.jpg","width":260,"height":70,"caption":"Los pol\u00edticos Veracruz"},"image":{"@id":"https:\/\/lospoliticosveracruz.com\/#\/schema\/logo\/image\/"},"sameAs":["https:\/\/www.facebook.com\/people\/Notimemes-de-los-Polticos\/61565672886568\/","https:\/\/x.com\/LosPoliticosVer"]},{"@type":"Person","@id":"https:\/\/lospoliticosveracruz.com\/#\/schema\/person\/b8702bb0e538456e6efd07080bf2a4a2","name":"Lo viste en Los Pol\u00edticos","image":{"@type":"ImageObject","inLanguage":"es","@id":"https:\/\/secure.gravatar.com\/avatar\/3a8de04a2656d44082be478bd6c086daa447c4651605818287b9532d3d0bd435?s=96&d=mm&r=g","url":"https:\/\/secure.gravatar.com\/avatar\/3a8de04a2656d44082be478bd6c086daa447c4651605818287b9532d3d0bd435?s=96&d=mm&r=g","contentUrl":"https:\/\/secure.gravatar.com\/avatar\/3a8de04a2656d44082be478bd6c086daa447c4651605818287b9532d3d0bd435?s=96&d=mm&r=g","caption":"Lo viste en Los Pol\u00edticos"},"url":"https:\/\/lospoliticosveracruz.com\/?author=2"}]}},"_links":{"self":[{"href":"https:\/\/lospoliticosveracruz.com\/index.php?rest_route=\/wp\/v2\/posts\/33425","targetHints":{"allow":["GET"]}}],"collection":[{"href":"https:\/\/lospoliticosveracruz.com\/index.php?rest_route=\/wp\/v2\/posts"}],"about":[{"href":"https:\/\/lospoliticosveracruz.com\/index.php?rest_route=\/wp\/v2\/types\/post"}],"author":[{"embeddable":true,"href":"https:\/\/lospoliticosveracruz.com\/index.php?rest_route=\/wp\/v2\/users\/2"}],"replies":[{"embeddable":true,"href":"https:\/\/lospoliticosveracruz.com\/index.php?rest_route=%2Fwp%2Fv2%2Fcomments&post=33425"}],"version-history":[{"count":1,"href":"https:\/\/lospoliticosveracruz.com\/index.php?rest_route=\/wp\/v2\/posts\/33425\/revisions"}],"predecessor-version":[{"id":33426,"href":"https:\/\/lospoliticosveracruz.com\/index.php?rest_route=\/wp\/v2\/posts\/33425\/revisions\/33426"}],"wp:attachment":[{"href":"https:\/\/lospoliticosveracruz.com\/index.php?rest_route=%2Fwp%2Fv2%2Fmedia&parent=33425"}],"wp:term":[{"taxonomy":"category","embeddable":true,"href":"https:\/\/lospoliticosveracruz.com\/index.php?rest_route=%2Fwp%2Fv2%2Fcategories&post=33425"},{"taxonomy":"post_tag","embeddable":true,"href":"https:\/\/lospoliticosveracruz.com\/index.php?rest_route=%2Fwp%2Fv2%2Ftags&post=33425"}],"curies":[{"name":"wp","href":"https:\/\/api.w.org\/{rel}","templated":true}]}}