{"id":33596,"date":"2017-05-11T21:25:51","date_gmt":"2017-05-12T02:25:51","guid":{"rendered":"http:\/\/www.lospoliticosveracruz.com.mx\/?p=33596"},"modified":"2017-05-11T21:25:51","modified_gmt":"2017-05-12T02:25:51","slug":"winckler-institucion-o-actuacion","status":"publish","type":"post","link":"https:\/\/lospoliticosveracruz.com\/?p=33596","title":{"rendered":"Winckler: instituci\u00f3n o actuaci\u00f3n"},"content":{"rendered":"<p><strong>Salvador Mu\u00f1oz<\/strong><\/p>\n<p><em>Los Pol\u00edticos<\/em><br \/>\nEn cuatro meses, el palmar\u00e9s no tiene parang\u00f3n en mi memoria: un ex secretario de Seguridad P\u00fablica en la c\u00e1rcel; un ex titular de Sefiplan, en la sombra; un ex gobernador, entambado por un rato y que hoy vive un proceso penal en su domicilio \u00a1ah!, y ya sin notar\u00eda; un ex titular de la Comisi\u00f3n de Agua del Estado de Veracruz y ex titular de Infraestructura y Obra P\u00fablica, en chirona y uno del Seguro Popular que cay\u00f3 en Pacho y tras ampararse, se hizo ojo de hormiga, as\u00ed como un ex tesorero de Sefiplan que anda de pelada en cuanto recibi\u00f3 el pitazo de que iban por sus huesos. \u00c9ste es el palmar\u00e9s que cualquier sociedad que clama justicia aplaude en la actuaci\u00f3n de un funcionario al que hoy, un diputado acusado por el delito de robo y que no puede ser detenido por el fuero, pide su cabeza.<br \/>\nII<br \/>\nJorge Winckler Ortiz no es pol\u00edtico. Es m\u00e1s, parece que no entiende de pol\u00edtica. Sus comentarios en torno a varios temas que van desde su relaci\u00f3n con la prensa, con los colectivos de familiares de desaparecidos y con los diputados, dejan mucho que desear.<br \/>\nAunque eso s\u00ed, Jorge Winckler Ortiz pas\u00f3 de h\u00e9roe a villano. El que defendi\u00f3 a Maryjos\u00e9 Gamboa contra el sistema en el poder&#8230; el que combati\u00f3 a los Porkys&#8230; el que tiene casi un gabinete en Pacho&#8230; hoy es el malo de la pel\u00edcula.<br \/>\nWinckler no tiene tacto para tratar con personas que est\u00e1n lastimadas, dolidas, a quienes la incertidumbre y la zozobra anid\u00f3 en su coraz\u00f3n despu\u00e9s de que el crimen organizado desapareciera a sus seres queridos.<br \/>\nA Winckler le falta est\u00f3mago para tratar a la prensa, a la cual responde con sarcasmo, se burla y en ello, la minimiza cuando antes de ser quien es, la ponderaba.<br \/>\nWinckler reacciona cuando los diputados federales \u201cdefienden\u201d a Tarek Abdala, se\u00f1alado como uno de los gestores del saqueo a Veracruz&#8230;<br \/>\nWinckler reacciona cuando los diputados locales consideran que un golpeador de mujeres merece el fuero&#8230;<br \/>\nPor eso, Winckler reacciona con un \u201c\u00a1bola de corruptos!\u201d y dijera Cort\u00e9s, Alberto, no Sergio Rodr\u00edguez: \u201cLa puta se piensa digna como cuando era muchacha\u201d \u00a1y que reaccionan los diputados! El acusado por robo de autos pide Juicio Pol\u00edtico contra el Fiscal. Los de Morena empa\u00f1ados por el pecado de Eva, piden la cabeza de Winckler. El grupo Juntos por el Varo y los del PRI \u201cse piensan dignos\u201d sin ver a qui\u00e9n tienen en sus filas.<br \/>\n\u00bfY qu\u00e9 piensa la gente?<br \/>\nIII<br \/>\nJorge Winckler no es agradable&#8230; es nefasto. Su humor no tiene cabida en una sociedad lastimada por un Gobierno que jodi\u00f3 el tejido social como no se hubiera imaginado uno jam\u00e1s. Sus comentarios carecen de sensibilidad (pol\u00edtica) y genera antipat\u00eda. Por supuesto, habr\u00eda que sopesar si llamar \u201cbola de corruptos\u201d a los diputados es una ofensa a la instituci\u00f3n o a la actuaci\u00f3n, porque entonces, igual de ofensivo es encadenarse en la tribuna, insultar al diputado que se encadena, acusar a una diputada de robo de celular, o llegar en estado de ebriedad a legislar&#8230; \u00bfa qui\u00e9n se ofende? \u00bfA la instituci\u00f3n? \u00bfO su actuaci\u00f3n ofende? \u00bfAqu\u00ed no hay lugar para juicio pol\u00edtico o el fuero los ampara?<br \/>\nInsisto: Jorge Winckler es nefasto en sus respuestas ante prensa, diputados, o colectivos, pero la fiscal\u00eda como cualquier otro cargo en el Servicio P\u00fablico no es un concurso de simpat\u00edas. Habr\u00eda que sopesar su trabajo y considerar que en cuatro meses, su actuaci\u00f3n en aras de justicia, rara vez se hab\u00eda visto en otro procurador&#8230; falta mucho por hacer, claro&#8230; y al igual que todos, se espera que un d\u00eda haya tambi\u00e9n justicia para los colectivos y se castigue a los verdaderos responsables de su dolor.<br \/>\nsmcainito@gmail.com<\/p>\n","protected":false},"excerpt":{"rendered":"<p>Salvador Mu\u00f1oz Los Pol\u00edticos En cuatro meses, el palmar\u00e9s no tiene parang\u00f3n en mi memoria: un ex secretario de Seguridad P\u00fablica en la c\u00e1rcel; un ex titular de Sefiplan, en la sombra; un ex gobernador, entambado por un rato y que hoy vive un proceso penal en su domicilio \u00a1ah!, y ya sin notar\u00eda; un [&hellip;]<\/p>\n","protected":false},"author":2,"featured_media":0,"comment_status":"open","ping_status":"open","sticky":false,"template":"","format":"standard","meta":{"tdm_status":"","tdm_grid_status":"","footnotes":""},"categories":[70],"tags":[84,6150,2647,1937,332],"class_list":{"0":"post-33596","1":"post","2":"type-post","3":"status-publish","4":"format-standard","6":"category-de-opinion","7":"tag-diputados","8":"tag-jorge-winckler-ortiz","9":"tag-los-porkys","10":"tag-maryjose-gamboa","11":"tag-tarek-abdala"},"yoast_head":"<!-- This site is optimized with the Yoast SEO plugin v27.4 - https:\/\/yoast.com\/product\/yoast-seo-wordpress\/ -->\n<title>Winckler: instituci\u00f3n o actuaci\u00f3n - Los pol\u00edticos Veracruz<\/title>\n<meta name=\"robots\" content=\"index, follow, max-snippet:-1, max-image-preview:large, max-video-preview:-1\" \/>\n<link rel=\"canonical\" href=\"https:\/\/lospoliticosveracruz.com\/?p=33596\" \/>\n<meta property=\"og:locale\" content=\"es_ES\" \/>\n<meta property=\"og:type\" content=\"article\" \/>\n<meta property=\"og:title\" content=\"Winckler: instituci\u00f3n o actuaci\u00f3n - Los pol\u00edticos Veracruz\" \/>\n<meta property=\"og:description\" content=\"Salvador Mu\u00f1oz Los Pol\u00edticos En cuatro meses, el palmar\u00e9s no tiene parang\u00f3n en mi memoria: un ex secretario de Seguridad P\u00fablica en la c\u00e1rcel; un ex titular de Sefiplan, en la sombra; un ex gobernador, entambado por un rato y que hoy vive un proceso penal en su domicilio \u00a1ah!, y ya sin notar\u00eda; un [&hellip;]\" \/>\n<meta property=\"og:url\" content=\"https:\/\/lospoliticosveracruz.com\/?p=33596\" \/>\n<meta property=\"og:site_name\" content=\"Los pol\u00edticos Veracruz\" \/>\n<meta property=\"article:publisher\" content=\"https:\/\/www.facebook.com\/people\/Notimemes-de-los-Polticos\/61565672886568\/\" \/>\n<meta property=\"article:published_time\" content=\"2017-05-12T02:25:51+00:00\" \/>\n<meta property=\"og:image\" content=\"https:\/\/lospoliticosveracruz.com\/wp-content\/uploads\/2016\/07\/Logo-Dor.jpg\" \/>\n\t<meta property=\"og:image:width\" content=\"200\" \/>\n\t<meta property=\"og:image:height\" content=\"200\" \/>\n\t<meta property=\"og:image:type\" content=\"image\/jpeg\" \/>\n<meta name=\"author\" content=\"Lo viste en Los Pol\u00edticos\" \/>\n<meta name=\"twitter:card\" content=\"summary_large_image\" \/>\n<meta name=\"twitter:creator\" content=\"@LosPoliticosVer\" \/>\n<meta name=\"twitter:site\" content=\"@LosPoliticosVer\" \/>\n<meta name=\"twitter:label1\" content=\"Escrito por\" \/>\n\t<meta name=\"twitter:data1\" content=\"Lo viste en Los Pol\u00edticos\" \/>\n\t<meta name=\"twitter:label2\" content=\"Tiempo de lectura\" \/>\n\t<meta name=\"twitter:data2\" content=\"3 minutos\" \/>\n<script type=\"application\/ld+json\" class=\"yoast-schema-graph\">{\"@context\":\"https:\\\/\\\/schema.org\",\"@graph\":[{\"@type\":\"Article\",\"@id\":\"https:\\\/\\\/lospoliticosveracruz.com\\\/?p=33596#article\",\"isPartOf\":{\"@id\":\"https:\\\/\\\/lospoliticosveracruz.com\\\/?p=33596\"},\"author\":{\"name\":\"Lo viste en Los Pol\u00edticos\",\"@id\":\"https:\\\/\\\/lospoliticosveracruz.com\\\/#\\\/schema\\\/person\\\/b8702bb0e538456e6efd07080bf2a4a2\"},\"headline\":\"Winckler: instituci\u00f3n o actuaci\u00f3n\",\"datePublished\":\"2017-05-12T02:25:51+00:00\",\"mainEntityOfPage\":{\"@id\":\"https:\\\/\\\/lospoliticosveracruz.com\\\/?p=33596\"},\"wordCount\":685,\"commentCount\":0,\"publisher\":{\"@id\":\"https:\\\/\\\/lospoliticosveracruz.com\\\/#organization\"},\"keywords\":[\"Diputados\",\"Jorge Winckler Ortiz\",\"Los Porkys\",\"Maryjose Gamboa\",\"Tarek Abdal\u00e1\"],\"articleSection\":[\"De Opini\u00f3n\"],\"inLanguage\":\"es\",\"potentialAction\":[{\"@type\":\"CommentAction\",\"name\":\"Comment\",\"target\":[\"https:\\\/\\\/lospoliticosveracruz.com\\\/?p=33596#respond\"]}]},{\"@type\":\"WebPage\",\"@id\":\"https:\\\/\\\/lospoliticosveracruz.com\\\/?p=33596\",\"url\":\"https:\\\/\\\/lospoliticosveracruz.com\\\/?p=33596\",\"name\":\"Winckler: instituci\u00f3n o actuaci\u00f3n - Los pol\u00edticos Veracruz\",\"isPartOf\":{\"@id\":\"https:\\\/\\\/lospoliticosveracruz.com\\\/#website\"},\"datePublished\":\"2017-05-12T02:25:51+00:00\",\"breadcrumb\":{\"@id\":\"https:\\\/\\\/lospoliticosveracruz.com\\\/?p=33596#breadcrumb\"},\"inLanguage\":\"es\",\"potentialAction\":[{\"@type\":\"ReadAction\",\"target\":[\"https:\\\/\\\/lospoliticosveracruz.com\\\/?p=33596\"]}]},{\"@type\":\"BreadcrumbList\",\"@id\":\"https:\\\/\\\/lospoliticosveracruz.com\\\/?p=33596#breadcrumb\",\"itemListElement\":[{\"@type\":\"ListItem\",\"position\":1,\"name\":\"Portada\",\"item\":\"https:\\\/\\\/lospoliticosveracruz.com\\\/\"},{\"@type\":\"ListItem\",\"position\":2,\"name\":\"Winckler: instituci\u00f3n o actuaci\u00f3n\"}]},{\"@type\":\"WebSite\",\"@id\":\"https:\\\/\\\/lospoliticosveracruz.com\\\/#website\",\"url\":\"https:\\\/\\\/lospoliticosveracruz.com\\\/\",\"name\":\"Los pol\u00edticos Veracruz\",\"description\":\"\",\"publisher\":{\"@id\":\"https:\\\/\\\/lospoliticosveracruz.com\\\/#organization\"},\"potentialAction\":[{\"@type\":\"SearchAction\",\"target\":{\"@type\":\"EntryPoint\",\"urlTemplate\":\"https:\\\/\\\/lospoliticosveracruz.com\\\/?s={search_term_string}\"},\"query-input\":{\"@type\":\"PropertyValueSpecification\",\"valueRequired\":true,\"valueName\":\"search_term_string\"}}],\"inLanguage\":\"es\"},{\"@type\":\"Organization\",\"@id\":\"https:\\\/\\\/lospoliticosveracruz.com\\\/#organization\",\"name\":\"Los pol\u00edticos Veracruz\",\"url\":\"https:\\\/\\\/lospoliticosveracruz.com\\\/\",\"logo\":{\"@type\":\"ImageObject\",\"inLanguage\":\"es\",\"@id\":\"https:\\\/\\\/lospoliticosveracruz.com\\\/#\\\/schema\\\/logo\\\/image\\\/\",\"url\":\"https:\\\/\\\/lospoliticosveracruz.com\\\/wp-content\\\/uploads\\\/2025\\\/12\\\/Logo-Nuevo-LOS-POLITICOS-1.jpg\",\"contentUrl\":\"https:\\\/\\\/lospoliticosveracruz.com\\\/wp-content\\\/uploads\\\/2025\\\/12\\\/Logo-Nuevo-LOS-POLITICOS-1.jpg\",\"width\":260,\"height\":70,\"caption\":\"Los pol\u00edticos Veracruz\"},\"image\":{\"@id\":\"https:\\\/\\\/lospoliticosveracruz.com\\\/#\\\/schema\\\/logo\\\/image\\\/\"},\"sameAs\":[\"https:\\\/\\\/www.facebook.com\\\/people\\\/Notimemes-de-los-Polticos\\\/61565672886568\\\/\",\"https:\\\/\\\/x.com\\\/LosPoliticosVer\"]},{\"@type\":\"Person\",\"@id\":\"https:\\\/\\\/lospoliticosveracruz.com\\\/#\\\/schema\\\/person\\\/b8702bb0e538456e6efd07080bf2a4a2\",\"name\":\"Lo viste en Los Pol\u00edticos\",\"image\":{\"@type\":\"ImageObject\",\"inLanguage\":\"es\",\"@id\":\"https:\\\/\\\/secure.gravatar.com\\\/avatar\\\/3a8de04a2656d44082be478bd6c086daa447c4651605818287b9532d3d0bd435?s=96&d=mm&r=g\",\"url\":\"https:\\\/\\\/secure.gravatar.com\\\/avatar\\\/3a8de04a2656d44082be478bd6c086daa447c4651605818287b9532d3d0bd435?s=96&d=mm&r=g\",\"contentUrl\":\"https:\\\/\\\/secure.gravatar.com\\\/avatar\\\/3a8de04a2656d44082be478bd6c086daa447c4651605818287b9532d3d0bd435?s=96&d=mm&r=g\",\"caption\":\"Lo viste en Los Pol\u00edticos\"},\"url\":\"https:\\\/\\\/lospoliticosveracruz.com\\\/?author=2\"}]}<\/script>\n<!-- \/ Yoast SEO plugin. -->","yoast_head_json":{"title":"Winckler: instituci\u00f3n o actuaci\u00f3n - Los pol\u00edticos Veracruz","robots":{"index":"index","follow":"follow","max-snippet":"max-snippet:-1","max-image-preview":"max-image-preview:large","max-video-preview":"max-video-preview:-1"},"canonical":"https:\/\/lospoliticosveracruz.com\/?p=33596","og_locale":"es_ES","og_type":"article","og_title":"Winckler: instituci\u00f3n o actuaci\u00f3n - Los pol\u00edticos Veracruz","og_description":"Salvador Mu\u00f1oz Los Pol\u00edticos En cuatro meses, el palmar\u00e9s no tiene parang\u00f3n en mi memoria: un ex secretario de Seguridad P\u00fablica en la c\u00e1rcel; un ex titular de Sefiplan, en la sombra; un ex gobernador, entambado por un rato y que hoy vive un proceso penal en su domicilio \u00a1ah!, y ya sin notar\u00eda; un [&hellip;]","og_url":"https:\/\/lospoliticosveracruz.com\/?p=33596","og_site_name":"Los pol\u00edticos Veracruz","article_publisher":"https:\/\/www.facebook.com\/people\/Notimemes-de-los-Polticos\/61565672886568\/","article_published_time":"2017-05-12T02:25:51+00:00","og_image":[{"width":200,"height":200,"url":"https:\/\/lospoliticosveracruz.com\/wp-content\/uploads\/2016\/07\/Logo-Dor.jpg","type":"image\/jpeg"}],"author":"Lo viste en Los Pol\u00edticos","twitter_card":"summary_large_image","twitter_creator":"@LosPoliticosVer","twitter_site":"@LosPoliticosVer","twitter_misc":{"Escrito por":"Lo viste en Los Pol\u00edticos","Tiempo de lectura":"3 minutos"},"schema":{"@context":"https:\/\/schema.org","@graph":[{"@type":"Article","@id":"https:\/\/lospoliticosveracruz.com\/?p=33596#article","isPartOf":{"@id":"https:\/\/lospoliticosveracruz.com\/?p=33596"},"author":{"name":"Lo viste en Los Pol\u00edticos","@id":"https:\/\/lospoliticosveracruz.com\/#\/schema\/person\/b8702bb0e538456e6efd07080bf2a4a2"},"headline":"Winckler: instituci\u00f3n o actuaci\u00f3n","datePublished":"2017-05-12T02:25:51+00:00","mainEntityOfPage":{"@id":"https:\/\/lospoliticosveracruz.com\/?p=33596"},"wordCount":685,"commentCount":0,"publisher":{"@id":"https:\/\/lospoliticosveracruz.com\/#organization"},"keywords":["Diputados","Jorge Winckler Ortiz","Los Porkys","Maryjose Gamboa","Tarek Abdal\u00e1"],"articleSection":["De Opini\u00f3n"],"inLanguage":"es","potentialAction":[{"@type":"CommentAction","name":"Comment","target":["https:\/\/lospoliticosveracruz.com\/?p=33596#respond"]}]},{"@type":"WebPage","@id":"https:\/\/lospoliticosveracruz.com\/?p=33596","url":"https:\/\/lospoliticosveracruz.com\/?p=33596","name":"Winckler: instituci\u00f3n o actuaci\u00f3n - Los pol\u00edticos Veracruz","isPartOf":{"@id":"https:\/\/lospoliticosveracruz.com\/#website"},"datePublished":"2017-05-12T02:25:51+00:00","breadcrumb":{"@id":"https:\/\/lospoliticosveracruz.com\/?p=33596#breadcrumb"},"inLanguage":"es","potentialAction":[{"@type":"ReadAction","target":["https:\/\/lospoliticosveracruz.com\/?p=33596"]}]},{"@type":"BreadcrumbList","@id":"https:\/\/lospoliticosveracruz.com\/?p=33596#breadcrumb","itemListElement":[{"@type":"ListItem","position":1,"name":"Portada","item":"https:\/\/lospoliticosveracruz.com\/"},{"@type":"ListItem","position":2,"name":"Winckler: instituci\u00f3n o actuaci\u00f3n"}]},{"@type":"WebSite","@id":"https:\/\/lospoliticosveracruz.com\/#website","url":"https:\/\/lospoliticosveracruz.com\/","name":"Los pol\u00edticos Veracruz","description":"","publisher":{"@id":"https:\/\/lospoliticosveracruz.com\/#organization"},"potentialAction":[{"@type":"SearchAction","target":{"@type":"EntryPoint","urlTemplate":"https:\/\/lospoliticosveracruz.com\/?s={search_term_string}"},"query-input":{"@type":"PropertyValueSpecification","valueRequired":true,"valueName":"search_term_string"}}],"inLanguage":"es"},{"@type":"Organization","@id":"https:\/\/lospoliticosveracruz.com\/#organization","name":"Los pol\u00edticos Veracruz","url":"https:\/\/lospoliticosveracruz.com\/","logo":{"@type":"ImageObject","inLanguage":"es","@id":"https:\/\/lospoliticosveracruz.com\/#\/schema\/logo\/image\/","url":"https:\/\/lospoliticosveracruz.com\/wp-content\/uploads\/2025\/12\/Logo-Nuevo-LOS-POLITICOS-1.jpg","contentUrl":"https:\/\/lospoliticosveracruz.com\/wp-content\/uploads\/2025\/12\/Logo-Nuevo-LOS-POLITICOS-1.jpg","width":260,"height":70,"caption":"Los pol\u00edticos Veracruz"},"image":{"@id":"https:\/\/lospoliticosveracruz.com\/#\/schema\/logo\/image\/"},"sameAs":["https:\/\/www.facebook.com\/people\/Notimemes-de-los-Polticos\/61565672886568\/","https:\/\/x.com\/LosPoliticosVer"]},{"@type":"Person","@id":"https:\/\/lospoliticosveracruz.com\/#\/schema\/person\/b8702bb0e538456e6efd07080bf2a4a2","name":"Lo viste en Los Pol\u00edticos","image":{"@type":"ImageObject","inLanguage":"es","@id":"https:\/\/secure.gravatar.com\/avatar\/3a8de04a2656d44082be478bd6c086daa447c4651605818287b9532d3d0bd435?s=96&d=mm&r=g","url":"https:\/\/secure.gravatar.com\/avatar\/3a8de04a2656d44082be478bd6c086daa447c4651605818287b9532d3d0bd435?s=96&d=mm&r=g","contentUrl":"https:\/\/secure.gravatar.com\/avatar\/3a8de04a2656d44082be478bd6c086daa447c4651605818287b9532d3d0bd435?s=96&d=mm&r=g","caption":"Lo viste en Los Pol\u00edticos"},"url":"https:\/\/lospoliticosveracruz.com\/?author=2"}]}},"_links":{"self":[{"href":"https:\/\/lospoliticosveracruz.com\/index.php?rest_route=\/wp\/v2\/posts\/33596","targetHints":{"allow":["GET"]}}],"collection":[{"href":"https:\/\/lospoliticosveracruz.com\/index.php?rest_route=\/wp\/v2\/posts"}],"about":[{"href":"https:\/\/lospoliticosveracruz.com\/index.php?rest_route=\/wp\/v2\/types\/post"}],"author":[{"embeddable":true,"href":"https:\/\/lospoliticosveracruz.com\/index.php?rest_route=\/wp\/v2\/users\/2"}],"replies":[{"embeddable":true,"href":"https:\/\/lospoliticosveracruz.com\/index.php?rest_route=%2Fwp%2Fv2%2Fcomments&post=33596"}],"version-history":[{"count":2,"href":"https:\/\/lospoliticosveracruz.com\/index.php?rest_route=\/wp\/v2\/posts\/33596\/revisions"}],"predecessor-version":[{"id":33613,"href":"https:\/\/lospoliticosveracruz.com\/index.php?rest_route=\/wp\/v2\/posts\/33596\/revisions\/33613"}],"wp:attachment":[{"href":"https:\/\/lospoliticosveracruz.com\/index.php?rest_route=%2Fwp%2Fv2%2Fmedia&parent=33596"}],"wp:term":[{"taxonomy":"category","embeddable":true,"href":"https:\/\/lospoliticosveracruz.com\/index.php?rest_route=%2Fwp%2Fv2%2Fcategories&post=33596"},{"taxonomy":"post_tag","embeddable":true,"href":"https:\/\/lospoliticosveracruz.com\/index.php?rest_route=%2Fwp%2Fv2%2Ftags&post=33596"}],"curies":[{"name":"wp","href":"https:\/\/api.w.org\/{rel}","templated":true}]}}