{"id":33601,"date":"2017-05-11T09:45:13","date_gmt":"2017-05-11T14:45:13","guid":{"rendered":"http:\/\/www.lospoliticosveracruz.com.mx\/?p=33601"},"modified":"2017-05-11T09:45:13","modified_gmt":"2017-05-11T14:45:13","slug":"el-negocio-de-las-dirigencias-partidistas","status":"publish","type":"post","link":"https:\/\/lospoliticosveracruz.com\/?p=33601","title":{"rendered":"El negocio de las dirigencias partidistas"},"content":{"rendered":"<p class=\"x_m_-2148716868071886884MsoNoSpacing\"><b><\/b><strong>Luis Alberto Romero<u><\/u><u><\/u><\/strong><\/p>\n<p class=\"x_m_-2148716868071886884MsoNoSpacing\"><em>Hora Cero<\/em><\/p>\n<p class=\"x_m_-2148716868071886884MsoNoSpacing\">\n<p class=\"x_m_-2148716868071886884MsoNoSpacing\">A mediados de diciembre de 2016, el Consejo General del Instituto Nacional Electoral (INE) aprob\u00f3 el presupuesto para el ejercicio 2017, en el que se establecieron las prerrogativas a los partidos pol\u00edticos.<u><\/u><u><\/u><\/p>\n<p class=\"x_m_-2148716868071886884MsoNoSpacing\">Ese presupuesto est\u00e1 muy cerca de los 11 mil millones de pesos y en \u00e9l se incluye el dinero para la organizaci\u00f3n de las elecciones de Coahuila, Nayarit, Estado de M\u00e9xico y Veracruz; as\u00ed como para el inicio de los trabajos relacionados con la m\u00e1s importante elecci\u00f3n en la etapa contempor\u00e1nea de nuestro pa\u00eds, la de 2018, cuando se votar\u00e1 por 3 mil 200 cargos federales y locales: el Congreso de la Uni\u00f3n, nueve gubernaturas, casi mil diputados locales y mil 600 ayuntamientos.<u><\/u><u><\/u><\/p>\n<p class=\"x_m_-2148716868071886884MsoNoSpacing\">El presupuesto de este a\u00f1o qued\u00f3 de la siguiente manera en cuanto a las prerrogativas para los partidos: PAN, 791 millones de pesos; PRI, mil 43 millones; PRD, 477 millones; PT, 232 millones; Partido Verde, 356 millones; Movimiento Ciudadano, 331 millones; Nueva Alianza, 258 millones; Morena, 400 millones; y Encuentro Social, 245 millones de pesos.<u><\/u><u><\/u><\/p>\n<p class=\"x_m_-2148716868071886884MsoNoSpacing\">En Veracruz, al Organismo P\u00fablico Local Electoral, Ople, se le asign\u00f3 un presupuesto de mil 9 millones de pesos para el ejercicio fiscal 2017.<u><\/u><u><\/u><\/p>\n<p class=\"x_m_-2148716868071886884MsoNoSpacing\">Con base en los recientes resultados electorales, en Veracruz, a los partidos pol\u00edticos se les aprob\u00f3 el siguiente presupuesto; PAN, 89 millones; PRI, 79 millones; PRD, 37 millones; Verde, casi 34 millones; y Morena, casi 78 millones; en tanto que los partidos que no alcanzaron el m\u00ednimo porcentaje de votos requerido para mantener el registro recibir\u00e1n una cantidad muy menor: un mill\u00f3n 36 mil pesos tendr\u00e1n PT, Movimiento Ciudadano, Panal y Encuentro Social.<u><\/u><u><\/u><\/p>\n<p class=\"x_m_-2148716868071886884MsoNoSpacing\">Ese dinero es usado por los partidos para actividades ordinarias, extraordinarias y gastos de campa\u00f1a.<u><\/u><u><\/u><\/p>\n<p class=\"x_m_-2148716868071886884MsoNoSpacing\">Entre los gastos fijos de los partidos se encuentra la n\u00f3mina de las dirigencias y estructuras directivas y a prop\u00f3sito de ello, el portal de internet Naci\u00f3n321, que dirige Manuel Arroyo y que est\u00e1 vinculado al peri\u00f3dico El Financiero, dio a conocer un interesante trabajo, que retoma datos de la Plataforma Nacional de Transparencia, sobre las percepciones de los dirigentes nacionales de las diferentes fuerzas pol\u00edticas.<u><\/u><u><\/u><\/p>\n<p class=\"x_m_-2148716868071886884MsoNoSpacing\">En t\u00e9rminos generales se observa que el dirigente que m\u00e1s gana no es el que encabeza a la m\u00e1s importante fuerza electoral; de hecho, nada tiene que ver el tema de los resultados electorales en la remuneraci\u00f3n de los l\u00edderes de los partidos.<u><\/u><u><\/u><\/p>\n<p class=\"x_m_-2148716868071886884MsoNoSpacing\">Luis Castro Obreg\u00f3n, del Panal, percibe una remuneraci\u00f3n bruta de 100 mil 334 pesos mensuales; poco m\u00e1s de 72 mil descontando impuestos, m\u00e1s prestaciones. El segundo que m\u00e1s cobra es el priista Enrique Ochoa Reza; 72 mil 700 pesos m\u00e1s prestaciones; le siguen Hugo Erick Flores, del PES, 81 mil; Dante Delgado Rannauro, del Movimiento Ciudadano, 83 mil 400; Ricardo Anaya Cort\u00e9s, del PAN, 77 mil 571; Andr\u00e9s Manuel L\u00f3pez Obrador, de Morena, 66 mil 241 menos impuestos; y la perredista Alejandra Barrales, 66 mil 172. El dirigente del PT dice que no tiene salario, en tanto que el vocero del Partido Verde podr\u00eda percibir, de acuerdo con la unidad de transparencia del propio partido, hasta 100 mil pesos mensuales.<u><\/u><u><\/u><\/p>\n<p class=\"x_m_-2148716868071886884MsoNoSpacing\">Lo curioso es que tres de esos dirigentes, los del PT, Panal y Encuentro Social representan a partidos con una presencia m\u00e1s bien simb\u00f3lica; ni uno de ellos super\u00f3 el 4 por ciento de los votos en la m\u00e1s reciente elecci\u00f3n federal, la de 2015, y aun as\u00ed cobran como si encabezaran a fuerzas pol\u00edticas predominantes.<u><\/u><u><\/u><\/p>\n<p class=\"x_m_-2148716868071886884MsoNoSpacing\">En cuanto a Veracruz, esos tres partidos, juntos, ni quiera llegaron al ocho por ciento en la elecci\u00f3n de 2016; PT tuvo 3.03 por ciento; Panal, 2.29; y Encuentro Social, 2.25. Lo m\u00e1s probable es que este a\u00f1o los tres refrenden su posici\u00f3n en la lista de partidos bons\u00e1i; si esto fuera la Liga Mx de f\u00fatbol estar\u00edamos hablando de equipos en permanente lucha por el no descenso.<\/p>\n<p class=\"x_m_-2148716868071886884MsoNoSpacing\">@luisromero85<\/p>\n","protected":false},"excerpt":{"rendered":"<p>Luis Alberto Romero Hora Cero A mediados de diciembre de 2016, el Consejo General del Instituto Nacional Electoral (INE) aprob\u00f3 el presupuesto para el ejercicio 2017, en el que se establecieron las prerrogativas a los partidos pol\u00edticos. Ese presupuesto est\u00e1 muy cerca de los 11 mil millones de pesos y en \u00e9l se incluye el [&hellip;]<\/p>\n","protected":false},"author":2,"featured_media":0,"comment_status":"open","ping_status":"open","sticky":false,"template":"","format":"standard","meta":{"tdm_status":"","tdm_grid_status":"","footnotes":""},"categories":[70],"tags":[721,554,314],"class_list":{"0":"post-33601","1":"post","2":"type-post","3":"status-publish","4":"format-standard","6":"category-de-opinion","7":"tag-elecciones","8":"tag-ine","9":"tag-prerrogativas"},"yoast_head":"<!-- This site is optimized with the Yoast SEO plugin v27.4 - https:\/\/yoast.com\/product\/yoast-seo-wordpress\/ -->\n<title>El negocio de las dirigencias partidistas - Los pol\u00edticos Veracruz<\/title>\n<meta name=\"robots\" content=\"index, follow, max-snippet:-1, max-image-preview:large, max-video-preview:-1\" \/>\n<link rel=\"canonical\" href=\"https:\/\/lospoliticosveracruz.com\/?p=33601\" \/>\n<meta property=\"og:locale\" content=\"es_ES\" \/>\n<meta property=\"og:type\" content=\"article\" \/>\n<meta property=\"og:title\" content=\"El negocio de las dirigencias partidistas - Los pol\u00edticos Veracruz\" \/>\n<meta property=\"og:description\" content=\"Luis Alberto Romero Hora Cero A mediados de diciembre de 2016, el Consejo General del Instituto Nacional Electoral (INE) aprob\u00f3 el presupuesto para el ejercicio 2017, en el que se establecieron las prerrogativas a los partidos pol\u00edticos. Ese presupuesto est\u00e1 muy cerca de los 11 mil millones de pesos y en \u00e9l se incluye el [&hellip;]\" \/>\n<meta property=\"og:url\" content=\"https:\/\/lospoliticosveracruz.com\/?p=33601\" \/>\n<meta property=\"og:site_name\" content=\"Los pol\u00edticos Veracruz\" \/>\n<meta property=\"article:publisher\" content=\"https:\/\/www.facebook.com\/people\/Notimemes-de-los-Polticos\/61565672886568\/\" \/>\n<meta property=\"article:published_time\" content=\"2017-05-11T14:45:13+00:00\" \/>\n<meta property=\"og:image\" content=\"https:\/\/lospoliticosveracruz.com\/wp-content\/uploads\/2016\/07\/Logo-Dor.jpg\" \/>\n\t<meta property=\"og:image:width\" content=\"200\" \/>\n\t<meta property=\"og:image:height\" content=\"200\" \/>\n\t<meta property=\"og:image:type\" content=\"image\/jpeg\" \/>\n<meta name=\"author\" content=\"Lo viste en Los Pol\u00edticos\" \/>\n<meta name=\"twitter:card\" content=\"summary_large_image\" \/>\n<meta name=\"twitter:creator\" content=\"@LosPoliticosVer\" \/>\n<meta name=\"twitter:site\" content=\"@LosPoliticosVer\" \/>\n<meta name=\"twitter:label1\" content=\"Escrito por\" \/>\n\t<meta name=\"twitter:data1\" content=\"Lo viste en Los Pol\u00edticos\" \/>\n\t<meta name=\"twitter:label2\" content=\"Tiempo de lectura\" \/>\n\t<meta name=\"twitter:data2\" content=\"3 minutos\" \/>\n<script type=\"application\/ld+json\" class=\"yoast-schema-graph\">{\"@context\":\"https:\\\/\\\/schema.org\",\"@graph\":[{\"@type\":\"Article\",\"@id\":\"https:\\\/\\\/lospoliticosveracruz.com\\\/?p=33601#article\",\"isPartOf\":{\"@id\":\"https:\\\/\\\/lospoliticosveracruz.com\\\/?p=33601\"},\"author\":{\"name\":\"Lo viste en Los Pol\u00edticos\",\"@id\":\"https:\\\/\\\/lospoliticosveracruz.com\\\/#\\\/schema\\\/person\\\/b8702bb0e538456e6efd07080bf2a4a2\"},\"headline\":\"El negocio de las dirigencias partidistas\",\"datePublished\":\"2017-05-11T14:45:13+00:00\",\"mainEntityOfPage\":{\"@id\":\"https:\\\/\\\/lospoliticosveracruz.com\\\/?p=33601\"},\"wordCount\":650,\"commentCount\":0,\"publisher\":{\"@id\":\"https:\\\/\\\/lospoliticosveracruz.com\\\/#organization\"},\"keywords\":[\"elecciones\",\"INE\",\"prerrogativas\"],\"articleSection\":[\"De Opini\u00f3n\"],\"inLanguage\":\"es\",\"potentialAction\":[{\"@type\":\"CommentAction\",\"name\":\"Comment\",\"target\":[\"https:\\\/\\\/lospoliticosveracruz.com\\\/?p=33601#respond\"]}]},{\"@type\":\"WebPage\",\"@id\":\"https:\\\/\\\/lospoliticosveracruz.com\\\/?p=33601\",\"url\":\"https:\\\/\\\/lospoliticosveracruz.com\\\/?p=33601\",\"name\":\"El negocio de las dirigencias partidistas - Los pol\u00edticos Veracruz\",\"isPartOf\":{\"@id\":\"https:\\\/\\\/lospoliticosveracruz.com\\\/#website\"},\"datePublished\":\"2017-05-11T14:45:13+00:00\",\"breadcrumb\":{\"@id\":\"https:\\\/\\\/lospoliticosveracruz.com\\\/?p=33601#breadcrumb\"},\"inLanguage\":\"es\",\"potentialAction\":[{\"@type\":\"ReadAction\",\"target\":[\"https:\\\/\\\/lospoliticosveracruz.com\\\/?p=33601\"]}]},{\"@type\":\"BreadcrumbList\",\"@id\":\"https:\\\/\\\/lospoliticosveracruz.com\\\/?p=33601#breadcrumb\",\"itemListElement\":[{\"@type\":\"ListItem\",\"position\":1,\"name\":\"Portada\",\"item\":\"https:\\\/\\\/lospoliticosveracruz.com\\\/\"},{\"@type\":\"ListItem\",\"position\":2,\"name\":\"El negocio de las dirigencias partidistas\"}]},{\"@type\":\"WebSite\",\"@id\":\"https:\\\/\\\/lospoliticosveracruz.com\\\/#website\",\"url\":\"https:\\\/\\\/lospoliticosveracruz.com\\\/\",\"name\":\"Los pol\u00edticos Veracruz\",\"description\":\"\",\"publisher\":{\"@id\":\"https:\\\/\\\/lospoliticosveracruz.com\\\/#organization\"},\"potentialAction\":[{\"@type\":\"SearchAction\",\"target\":{\"@type\":\"EntryPoint\",\"urlTemplate\":\"https:\\\/\\\/lospoliticosveracruz.com\\\/?s={search_term_string}\"},\"query-input\":{\"@type\":\"PropertyValueSpecification\",\"valueRequired\":true,\"valueName\":\"search_term_string\"}}],\"inLanguage\":\"es\"},{\"@type\":\"Organization\",\"@id\":\"https:\\\/\\\/lospoliticosveracruz.com\\\/#organization\",\"name\":\"Los pol\u00edticos Veracruz\",\"url\":\"https:\\\/\\\/lospoliticosveracruz.com\\\/\",\"logo\":{\"@type\":\"ImageObject\",\"inLanguage\":\"es\",\"@id\":\"https:\\\/\\\/lospoliticosveracruz.com\\\/#\\\/schema\\\/logo\\\/image\\\/\",\"url\":\"https:\\\/\\\/lospoliticosveracruz.com\\\/wp-content\\\/uploads\\\/2025\\\/12\\\/Logo-Nuevo-LOS-POLITICOS-1.jpg\",\"contentUrl\":\"https:\\\/\\\/lospoliticosveracruz.com\\\/wp-content\\\/uploads\\\/2025\\\/12\\\/Logo-Nuevo-LOS-POLITICOS-1.jpg\",\"width\":260,\"height\":70,\"caption\":\"Los pol\u00edticos Veracruz\"},\"image\":{\"@id\":\"https:\\\/\\\/lospoliticosveracruz.com\\\/#\\\/schema\\\/logo\\\/image\\\/\"},\"sameAs\":[\"https:\\\/\\\/www.facebook.com\\\/people\\\/Notimemes-de-los-Polticos\\\/61565672886568\\\/\",\"https:\\\/\\\/x.com\\\/LosPoliticosVer\"]},{\"@type\":\"Person\",\"@id\":\"https:\\\/\\\/lospoliticosveracruz.com\\\/#\\\/schema\\\/person\\\/b8702bb0e538456e6efd07080bf2a4a2\",\"name\":\"Lo viste en Los Pol\u00edticos\",\"image\":{\"@type\":\"ImageObject\",\"inLanguage\":\"es\",\"@id\":\"https:\\\/\\\/secure.gravatar.com\\\/avatar\\\/3a8de04a2656d44082be478bd6c086daa447c4651605818287b9532d3d0bd435?s=96&d=mm&r=g\",\"url\":\"https:\\\/\\\/secure.gravatar.com\\\/avatar\\\/3a8de04a2656d44082be478bd6c086daa447c4651605818287b9532d3d0bd435?s=96&d=mm&r=g\",\"contentUrl\":\"https:\\\/\\\/secure.gravatar.com\\\/avatar\\\/3a8de04a2656d44082be478bd6c086daa447c4651605818287b9532d3d0bd435?s=96&d=mm&r=g\",\"caption\":\"Lo viste en Los Pol\u00edticos\"},\"url\":\"https:\\\/\\\/lospoliticosveracruz.com\\\/?author=2\"}]}<\/script>\n<!-- \/ Yoast SEO plugin. -->","yoast_head_json":{"title":"El negocio de las dirigencias partidistas - Los pol\u00edticos Veracruz","robots":{"index":"index","follow":"follow","max-snippet":"max-snippet:-1","max-image-preview":"max-image-preview:large","max-video-preview":"max-video-preview:-1"},"canonical":"https:\/\/lospoliticosveracruz.com\/?p=33601","og_locale":"es_ES","og_type":"article","og_title":"El negocio de las dirigencias partidistas - Los pol\u00edticos Veracruz","og_description":"Luis Alberto Romero Hora Cero A mediados de diciembre de 2016, el Consejo General del Instituto Nacional Electoral (INE) aprob\u00f3 el presupuesto para el ejercicio 2017, en el que se establecieron las prerrogativas a los partidos pol\u00edticos. Ese presupuesto est\u00e1 muy cerca de los 11 mil millones de pesos y en \u00e9l se incluye el [&hellip;]","og_url":"https:\/\/lospoliticosveracruz.com\/?p=33601","og_site_name":"Los pol\u00edticos Veracruz","article_publisher":"https:\/\/www.facebook.com\/people\/Notimemes-de-los-Polticos\/61565672886568\/","article_published_time":"2017-05-11T14:45:13+00:00","og_image":[{"width":200,"height":200,"url":"https:\/\/lospoliticosveracruz.com\/wp-content\/uploads\/2016\/07\/Logo-Dor.jpg","type":"image\/jpeg"}],"author":"Lo viste en Los Pol\u00edticos","twitter_card":"summary_large_image","twitter_creator":"@LosPoliticosVer","twitter_site":"@LosPoliticosVer","twitter_misc":{"Escrito por":"Lo viste en Los Pol\u00edticos","Tiempo de lectura":"3 minutos"},"schema":{"@context":"https:\/\/schema.org","@graph":[{"@type":"Article","@id":"https:\/\/lospoliticosveracruz.com\/?p=33601#article","isPartOf":{"@id":"https:\/\/lospoliticosveracruz.com\/?p=33601"},"author":{"name":"Lo viste en Los Pol\u00edticos","@id":"https:\/\/lospoliticosveracruz.com\/#\/schema\/person\/b8702bb0e538456e6efd07080bf2a4a2"},"headline":"El negocio de las dirigencias partidistas","datePublished":"2017-05-11T14:45:13+00:00","mainEntityOfPage":{"@id":"https:\/\/lospoliticosveracruz.com\/?p=33601"},"wordCount":650,"commentCount":0,"publisher":{"@id":"https:\/\/lospoliticosveracruz.com\/#organization"},"keywords":["elecciones","INE","prerrogativas"],"articleSection":["De Opini\u00f3n"],"inLanguage":"es","potentialAction":[{"@type":"CommentAction","name":"Comment","target":["https:\/\/lospoliticosveracruz.com\/?p=33601#respond"]}]},{"@type":"WebPage","@id":"https:\/\/lospoliticosveracruz.com\/?p=33601","url":"https:\/\/lospoliticosveracruz.com\/?p=33601","name":"El negocio de las dirigencias partidistas - Los pol\u00edticos Veracruz","isPartOf":{"@id":"https:\/\/lospoliticosveracruz.com\/#website"},"datePublished":"2017-05-11T14:45:13+00:00","breadcrumb":{"@id":"https:\/\/lospoliticosveracruz.com\/?p=33601#breadcrumb"},"inLanguage":"es","potentialAction":[{"@type":"ReadAction","target":["https:\/\/lospoliticosveracruz.com\/?p=33601"]}]},{"@type":"BreadcrumbList","@id":"https:\/\/lospoliticosveracruz.com\/?p=33601#breadcrumb","itemListElement":[{"@type":"ListItem","position":1,"name":"Portada","item":"https:\/\/lospoliticosveracruz.com\/"},{"@type":"ListItem","position":2,"name":"El negocio de las dirigencias partidistas"}]},{"@type":"WebSite","@id":"https:\/\/lospoliticosveracruz.com\/#website","url":"https:\/\/lospoliticosveracruz.com\/","name":"Los pol\u00edticos Veracruz","description":"","publisher":{"@id":"https:\/\/lospoliticosveracruz.com\/#organization"},"potentialAction":[{"@type":"SearchAction","target":{"@type":"EntryPoint","urlTemplate":"https:\/\/lospoliticosveracruz.com\/?s={search_term_string}"},"query-input":{"@type":"PropertyValueSpecification","valueRequired":true,"valueName":"search_term_string"}}],"inLanguage":"es"},{"@type":"Organization","@id":"https:\/\/lospoliticosveracruz.com\/#organization","name":"Los pol\u00edticos Veracruz","url":"https:\/\/lospoliticosveracruz.com\/","logo":{"@type":"ImageObject","inLanguage":"es","@id":"https:\/\/lospoliticosveracruz.com\/#\/schema\/logo\/image\/","url":"https:\/\/lospoliticosveracruz.com\/wp-content\/uploads\/2025\/12\/Logo-Nuevo-LOS-POLITICOS-1.jpg","contentUrl":"https:\/\/lospoliticosveracruz.com\/wp-content\/uploads\/2025\/12\/Logo-Nuevo-LOS-POLITICOS-1.jpg","width":260,"height":70,"caption":"Los pol\u00edticos Veracruz"},"image":{"@id":"https:\/\/lospoliticosveracruz.com\/#\/schema\/logo\/image\/"},"sameAs":["https:\/\/www.facebook.com\/people\/Notimemes-de-los-Polticos\/61565672886568\/","https:\/\/x.com\/LosPoliticosVer"]},{"@type":"Person","@id":"https:\/\/lospoliticosveracruz.com\/#\/schema\/person\/b8702bb0e538456e6efd07080bf2a4a2","name":"Lo viste en Los Pol\u00edticos","image":{"@type":"ImageObject","inLanguage":"es","@id":"https:\/\/secure.gravatar.com\/avatar\/3a8de04a2656d44082be478bd6c086daa447c4651605818287b9532d3d0bd435?s=96&d=mm&r=g","url":"https:\/\/secure.gravatar.com\/avatar\/3a8de04a2656d44082be478bd6c086daa447c4651605818287b9532d3d0bd435?s=96&d=mm&r=g","contentUrl":"https:\/\/secure.gravatar.com\/avatar\/3a8de04a2656d44082be478bd6c086daa447c4651605818287b9532d3d0bd435?s=96&d=mm&r=g","caption":"Lo viste en Los Pol\u00edticos"},"url":"https:\/\/lospoliticosveracruz.com\/?author=2"}]}},"_links":{"self":[{"href":"https:\/\/lospoliticosveracruz.com\/index.php?rest_route=\/wp\/v2\/posts\/33601","targetHints":{"allow":["GET"]}}],"collection":[{"href":"https:\/\/lospoliticosveracruz.com\/index.php?rest_route=\/wp\/v2\/posts"}],"about":[{"href":"https:\/\/lospoliticosveracruz.com\/index.php?rest_route=\/wp\/v2\/types\/post"}],"author":[{"embeddable":true,"href":"https:\/\/lospoliticosveracruz.com\/index.php?rest_route=\/wp\/v2\/users\/2"}],"replies":[{"embeddable":true,"href":"https:\/\/lospoliticosveracruz.com\/index.php?rest_route=%2Fwp%2Fv2%2Fcomments&post=33601"}],"version-history":[{"count":1,"href":"https:\/\/lospoliticosveracruz.com\/index.php?rest_route=\/wp\/v2\/posts\/33601\/revisions"}],"predecessor-version":[{"id":33602,"href":"https:\/\/lospoliticosveracruz.com\/index.php?rest_route=\/wp\/v2\/posts\/33601\/revisions\/33602"}],"wp:attachment":[{"href":"https:\/\/lospoliticosveracruz.com\/index.php?rest_route=%2Fwp%2Fv2%2Fmedia&parent=33601"}],"wp:term":[{"taxonomy":"category","embeddable":true,"href":"https:\/\/lospoliticosveracruz.com\/index.php?rest_route=%2Fwp%2Fv2%2Fcategories&post=33601"},{"taxonomy":"post_tag","embeddable":true,"href":"https:\/\/lospoliticosveracruz.com\/index.php?rest_route=%2Fwp%2Fv2%2Ftags&post=33601"}],"curies":[{"name":"wp","href":"https:\/\/api.w.org\/{rel}","templated":true}]}}