{"id":33689,"date":"2017-05-16T10:29:01","date_gmt":"2017-05-16T15:29:01","guid":{"rendered":"http:\/\/www.lospoliticosveracruz.com.mx\/?p=33689"},"modified":"2017-05-16T10:29:53","modified_gmt":"2017-05-16T15:29:53","slug":"morir-poquito-a-poco","status":"publish","type":"post","link":"https:\/\/lospoliticosveracruz.com\/?p=33689","title":{"rendered":"Morir poquito a poco"},"content":{"rendered":"<p><strong>Yadira Hidalgo G.<\/strong><\/p>\n<p><em>Mujeres que Saben Lat\u00edn<\/em><\/p>\n<p>&nbsp;<\/p>\n<p>&nbsp;<\/p>\n<p>En M\u00e9xico nos est\u00e1n matando. Mujeres, hombres, familias, ni\u00f1os, ni\u00f1as, periodistas, defensores y defensoras de derechos humanos \u00bfCu\u00e1ndo comenzamos a caer como moscas? \u00bfPor qu\u00e9 nombrarme en ese colectivo si aqu\u00ed sigo, viva y escribiendo? Porque con cada asesinato todo M\u00e9xico se muere un poco. Hay quienes est\u00e1n m\u00e1s conscientes de ello y hay quienes siguen viviendo sin querer darse cuenta.<\/p>\n<p>Nuestro pa\u00eds siempre ha sido un pa\u00eds violento; pero este infierno que vivimos s\u00f3lo necesitaba un empuj\u00f3n y \u00e9se se lo dio el ex presidente Felipe Calder\u00f3n Hinojosa. Que nadie lo olvide. \u00c9l, en un momento de frenes\u00ed de macho bravuc\u00f3n, declar\u00f3 la guerra al narcotr\u00e1fico y con esa declaraci\u00f3n -hecha vaya a saberse bajo qu\u00e9 circunstancias- se abri\u00f3 una puerta por la que sali\u00f3 el lado m\u00e1s oscuro, terrible y temido del pa\u00eds que poco a poco se hab\u00eda estado creando desde administraciones anteriores.<\/p>\n<p>Un pa\u00eds que dej\u00f3 de apostar por la educaci\u00f3n porque lo que importa es la formaci\u00f3n de mano de obra barata, que no se queje ni conozca sus derechos. Un pa\u00eds que volvi\u00f3 religi\u00f3n la corrupci\u00f3n y ense\u00f1\u00f3 a sus nuevas generaciones a encomendarse a la palanca y a la charola. Un pa\u00eds que deja pasar indulgentemente contenidos de extrema violencia en los medios de comunicaci\u00f3n que consumen cientos de j\u00f3venes, ni\u00f1as y ni\u00f1os, en los que la violencia hacia grupos de personas precarizadas en sus derechos, son lo normal. Un pa\u00eds que ve con devoci\u00f3n la existencia de grupos criminales en sus eternas y encarnizadas peleas, de los cuales se escriben canciones y series de televisi\u00f3n que les exhiben como h\u00e9roes y hero\u00ednas con alma. Un pa\u00eds insensibilizado al que la indignaci\u00f3n le resulta un concepto muy lejano y ajeno.<\/p>\n<p>Como en caldo de cultivo, la violencia germin\u00f3 y esparci\u00f3 sus flores negras por todo el pa\u00eds: ejecuciones, secuestros, desapariciones, feminicidios, trata de personas, asesinatos sumarios, sicariato, muerte a gran escala. Muerte que no se puede ignorar aunque se piense que s\u00ed.<\/p>\n<p>El clima enrarecido que flota en nuestro pa\u00eds desde hace varios a\u00f1os nos afecta a quienes aqu\u00ed vivimos, lo queramos o no, tengamos o no cercana a una persona que haya sido v\u00edctima de la violencia desatada. Tal vez s\u00f3lo cuando la dignidad se haga costumbre, podremos ir vislumbrando la salida del t\u00fanel. Mientras tanto, en este pa\u00eds, aunque sigamos respirando, la verdad es que cada d\u00eda nos morimos poquito a poco.<\/p>\n","protected":false},"excerpt":{"rendered":"<p>Yadira Hidalgo G. Mujeres que Saben Lat\u00edn &nbsp; &nbsp; En M\u00e9xico nos est\u00e1n matando. Mujeres, hombres, familias, ni\u00f1os, ni\u00f1as, periodistas, defensores y defensoras de derechos humanos \u00bfCu\u00e1ndo comenzamos a caer como moscas? \u00bfPor qu\u00e9 nombrarme en ese colectivo si aqu\u00ed sigo, viva y escribiendo? Porque con cada asesinato todo M\u00e9xico se muere un poco. Hay [&hellip;]<\/p>\n","protected":false},"author":2,"featured_media":0,"comment_status":"open","ping_status":"open","sticky":false,"template":"","format":"standard","meta":{"tdm_status":"","tdm_grid_status":"","footnotes":""},"categories":[70],"tags":[6108,8297,3946,826,8296,503,559],"class_list":{"0":"post-33689","1":"post","2":"type-post","3":"status-publish","4":"format-standard","6":"category-de-opinion","7":"tag-desapariciones","8":"tag-ejecuciones","9":"tag-felipe-calderon","10":"tag-feminicidios","11":"tag-guerra-contra-el-narco","12":"tag-homicidios","13":"tag-muerte"},"yoast_head":"<!-- This site is optimized with the Yoast SEO plugin v27.4 - https:\/\/yoast.com\/product\/yoast-seo-wordpress\/ -->\n<title>Morir poquito a poco - Los pol\u00edticos Veracruz<\/title>\n<meta name=\"robots\" content=\"index, follow, max-snippet:-1, max-image-preview:large, max-video-preview:-1\" \/>\n<link rel=\"canonical\" href=\"https:\/\/lospoliticosveracruz.com\/?p=33689\" \/>\n<meta property=\"og:locale\" content=\"es_ES\" \/>\n<meta property=\"og:type\" content=\"article\" \/>\n<meta property=\"og:title\" content=\"Morir poquito a poco - Los pol\u00edticos Veracruz\" \/>\n<meta property=\"og:description\" content=\"Yadira Hidalgo G. Mujeres que Saben Lat\u00edn &nbsp; &nbsp; En M\u00e9xico nos est\u00e1n matando. Mujeres, hombres, familias, ni\u00f1os, ni\u00f1as, periodistas, defensores y defensoras de derechos humanos \u00bfCu\u00e1ndo comenzamos a caer como moscas? \u00bfPor qu\u00e9 nombrarme en ese colectivo si aqu\u00ed sigo, viva y escribiendo? Porque con cada asesinato todo M\u00e9xico se muere un poco. Hay [&hellip;]\" \/>\n<meta property=\"og:url\" content=\"https:\/\/lospoliticosveracruz.com\/?p=33689\" \/>\n<meta property=\"og:site_name\" content=\"Los pol\u00edticos Veracruz\" \/>\n<meta property=\"article:publisher\" content=\"https:\/\/www.facebook.com\/people\/Notimemes-de-los-Polticos\/61565672886568\/\" \/>\n<meta property=\"article:published_time\" content=\"2017-05-16T15:29:01+00:00\" \/>\n<meta property=\"article:modified_time\" content=\"2017-05-16T15:29:53+00:00\" \/>\n<meta property=\"og:image\" content=\"https:\/\/lospoliticosveracruz.com\/wp-content\/uploads\/2016\/07\/Logo-Dor.jpg\" \/>\n\t<meta property=\"og:image:width\" content=\"200\" \/>\n\t<meta property=\"og:image:height\" content=\"200\" \/>\n\t<meta property=\"og:image:type\" content=\"image\/jpeg\" \/>\n<meta name=\"author\" content=\"Lo viste en Los Pol\u00edticos\" \/>\n<meta name=\"twitter:card\" content=\"summary_large_image\" \/>\n<meta name=\"twitter:creator\" content=\"@LosPoliticosVer\" \/>\n<meta name=\"twitter:site\" content=\"@LosPoliticosVer\" \/>\n<meta name=\"twitter:label1\" content=\"Escrito por\" \/>\n\t<meta name=\"twitter:data1\" content=\"Lo viste en Los Pol\u00edticos\" \/>\n\t<meta name=\"twitter:label2\" content=\"Tiempo de lectura\" \/>\n\t<meta name=\"twitter:data2\" content=\"2 minutos\" \/>\n<script type=\"application\/ld+json\" class=\"yoast-schema-graph\">{\"@context\":\"https:\\\/\\\/schema.org\",\"@graph\":[{\"@type\":\"Article\",\"@id\":\"https:\\\/\\\/lospoliticosveracruz.com\\\/?p=33689#article\",\"isPartOf\":{\"@id\":\"https:\\\/\\\/lospoliticosveracruz.com\\\/?p=33689\"},\"author\":{\"name\":\"Lo viste en Los Pol\u00edticos\",\"@id\":\"https:\\\/\\\/lospoliticosveracruz.com\\\/#\\\/schema\\\/person\\\/b8702bb0e538456e6efd07080bf2a4a2\"},\"headline\":\"Morir poquito a poco\",\"datePublished\":\"2017-05-16T15:29:01+00:00\",\"dateModified\":\"2017-05-16T15:29:53+00:00\",\"mainEntityOfPage\":{\"@id\":\"https:\\\/\\\/lospoliticosveracruz.com\\\/?p=33689\"},\"wordCount\":460,\"commentCount\":0,\"publisher\":{\"@id\":\"https:\\\/\\\/lospoliticosveracruz.com\\\/#organization\"},\"keywords\":[\"Desapariciones\",\"Ejecuciones\",\"Felipe Calder\u00f3n\",\"feminicidios\",\"Guerra contra el narco\",\"homicidios\",\"Muerte\"],\"articleSection\":[\"De Opini\u00f3n\"],\"inLanguage\":\"es\",\"potentialAction\":[{\"@type\":\"CommentAction\",\"name\":\"Comment\",\"target\":[\"https:\\\/\\\/lospoliticosveracruz.com\\\/?p=33689#respond\"]}]},{\"@type\":\"WebPage\",\"@id\":\"https:\\\/\\\/lospoliticosveracruz.com\\\/?p=33689\",\"url\":\"https:\\\/\\\/lospoliticosveracruz.com\\\/?p=33689\",\"name\":\"Morir poquito a poco - Los pol\u00edticos Veracruz\",\"isPartOf\":{\"@id\":\"https:\\\/\\\/lospoliticosveracruz.com\\\/#website\"},\"datePublished\":\"2017-05-16T15:29:01+00:00\",\"dateModified\":\"2017-05-16T15:29:53+00:00\",\"breadcrumb\":{\"@id\":\"https:\\\/\\\/lospoliticosveracruz.com\\\/?p=33689#breadcrumb\"},\"inLanguage\":\"es\",\"potentialAction\":[{\"@type\":\"ReadAction\",\"target\":[\"https:\\\/\\\/lospoliticosveracruz.com\\\/?p=33689\"]}]},{\"@type\":\"BreadcrumbList\",\"@id\":\"https:\\\/\\\/lospoliticosveracruz.com\\\/?p=33689#breadcrumb\",\"itemListElement\":[{\"@type\":\"ListItem\",\"position\":1,\"name\":\"Portada\",\"item\":\"https:\\\/\\\/lospoliticosveracruz.com\\\/\"},{\"@type\":\"ListItem\",\"position\":2,\"name\":\"Morir poquito a poco\"}]},{\"@type\":\"WebSite\",\"@id\":\"https:\\\/\\\/lospoliticosveracruz.com\\\/#website\",\"url\":\"https:\\\/\\\/lospoliticosveracruz.com\\\/\",\"name\":\"Los pol\u00edticos Veracruz\",\"description\":\"\",\"publisher\":{\"@id\":\"https:\\\/\\\/lospoliticosveracruz.com\\\/#organization\"},\"potentialAction\":[{\"@type\":\"SearchAction\",\"target\":{\"@type\":\"EntryPoint\",\"urlTemplate\":\"https:\\\/\\\/lospoliticosveracruz.com\\\/?s={search_term_string}\"},\"query-input\":{\"@type\":\"PropertyValueSpecification\",\"valueRequired\":true,\"valueName\":\"search_term_string\"}}],\"inLanguage\":\"es\"},{\"@type\":\"Organization\",\"@id\":\"https:\\\/\\\/lospoliticosveracruz.com\\\/#organization\",\"name\":\"Los pol\u00edticos Veracruz\",\"url\":\"https:\\\/\\\/lospoliticosveracruz.com\\\/\",\"logo\":{\"@type\":\"ImageObject\",\"inLanguage\":\"es\",\"@id\":\"https:\\\/\\\/lospoliticosveracruz.com\\\/#\\\/schema\\\/logo\\\/image\\\/\",\"url\":\"https:\\\/\\\/lospoliticosveracruz.com\\\/wp-content\\\/uploads\\\/2025\\\/12\\\/Logo-Nuevo-LOS-POLITICOS-1.jpg\",\"contentUrl\":\"https:\\\/\\\/lospoliticosveracruz.com\\\/wp-content\\\/uploads\\\/2025\\\/12\\\/Logo-Nuevo-LOS-POLITICOS-1.jpg\",\"width\":260,\"height\":70,\"caption\":\"Los pol\u00edticos Veracruz\"},\"image\":{\"@id\":\"https:\\\/\\\/lospoliticosveracruz.com\\\/#\\\/schema\\\/logo\\\/image\\\/\"},\"sameAs\":[\"https:\\\/\\\/www.facebook.com\\\/people\\\/Notimemes-de-los-Polticos\\\/61565672886568\\\/\",\"https:\\\/\\\/x.com\\\/LosPoliticosVer\"]},{\"@type\":\"Person\",\"@id\":\"https:\\\/\\\/lospoliticosveracruz.com\\\/#\\\/schema\\\/person\\\/b8702bb0e538456e6efd07080bf2a4a2\",\"name\":\"Lo viste en Los Pol\u00edticos\",\"image\":{\"@type\":\"ImageObject\",\"inLanguage\":\"es\",\"@id\":\"https:\\\/\\\/secure.gravatar.com\\\/avatar\\\/3a8de04a2656d44082be478bd6c086daa447c4651605818287b9532d3d0bd435?s=96&d=mm&r=g\",\"url\":\"https:\\\/\\\/secure.gravatar.com\\\/avatar\\\/3a8de04a2656d44082be478bd6c086daa447c4651605818287b9532d3d0bd435?s=96&d=mm&r=g\",\"contentUrl\":\"https:\\\/\\\/secure.gravatar.com\\\/avatar\\\/3a8de04a2656d44082be478bd6c086daa447c4651605818287b9532d3d0bd435?s=96&d=mm&r=g\",\"caption\":\"Lo viste en Los Pol\u00edticos\"},\"url\":\"https:\\\/\\\/lospoliticosveracruz.com\\\/?author=2\"}]}<\/script>\n<!-- \/ Yoast SEO plugin. -->","yoast_head_json":{"title":"Morir poquito a poco - Los pol\u00edticos Veracruz","robots":{"index":"index","follow":"follow","max-snippet":"max-snippet:-1","max-image-preview":"max-image-preview:large","max-video-preview":"max-video-preview:-1"},"canonical":"https:\/\/lospoliticosveracruz.com\/?p=33689","og_locale":"es_ES","og_type":"article","og_title":"Morir poquito a poco - Los pol\u00edticos Veracruz","og_description":"Yadira Hidalgo G. Mujeres que Saben Lat\u00edn &nbsp; &nbsp; En M\u00e9xico nos est\u00e1n matando. Mujeres, hombres, familias, ni\u00f1os, ni\u00f1as, periodistas, defensores y defensoras de derechos humanos \u00bfCu\u00e1ndo comenzamos a caer como moscas? \u00bfPor qu\u00e9 nombrarme en ese colectivo si aqu\u00ed sigo, viva y escribiendo? Porque con cada asesinato todo M\u00e9xico se muere un poco. Hay [&hellip;]","og_url":"https:\/\/lospoliticosveracruz.com\/?p=33689","og_site_name":"Los pol\u00edticos Veracruz","article_publisher":"https:\/\/www.facebook.com\/people\/Notimemes-de-los-Polticos\/61565672886568\/","article_published_time":"2017-05-16T15:29:01+00:00","article_modified_time":"2017-05-16T15:29:53+00:00","og_image":[{"width":200,"height":200,"url":"https:\/\/lospoliticosveracruz.com\/wp-content\/uploads\/2016\/07\/Logo-Dor.jpg","type":"image\/jpeg"}],"author":"Lo viste en Los Pol\u00edticos","twitter_card":"summary_large_image","twitter_creator":"@LosPoliticosVer","twitter_site":"@LosPoliticosVer","twitter_misc":{"Escrito por":"Lo viste en Los Pol\u00edticos","Tiempo de lectura":"2 minutos"},"schema":{"@context":"https:\/\/schema.org","@graph":[{"@type":"Article","@id":"https:\/\/lospoliticosveracruz.com\/?p=33689#article","isPartOf":{"@id":"https:\/\/lospoliticosveracruz.com\/?p=33689"},"author":{"name":"Lo viste en Los Pol\u00edticos","@id":"https:\/\/lospoliticosveracruz.com\/#\/schema\/person\/b8702bb0e538456e6efd07080bf2a4a2"},"headline":"Morir poquito a poco","datePublished":"2017-05-16T15:29:01+00:00","dateModified":"2017-05-16T15:29:53+00:00","mainEntityOfPage":{"@id":"https:\/\/lospoliticosveracruz.com\/?p=33689"},"wordCount":460,"commentCount":0,"publisher":{"@id":"https:\/\/lospoliticosveracruz.com\/#organization"},"keywords":["Desapariciones","Ejecuciones","Felipe Calder\u00f3n","feminicidios","Guerra contra el narco","homicidios","Muerte"],"articleSection":["De Opini\u00f3n"],"inLanguage":"es","potentialAction":[{"@type":"CommentAction","name":"Comment","target":["https:\/\/lospoliticosveracruz.com\/?p=33689#respond"]}]},{"@type":"WebPage","@id":"https:\/\/lospoliticosveracruz.com\/?p=33689","url":"https:\/\/lospoliticosveracruz.com\/?p=33689","name":"Morir poquito a poco - Los pol\u00edticos Veracruz","isPartOf":{"@id":"https:\/\/lospoliticosveracruz.com\/#website"},"datePublished":"2017-05-16T15:29:01+00:00","dateModified":"2017-05-16T15:29:53+00:00","breadcrumb":{"@id":"https:\/\/lospoliticosveracruz.com\/?p=33689#breadcrumb"},"inLanguage":"es","potentialAction":[{"@type":"ReadAction","target":["https:\/\/lospoliticosveracruz.com\/?p=33689"]}]},{"@type":"BreadcrumbList","@id":"https:\/\/lospoliticosveracruz.com\/?p=33689#breadcrumb","itemListElement":[{"@type":"ListItem","position":1,"name":"Portada","item":"https:\/\/lospoliticosveracruz.com\/"},{"@type":"ListItem","position":2,"name":"Morir poquito a poco"}]},{"@type":"WebSite","@id":"https:\/\/lospoliticosveracruz.com\/#website","url":"https:\/\/lospoliticosveracruz.com\/","name":"Los pol\u00edticos Veracruz","description":"","publisher":{"@id":"https:\/\/lospoliticosveracruz.com\/#organization"},"potentialAction":[{"@type":"SearchAction","target":{"@type":"EntryPoint","urlTemplate":"https:\/\/lospoliticosveracruz.com\/?s={search_term_string}"},"query-input":{"@type":"PropertyValueSpecification","valueRequired":true,"valueName":"search_term_string"}}],"inLanguage":"es"},{"@type":"Organization","@id":"https:\/\/lospoliticosveracruz.com\/#organization","name":"Los pol\u00edticos Veracruz","url":"https:\/\/lospoliticosveracruz.com\/","logo":{"@type":"ImageObject","inLanguage":"es","@id":"https:\/\/lospoliticosveracruz.com\/#\/schema\/logo\/image\/","url":"https:\/\/lospoliticosveracruz.com\/wp-content\/uploads\/2025\/12\/Logo-Nuevo-LOS-POLITICOS-1.jpg","contentUrl":"https:\/\/lospoliticosveracruz.com\/wp-content\/uploads\/2025\/12\/Logo-Nuevo-LOS-POLITICOS-1.jpg","width":260,"height":70,"caption":"Los pol\u00edticos Veracruz"},"image":{"@id":"https:\/\/lospoliticosveracruz.com\/#\/schema\/logo\/image\/"},"sameAs":["https:\/\/www.facebook.com\/people\/Notimemes-de-los-Polticos\/61565672886568\/","https:\/\/x.com\/LosPoliticosVer"]},{"@type":"Person","@id":"https:\/\/lospoliticosveracruz.com\/#\/schema\/person\/b8702bb0e538456e6efd07080bf2a4a2","name":"Lo viste en Los Pol\u00edticos","image":{"@type":"ImageObject","inLanguage":"es","@id":"https:\/\/secure.gravatar.com\/avatar\/3a8de04a2656d44082be478bd6c086daa447c4651605818287b9532d3d0bd435?s=96&d=mm&r=g","url":"https:\/\/secure.gravatar.com\/avatar\/3a8de04a2656d44082be478bd6c086daa447c4651605818287b9532d3d0bd435?s=96&d=mm&r=g","contentUrl":"https:\/\/secure.gravatar.com\/avatar\/3a8de04a2656d44082be478bd6c086daa447c4651605818287b9532d3d0bd435?s=96&d=mm&r=g","caption":"Lo viste en Los Pol\u00edticos"},"url":"https:\/\/lospoliticosveracruz.com\/?author=2"}]}},"_links":{"self":[{"href":"https:\/\/lospoliticosveracruz.com\/index.php?rest_route=\/wp\/v2\/posts\/33689","targetHints":{"allow":["GET"]}}],"collection":[{"href":"https:\/\/lospoliticosveracruz.com\/index.php?rest_route=\/wp\/v2\/posts"}],"about":[{"href":"https:\/\/lospoliticosveracruz.com\/index.php?rest_route=\/wp\/v2\/types\/post"}],"author":[{"embeddable":true,"href":"https:\/\/lospoliticosveracruz.com\/index.php?rest_route=\/wp\/v2\/users\/2"}],"replies":[{"embeddable":true,"href":"https:\/\/lospoliticosveracruz.com\/index.php?rest_route=%2Fwp%2Fv2%2Fcomments&post=33689"}],"version-history":[{"count":2,"href":"https:\/\/lospoliticosveracruz.com\/index.php?rest_route=\/wp\/v2\/posts\/33689\/revisions"}],"predecessor-version":[{"id":33691,"href":"https:\/\/lospoliticosveracruz.com\/index.php?rest_route=\/wp\/v2\/posts\/33689\/revisions\/33691"}],"wp:attachment":[{"href":"https:\/\/lospoliticosveracruz.com\/index.php?rest_route=%2Fwp%2Fv2%2Fmedia&parent=33689"}],"wp:term":[{"taxonomy":"category","embeddable":true,"href":"https:\/\/lospoliticosveracruz.com\/index.php?rest_route=%2Fwp%2Fv2%2Fcategories&post=33689"},{"taxonomy":"post_tag","embeddable":true,"href":"https:\/\/lospoliticosveracruz.com\/index.php?rest_route=%2Fwp%2Fv2%2Ftags&post=33689"}],"curies":[{"name":"wp","href":"https:\/\/api.w.org\/{rel}","templated":true}]}}