{"id":33713,"date":"2017-05-17T10:15:24","date_gmt":"2017-05-17T15:15:24","guid":{"rendered":"http:\/\/www.lospoliticosveracruz.com.mx\/?p=33713"},"modified":"2017-05-17T10:15:24","modified_gmt":"2017-05-17T15:15:24","slug":"los-ataques-contra-americo","status":"publish","type":"post","link":"https:\/\/lospoliticosveracruz.com\/?p=33713","title":{"rendered":"Los ataques contra Am\u00e9rico"},"content":{"rendered":"<p class=\"x_MsoNormal\"><strong>Jos\u00e9 Ortiz Medina<\/strong><\/p>\n<p class=\"x_MsoNormal\"><em>En Corto&#8230; Sin Cortes<\/em><\/p>\n<p class=\"x_MsoNormal\">\n<p class=\"x_MsoNormal\">\n<p class=\"x_MsoNormal\">Acertada respuesta del regidor Rogelio Jes\u00fas \u00c1lvarez Arroyo, a los ataques que recibi\u00f3 este martes en el Congreso del Estado el alcalde Am\u00e9rico Z\u00fa\u00f1iga Mart\u00ednez de parte de la bancada panista.<\/p>\n<p class=\"x_MsoNormal\">Disfrazado como punto de acuerdo para exhortar sobre los gastos que el mun\u00edcipe ha realizado en su gobierno, a pesar de que todos estos est\u00e1n documentados en los estados financieros mensuales, el panista oriundo de las Charcas, municipio de Tierra Blanca, lanz\u00f3 una larga perorata sobre las funciones de los alcaldes y dijo que Am\u00e9rico no tiene experiencia ni ha cumplido.<\/p>\n<p class=\"x_MsoNormal\">Por ello, de inmediato, el regidor que preside la Comisi\u00f3n de Hacienda y Patrimonio Municipal de Xalapa, hombre muy cercano a don Ricardo Ahued Bardahuil, dijo que los ataques de los panistas obedecen a coyunturas electorales.<\/p>\n<p class=\"x_MsoNormal\">\u201cEs evidente que la exposici\u00f3n realizada por los diputados panistas obedecen a la proximidad de las elecciones y a la destacada labor realizada por el mun\u00edcipe al frente de su administraci\u00f3n, ya que el Ayuntamiento de Xalapa no tan s\u00f3lo ha roto records de obra p\u00fablica en materia de infraestructura vial, hidr\u00e1ulica y cultural, sino que lo ha hecho cumpliendo con criterios de transparencia, eficacia, eficiencia, calidad y siempre pensando en el bienestar de la poblaci\u00f3n\u201d, afirm\u00f3.<\/p>\n<p class=\"x_MsoNormal\">El edil record\u00f3 que todas las obras que se llevan a cabo se realizan con el consenso de los vecinos, que forman patronatos y comit\u00e9s de contralor\u00eda social, para vigilar la calidad de las mismas. Adem\u00e1s, esta administraci\u00f3n ha sido capaz de recuperar la confianza de la poblaci\u00f3n y, prueba de ello, es que tambi\u00e9n se han roto records de participaci\u00f3n ciudadana.<\/p>\n<p class=\"x_MsoNormal\">Roger, como le dicen sus compa\u00f1eros de la Comuna, explic\u00f3 que la obra p\u00fablica est\u00e1 a la vista y la administraci\u00f3n que encabeza Am\u00e9rico Z\u00fa\u00f1iga ha sido auditada externamente por 23 \u00f3rganos fiscalizadores.<\/p>\n<p class=\"x_MsoNormal\">\u201cEn lo que llevamos de la administraci\u00f3n se han ejecutado 13 auditor\u00edas de la Auditor\u00eda Superior de la Federaci\u00f3n, 7 del ORFIS, 2 de la Secretar\u00eda de la Funci\u00f3n P\u00fablica y 1 de la Contralor\u00eda General del Estado. Adem\u00e1s, los diputados nos aprobaron sin observaciones las Cuentas P\u00fablicas 2014 y 2015\u201d, asever\u00f3.<\/p>\n<p class=\"x_MsoNormal\">\u00a0<b>MAS le cumple a Veracruz\u00a0<\/b><b>o se va: Fidel Kuri<\/b><\/p>\n<p class=\"x_MsoNormal\">Justo a la mitad de su campa\u00f1a y despu\u00e9s de escuchar los reclamos ciudadanos de las diversas colonias de este Puerto de Veracruz, Fidel Kuri Grajales advierte que si el Grupo MAS no mejora su funcionamiento en el abastecimiento y operaci\u00f3n del agua potable se va.<\/p>\n<p class=\"x_MsoNormal\">El candidato de la alianza \u00abQue Resurja Veracruz\u00bb, Fidel Kuri Grajales, coment\u00f3 que cuando sea el alcalde \u201csi Grupo MAS no se pone las pilas se va\u201d.<\/p>\n<p class=\"x_MsoNormal\">El \u00abTibur\u00f3n Mayor\u00bb\u00a0 se\u00f1al\u00f3 que el Grupo MAS tiene que buscar soluciones a las quejas de la ciudadan\u00eda, porque ya no se va a seguir sufriendo por culpa de ellos.<\/p>\n<p class=\"x_MsoNormal\">\u00abYo ya hubiera echado abajo el convenio que hay con Grupo MAS y lo har\u00eda y eso lo tiene que ver el\u00a0 presidente municipal de Veracruz, Ram\u00f3n Poo, y si lo puede echar abajo en cabildo y que le quiten la concesi\u00f3n que lo hagan, porque no est\u00e1n haciendo las cosas bien, no se comprometieron, no est\u00e1n haciendo lo que se comprometieron, todo mundo viene se compromete y no hace las cosas y esa empresa de extranjeros que disque viene a arreglar las cosas en Veracruz y no lo est\u00e1 arreglando\u201d.<\/p>\n<p class=\"x_MsoNormal\">\u00a0Kuri Grajales sentenci\u00f3 que su \u00fanico compromiso es con los veracruzanos, por lo que no dudar\u00eda en echar abajo la concesi\u00f3n de la operaci\u00f3n del agua potable, \u00abs\u00ed, definitivamente aqu\u00ed el que no haga bien las cosas se va, yo no tengo compromiso m\u00e1s que con los veracruzanos, con nadie m\u00e1s\u201d.<\/p>\n<p class=\"x_MsoNormal\">El candidato del PRI-PVEM asegur\u00f3 que habr\u00eda que analizar la situaci\u00f3n de los ex trabajadores despedidos, as\u00ed como los t\u00e9rminos de la concesi\u00f3n otorgada a dicho grupo empresarial, \u00abpues mira hay mucho desempleado para empezar, creo que hay mil 500 o mil 600 trabajadores que corrieron, ah\u00ed andan, yo s\u00e9 que ah\u00ed est\u00e1n y tiene que resolver tambi\u00e9n eso Grupo MAS\u00bb.<\/p>\n<p class=\"x_MsoNormal\">El \u201cTibur\u00f3n Mayor\u201d dijo que en sus recorridos por las colonias se ha percatado que Grupo MAS no ha invertido lo que prometi\u00f3, \u00abquedaron de invertir miles de millones de pesos en toda la red de agua potable y no lo est\u00e1n haciendo, entonces si hay escasez de agua es por culpa de ellos, por eso tambi\u00e9n la red de agua potable no se da abasto, hay mucha fuga las tuber\u00edas est\u00e1n muy viejas, hay que cambiar mucha tuber\u00eda y no vamos a dar buenos resultados si no cambian la tuber\u00eda, creo la concesionaron por 30 a\u00f1os y lo m\u00e1ximo que tienen que concesionar son 15, hay que revisar bien ese contrato\u201d.<\/p>\n<p class=\"x_MsoNormal\"><b>Los enjuagues de AMLO\u00a0<\/b><b>con Elba Esther<\/b><\/p>\n<p class=\"x_MsoNormal\">Es m\u00e1s que abierto \u2013descarado, podr\u00edamos llamarlo- el apoyo total que el grupo de Elba Esther Gordillo brinda a la candidata de Morena a la gubernatura del Estado de M\u00e9xico, Delfina G\u00f3mez, con todo y que el l\u00edder nacional de ese partido, Andr\u00e9s Manuel L\u00f3pez Obrador, finja demencia y juegue al \u201ct\u00edo Lolo\u201d.<\/p>\n<p class=\"x_MsoNormal\">El yerno de la maestra Gordillo, Fernando Gonz\u00e1lez S\u00e1nchez, declar\u00f3 que aunque platica \u201cpoco de pol\u00edtica\u201d con su suegra (\u00a1ay, aj\u00e1!), no le \u201csorprender\u00eda\u201d que ella sintiera \u201cgusto porque una maestra logre un nivel importante en el sistema mexicano\u201d, pues siente un \u201cgran amor por el gremio\u201d.<\/p>\n<p class=\"x_MsoNormal\">Y ya hablando en plata, Gonz\u00e1lez S\u00e1nchez afirm\u00f3 que lo que est\u00e1 en juego son \u201cidentidades y principios\u201d y no \u201cintercambios\u201d, y que la de Delfina G\u00f3mez es una \u201cgran propuesta pol\u00edtica\u201d, que tiene una \u201cvisi\u00f3n humilde del poder\u201d.<\/p>\n<p class=\"x_MsoNormal\">M\u00e1s claro, ni el agua.<\/p>\n","protected":false},"excerpt":{"rendered":"<p>Jos\u00e9 Ortiz Medina En Corto&#8230; Sin Cortes Acertada respuesta del regidor Rogelio Jes\u00fas \u00c1lvarez Arroyo, a los ataques que recibi\u00f3 este martes en el Congreso del Estado el alcalde Am\u00e9rico Z\u00fa\u00f1iga Mart\u00ednez de parte de la bancada panista. Disfrazado como punto de acuerdo para exhortar sobre los gastos que el mun\u00edcipe ha realizado en su [&hellip;]<\/p>\n","protected":false},"author":2,"featured_media":0,"comment_status":"open","ping_status":"open","sticky":false,"template":"","format":"standard","meta":{"tdm_status":"","tdm_grid_status":"","footnotes":""},"categories":[70],"tags":[483,3771,3730,7518],"class_list":{"0":"post-33713","1":"post","2":"type-post","3":"status-publish","4":"format-standard","6":"category-de-opinion","7":"tag-americo-zuniga","8":"tag-obras-publicas","9":"tag-rogelio-jesus-alvarez-arroyo","10":"tag-tito-delfin-cano"},"yoast_head":"<!-- This site is optimized with the Yoast SEO plugin v27.4 - https:\/\/yoast.com\/product\/yoast-seo-wordpress\/ -->\n<title>Los ataques contra Am\u00e9rico - Los pol\u00edticos Veracruz<\/title>\n<meta name=\"robots\" content=\"index, follow, max-snippet:-1, max-image-preview:large, max-video-preview:-1\" \/>\n<link rel=\"canonical\" href=\"https:\/\/lospoliticosveracruz.com\/?p=33713\" \/>\n<meta property=\"og:locale\" content=\"es_ES\" \/>\n<meta property=\"og:type\" content=\"article\" \/>\n<meta property=\"og:title\" content=\"Los ataques contra Am\u00e9rico - Los pol\u00edticos Veracruz\" \/>\n<meta property=\"og:description\" content=\"Jos\u00e9 Ortiz Medina En Corto&#8230; Sin Cortes Acertada respuesta del regidor Rogelio Jes\u00fas \u00c1lvarez Arroyo, a los ataques que recibi\u00f3 este martes en el Congreso del Estado el alcalde Am\u00e9rico Z\u00fa\u00f1iga Mart\u00ednez de parte de la bancada panista. Disfrazado como punto de acuerdo para exhortar sobre los gastos que el mun\u00edcipe ha realizado en su [&hellip;]\" \/>\n<meta property=\"og:url\" content=\"https:\/\/lospoliticosveracruz.com\/?p=33713\" \/>\n<meta property=\"og:site_name\" content=\"Los pol\u00edticos Veracruz\" \/>\n<meta property=\"article:publisher\" content=\"https:\/\/www.facebook.com\/people\/Notimemes-de-los-Polticos\/61565672886568\/\" \/>\n<meta property=\"article:published_time\" content=\"2017-05-17T15:15:24+00:00\" \/>\n<meta property=\"og:image\" content=\"https:\/\/lospoliticosveracruz.com\/wp-content\/uploads\/2016\/07\/Logo-Dor.jpg\" \/>\n\t<meta property=\"og:image:width\" content=\"200\" \/>\n\t<meta property=\"og:image:height\" content=\"200\" \/>\n\t<meta property=\"og:image:type\" content=\"image\/jpeg\" \/>\n<meta name=\"author\" content=\"Lo viste en Los Pol\u00edticos\" \/>\n<meta name=\"twitter:card\" content=\"summary_large_image\" \/>\n<meta name=\"twitter:creator\" content=\"@LosPoliticosVer\" \/>\n<meta name=\"twitter:site\" content=\"@LosPoliticosVer\" \/>\n<meta name=\"twitter:label1\" content=\"Escrito por\" \/>\n\t<meta name=\"twitter:data1\" content=\"Lo viste en Los Pol\u00edticos\" \/>\n\t<meta name=\"twitter:label2\" content=\"Tiempo de lectura\" \/>\n\t<meta name=\"twitter:data2\" content=\"5 minutos\" \/>\n<script type=\"application\/ld+json\" class=\"yoast-schema-graph\">{\"@context\":\"https:\\\/\\\/schema.org\",\"@graph\":[{\"@type\":\"Article\",\"@id\":\"https:\\\/\\\/lospoliticosveracruz.com\\\/?p=33713#article\",\"isPartOf\":{\"@id\":\"https:\\\/\\\/lospoliticosveracruz.com\\\/?p=33713\"},\"author\":{\"name\":\"Lo viste en Los Pol\u00edticos\",\"@id\":\"https:\\\/\\\/lospoliticosveracruz.com\\\/#\\\/schema\\\/person\\\/b8702bb0e538456e6efd07080bf2a4a2\"},\"headline\":\"Los ataques contra Am\u00e9rico\",\"datePublished\":\"2017-05-17T15:15:24+00:00\",\"mainEntityOfPage\":{\"@id\":\"https:\\\/\\\/lospoliticosveracruz.com\\\/?p=33713\"},\"wordCount\":1018,\"commentCount\":0,\"publisher\":{\"@id\":\"https:\\\/\\\/lospoliticosveracruz.com\\\/#organization\"},\"keywords\":[\"Am\u00e9rico Z\u00fa\u00f1iga\",\"Obras P\u00fablicas\",\"Rogelio Jes\u00fas \u00c1lvarez Arroyo\",\"Tito Delf\u00edn Cano\"],\"articleSection\":[\"De Opini\u00f3n\"],\"inLanguage\":\"es\",\"potentialAction\":[{\"@type\":\"CommentAction\",\"name\":\"Comment\",\"target\":[\"https:\\\/\\\/lospoliticosveracruz.com\\\/?p=33713#respond\"]}]},{\"@type\":\"WebPage\",\"@id\":\"https:\\\/\\\/lospoliticosveracruz.com\\\/?p=33713\",\"url\":\"https:\\\/\\\/lospoliticosveracruz.com\\\/?p=33713\",\"name\":\"Los ataques contra Am\u00e9rico - Los pol\u00edticos Veracruz\",\"isPartOf\":{\"@id\":\"https:\\\/\\\/lospoliticosveracruz.com\\\/#website\"},\"datePublished\":\"2017-05-17T15:15:24+00:00\",\"breadcrumb\":{\"@id\":\"https:\\\/\\\/lospoliticosveracruz.com\\\/?p=33713#breadcrumb\"},\"inLanguage\":\"es\",\"potentialAction\":[{\"@type\":\"ReadAction\",\"target\":[\"https:\\\/\\\/lospoliticosveracruz.com\\\/?p=33713\"]}]},{\"@type\":\"BreadcrumbList\",\"@id\":\"https:\\\/\\\/lospoliticosveracruz.com\\\/?p=33713#breadcrumb\",\"itemListElement\":[{\"@type\":\"ListItem\",\"position\":1,\"name\":\"Portada\",\"item\":\"https:\\\/\\\/lospoliticosveracruz.com\\\/\"},{\"@type\":\"ListItem\",\"position\":2,\"name\":\"Los ataques contra Am\u00e9rico\"}]},{\"@type\":\"WebSite\",\"@id\":\"https:\\\/\\\/lospoliticosveracruz.com\\\/#website\",\"url\":\"https:\\\/\\\/lospoliticosveracruz.com\\\/\",\"name\":\"Los pol\u00edticos Veracruz\",\"description\":\"\",\"publisher\":{\"@id\":\"https:\\\/\\\/lospoliticosveracruz.com\\\/#organization\"},\"potentialAction\":[{\"@type\":\"SearchAction\",\"target\":{\"@type\":\"EntryPoint\",\"urlTemplate\":\"https:\\\/\\\/lospoliticosveracruz.com\\\/?s={search_term_string}\"},\"query-input\":{\"@type\":\"PropertyValueSpecification\",\"valueRequired\":true,\"valueName\":\"search_term_string\"}}],\"inLanguage\":\"es\"},{\"@type\":\"Organization\",\"@id\":\"https:\\\/\\\/lospoliticosveracruz.com\\\/#organization\",\"name\":\"Los pol\u00edticos Veracruz\",\"url\":\"https:\\\/\\\/lospoliticosveracruz.com\\\/\",\"logo\":{\"@type\":\"ImageObject\",\"inLanguage\":\"es\",\"@id\":\"https:\\\/\\\/lospoliticosveracruz.com\\\/#\\\/schema\\\/logo\\\/image\\\/\",\"url\":\"https:\\\/\\\/lospoliticosveracruz.com\\\/wp-content\\\/uploads\\\/2025\\\/12\\\/Logo-Nuevo-LOS-POLITICOS-1.jpg\",\"contentUrl\":\"https:\\\/\\\/lospoliticosveracruz.com\\\/wp-content\\\/uploads\\\/2025\\\/12\\\/Logo-Nuevo-LOS-POLITICOS-1.jpg\",\"width\":260,\"height\":70,\"caption\":\"Los pol\u00edticos Veracruz\"},\"image\":{\"@id\":\"https:\\\/\\\/lospoliticosveracruz.com\\\/#\\\/schema\\\/logo\\\/image\\\/\"},\"sameAs\":[\"https:\\\/\\\/www.facebook.com\\\/people\\\/Notimemes-de-los-Polticos\\\/61565672886568\\\/\",\"https:\\\/\\\/x.com\\\/LosPoliticosVer\"]},{\"@type\":\"Person\",\"@id\":\"https:\\\/\\\/lospoliticosveracruz.com\\\/#\\\/schema\\\/person\\\/b8702bb0e538456e6efd07080bf2a4a2\",\"name\":\"Lo viste en Los Pol\u00edticos\",\"image\":{\"@type\":\"ImageObject\",\"inLanguage\":\"es\",\"@id\":\"https:\\\/\\\/secure.gravatar.com\\\/avatar\\\/3a8de04a2656d44082be478bd6c086daa447c4651605818287b9532d3d0bd435?s=96&d=mm&r=g\",\"url\":\"https:\\\/\\\/secure.gravatar.com\\\/avatar\\\/3a8de04a2656d44082be478bd6c086daa447c4651605818287b9532d3d0bd435?s=96&d=mm&r=g\",\"contentUrl\":\"https:\\\/\\\/secure.gravatar.com\\\/avatar\\\/3a8de04a2656d44082be478bd6c086daa447c4651605818287b9532d3d0bd435?s=96&d=mm&r=g\",\"caption\":\"Lo viste en Los Pol\u00edticos\"},\"url\":\"https:\\\/\\\/lospoliticosveracruz.com\\\/?author=2\"}]}<\/script>\n<!-- \/ Yoast SEO plugin. -->","yoast_head_json":{"title":"Los ataques contra Am\u00e9rico - Los pol\u00edticos Veracruz","robots":{"index":"index","follow":"follow","max-snippet":"max-snippet:-1","max-image-preview":"max-image-preview:large","max-video-preview":"max-video-preview:-1"},"canonical":"https:\/\/lospoliticosveracruz.com\/?p=33713","og_locale":"es_ES","og_type":"article","og_title":"Los ataques contra Am\u00e9rico - Los pol\u00edticos Veracruz","og_description":"Jos\u00e9 Ortiz Medina En Corto&#8230; Sin Cortes Acertada respuesta del regidor Rogelio Jes\u00fas \u00c1lvarez Arroyo, a los ataques que recibi\u00f3 este martes en el Congreso del Estado el alcalde Am\u00e9rico Z\u00fa\u00f1iga Mart\u00ednez de parte de la bancada panista. Disfrazado como punto de acuerdo para exhortar sobre los gastos que el mun\u00edcipe ha realizado en su [&hellip;]","og_url":"https:\/\/lospoliticosveracruz.com\/?p=33713","og_site_name":"Los pol\u00edticos Veracruz","article_publisher":"https:\/\/www.facebook.com\/people\/Notimemes-de-los-Polticos\/61565672886568\/","article_published_time":"2017-05-17T15:15:24+00:00","og_image":[{"width":200,"height":200,"url":"https:\/\/lospoliticosveracruz.com\/wp-content\/uploads\/2016\/07\/Logo-Dor.jpg","type":"image\/jpeg"}],"author":"Lo viste en Los Pol\u00edticos","twitter_card":"summary_large_image","twitter_creator":"@LosPoliticosVer","twitter_site":"@LosPoliticosVer","twitter_misc":{"Escrito por":"Lo viste en Los Pol\u00edticos","Tiempo de lectura":"5 minutos"},"schema":{"@context":"https:\/\/schema.org","@graph":[{"@type":"Article","@id":"https:\/\/lospoliticosveracruz.com\/?p=33713#article","isPartOf":{"@id":"https:\/\/lospoliticosveracruz.com\/?p=33713"},"author":{"name":"Lo viste en Los Pol\u00edticos","@id":"https:\/\/lospoliticosveracruz.com\/#\/schema\/person\/b8702bb0e538456e6efd07080bf2a4a2"},"headline":"Los ataques contra Am\u00e9rico","datePublished":"2017-05-17T15:15:24+00:00","mainEntityOfPage":{"@id":"https:\/\/lospoliticosveracruz.com\/?p=33713"},"wordCount":1018,"commentCount":0,"publisher":{"@id":"https:\/\/lospoliticosveracruz.com\/#organization"},"keywords":["Am\u00e9rico Z\u00fa\u00f1iga","Obras P\u00fablicas","Rogelio Jes\u00fas \u00c1lvarez Arroyo","Tito Delf\u00edn Cano"],"articleSection":["De Opini\u00f3n"],"inLanguage":"es","potentialAction":[{"@type":"CommentAction","name":"Comment","target":["https:\/\/lospoliticosveracruz.com\/?p=33713#respond"]}]},{"@type":"WebPage","@id":"https:\/\/lospoliticosveracruz.com\/?p=33713","url":"https:\/\/lospoliticosveracruz.com\/?p=33713","name":"Los ataques contra Am\u00e9rico - Los pol\u00edticos Veracruz","isPartOf":{"@id":"https:\/\/lospoliticosveracruz.com\/#website"},"datePublished":"2017-05-17T15:15:24+00:00","breadcrumb":{"@id":"https:\/\/lospoliticosveracruz.com\/?p=33713#breadcrumb"},"inLanguage":"es","potentialAction":[{"@type":"ReadAction","target":["https:\/\/lospoliticosveracruz.com\/?p=33713"]}]},{"@type":"BreadcrumbList","@id":"https:\/\/lospoliticosveracruz.com\/?p=33713#breadcrumb","itemListElement":[{"@type":"ListItem","position":1,"name":"Portada","item":"https:\/\/lospoliticosveracruz.com\/"},{"@type":"ListItem","position":2,"name":"Los ataques contra Am\u00e9rico"}]},{"@type":"WebSite","@id":"https:\/\/lospoliticosveracruz.com\/#website","url":"https:\/\/lospoliticosveracruz.com\/","name":"Los pol\u00edticos Veracruz","description":"","publisher":{"@id":"https:\/\/lospoliticosveracruz.com\/#organization"},"potentialAction":[{"@type":"SearchAction","target":{"@type":"EntryPoint","urlTemplate":"https:\/\/lospoliticosveracruz.com\/?s={search_term_string}"},"query-input":{"@type":"PropertyValueSpecification","valueRequired":true,"valueName":"search_term_string"}}],"inLanguage":"es"},{"@type":"Organization","@id":"https:\/\/lospoliticosveracruz.com\/#organization","name":"Los pol\u00edticos Veracruz","url":"https:\/\/lospoliticosveracruz.com\/","logo":{"@type":"ImageObject","inLanguage":"es","@id":"https:\/\/lospoliticosveracruz.com\/#\/schema\/logo\/image\/","url":"https:\/\/lospoliticosveracruz.com\/wp-content\/uploads\/2025\/12\/Logo-Nuevo-LOS-POLITICOS-1.jpg","contentUrl":"https:\/\/lospoliticosveracruz.com\/wp-content\/uploads\/2025\/12\/Logo-Nuevo-LOS-POLITICOS-1.jpg","width":260,"height":70,"caption":"Los pol\u00edticos Veracruz"},"image":{"@id":"https:\/\/lospoliticosveracruz.com\/#\/schema\/logo\/image\/"},"sameAs":["https:\/\/www.facebook.com\/people\/Notimemes-de-los-Polticos\/61565672886568\/","https:\/\/x.com\/LosPoliticosVer"]},{"@type":"Person","@id":"https:\/\/lospoliticosveracruz.com\/#\/schema\/person\/b8702bb0e538456e6efd07080bf2a4a2","name":"Lo viste en Los Pol\u00edticos","image":{"@type":"ImageObject","inLanguage":"es","@id":"https:\/\/secure.gravatar.com\/avatar\/3a8de04a2656d44082be478bd6c086daa447c4651605818287b9532d3d0bd435?s=96&d=mm&r=g","url":"https:\/\/secure.gravatar.com\/avatar\/3a8de04a2656d44082be478bd6c086daa447c4651605818287b9532d3d0bd435?s=96&d=mm&r=g","contentUrl":"https:\/\/secure.gravatar.com\/avatar\/3a8de04a2656d44082be478bd6c086daa447c4651605818287b9532d3d0bd435?s=96&d=mm&r=g","caption":"Lo viste en Los Pol\u00edticos"},"url":"https:\/\/lospoliticosveracruz.com\/?author=2"}]}},"_links":{"self":[{"href":"https:\/\/lospoliticosveracruz.com\/index.php?rest_route=\/wp\/v2\/posts\/33713","targetHints":{"allow":["GET"]}}],"collection":[{"href":"https:\/\/lospoliticosveracruz.com\/index.php?rest_route=\/wp\/v2\/posts"}],"about":[{"href":"https:\/\/lospoliticosveracruz.com\/index.php?rest_route=\/wp\/v2\/types\/post"}],"author":[{"embeddable":true,"href":"https:\/\/lospoliticosveracruz.com\/index.php?rest_route=\/wp\/v2\/users\/2"}],"replies":[{"embeddable":true,"href":"https:\/\/lospoliticosveracruz.com\/index.php?rest_route=%2Fwp%2Fv2%2Fcomments&post=33713"}],"version-history":[{"count":1,"href":"https:\/\/lospoliticosveracruz.com\/index.php?rest_route=\/wp\/v2\/posts\/33713\/revisions"}],"predecessor-version":[{"id":33714,"href":"https:\/\/lospoliticosveracruz.com\/index.php?rest_route=\/wp\/v2\/posts\/33713\/revisions\/33714"}],"wp:attachment":[{"href":"https:\/\/lospoliticosveracruz.com\/index.php?rest_route=%2Fwp%2Fv2%2Fmedia&parent=33713"}],"wp:term":[{"taxonomy":"category","embeddable":true,"href":"https:\/\/lospoliticosveracruz.com\/index.php?rest_route=%2Fwp%2Fv2%2Fcategories&post=33713"},{"taxonomy":"post_tag","embeddable":true,"href":"https:\/\/lospoliticosveracruz.com\/index.php?rest_route=%2Fwp%2Fv2%2Ftags&post=33713"}],"curies":[{"name":"wp","href":"https:\/\/api.w.org\/{rel}","templated":true}]}}