{"id":33725,"date":"2017-05-17T21:29:40","date_gmt":"2017-05-18T02:29:40","guid":{"rendered":"http:\/\/www.lospoliticosveracruz.com.mx\/gasoducto-de-las-redes-a-las-campanas\/"},"modified":"2017-05-17T21:29:40","modified_gmt":"2017-05-18T02:29:40","slug":"gasoducto-de-las-redes-a-las-campanas","status":"publish","type":"post","link":"https:\/\/lospoliticosveracruz.com\/?p=33725","title":{"rendered":"Gasoducto: de las redes a las campa\u00f1as"},"content":{"rendered":"<p><strong>Salvador Mu\u00f1oz<\/strong><\/p>\n<p><em>Los Pol\u00edticos\u00a0<\/em><\/p>\n<p>&nbsp;<br \/>\nCada vez que entra a Jardines de Xalapa un carro de gas con tanques de 20 y 30 kilos, los vecinos nos alertamos. Primero, porque nada tiene que estar haciendo ese veh\u00edculo en este conjunto habitacional; segundo, porque de cierto modo nos advierte que un vecino utiliza tanques en lugar del estacionario, por lo que de inmediato se da alerta a Protecci\u00f3n Civil municipal si se detecta a d\u00f3nde se lleva el cilindro.<br \/>\nCada edificio cuenta con tanque estacionario. Cada edificio cuenta con un gasoducto para a partir del tanque, distribuir el gas.<br \/>\n\u00bfCu\u00e1l es el riesgo que corremos? El deterioro del tanque, aunque para ello, la empresa que presta el servicio se encarga de hacer una revisi\u00f3n cada determinado lapso para estar al tanto de sus condiciones.<br \/>\nAl tiempo, me siento m\u00e1s seguro con un tanque estacionario que con un cilindro, y las estad\u00edsticas de los bomberos atendiendo fugas o explosiones de los port\u00e1tiles hablar\u00edan por m\u00ed.<br \/>\nII<br \/>\nHace como dos a\u00f1os, pasaba por el centro de la ciudad cuando escuch\u00e9 a un tipo que invitaba a los transe\u00fantes a firmar un No al Gasoducto \u201cporque si no, \u00a1vamos a explotar!\u201d. La temeraria profec\u00eda caus\u00f3 que \u201cse me encuerara el chino\u201d. Cosas de la vida&#8230; a los pocos d\u00edas, personal del Grupo Gas Natural del Noreste me daba una explicaci\u00f3n de lo que era su proyecto para distribuci\u00f3n de gas natural para industria con miras a que luego fuera de tipo residencial. Pero de eso, como lo dije al principio, ya tiene dos a\u00f1os y desconozco el porqu\u00e9 ya no se continu\u00f3 con su desarrollo&#8230; hasta que hoy, c\u00f3mo le dieron vuelo a la hilacha con el famoso gasoducto.<br \/>\nII<br \/>\nEn las redes sociales (es curioso, pero cada d\u00eda \u201creporteamos\u201d m\u00e1s por las redes que por las calles) empez\u00f3 a circular que el ayuntamiento decidir\u00eda este mi\u00e9rcoles el permiso para que la empresa Noreste iniciara las obras de introducci\u00f3n del gasoducto por determinadas zonas de Xalapa.<br \/>\nY nuevamente volvi\u00f3 a sonar el catastrofismo en las redes. Esta perla me encant\u00f3:<br \/>\n\u201cUn gasoducto pone en riesgo la vida de los ciudadanos, acord\u00e9monos que en Cadereyta, Nuevo Le\u00f3n, explot\u00f3 uno\u201d.<br \/>\nEl suceso m\u00e1s reciente en esta ciudad, fue el 31 de marzo de este a\u00f1o, cuando se descontrol\u00f3 el robo de combustible y hubo un muerto&#8230; s\u00ed, nada que ver un gasoducto&#8230;<br \/>\nOtro asunto del catastrofismo difundido: \u201cHabr\u00eda un caos vial por a\u00f1os en nuestra ciudad, alrededor de 3 a 4 a\u00f1os, dado a que nos privar\u00edan de las dos avenidas m\u00e1s importantes\u201d.<br \/>\nDe acuerdo a la gente de Noreste, recuerdo que apostaban a hacer la introducci\u00f3n de los gasoductos en los camellones, es decir, los conductos de gas natural no rebasan las 4 pulgadas. Al hacerlo en los camellones, no da\u00f1ar\u00eda la vialidad ni \u201cestorbar\u00eda\u201d el caos reinante que vivimos todos los d\u00edas. Ya nada m\u00e1s me queda duda en algunos sectores de Circuito Presidentes.<br \/>\nTanto el asunto de la corrupci\u00f3n como el del desbasto de agua no los entend\u00ed&#8230;<br \/>\nIII<br \/>\nLo que s\u00ed entiendo es que Gas Natural Noreste cuenta con permiso de distribuci\u00f3n desde 2014; con autorizaci\u00f3n de impacto ambiental por Semarnat en ese mismo a\u00f1o; de Protecci\u00f3n Civil; constancia de Pemex de no afectaci\u00f3n de ductos y al cabildo le toca analizar la construcci\u00f3n del sistema de distribuci\u00f3n de gas que pasar\u00eda por L\u00e1zaro C\u00e1rdenas, 20 de Noviembre y Circuito Presidentes, hasta su confluencia con la carretera Xalapa-Coatepec, lo que equivale a unos 12 kil\u00f3metros, distancia que tendr\u00eda que cubrir la empresa, una vez dado el permiso, en 180 d\u00edas estipulado por la SCT.<br \/>\nIV<br \/>\nEn Toluca, Nuevo Laredo y Saltillo, desde 1997, hay zonas que gozan del servicio de gas natural directo a su casa o empresa; en Monterrey y el Baj\u00edo, desde 1998 y 99; y en la Ciudad de M\u00e9xico, desde el 2000.<br \/>\n\u00bfRiesgo? S\u00ed, es posible, porque toda acci\u00f3n implica un riesgo; y entiendo la preocupaci\u00f3n de los xalape\u00f1os cuando piensan en un gasoducto atravesando la ciudad. Y lo entiendo cuando paso por varias gasolineras que m\u00ednimo, a una cuadra, tienen escuelas o parroquias (en funci\u00f3n de la concentraci\u00f3n de personas) o simplemente est\u00e1n en zonas urbanas cuando antes, las ubicaban a las orillas de la ciudad&#8230; y lo entiendo cuando veo tantos domicilios ubicados cerca de ductos de Pemex que igual, atraviesan Xalapa; y lo entiendo cuando escucho a un tipo golpeando un cilindro gritando \u201c\u00a1gas!\u201d, cuando es m\u00e1s seguro el gasoducto que rodea mi edificio&#8230;<br \/>\nAl final, cada quien tendr\u00e1 su posici\u00f3n al respecto&#8230; tanto, que antes de concluir esta columna, vi lo que pon\u00eda el Doctor Hip\u00f3lito Rodr\u00edguez Herrero, candidato por Morena en Xalapa: \u201cExigimos a @americozuniga que publique los estudios t\u00e9cnicos y cient\u00edficos que autorizan al @AytoXalapa para construir el gasoducto. #Xalapa\u201d; y una m\u00e1s: \u201c@americozuniga \u00bfPor qu\u00e9 aprobar al vapor, de espaldas a la ciudadan\u00eda, la construcci\u00f3n de un gasoducto que pone en riesgo a #Xalapa?\u201d y la respuesta de Basilio de la Vega, candidato a S\u00edndico por la alianza PAN-PRD en Xalapa: \u201cParece que el doctor opina sin informaci\u00f3n y apenas la pide, creo que deber\u00eda declarar despu\u00e9s de conocer el proyecto y no juzgar a priori\u201d. Y remata con este chiste: \u201cLlega un pol\u00edtico de #MORENA a una mesa de caf\u00e9 y le pregunta a sus amigos: \u00bfde qu\u00e9 hablan? porque yo \u00a1me opongo!\u201d.<br \/>\nsmcainito@gmail.com<\/p>\n","protected":false},"excerpt":{"rendered":"<p>Salvador Mu\u00f1oz Los Pol\u00edticos\u00a0 &nbsp; Cada vez que entra a Jardines de Xalapa un carro de gas con tanques de 20 y 30 kilos, los vecinos nos alertamos. Primero, porque nada tiene que estar haciendo ese veh\u00edculo en este conjunto habitacional; segundo, porque de cierto modo nos advierte que un vecino utiliza tanques en lugar [&hellip;]<\/p>\n","protected":false},"author":2,"featured_media":0,"comment_status":"open","ping_status":"open","sticky":false,"template":"","format":"standard","meta":{"tdm_status":"","tdm_grid_status":"","footnotes":""},"categories":[70],"tags":[483,8314,8315,8316,7615],"class_list":{"0":"post-33725","1":"post","2":"type-post","3":"status-publish","4":"format-standard","6":"category-de-opinion","7":"tag-americo-zuniga","8":"tag-gas-estacionario","9":"tag-gasoducto-xalapa","10":"tag-grupo-gas-natural-del-noreste","11":"tag-pedro-hipolito-rodriguez-herrero"},"yoast_head":"<!-- This site is optimized with the Yoast SEO plugin v27.4 - https:\/\/yoast.com\/product\/yoast-seo-wordpress\/ -->\n<title>Gasoducto: de las redes a las campa\u00f1as - Los pol\u00edticos Veracruz<\/title>\n<meta name=\"robots\" content=\"index, follow, max-snippet:-1, max-image-preview:large, max-video-preview:-1\" \/>\n<link rel=\"canonical\" href=\"https:\/\/lospoliticosveracruz.com\/?p=33725\" \/>\n<meta property=\"og:locale\" content=\"es_ES\" \/>\n<meta property=\"og:type\" content=\"article\" \/>\n<meta property=\"og:title\" content=\"Gasoducto: de las redes a las campa\u00f1as - Los pol\u00edticos Veracruz\" \/>\n<meta property=\"og:description\" content=\"Salvador Mu\u00f1oz Los Pol\u00edticos\u00a0 &nbsp; Cada vez que entra a Jardines de Xalapa un carro de gas con tanques de 20 y 30 kilos, los vecinos nos alertamos. Primero, porque nada tiene que estar haciendo ese veh\u00edculo en este conjunto habitacional; segundo, porque de cierto modo nos advierte que un vecino utiliza tanques en lugar [&hellip;]\" \/>\n<meta property=\"og:url\" content=\"https:\/\/lospoliticosveracruz.com\/?p=33725\" \/>\n<meta property=\"og:site_name\" content=\"Los pol\u00edticos Veracruz\" \/>\n<meta property=\"article:publisher\" content=\"https:\/\/www.facebook.com\/people\/Notimemes-de-los-Polticos\/61565672886568\/\" \/>\n<meta property=\"article:published_time\" content=\"2017-05-18T02:29:40+00:00\" \/>\n<meta property=\"og:image\" content=\"https:\/\/lospoliticosveracruz.com\/wp-content\/uploads\/2016\/07\/Logo-Dor.jpg\" \/>\n\t<meta property=\"og:image:width\" content=\"200\" \/>\n\t<meta property=\"og:image:height\" content=\"200\" \/>\n\t<meta property=\"og:image:type\" content=\"image\/jpeg\" \/>\n<meta name=\"author\" content=\"Lo viste en Los Pol\u00edticos\" \/>\n<meta name=\"twitter:card\" content=\"summary_large_image\" \/>\n<meta name=\"twitter:creator\" content=\"@LosPoliticosVer\" \/>\n<meta name=\"twitter:site\" content=\"@LosPoliticosVer\" \/>\n<meta name=\"twitter:label1\" content=\"Escrito por\" \/>\n\t<meta name=\"twitter:data1\" content=\"Lo viste en Los Pol\u00edticos\" \/>\n\t<meta name=\"twitter:label2\" content=\"Tiempo de lectura\" \/>\n\t<meta name=\"twitter:data2\" content=\"5 minutos\" \/>\n<script type=\"application\/ld+json\" class=\"yoast-schema-graph\">{\"@context\":\"https:\\\/\\\/schema.org\",\"@graph\":[{\"@type\":\"Article\",\"@id\":\"https:\\\/\\\/lospoliticosveracruz.com\\\/?p=33725#article\",\"isPartOf\":{\"@id\":\"https:\\\/\\\/lospoliticosveracruz.com\\\/?p=33725\"},\"author\":{\"name\":\"Lo viste en Los Pol\u00edticos\",\"@id\":\"https:\\\/\\\/lospoliticosveracruz.com\\\/#\\\/schema\\\/person\\\/b8702bb0e538456e6efd07080bf2a4a2\"},\"headline\":\"Gasoducto: de las redes a las campa\u00f1as\",\"datePublished\":\"2017-05-18T02:29:40+00:00\",\"mainEntityOfPage\":{\"@id\":\"https:\\\/\\\/lospoliticosveracruz.com\\\/?p=33725\"},\"wordCount\":967,\"commentCount\":0,\"publisher\":{\"@id\":\"https:\\\/\\\/lospoliticosveracruz.com\\\/#organization\"},\"keywords\":[\"Am\u00e9rico Z\u00fa\u00f1iga\",\"Gas estacionario\",\"Gasoducto Xalapa\",\"Grupo Gas Natural del Noreste\",\"Pedro Hip\u00f3lito Rodr\u00edguez Herrero\"],\"articleSection\":[\"De Opini\u00f3n\"],\"inLanguage\":\"es\",\"potentialAction\":[{\"@type\":\"CommentAction\",\"name\":\"Comment\",\"target\":[\"https:\\\/\\\/lospoliticosveracruz.com\\\/?p=33725#respond\"]}]},{\"@type\":\"WebPage\",\"@id\":\"https:\\\/\\\/lospoliticosveracruz.com\\\/?p=33725\",\"url\":\"https:\\\/\\\/lospoliticosveracruz.com\\\/?p=33725\",\"name\":\"Gasoducto: de las redes a las campa\u00f1as - Los pol\u00edticos Veracruz\",\"isPartOf\":{\"@id\":\"https:\\\/\\\/lospoliticosveracruz.com\\\/#website\"},\"datePublished\":\"2017-05-18T02:29:40+00:00\",\"breadcrumb\":{\"@id\":\"https:\\\/\\\/lospoliticosveracruz.com\\\/?p=33725#breadcrumb\"},\"inLanguage\":\"es\",\"potentialAction\":[{\"@type\":\"ReadAction\",\"target\":[\"https:\\\/\\\/lospoliticosveracruz.com\\\/?p=33725\"]}]},{\"@type\":\"BreadcrumbList\",\"@id\":\"https:\\\/\\\/lospoliticosveracruz.com\\\/?p=33725#breadcrumb\",\"itemListElement\":[{\"@type\":\"ListItem\",\"position\":1,\"name\":\"Portada\",\"item\":\"https:\\\/\\\/lospoliticosveracruz.com\\\/\"},{\"@type\":\"ListItem\",\"position\":2,\"name\":\"Gasoducto: de las redes a las campa\u00f1as\"}]},{\"@type\":\"WebSite\",\"@id\":\"https:\\\/\\\/lospoliticosveracruz.com\\\/#website\",\"url\":\"https:\\\/\\\/lospoliticosveracruz.com\\\/\",\"name\":\"Los pol\u00edticos Veracruz\",\"description\":\"\",\"publisher\":{\"@id\":\"https:\\\/\\\/lospoliticosveracruz.com\\\/#organization\"},\"potentialAction\":[{\"@type\":\"SearchAction\",\"target\":{\"@type\":\"EntryPoint\",\"urlTemplate\":\"https:\\\/\\\/lospoliticosveracruz.com\\\/?s={search_term_string}\"},\"query-input\":{\"@type\":\"PropertyValueSpecification\",\"valueRequired\":true,\"valueName\":\"search_term_string\"}}],\"inLanguage\":\"es\"},{\"@type\":\"Organization\",\"@id\":\"https:\\\/\\\/lospoliticosveracruz.com\\\/#organization\",\"name\":\"Los pol\u00edticos Veracruz\",\"url\":\"https:\\\/\\\/lospoliticosveracruz.com\\\/\",\"logo\":{\"@type\":\"ImageObject\",\"inLanguage\":\"es\",\"@id\":\"https:\\\/\\\/lospoliticosveracruz.com\\\/#\\\/schema\\\/logo\\\/image\\\/\",\"url\":\"https:\\\/\\\/lospoliticosveracruz.com\\\/wp-content\\\/uploads\\\/2025\\\/12\\\/Logo-Nuevo-LOS-POLITICOS-1.jpg\",\"contentUrl\":\"https:\\\/\\\/lospoliticosveracruz.com\\\/wp-content\\\/uploads\\\/2025\\\/12\\\/Logo-Nuevo-LOS-POLITICOS-1.jpg\",\"width\":260,\"height\":70,\"caption\":\"Los pol\u00edticos Veracruz\"},\"image\":{\"@id\":\"https:\\\/\\\/lospoliticosveracruz.com\\\/#\\\/schema\\\/logo\\\/image\\\/\"},\"sameAs\":[\"https:\\\/\\\/www.facebook.com\\\/people\\\/Notimemes-de-los-Polticos\\\/61565672886568\\\/\",\"https:\\\/\\\/x.com\\\/LosPoliticosVer\"]},{\"@type\":\"Person\",\"@id\":\"https:\\\/\\\/lospoliticosveracruz.com\\\/#\\\/schema\\\/person\\\/b8702bb0e538456e6efd07080bf2a4a2\",\"name\":\"Lo viste en Los Pol\u00edticos\",\"image\":{\"@type\":\"ImageObject\",\"inLanguage\":\"es\",\"@id\":\"https:\\\/\\\/secure.gravatar.com\\\/avatar\\\/3a8de04a2656d44082be478bd6c086daa447c4651605818287b9532d3d0bd435?s=96&d=mm&r=g\",\"url\":\"https:\\\/\\\/secure.gravatar.com\\\/avatar\\\/3a8de04a2656d44082be478bd6c086daa447c4651605818287b9532d3d0bd435?s=96&d=mm&r=g\",\"contentUrl\":\"https:\\\/\\\/secure.gravatar.com\\\/avatar\\\/3a8de04a2656d44082be478bd6c086daa447c4651605818287b9532d3d0bd435?s=96&d=mm&r=g\",\"caption\":\"Lo viste en Los Pol\u00edticos\"},\"url\":\"https:\\\/\\\/lospoliticosveracruz.com\\\/?author=2\"}]}<\/script>\n<!-- \/ Yoast SEO plugin. -->","yoast_head_json":{"title":"Gasoducto: de las redes a las campa\u00f1as - Los pol\u00edticos Veracruz","robots":{"index":"index","follow":"follow","max-snippet":"max-snippet:-1","max-image-preview":"max-image-preview:large","max-video-preview":"max-video-preview:-1"},"canonical":"https:\/\/lospoliticosveracruz.com\/?p=33725","og_locale":"es_ES","og_type":"article","og_title":"Gasoducto: de las redes a las campa\u00f1as - Los pol\u00edticos Veracruz","og_description":"Salvador Mu\u00f1oz Los Pol\u00edticos\u00a0 &nbsp; Cada vez que entra a Jardines de Xalapa un carro de gas con tanques de 20 y 30 kilos, los vecinos nos alertamos. Primero, porque nada tiene que estar haciendo ese veh\u00edculo en este conjunto habitacional; segundo, porque de cierto modo nos advierte que un vecino utiliza tanques en lugar [&hellip;]","og_url":"https:\/\/lospoliticosveracruz.com\/?p=33725","og_site_name":"Los pol\u00edticos Veracruz","article_publisher":"https:\/\/www.facebook.com\/people\/Notimemes-de-los-Polticos\/61565672886568\/","article_published_time":"2017-05-18T02:29:40+00:00","og_image":[{"width":200,"height":200,"url":"https:\/\/lospoliticosveracruz.com\/wp-content\/uploads\/2016\/07\/Logo-Dor.jpg","type":"image\/jpeg"}],"author":"Lo viste en Los Pol\u00edticos","twitter_card":"summary_large_image","twitter_creator":"@LosPoliticosVer","twitter_site":"@LosPoliticosVer","twitter_misc":{"Escrito por":"Lo viste en Los Pol\u00edticos","Tiempo de lectura":"5 minutos"},"schema":{"@context":"https:\/\/schema.org","@graph":[{"@type":"Article","@id":"https:\/\/lospoliticosveracruz.com\/?p=33725#article","isPartOf":{"@id":"https:\/\/lospoliticosveracruz.com\/?p=33725"},"author":{"name":"Lo viste en Los Pol\u00edticos","@id":"https:\/\/lospoliticosveracruz.com\/#\/schema\/person\/b8702bb0e538456e6efd07080bf2a4a2"},"headline":"Gasoducto: de las redes a las campa\u00f1as","datePublished":"2017-05-18T02:29:40+00:00","mainEntityOfPage":{"@id":"https:\/\/lospoliticosveracruz.com\/?p=33725"},"wordCount":967,"commentCount":0,"publisher":{"@id":"https:\/\/lospoliticosveracruz.com\/#organization"},"keywords":["Am\u00e9rico Z\u00fa\u00f1iga","Gas estacionario","Gasoducto Xalapa","Grupo Gas Natural del Noreste","Pedro Hip\u00f3lito Rodr\u00edguez Herrero"],"articleSection":["De Opini\u00f3n"],"inLanguage":"es","potentialAction":[{"@type":"CommentAction","name":"Comment","target":["https:\/\/lospoliticosveracruz.com\/?p=33725#respond"]}]},{"@type":"WebPage","@id":"https:\/\/lospoliticosveracruz.com\/?p=33725","url":"https:\/\/lospoliticosveracruz.com\/?p=33725","name":"Gasoducto: de las redes a las campa\u00f1as - Los pol\u00edticos Veracruz","isPartOf":{"@id":"https:\/\/lospoliticosveracruz.com\/#website"},"datePublished":"2017-05-18T02:29:40+00:00","breadcrumb":{"@id":"https:\/\/lospoliticosveracruz.com\/?p=33725#breadcrumb"},"inLanguage":"es","potentialAction":[{"@type":"ReadAction","target":["https:\/\/lospoliticosveracruz.com\/?p=33725"]}]},{"@type":"BreadcrumbList","@id":"https:\/\/lospoliticosveracruz.com\/?p=33725#breadcrumb","itemListElement":[{"@type":"ListItem","position":1,"name":"Portada","item":"https:\/\/lospoliticosveracruz.com\/"},{"@type":"ListItem","position":2,"name":"Gasoducto: de las redes a las campa\u00f1as"}]},{"@type":"WebSite","@id":"https:\/\/lospoliticosveracruz.com\/#website","url":"https:\/\/lospoliticosveracruz.com\/","name":"Los pol\u00edticos Veracruz","description":"","publisher":{"@id":"https:\/\/lospoliticosveracruz.com\/#organization"},"potentialAction":[{"@type":"SearchAction","target":{"@type":"EntryPoint","urlTemplate":"https:\/\/lospoliticosveracruz.com\/?s={search_term_string}"},"query-input":{"@type":"PropertyValueSpecification","valueRequired":true,"valueName":"search_term_string"}}],"inLanguage":"es"},{"@type":"Organization","@id":"https:\/\/lospoliticosveracruz.com\/#organization","name":"Los pol\u00edticos Veracruz","url":"https:\/\/lospoliticosveracruz.com\/","logo":{"@type":"ImageObject","inLanguage":"es","@id":"https:\/\/lospoliticosveracruz.com\/#\/schema\/logo\/image\/","url":"https:\/\/lospoliticosveracruz.com\/wp-content\/uploads\/2025\/12\/Logo-Nuevo-LOS-POLITICOS-1.jpg","contentUrl":"https:\/\/lospoliticosveracruz.com\/wp-content\/uploads\/2025\/12\/Logo-Nuevo-LOS-POLITICOS-1.jpg","width":260,"height":70,"caption":"Los pol\u00edticos Veracruz"},"image":{"@id":"https:\/\/lospoliticosveracruz.com\/#\/schema\/logo\/image\/"},"sameAs":["https:\/\/www.facebook.com\/people\/Notimemes-de-los-Polticos\/61565672886568\/","https:\/\/x.com\/LosPoliticosVer"]},{"@type":"Person","@id":"https:\/\/lospoliticosveracruz.com\/#\/schema\/person\/b8702bb0e538456e6efd07080bf2a4a2","name":"Lo viste en Los Pol\u00edticos","image":{"@type":"ImageObject","inLanguage":"es","@id":"https:\/\/secure.gravatar.com\/avatar\/3a8de04a2656d44082be478bd6c086daa447c4651605818287b9532d3d0bd435?s=96&d=mm&r=g","url":"https:\/\/secure.gravatar.com\/avatar\/3a8de04a2656d44082be478bd6c086daa447c4651605818287b9532d3d0bd435?s=96&d=mm&r=g","contentUrl":"https:\/\/secure.gravatar.com\/avatar\/3a8de04a2656d44082be478bd6c086daa447c4651605818287b9532d3d0bd435?s=96&d=mm&r=g","caption":"Lo viste en Los Pol\u00edticos"},"url":"https:\/\/lospoliticosveracruz.com\/?author=2"}]}},"_links":{"self":[{"href":"https:\/\/lospoliticosveracruz.com\/index.php?rest_route=\/wp\/v2\/posts\/33725","targetHints":{"allow":["GET"]}}],"collection":[{"href":"https:\/\/lospoliticosveracruz.com\/index.php?rest_route=\/wp\/v2\/posts"}],"about":[{"href":"https:\/\/lospoliticosveracruz.com\/index.php?rest_route=\/wp\/v2\/types\/post"}],"author":[{"embeddable":true,"href":"https:\/\/lospoliticosveracruz.com\/index.php?rest_route=\/wp\/v2\/users\/2"}],"replies":[{"embeddable":true,"href":"https:\/\/lospoliticosveracruz.com\/index.php?rest_route=%2Fwp%2Fv2%2Fcomments&post=33725"}],"version-history":[{"count":2,"href":"https:\/\/lospoliticosveracruz.com\/index.php?rest_route=\/wp\/v2\/posts\/33725\/revisions"}],"predecessor-version":[{"id":33734,"href":"https:\/\/lospoliticosveracruz.com\/index.php?rest_route=\/wp\/v2\/posts\/33725\/revisions\/33734"}],"wp:attachment":[{"href":"https:\/\/lospoliticosveracruz.com\/index.php?rest_route=%2Fwp%2Fv2%2Fmedia&parent=33725"}],"wp:term":[{"taxonomy":"category","embeddable":true,"href":"https:\/\/lospoliticosveracruz.com\/index.php?rest_route=%2Fwp%2Fv2%2Fcategories&post=33725"},{"taxonomy":"post_tag","embeddable":true,"href":"https:\/\/lospoliticosveracruz.com\/index.php?rest_route=%2Fwp%2Fv2%2Ftags&post=33725"}],"curies":[{"name":"wp","href":"https:\/\/api.w.org\/{rel}","templated":true}]}}