{"id":33774,"date":"2017-05-19T09:49:15","date_gmt":"2017-05-19T14:49:15","guid":{"rendered":"http:\/\/www.lospoliticosveracruz.com.mx\/?p=33774"},"modified":"2017-05-19T09:49:15","modified_gmt":"2017-05-19T14:49:15","slug":"el-gasoducto-como-discurso-de-campana","status":"publish","type":"post","link":"https:\/\/lospoliticosveracruz.com\/?p=33774","title":{"rendered":"El gasoducto como discurso de campa\u00f1a"},"content":{"rendered":"<p class=\"x_m_-6428270355758380634MsoNoSpacing\"><b>Luis Alberto Romero<\/b><\/p>\n<p class=\"x_m_-6428270355758380634MsoNoSpacing\"><em>Hora Cero<\/em><\/p>\n<p class=\"x_m_-6428270355758380634MsoNoSpacing\">\n<p>&nbsp;<\/p>\n<p class=\"x_m_-6428270355758380634MsoNoSpacing\">En una decisi\u00f3n pol\u00e9mica, que lo mismo gener\u00f3 reacciones de rechazo que de aprobaci\u00f3n, este mi\u00e9rcoles el cabildo de la capital del estado autoriz\u00f3 la construcci\u00f3n de un gasoducto que con casi 12 kil\u00f3metros cruzar\u00e1 las avenidas L\u00e1zaro C\u00e1rdenas y 20 de Noviembre, el Circuito presidentes y la carretera Xalapa-Coatepec.<u><\/u><u><\/u><\/p>\n<p class=\"x_m_-6428270355758380634MsoNoSpacing\">El alcalde xalape\u00f1o, Am\u00e9rico Zu\u00f1iga Mart\u00ednez, neg\u00f3 que dicha obra est\u00e9 llamada a convertirse en una bomba de tiempo; dijo que no pondr\u00e1 en riesgo a los asentamientos de la zona y que su aprobaci\u00f3n obedece a que dicho proyecto ya contaba con el aval de las diferentes instancias de gobierno, desde la Federaci\u00f3n hasta el Gobierno del Estado.<u><\/u><u><\/u><\/p>\n<p class=\"x_m_-6428270355758380634MsoNoSpacing\">El edil record\u00f3 que el gasoducto fue aprobado por el cabildo porque existen estudios serios tanto de impacto ambiental como de protecci\u00f3n civil, como el presentado en junio de 2015 por la Comisi\u00f3n Reguladora de Energ\u00eda.<u><\/u><u><\/u><\/p>\n<p class=\"x_m_-6428270355758380634MsoNoSpacing\">La obra, sin embargo, es motivo de rechazo por parte de organizaciones civiles y grupos ambientalistas.<u><\/u><u><\/u><\/p>\n<p class=\"x_m_-6428270355758380634MsoNoSpacing\">Por otro lado, el tema se volvi\u00f3 bandera pol\u00edtica en el contexto de la contienda por la presidencia municipal de Xalapa: el candidato del PRI-Verde, Alejandro Montano Guzm\u00e1n, por ejemplo, se pronunci\u00f3 por un amparo contra el gasoducto y un plebiscito para conocer la opini\u00f3n de los xalape\u00f1os, aunque el tema del recurso legal contra la construcci\u00f3n ya condiciona la respuesta ciudadana.<u><\/u><u><\/u><\/p>\n<p class=\"x_m_-6428270355758380634MsoNoSpacing\">Montano Guzm\u00e1n se reuni\u00f3 con integrantes de la Asociaci\u00f3n Mexicana de la Industria de la Construcci\u00f3n, ante quienes se pronunci\u00f3 por un \u201cconsenso general\u201d para conocer la opini\u00f3n de los habitantes del municipio.<u><\/u><u><\/u><\/p>\n<p class=\"x_m_-6428270355758380634MsoNoSpacing\">El priista parece ignorar que el asunto relacionado con el gasoducto ya ha sido discutido desde hace un par de a\u00f1os; en pocas palabras, la vida en Xalapa no comenz\u00f3 el dos de mayo, con el arranque de las campa\u00f1as.<u><\/u><u><\/u><\/p>\n<p class=\"x_m_-6428270355758380634MsoNoSpacing\">Como sea, las palabras del abanderado del tricolor no s\u00f3lo fijaron una postura con relaci\u00f3n al gasoducto, sino que revelaron una confrontaci\u00f3n, al menos un diferendo, entre el candidato priista y el actual presidente municipal, Am\u00e9rico Z\u00fa\u00f1iga Mart\u00ednez.<u><\/u><u><\/u><\/p>\n<p class=\"x_m_-6428270355758380634MsoNoSpacing\">Por su parte, el candidato del Movimiento de Regeneraci\u00f3n Nacional, Pedro Hip\u00f3lito Rodr\u00edguez Herrero, con m\u00e1s cartas credenciales en el tema ambiental, tambi\u00e9n se refiri\u00f3 al tema; calific\u00f3 la medida del cabildo como ileg\u00edtima y se\u00f1al\u00f3 que el gasoducto no beneficiara a Xalapa, sino \u00fanicamente a una empresa transnacional, Nestl\u00e9.<u><\/u><u><\/u><\/p>\n<p class=\"x_m_-6428270355758380634MsoNoSpacing\">La propuesta del abanderado de Morena no s\u00f3lo incluye una consulta a la sociedad, sino la opini\u00f3n de colegios de profesionales.<u><\/u><u><\/u><\/p>\n<p class=\"x_m_-6428270355758380634MsoNoSpacing\">La candidata de la alianza PAN-PRD, Ana Miriam Ferr\u00e1ez Centeno, decidi\u00f3 mantenerse al margen y pasar\u00a0 la pelota a la cancha del actual cabildo; apunt\u00f3 que a este ayuntamiento, y no al pr\u00f3ximo, le corresponde decidir, aunque aclar\u00f3 que debe darse prioridad al tema de la protecci\u00f3n civil.<u><\/u><u><\/u><\/p>\n<p class=\"x_m_-6428270355758380634MsoNoSpacing\">Lo interesante, sin embargo, no son las reacciones de los candidatos que, salgo alguna excepci\u00f3n, hablan sin demasiado conocimiento sobre el tema, sino el movimiento de resistencia que, sin duda, ser\u00e1 intensificado por vecinos, organizaciones sociales y grupos ambientalistas.<u><\/u><u><\/u><\/p>\n<p class=\"x_m_-6428270355758380634MsoNoSpacing\"><u><\/u>\u00a0<u><\/u><\/p>\n<p class=\"x_m_-6428270355758380634MsoNoSpacing\"><u><\/u>\u00a0<u><\/u><\/p>\n<p class=\"x_m_-6428270355758380634MsoNoSpacing\"><b>PRI, la inminente renovaci\u00f3n<u><\/u><u><\/u><\/b><\/p>\n<p class=\"x_m_-6428270355758380634MsoNoSpacing\">Tan malas proyecciones existen al interior del Partido Revolucionario Institucional en cuanto a los resultados del presente proceso electoral, que ya comienza a manejarse el inminente relevo del actual dirigente del Comit\u00e9 Directivo Estatal, Renato Alarc\u00f3n Guevara.<u><\/u><u><\/u><\/p>\n<p class=\"x_m_-6428270355758380634MsoNoSpacing\">En el priismo se considerar\u00eda un triunfo, dadas las circunstancias electorales, que el partido logre m\u00e1s de 50 o 60 ayuntamientos, de los 212 en disputa.<u><\/u><u><\/u><\/p>\n<p class=\"x_m_-6428270355758380634MsoNoSpacing\">Lo m\u00e1s probable, nos dicen, es que con todo y la alianza con el Verde, el PRI no llegue a 40 triunfos y que \u00e9stos se alcancen en municipios peque\u00f1os. As\u00ed, la suerte del actual CDE estar\u00eda pr\u00e1cticamente definida.<u><\/u><u><\/u><\/p>\n<p class=\"x_m_-6428270355758380634MsoNoSpacing\">Renato Alarc\u00f3n no celebrar\u00e1 la Independencia Nacional al frente del partido en Veracruz.<u><\/u><u><\/u><\/p>\n<p class=\"x_m_-6428270355758380634MsoNoSpacing\"><u><\/u>\u00a0<u><\/u><\/p>\n<p class=\"x_m_-6428270355758380634MsoNoSpacing\"><u><\/u>\u00a0<u><\/u><\/p>\n<p class=\"x_m_-6428270355758380634MsoNoSpacing\"><b>Oye Veracruz, la crisis de los medios<u><\/u><u><\/u><\/b><\/p>\n<p class=\"x_m_-6428270355758380634MsoNoSpacing\">El cierre del peri\u00f3dico Oye Veracruz, que hasta este martes 16 de mayo se edit\u00f3 en la capital del estado, refleja la profunda crisis que enfrentan los medios informativos en una entidad que hasta hace un par de a\u00f1os parec\u00eda saturada de empresas period\u00edsticas.<u><\/u><u><\/u><\/p>\n<p class=\"x_m_-6428270355758380634MsoNoSpacing\">El medio dirigido por Santos Sol\u00eds R\u00edos arranc\u00f3 primero como tabloide semanario, en octubre de 2010, cuando estaba a punto de concluir el sexenio de Fidel Herrera Beltr\u00e1n; Oye Veracruz se convirti\u00f3 en diario y se posicion\u00f3 muy r\u00e1pido entre los consumidores xalape\u00f1os de peri\u00f3dicos, debido a un buen dise\u00f1o y a una interesante plantilla de articulistas y columnistas.<u><\/u><u><\/u><\/p>\n<p class=\"x_m_-6428270355758380634MsoNoSpacing\">Este martes, la crisis de los medios informativos en la entidad y muy probablemente la falta de contratos de publicidad terminaron por provocar que dicha empresa decidiera bajar la cortina como peri\u00f3dico y mudarse a una plataforma digital, porque es un hecho que una p\u00e1gina de Internet no implica los elevados costos de impresi\u00f3n, ni el fuerte gasto en distribuci\u00f3n, insumos y mantenimiento de talleres.<u><\/u><u><\/u><\/p>\n<p class=\"x_m_-6428270355758380634MsoNoSpacing\">Lamentable, el cierre de Oye Veracruz trae consigo el despido del personal de edici\u00f3n y dise\u00f1o, de los operadores de los equipos de impresi\u00f3n, as\u00ed como de quienes se dedicaban a la distribuci\u00f3n, v\u00eda reparto o venta en cruceros.<u><\/u><u><\/u><\/p>\n<p class=\"x_m_-6428270355758380634MsoNoSpacing\">El cierre de cualquier empresa l\u00edcita es siempre una mala noticia.<u><\/u><u><\/u><\/p>\n<p class=\"x_m_-6428270355758380634MsoNoSpacing\">El caso del impreso de Santos Sol\u00eds se suma a otros que de forma reciente han corrido con la misma suerte: al iniciar el presente a\u00f1o, el peri\u00f3dico Pol\u00edtica, fundado por \u00c1ngel Leodegario Guti\u00e9rrez, que tuvo su etapa m\u00e1s importante en las d\u00e9cadas de ochentas y noventas, tambi\u00e9n dej\u00f3 de tirarse, al igual que Marcha, fundado en 1996 y dirigido por Sa\u00fal Contreras Beltr\u00e1n, que se convirti\u00f3, al igual que Oye Veracruz, en p\u00e1gina de internet.<u><\/u><u><\/u><\/p>\n<p class=\"x_m_-6428270355758380634MsoNoSpacing\">Punto y Aparte, semanario fundado por don Froyl\u00e1n Flores Cancela en 1978, lucha por mantenerse en activo a trav\u00e9s de Internet; en tanto que Capital Veracruz, medio del empresario de origen mexiquense Luis Maccise Uribe, cerr\u00f3 sus talleres y anunci\u00f3 que se mudar\u00eda a una plataforma digital el a\u00f1o pasado, pero tampoco tuvo \u00e9xito y termin\u00f3 por recoger el mobiliario y despedirse.<u><\/u><u><\/u><\/p>\n<p class=\"x_m_-6428270355758380634MsoNoSpacing\">De igual forma, de manera extraoficial se habla con insistencia del inminente cierre de otros impresos de la capital veracruzana, como El Portal, propiedad del actual candidato del PRI a la presidencia municipal, Alejandro Montano Guzm\u00e1n; y El Heraldo de Xalapa, cuyo due\u00f1o es el abanderado del Movimiento Ciudadano a la alcald\u00eda de Mart\u00ednez de la Torre, Eduardo S\u00e1nchez Mac\u00edas. La empresa del ex diputado tambi\u00e9n redujo al Diario de Tantoyuca a su m\u00ednima expresi\u00f3n y dej\u00f3 de editar su semanario Tierra Verde, enfocado al sector agropecuario.<u><\/u><u><\/u><\/p>\n<p class=\"x_m_-6428270355758380634MsoNoSpacing\">La crisis que enfrentan los medios informativos en la entidad, acentuada por la falta de contratos publicitarios y convenios gubernamentales, afecta pr\u00e1cticamente a todas las empresas period\u00edsticas, salvo muy contadas excepciones, que son los que dependen en gran parte de la circulaci\u00f3n o venta al p\u00fablico, como La Opini\u00f3n, en zona norte; Diario de Xalapa, en la capital; Notiver, en Veracruz-Boca del R\u00edo; y Diario del Istmo, en la regi\u00f3n sur.<u><\/u><u><\/u><\/p>\n<p class=\"x_m_-6428270355758380634MsoNoSpacing\">Otros esfuerzos period\u00edsticos, difundidos como p\u00e1ginas digitales, tambi\u00e9n han cerrado sus puertas en el \u00faltimo a\u00f1o en Veracruz; es el caso, por ejemplo, de Radiover, propiedad de Juan Antonio Nemi Dib, que dirigi\u00f3 Flavio Morales; y de Veracruzanos.info, que encabez\u00f3 Billie Parker M\u00e9ndez.<u><\/u><u><\/u><\/p>\n<p class=\"x_m_-6428270355758380634MsoNoSpacing\">Lo peor, se comenta en el medio, es que otras p\u00e1ginas de internet y otros impresos veracruzanos, sobre todo peque\u00f1as empresas, estar\u00edan a punto de cerrar sus puertas. \u00a0@luisromero85<\/p>\n","protected":false},"excerpt":{"rendered":"<p>Luis Alberto Romero Hora Cero &nbsp; En una decisi\u00f3n pol\u00e9mica, que lo mismo gener\u00f3 reacciones de rechazo que de aprobaci\u00f3n, este mi\u00e9rcoles el cabildo de la capital del estado autoriz\u00f3 la construcci\u00f3n de un gasoducto que con casi 12 kil\u00f3metros cruzar\u00e1 las avenidas L\u00e1zaro C\u00e1rdenas y 20 de Noviembre, el Circuito presidentes y la carretera [&hellip;]<\/p>\n","protected":false},"author":2,"featured_media":0,"comment_status":"open","ping_status":"open","sticky":false,"template":"","format":"standard","meta":{"tdm_status":"","tdm_grid_status":"","footnotes":""},"categories":[70],"tags":[344,483,7408,8315,7615],"class_list":{"0":"post-33774","1":"post","2":"type-post","3":"status-publish","4":"format-standard","6":"category-de-opinion","7":"tag-alejandro-montano-guzman","8":"tag-americo-zuniga","9":"tag-ana-miriam-ferraez","10":"tag-gasoducto-xalapa","11":"tag-pedro-hipolito-rodriguez-herrero"},"yoast_head":"<!-- This site is optimized with the Yoast SEO plugin v27.4 - https:\/\/yoast.com\/product\/yoast-seo-wordpress\/ -->\n<title>El gasoducto como discurso de campa\u00f1a - Los pol\u00edticos Veracruz<\/title>\n<meta name=\"robots\" content=\"index, follow, max-snippet:-1, max-image-preview:large, max-video-preview:-1\" \/>\n<link rel=\"canonical\" href=\"https:\/\/lospoliticosveracruz.com\/?p=33774\" \/>\n<meta property=\"og:locale\" content=\"es_ES\" \/>\n<meta property=\"og:type\" content=\"article\" \/>\n<meta property=\"og:title\" content=\"El gasoducto como discurso de campa\u00f1a - Los pol\u00edticos Veracruz\" \/>\n<meta property=\"og:description\" content=\"Luis Alberto Romero Hora Cero &nbsp; En una decisi\u00f3n pol\u00e9mica, que lo mismo gener\u00f3 reacciones de rechazo que de aprobaci\u00f3n, este mi\u00e9rcoles el cabildo de la capital del estado autoriz\u00f3 la construcci\u00f3n de un gasoducto que con casi 12 kil\u00f3metros cruzar\u00e1 las avenidas L\u00e1zaro C\u00e1rdenas y 20 de Noviembre, el Circuito presidentes y la carretera [&hellip;]\" \/>\n<meta property=\"og:url\" content=\"https:\/\/lospoliticosveracruz.com\/?p=33774\" \/>\n<meta property=\"og:site_name\" content=\"Los pol\u00edticos Veracruz\" \/>\n<meta property=\"article:publisher\" content=\"https:\/\/www.facebook.com\/people\/Notimemes-de-los-Polticos\/61565672886568\/\" \/>\n<meta property=\"article:published_time\" content=\"2017-05-19T14:49:15+00:00\" \/>\n<meta property=\"og:image\" content=\"https:\/\/lospoliticosveracruz.com\/wp-content\/uploads\/2016\/07\/Logo-Dor.jpg\" \/>\n\t<meta property=\"og:image:width\" content=\"200\" \/>\n\t<meta property=\"og:image:height\" content=\"200\" \/>\n\t<meta property=\"og:image:type\" content=\"image\/jpeg\" \/>\n<meta name=\"author\" content=\"Lo viste en Los Pol\u00edticos\" \/>\n<meta name=\"twitter:card\" content=\"summary_large_image\" \/>\n<meta name=\"twitter:creator\" content=\"@LosPoliticosVer\" \/>\n<meta name=\"twitter:site\" content=\"@LosPoliticosVer\" \/>\n<meta name=\"twitter:label1\" content=\"Escrito por\" \/>\n\t<meta name=\"twitter:data1\" content=\"Lo viste en Los Pol\u00edticos\" \/>\n\t<meta name=\"twitter:label2\" content=\"Tiempo de lectura\" \/>\n\t<meta name=\"twitter:data2\" content=\"7 minutos\" \/>\n<script type=\"application\/ld+json\" class=\"yoast-schema-graph\">{\"@context\":\"https:\\\/\\\/schema.org\",\"@graph\":[{\"@type\":\"Article\",\"@id\":\"https:\\\/\\\/lospoliticosveracruz.com\\\/?p=33774#article\",\"isPartOf\":{\"@id\":\"https:\\\/\\\/lospoliticosveracruz.com\\\/?p=33774\"},\"author\":{\"name\":\"Lo viste en Los Pol\u00edticos\",\"@id\":\"https:\\\/\\\/lospoliticosveracruz.com\\\/#\\\/schema\\\/person\\\/b8702bb0e538456e6efd07080bf2a4a2\"},\"headline\":\"El gasoducto como discurso de campa\u00f1a\",\"datePublished\":\"2017-05-19T14:49:15+00:00\",\"mainEntityOfPage\":{\"@id\":\"https:\\\/\\\/lospoliticosveracruz.com\\\/?p=33774\"},\"wordCount\":1323,\"commentCount\":0,\"publisher\":{\"@id\":\"https:\\\/\\\/lospoliticosveracruz.com\\\/#organization\"},\"keywords\":[\"Alejandro Montano Guzm\u00e1n\",\"Am\u00e9rico Z\u00fa\u00f1iga\",\"Ana Miriam Ferr\u00e1ez\",\"Gasoducto Xalapa\",\"Pedro Hip\u00f3lito Rodr\u00edguez Herrero\"],\"articleSection\":[\"De Opini\u00f3n\"],\"inLanguage\":\"es\",\"potentialAction\":[{\"@type\":\"CommentAction\",\"name\":\"Comment\",\"target\":[\"https:\\\/\\\/lospoliticosveracruz.com\\\/?p=33774#respond\"]}]},{\"@type\":\"WebPage\",\"@id\":\"https:\\\/\\\/lospoliticosveracruz.com\\\/?p=33774\",\"url\":\"https:\\\/\\\/lospoliticosveracruz.com\\\/?p=33774\",\"name\":\"El gasoducto como discurso de campa\u00f1a - Los pol\u00edticos Veracruz\",\"isPartOf\":{\"@id\":\"https:\\\/\\\/lospoliticosveracruz.com\\\/#website\"},\"datePublished\":\"2017-05-19T14:49:15+00:00\",\"breadcrumb\":{\"@id\":\"https:\\\/\\\/lospoliticosveracruz.com\\\/?p=33774#breadcrumb\"},\"inLanguage\":\"es\",\"potentialAction\":[{\"@type\":\"ReadAction\",\"target\":[\"https:\\\/\\\/lospoliticosveracruz.com\\\/?p=33774\"]}]},{\"@type\":\"BreadcrumbList\",\"@id\":\"https:\\\/\\\/lospoliticosveracruz.com\\\/?p=33774#breadcrumb\",\"itemListElement\":[{\"@type\":\"ListItem\",\"position\":1,\"name\":\"Portada\",\"item\":\"https:\\\/\\\/lospoliticosveracruz.com\\\/\"},{\"@type\":\"ListItem\",\"position\":2,\"name\":\"El gasoducto como discurso de campa\u00f1a\"}]},{\"@type\":\"WebSite\",\"@id\":\"https:\\\/\\\/lospoliticosveracruz.com\\\/#website\",\"url\":\"https:\\\/\\\/lospoliticosveracruz.com\\\/\",\"name\":\"Los pol\u00edticos Veracruz\",\"description\":\"\",\"publisher\":{\"@id\":\"https:\\\/\\\/lospoliticosveracruz.com\\\/#organization\"},\"potentialAction\":[{\"@type\":\"SearchAction\",\"target\":{\"@type\":\"EntryPoint\",\"urlTemplate\":\"https:\\\/\\\/lospoliticosveracruz.com\\\/?s={search_term_string}\"},\"query-input\":{\"@type\":\"PropertyValueSpecification\",\"valueRequired\":true,\"valueName\":\"search_term_string\"}}],\"inLanguage\":\"es\"},{\"@type\":\"Organization\",\"@id\":\"https:\\\/\\\/lospoliticosveracruz.com\\\/#organization\",\"name\":\"Los pol\u00edticos Veracruz\",\"url\":\"https:\\\/\\\/lospoliticosveracruz.com\\\/\",\"logo\":{\"@type\":\"ImageObject\",\"inLanguage\":\"es\",\"@id\":\"https:\\\/\\\/lospoliticosveracruz.com\\\/#\\\/schema\\\/logo\\\/image\\\/\",\"url\":\"https:\\\/\\\/lospoliticosveracruz.com\\\/wp-content\\\/uploads\\\/2025\\\/12\\\/Logo-Nuevo-LOS-POLITICOS-1.jpg\",\"contentUrl\":\"https:\\\/\\\/lospoliticosveracruz.com\\\/wp-content\\\/uploads\\\/2025\\\/12\\\/Logo-Nuevo-LOS-POLITICOS-1.jpg\",\"width\":260,\"height\":70,\"caption\":\"Los pol\u00edticos Veracruz\"},\"image\":{\"@id\":\"https:\\\/\\\/lospoliticosveracruz.com\\\/#\\\/schema\\\/logo\\\/image\\\/\"},\"sameAs\":[\"https:\\\/\\\/www.facebook.com\\\/people\\\/Notimemes-de-los-Polticos\\\/61565672886568\\\/\",\"https:\\\/\\\/x.com\\\/LosPoliticosVer\"]},{\"@type\":\"Person\",\"@id\":\"https:\\\/\\\/lospoliticosveracruz.com\\\/#\\\/schema\\\/person\\\/b8702bb0e538456e6efd07080bf2a4a2\",\"name\":\"Lo viste en Los Pol\u00edticos\",\"image\":{\"@type\":\"ImageObject\",\"inLanguage\":\"es\",\"@id\":\"https:\\\/\\\/secure.gravatar.com\\\/avatar\\\/3a8de04a2656d44082be478bd6c086daa447c4651605818287b9532d3d0bd435?s=96&d=mm&r=g\",\"url\":\"https:\\\/\\\/secure.gravatar.com\\\/avatar\\\/3a8de04a2656d44082be478bd6c086daa447c4651605818287b9532d3d0bd435?s=96&d=mm&r=g\",\"contentUrl\":\"https:\\\/\\\/secure.gravatar.com\\\/avatar\\\/3a8de04a2656d44082be478bd6c086daa447c4651605818287b9532d3d0bd435?s=96&d=mm&r=g\",\"caption\":\"Lo viste en Los Pol\u00edticos\"},\"url\":\"https:\\\/\\\/lospoliticosveracruz.com\\\/?author=2\"}]}<\/script>\n<!-- \/ Yoast SEO plugin. -->","yoast_head_json":{"title":"El gasoducto como discurso de campa\u00f1a - Los pol\u00edticos Veracruz","robots":{"index":"index","follow":"follow","max-snippet":"max-snippet:-1","max-image-preview":"max-image-preview:large","max-video-preview":"max-video-preview:-1"},"canonical":"https:\/\/lospoliticosveracruz.com\/?p=33774","og_locale":"es_ES","og_type":"article","og_title":"El gasoducto como discurso de campa\u00f1a - Los pol\u00edticos Veracruz","og_description":"Luis Alberto Romero Hora Cero &nbsp; En una decisi\u00f3n pol\u00e9mica, que lo mismo gener\u00f3 reacciones de rechazo que de aprobaci\u00f3n, este mi\u00e9rcoles el cabildo de la capital del estado autoriz\u00f3 la construcci\u00f3n de un gasoducto que con casi 12 kil\u00f3metros cruzar\u00e1 las avenidas L\u00e1zaro C\u00e1rdenas y 20 de Noviembre, el Circuito presidentes y la carretera [&hellip;]","og_url":"https:\/\/lospoliticosveracruz.com\/?p=33774","og_site_name":"Los pol\u00edticos Veracruz","article_publisher":"https:\/\/www.facebook.com\/people\/Notimemes-de-los-Polticos\/61565672886568\/","article_published_time":"2017-05-19T14:49:15+00:00","og_image":[{"width":200,"height":200,"url":"https:\/\/lospoliticosveracruz.com\/wp-content\/uploads\/2016\/07\/Logo-Dor.jpg","type":"image\/jpeg"}],"author":"Lo viste en Los Pol\u00edticos","twitter_card":"summary_large_image","twitter_creator":"@LosPoliticosVer","twitter_site":"@LosPoliticosVer","twitter_misc":{"Escrito por":"Lo viste en Los Pol\u00edticos","Tiempo de lectura":"7 minutos"},"schema":{"@context":"https:\/\/schema.org","@graph":[{"@type":"Article","@id":"https:\/\/lospoliticosveracruz.com\/?p=33774#article","isPartOf":{"@id":"https:\/\/lospoliticosveracruz.com\/?p=33774"},"author":{"name":"Lo viste en Los Pol\u00edticos","@id":"https:\/\/lospoliticosveracruz.com\/#\/schema\/person\/b8702bb0e538456e6efd07080bf2a4a2"},"headline":"El gasoducto como discurso de campa\u00f1a","datePublished":"2017-05-19T14:49:15+00:00","mainEntityOfPage":{"@id":"https:\/\/lospoliticosveracruz.com\/?p=33774"},"wordCount":1323,"commentCount":0,"publisher":{"@id":"https:\/\/lospoliticosveracruz.com\/#organization"},"keywords":["Alejandro Montano Guzm\u00e1n","Am\u00e9rico Z\u00fa\u00f1iga","Ana Miriam Ferr\u00e1ez","Gasoducto Xalapa","Pedro Hip\u00f3lito Rodr\u00edguez Herrero"],"articleSection":["De Opini\u00f3n"],"inLanguage":"es","potentialAction":[{"@type":"CommentAction","name":"Comment","target":["https:\/\/lospoliticosveracruz.com\/?p=33774#respond"]}]},{"@type":"WebPage","@id":"https:\/\/lospoliticosveracruz.com\/?p=33774","url":"https:\/\/lospoliticosveracruz.com\/?p=33774","name":"El gasoducto como discurso de campa\u00f1a - Los pol\u00edticos Veracruz","isPartOf":{"@id":"https:\/\/lospoliticosveracruz.com\/#website"},"datePublished":"2017-05-19T14:49:15+00:00","breadcrumb":{"@id":"https:\/\/lospoliticosveracruz.com\/?p=33774#breadcrumb"},"inLanguage":"es","potentialAction":[{"@type":"ReadAction","target":["https:\/\/lospoliticosveracruz.com\/?p=33774"]}]},{"@type":"BreadcrumbList","@id":"https:\/\/lospoliticosveracruz.com\/?p=33774#breadcrumb","itemListElement":[{"@type":"ListItem","position":1,"name":"Portada","item":"https:\/\/lospoliticosveracruz.com\/"},{"@type":"ListItem","position":2,"name":"El gasoducto como discurso de campa\u00f1a"}]},{"@type":"WebSite","@id":"https:\/\/lospoliticosveracruz.com\/#website","url":"https:\/\/lospoliticosveracruz.com\/","name":"Los pol\u00edticos Veracruz","description":"","publisher":{"@id":"https:\/\/lospoliticosveracruz.com\/#organization"},"potentialAction":[{"@type":"SearchAction","target":{"@type":"EntryPoint","urlTemplate":"https:\/\/lospoliticosveracruz.com\/?s={search_term_string}"},"query-input":{"@type":"PropertyValueSpecification","valueRequired":true,"valueName":"search_term_string"}}],"inLanguage":"es"},{"@type":"Organization","@id":"https:\/\/lospoliticosveracruz.com\/#organization","name":"Los pol\u00edticos Veracruz","url":"https:\/\/lospoliticosveracruz.com\/","logo":{"@type":"ImageObject","inLanguage":"es","@id":"https:\/\/lospoliticosveracruz.com\/#\/schema\/logo\/image\/","url":"https:\/\/lospoliticosveracruz.com\/wp-content\/uploads\/2025\/12\/Logo-Nuevo-LOS-POLITICOS-1.jpg","contentUrl":"https:\/\/lospoliticosveracruz.com\/wp-content\/uploads\/2025\/12\/Logo-Nuevo-LOS-POLITICOS-1.jpg","width":260,"height":70,"caption":"Los pol\u00edticos Veracruz"},"image":{"@id":"https:\/\/lospoliticosveracruz.com\/#\/schema\/logo\/image\/"},"sameAs":["https:\/\/www.facebook.com\/people\/Notimemes-de-los-Polticos\/61565672886568\/","https:\/\/x.com\/LosPoliticosVer"]},{"@type":"Person","@id":"https:\/\/lospoliticosveracruz.com\/#\/schema\/person\/b8702bb0e538456e6efd07080bf2a4a2","name":"Lo viste en Los Pol\u00edticos","image":{"@type":"ImageObject","inLanguage":"es","@id":"https:\/\/secure.gravatar.com\/avatar\/3a8de04a2656d44082be478bd6c086daa447c4651605818287b9532d3d0bd435?s=96&d=mm&r=g","url":"https:\/\/secure.gravatar.com\/avatar\/3a8de04a2656d44082be478bd6c086daa447c4651605818287b9532d3d0bd435?s=96&d=mm&r=g","contentUrl":"https:\/\/secure.gravatar.com\/avatar\/3a8de04a2656d44082be478bd6c086daa447c4651605818287b9532d3d0bd435?s=96&d=mm&r=g","caption":"Lo viste en Los Pol\u00edticos"},"url":"https:\/\/lospoliticosveracruz.com\/?author=2"}]}},"_links":{"self":[{"href":"https:\/\/lospoliticosveracruz.com\/index.php?rest_route=\/wp\/v2\/posts\/33774","targetHints":{"allow":["GET"]}}],"collection":[{"href":"https:\/\/lospoliticosveracruz.com\/index.php?rest_route=\/wp\/v2\/posts"}],"about":[{"href":"https:\/\/lospoliticosveracruz.com\/index.php?rest_route=\/wp\/v2\/types\/post"}],"author":[{"embeddable":true,"href":"https:\/\/lospoliticosveracruz.com\/index.php?rest_route=\/wp\/v2\/users\/2"}],"replies":[{"embeddable":true,"href":"https:\/\/lospoliticosveracruz.com\/index.php?rest_route=%2Fwp%2Fv2%2Fcomments&post=33774"}],"version-history":[{"count":1,"href":"https:\/\/lospoliticosveracruz.com\/index.php?rest_route=\/wp\/v2\/posts\/33774\/revisions"}],"predecessor-version":[{"id":33775,"href":"https:\/\/lospoliticosveracruz.com\/index.php?rest_route=\/wp\/v2\/posts\/33774\/revisions\/33775"}],"wp:attachment":[{"href":"https:\/\/lospoliticosveracruz.com\/index.php?rest_route=%2Fwp%2Fv2%2Fmedia&parent=33774"}],"wp:term":[{"taxonomy":"category","embeddable":true,"href":"https:\/\/lospoliticosveracruz.com\/index.php?rest_route=%2Fwp%2Fv2%2Fcategories&post=33774"},{"taxonomy":"post_tag","embeddable":true,"href":"https:\/\/lospoliticosveracruz.com\/index.php?rest_route=%2Fwp%2Fv2%2Ftags&post=33774"}],"curies":[{"name":"wp","href":"https:\/\/api.w.org\/{rel}","templated":true}]}}