{"id":33855,"date":"2017-05-23T22:11:14","date_gmt":"2017-05-24T03:11:14","guid":{"rendered":"http:\/\/www.lospoliticosveracruz.com.mx\/?p=33855"},"modified":"2017-05-23T22:16:47","modified_gmt":"2017-05-24T03:16:47","slug":"jaque-legislativo","status":"publish","type":"post","link":"https:\/\/lospoliticosveracruz.com\/?p=33855","title":{"rendered":"Jaque legislativo"},"content":{"rendered":"<p><strong>Salvador Mu\u00f1oz<\/strong><\/p>\n<p><em>Los Pol\u00edticos\u00a0<\/em><\/p>\n<p>Hasta el martes, el n\u00famero de diputados que ten\u00eda la fracci\u00f3n legislativa del PAN con la inclusi\u00f3n de Jos\u00e9 Luis Enr\u00edquez Ambell y Sebasti\u00e1n Reyes Arellano era de 18 \u201csuspiritos azules\u201d. S\u00famele los cinco de la fracci\u00f3n del Sol Azteca, y tenemos 23 votos. Si a ello le agrega la posibilidad de que desde ya, Rodrigo Garc\u00eda Escalante, fiel a su estirpe, salte del Verde \u00a1al Azul! son 24 votos&#8230; \u00bfqui\u00e9n falta para que la alianza panista y perredista sume el 50% de votos y por qu\u00e9 tanto inter\u00e9s en ello?<br \/>\nII<br \/>\nCuando Eva Cadena Sandoval fue \u201cexpulsada\u201d del para\u00edso moreno, hubo dos fracciones que se interesaron en sumarla. Juntos por el Varo (Veracruz) y PAN.<br \/>\nA los primeros, el costo pol\u00edtico parec\u00eda no interesarles si ello implica un voto m\u00e1s a sus cinco lo que le dar\u00eda un plus a su val\u00eda legislativa. A los segundos, s\u00ed les import\u00f3 el costo&#8230; fue menos doloroso el trance de Sebasti\u00e1n Reyes Arellano, en el que casi nadie chist\u00f3. Lo mismo ocurri\u00f3 con Jos\u00e9 Luis Enr\u00edquez Ambell, quien con su salto de Independiente (que ten\u00eda Buganza) a blanquiazul, exhibe una de dos cosas: o no va a regresar Gerardo Buganza, o Buganza ya pintaba de \u201cblue\u201d pero si \u00e9l se pasaba al PAN, ser\u00eda crucificado, pero si Enr\u00edquez Ambell lo hac\u00eda, pasar\u00eda inadvertido porque no hay cola que le pisen&#8230; pero el asunto es sumar 25 y de ser posible, 26, pero dijera el Fil\u00f3sofo de G\u00fc\u00e9mez: \u201cPrimero es el n\u00famero 1 y despu\u00e9s el 2; pero en el 21, el 2 se ching\u00f3 al 1\u201d&#8230; en pocas palabras, primero hay que alcanzar el 25&#8230; \u00bfcon qui\u00e9n?<br \/>\nIII<br \/>\nVicente Ben\u00edtez Gonz\u00e1lez fue llamado a \u201cplaticar\u201d. Ha estado demasiado tranquilo, casi no hace ruido, se enconcha en su curul&#8230; \u00a1ni p\u00edo dice!<br \/>\nEso s\u00ed, invierte mucho para que en Catemaco, junto con el alcalde Jorge Gonz\u00e1lez Azamar, gane \u201cHuicha Dom\u00ednguez\u201d, Mar\u00eda Luisa Dom\u00ednguez Bucio, la esposa del edil.<br \/>\nDicen, no me crea, no le piden que salte al PRD o al PAN&#8230; puede seguir en el Nueva Alianza pero su voto puede direccionarlo a favor del azul\/amarillo.<br \/>\nLa pl\u00e1tica con Vicente Ben\u00edtez pudiera haber concluido en buenos t\u00e9rminos y ser\u00e1 al tiempo cuando se vea qu\u00e9 tan convincentes son del lado azul. Por eso, en un momento dado, Vicente Ben\u00edtez podr\u00eda ser el n\u00famero 25.<br \/>\nEl asunto podr\u00eda pintar de maravilla de no ser por el rumor que se dej\u00f3 correr de que Cinthya Lobato Calder\u00f3n dejar\u00eda la bancada panista para volverse independiente.<br \/>\nNo deja de ser rumor y si no mal recuerdo, en reuni\u00f3n con el Grupo de los 10, se le hizo esta pregunta: Si dejar\u00eda el PAN, y ella respondi\u00f3 que no. Un respiro, pero a la vez no, porque el hecho de que se mantenga en la fracci\u00f3n no implica que vote a favor.<br \/>\n\u00bfEl 26? Ya es tarea m\u00e1s f\u00e1cil.<br \/>\nIV<br \/>\nQu\u00e9 busca el PAN con tanto alboroto por sumar diputados a la fracci\u00f3n: lo que Juntos por el Varo, Morena, PRI o cualquier otro partido quisiera: Poder y Control.<br \/>\nRecuerden que al PAN le corresponden 10 meses al frente de la Junta de Coordinaci\u00f3n Pol\u00edtica y por agosto, el turno ser\u00eda para Morena por ocho meses; cierra el periodo Juan Nicol\u00e1s Callejas Rold\u00e1n, del PRI, por seis meses&#8230; pero si la fracci\u00f3n panista (con la del PRD) fueran mayor\u00eda (25+1) existe la posibilidad de que la Jucopo la asuma de nuevo, o al menos los tres \u00faltimos meses de lo que es el periodo de la LXIV Legislatura.<br \/>\nPor supuesto, eso ya lo saben Amado Cruz Malpica, Callejas Rold\u00e1n y Fernando Kuri, quienes ya han reclamado en m\u00e1s de una ocasi\u00f3n el juego de ajedrez que maneja Sergio Hern\u00e1ndez Hern\u00e1ndez, que a como van las cosas, los trae en jaque. Al tiempo.<br \/>\nsmcainito@gmail.com<\/p>\n","protected":false},"excerpt":{"rendered":"<p>Salvador Mu\u00f1oz Los Pol\u00edticos\u00a0 Hasta el martes, el n\u00famero de diputados que ten\u00eda la fracci\u00f3n legislativa del PAN con la inclusi\u00f3n de Jos\u00e9 Luis Enr\u00edquez Ambell y Sebasti\u00e1n Reyes Arellano era de 18 \u201csuspiritos azules\u201d. S\u00famele los cinco de la fracci\u00f3n del Sol Azteca, y tenemos 23 votos. Si a ello le agrega la posibilidad [&hellip;]<\/p>\n","protected":false},"author":2,"featured_media":0,"comment_status":"open","ping_status":"open","sticky":false,"template":"","format":"standard","meta":{"tdm_status":"","tdm_grid_status":"","footnotes":""},"categories":[70],"tags":[8113,8383,266,6670,6481],"class_list":{"0":"post-33855","1":"post","2":"type-post","3":"status-publish","4":"format-standard","6":"category-de-opinion","7":"tag-eva-cadena","8":"tag-jose-luis-enriquez-ambell","9":"tag-pan","10":"tag-sebastian-reyes-arellano","11":"tag-sergio-hernandez-hernandez"},"yoast_head":"<!-- This site is optimized with the Yoast SEO plugin v27.4 - https:\/\/yoast.com\/product\/yoast-seo-wordpress\/ -->\n<title>Jaque legislativo - Los pol\u00edticos Veracruz<\/title>\n<meta name=\"robots\" content=\"index, follow, max-snippet:-1, max-image-preview:large, max-video-preview:-1\" \/>\n<link rel=\"canonical\" href=\"https:\/\/lospoliticosveracruz.com\/?p=33855\" \/>\n<meta property=\"og:locale\" content=\"es_ES\" \/>\n<meta property=\"og:type\" content=\"article\" \/>\n<meta property=\"og:title\" content=\"Jaque legislativo - Los pol\u00edticos Veracruz\" \/>\n<meta property=\"og:description\" content=\"Salvador Mu\u00f1oz Los Pol\u00edticos\u00a0 Hasta el martes, el n\u00famero de diputados que ten\u00eda la fracci\u00f3n legislativa del PAN con la inclusi\u00f3n de Jos\u00e9 Luis Enr\u00edquez Ambell y Sebasti\u00e1n Reyes Arellano era de 18 \u201csuspiritos azules\u201d. S\u00famele los cinco de la fracci\u00f3n del Sol Azteca, y tenemos 23 votos. Si a ello le agrega la posibilidad [&hellip;]\" \/>\n<meta property=\"og:url\" content=\"https:\/\/lospoliticosveracruz.com\/?p=33855\" \/>\n<meta property=\"og:site_name\" content=\"Los pol\u00edticos Veracruz\" \/>\n<meta property=\"article:publisher\" content=\"https:\/\/www.facebook.com\/people\/Notimemes-de-los-Polticos\/61565672886568\/\" \/>\n<meta property=\"article:published_time\" content=\"2017-05-24T03:11:14+00:00\" \/>\n<meta property=\"article:modified_time\" content=\"2017-05-24T03:16:47+00:00\" \/>\n<meta property=\"og:image\" content=\"https:\/\/lospoliticosveracruz.com\/wp-content\/uploads\/2016\/07\/Logo-Dor.jpg\" \/>\n\t<meta property=\"og:image:width\" content=\"200\" \/>\n\t<meta property=\"og:image:height\" content=\"200\" \/>\n\t<meta property=\"og:image:type\" content=\"image\/jpeg\" \/>\n<meta name=\"author\" content=\"Lo viste en Los Pol\u00edticos\" \/>\n<meta name=\"twitter:card\" content=\"summary_large_image\" \/>\n<meta name=\"twitter:creator\" content=\"@LosPoliticosVer\" \/>\n<meta name=\"twitter:site\" content=\"@LosPoliticosVer\" \/>\n<meta name=\"twitter:label1\" content=\"Escrito por\" \/>\n\t<meta name=\"twitter:data1\" content=\"Lo viste en Los Pol\u00edticos\" \/>\n\t<meta name=\"twitter:label2\" content=\"Tiempo de lectura\" \/>\n\t<meta name=\"twitter:data2\" content=\"3 minutos\" \/>\n<script type=\"application\/ld+json\" class=\"yoast-schema-graph\">{\"@context\":\"https:\\\/\\\/schema.org\",\"@graph\":[{\"@type\":\"Article\",\"@id\":\"https:\\\/\\\/lospoliticosveracruz.com\\\/?p=33855#article\",\"isPartOf\":{\"@id\":\"https:\\\/\\\/lospoliticosveracruz.com\\\/?p=33855\"},\"author\":{\"name\":\"Lo viste en Los Pol\u00edticos\",\"@id\":\"https:\\\/\\\/lospoliticosveracruz.com\\\/#\\\/schema\\\/person\\\/b8702bb0e538456e6efd07080bf2a4a2\"},\"headline\":\"Jaque legislativo\",\"datePublished\":\"2017-05-24T03:11:14+00:00\",\"dateModified\":\"2017-05-24T03:16:47+00:00\",\"mainEntityOfPage\":{\"@id\":\"https:\\\/\\\/lospoliticosveracruz.com\\\/?p=33855\"},\"wordCount\":693,\"commentCount\":0,\"publisher\":{\"@id\":\"https:\\\/\\\/lospoliticosveracruz.com\\\/#organization\"},\"keywords\":[\"Eva Cadena\",\"Jos\u00e9 Luis Enr\u00edquez Ambell\",\"PAN\",\"Sebasti\u00e1n Reyes Arellano\",\"Sergio Hern\u00e1ndez Hern\u00e1ndez\"],\"articleSection\":[\"De Opini\u00f3n\"],\"inLanguage\":\"es\",\"potentialAction\":[{\"@type\":\"CommentAction\",\"name\":\"Comment\",\"target\":[\"https:\\\/\\\/lospoliticosveracruz.com\\\/?p=33855#respond\"]}]},{\"@type\":\"WebPage\",\"@id\":\"https:\\\/\\\/lospoliticosveracruz.com\\\/?p=33855\",\"url\":\"https:\\\/\\\/lospoliticosveracruz.com\\\/?p=33855\",\"name\":\"Jaque legislativo - Los pol\u00edticos Veracruz\",\"isPartOf\":{\"@id\":\"https:\\\/\\\/lospoliticosveracruz.com\\\/#website\"},\"datePublished\":\"2017-05-24T03:11:14+00:00\",\"dateModified\":\"2017-05-24T03:16:47+00:00\",\"breadcrumb\":{\"@id\":\"https:\\\/\\\/lospoliticosveracruz.com\\\/?p=33855#breadcrumb\"},\"inLanguage\":\"es\",\"potentialAction\":[{\"@type\":\"ReadAction\",\"target\":[\"https:\\\/\\\/lospoliticosveracruz.com\\\/?p=33855\"]}]},{\"@type\":\"BreadcrumbList\",\"@id\":\"https:\\\/\\\/lospoliticosveracruz.com\\\/?p=33855#breadcrumb\",\"itemListElement\":[{\"@type\":\"ListItem\",\"position\":1,\"name\":\"Portada\",\"item\":\"https:\\\/\\\/lospoliticosveracruz.com\\\/\"},{\"@type\":\"ListItem\",\"position\":2,\"name\":\"Jaque legislativo\"}]},{\"@type\":\"WebSite\",\"@id\":\"https:\\\/\\\/lospoliticosveracruz.com\\\/#website\",\"url\":\"https:\\\/\\\/lospoliticosveracruz.com\\\/\",\"name\":\"Los pol\u00edticos Veracruz\",\"description\":\"\",\"publisher\":{\"@id\":\"https:\\\/\\\/lospoliticosveracruz.com\\\/#organization\"},\"potentialAction\":[{\"@type\":\"SearchAction\",\"target\":{\"@type\":\"EntryPoint\",\"urlTemplate\":\"https:\\\/\\\/lospoliticosveracruz.com\\\/?s={search_term_string}\"},\"query-input\":{\"@type\":\"PropertyValueSpecification\",\"valueRequired\":true,\"valueName\":\"search_term_string\"}}],\"inLanguage\":\"es\"},{\"@type\":\"Organization\",\"@id\":\"https:\\\/\\\/lospoliticosveracruz.com\\\/#organization\",\"name\":\"Los pol\u00edticos Veracruz\",\"url\":\"https:\\\/\\\/lospoliticosveracruz.com\\\/\",\"logo\":{\"@type\":\"ImageObject\",\"inLanguage\":\"es\",\"@id\":\"https:\\\/\\\/lospoliticosveracruz.com\\\/#\\\/schema\\\/logo\\\/image\\\/\",\"url\":\"https:\\\/\\\/lospoliticosveracruz.com\\\/wp-content\\\/uploads\\\/2025\\\/12\\\/Logo-Nuevo-LOS-POLITICOS-1.jpg\",\"contentUrl\":\"https:\\\/\\\/lospoliticosveracruz.com\\\/wp-content\\\/uploads\\\/2025\\\/12\\\/Logo-Nuevo-LOS-POLITICOS-1.jpg\",\"width\":260,\"height\":70,\"caption\":\"Los pol\u00edticos Veracruz\"},\"image\":{\"@id\":\"https:\\\/\\\/lospoliticosveracruz.com\\\/#\\\/schema\\\/logo\\\/image\\\/\"},\"sameAs\":[\"https:\\\/\\\/www.facebook.com\\\/people\\\/Notimemes-de-los-Polticos\\\/61565672886568\\\/\",\"https:\\\/\\\/x.com\\\/LosPoliticosVer\"]},{\"@type\":\"Person\",\"@id\":\"https:\\\/\\\/lospoliticosveracruz.com\\\/#\\\/schema\\\/person\\\/b8702bb0e538456e6efd07080bf2a4a2\",\"name\":\"Lo viste en Los Pol\u00edticos\",\"image\":{\"@type\":\"ImageObject\",\"inLanguage\":\"es\",\"@id\":\"https:\\\/\\\/secure.gravatar.com\\\/avatar\\\/3a8de04a2656d44082be478bd6c086daa447c4651605818287b9532d3d0bd435?s=96&d=mm&r=g\",\"url\":\"https:\\\/\\\/secure.gravatar.com\\\/avatar\\\/3a8de04a2656d44082be478bd6c086daa447c4651605818287b9532d3d0bd435?s=96&d=mm&r=g\",\"contentUrl\":\"https:\\\/\\\/secure.gravatar.com\\\/avatar\\\/3a8de04a2656d44082be478bd6c086daa447c4651605818287b9532d3d0bd435?s=96&d=mm&r=g\",\"caption\":\"Lo viste en Los Pol\u00edticos\"},\"url\":\"https:\\\/\\\/lospoliticosveracruz.com\\\/?author=2\"}]}<\/script>\n<!-- \/ Yoast SEO plugin. -->","yoast_head_json":{"title":"Jaque legislativo - Los pol\u00edticos Veracruz","robots":{"index":"index","follow":"follow","max-snippet":"max-snippet:-1","max-image-preview":"max-image-preview:large","max-video-preview":"max-video-preview:-1"},"canonical":"https:\/\/lospoliticosveracruz.com\/?p=33855","og_locale":"es_ES","og_type":"article","og_title":"Jaque legislativo - Los pol\u00edticos Veracruz","og_description":"Salvador Mu\u00f1oz Los Pol\u00edticos\u00a0 Hasta el martes, el n\u00famero de diputados que ten\u00eda la fracci\u00f3n legislativa del PAN con la inclusi\u00f3n de Jos\u00e9 Luis Enr\u00edquez Ambell y Sebasti\u00e1n Reyes Arellano era de 18 \u201csuspiritos azules\u201d. S\u00famele los cinco de la fracci\u00f3n del Sol Azteca, y tenemos 23 votos. Si a ello le agrega la posibilidad [&hellip;]","og_url":"https:\/\/lospoliticosveracruz.com\/?p=33855","og_site_name":"Los pol\u00edticos Veracruz","article_publisher":"https:\/\/www.facebook.com\/people\/Notimemes-de-los-Polticos\/61565672886568\/","article_published_time":"2017-05-24T03:11:14+00:00","article_modified_time":"2017-05-24T03:16:47+00:00","og_image":[{"width":200,"height":200,"url":"https:\/\/lospoliticosveracruz.com\/wp-content\/uploads\/2016\/07\/Logo-Dor.jpg","type":"image\/jpeg"}],"author":"Lo viste en Los Pol\u00edticos","twitter_card":"summary_large_image","twitter_creator":"@LosPoliticosVer","twitter_site":"@LosPoliticosVer","twitter_misc":{"Escrito por":"Lo viste en Los Pol\u00edticos","Tiempo de lectura":"3 minutos"},"schema":{"@context":"https:\/\/schema.org","@graph":[{"@type":"Article","@id":"https:\/\/lospoliticosveracruz.com\/?p=33855#article","isPartOf":{"@id":"https:\/\/lospoliticosveracruz.com\/?p=33855"},"author":{"name":"Lo viste en Los Pol\u00edticos","@id":"https:\/\/lospoliticosveracruz.com\/#\/schema\/person\/b8702bb0e538456e6efd07080bf2a4a2"},"headline":"Jaque legislativo","datePublished":"2017-05-24T03:11:14+00:00","dateModified":"2017-05-24T03:16:47+00:00","mainEntityOfPage":{"@id":"https:\/\/lospoliticosveracruz.com\/?p=33855"},"wordCount":693,"commentCount":0,"publisher":{"@id":"https:\/\/lospoliticosveracruz.com\/#organization"},"keywords":["Eva Cadena","Jos\u00e9 Luis Enr\u00edquez Ambell","PAN","Sebasti\u00e1n Reyes Arellano","Sergio Hern\u00e1ndez Hern\u00e1ndez"],"articleSection":["De Opini\u00f3n"],"inLanguage":"es","potentialAction":[{"@type":"CommentAction","name":"Comment","target":["https:\/\/lospoliticosveracruz.com\/?p=33855#respond"]}]},{"@type":"WebPage","@id":"https:\/\/lospoliticosveracruz.com\/?p=33855","url":"https:\/\/lospoliticosveracruz.com\/?p=33855","name":"Jaque legislativo - Los pol\u00edticos Veracruz","isPartOf":{"@id":"https:\/\/lospoliticosveracruz.com\/#website"},"datePublished":"2017-05-24T03:11:14+00:00","dateModified":"2017-05-24T03:16:47+00:00","breadcrumb":{"@id":"https:\/\/lospoliticosveracruz.com\/?p=33855#breadcrumb"},"inLanguage":"es","potentialAction":[{"@type":"ReadAction","target":["https:\/\/lospoliticosveracruz.com\/?p=33855"]}]},{"@type":"BreadcrumbList","@id":"https:\/\/lospoliticosveracruz.com\/?p=33855#breadcrumb","itemListElement":[{"@type":"ListItem","position":1,"name":"Portada","item":"https:\/\/lospoliticosveracruz.com\/"},{"@type":"ListItem","position":2,"name":"Jaque legislativo"}]},{"@type":"WebSite","@id":"https:\/\/lospoliticosveracruz.com\/#website","url":"https:\/\/lospoliticosveracruz.com\/","name":"Los pol\u00edticos Veracruz","description":"","publisher":{"@id":"https:\/\/lospoliticosveracruz.com\/#organization"},"potentialAction":[{"@type":"SearchAction","target":{"@type":"EntryPoint","urlTemplate":"https:\/\/lospoliticosveracruz.com\/?s={search_term_string}"},"query-input":{"@type":"PropertyValueSpecification","valueRequired":true,"valueName":"search_term_string"}}],"inLanguage":"es"},{"@type":"Organization","@id":"https:\/\/lospoliticosveracruz.com\/#organization","name":"Los pol\u00edticos Veracruz","url":"https:\/\/lospoliticosveracruz.com\/","logo":{"@type":"ImageObject","inLanguage":"es","@id":"https:\/\/lospoliticosveracruz.com\/#\/schema\/logo\/image\/","url":"https:\/\/lospoliticosveracruz.com\/wp-content\/uploads\/2025\/12\/Logo-Nuevo-LOS-POLITICOS-1.jpg","contentUrl":"https:\/\/lospoliticosveracruz.com\/wp-content\/uploads\/2025\/12\/Logo-Nuevo-LOS-POLITICOS-1.jpg","width":260,"height":70,"caption":"Los pol\u00edticos Veracruz"},"image":{"@id":"https:\/\/lospoliticosveracruz.com\/#\/schema\/logo\/image\/"},"sameAs":["https:\/\/www.facebook.com\/people\/Notimemes-de-los-Polticos\/61565672886568\/","https:\/\/x.com\/LosPoliticosVer"]},{"@type":"Person","@id":"https:\/\/lospoliticosveracruz.com\/#\/schema\/person\/b8702bb0e538456e6efd07080bf2a4a2","name":"Lo viste en Los Pol\u00edticos","image":{"@type":"ImageObject","inLanguage":"es","@id":"https:\/\/secure.gravatar.com\/avatar\/3a8de04a2656d44082be478bd6c086daa447c4651605818287b9532d3d0bd435?s=96&d=mm&r=g","url":"https:\/\/secure.gravatar.com\/avatar\/3a8de04a2656d44082be478bd6c086daa447c4651605818287b9532d3d0bd435?s=96&d=mm&r=g","contentUrl":"https:\/\/secure.gravatar.com\/avatar\/3a8de04a2656d44082be478bd6c086daa447c4651605818287b9532d3d0bd435?s=96&d=mm&r=g","caption":"Lo viste en Los Pol\u00edticos"},"url":"https:\/\/lospoliticosveracruz.com\/?author=2"}]}},"_links":{"self":[{"href":"https:\/\/lospoliticosveracruz.com\/index.php?rest_route=\/wp\/v2\/posts\/33855","targetHints":{"allow":["GET"]}}],"collection":[{"href":"https:\/\/lospoliticosveracruz.com\/index.php?rest_route=\/wp\/v2\/posts"}],"about":[{"href":"https:\/\/lospoliticosveracruz.com\/index.php?rest_route=\/wp\/v2\/types\/post"}],"author":[{"embeddable":true,"href":"https:\/\/lospoliticosveracruz.com\/index.php?rest_route=\/wp\/v2\/users\/2"}],"replies":[{"embeddable":true,"href":"https:\/\/lospoliticosveracruz.com\/index.php?rest_route=%2Fwp%2Fv2%2Fcomments&post=33855"}],"version-history":[{"count":2,"href":"https:\/\/lospoliticosveracruz.com\/index.php?rest_route=\/wp\/v2\/posts\/33855\/revisions"}],"predecessor-version":[{"id":33880,"href":"https:\/\/lospoliticosveracruz.com\/index.php?rest_route=\/wp\/v2\/posts\/33855\/revisions\/33880"}],"wp:attachment":[{"href":"https:\/\/lospoliticosveracruz.com\/index.php?rest_route=%2Fwp%2Fv2%2Fmedia&parent=33855"}],"wp:term":[{"taxonomy":"category","embeddable":true,"href":"https:\/\/lospoliticosveracruz.com\/index.php?rest_route=%2Fwp%2Fv2%2Fcategories&post=33855"},{"taxonomy":"post_tag","embeddable":true,"href":"https:\/\/lospoliticosveracruz.com\/index.php?rest_route=%2Fwp%2Fv2%2Ftags&post=33855"}],"curies":[{"name":"wp","href":"https:\/\/api.w.org\/{rel}","templated":true}]}}