{"id":33917,"date":"2017-05-24T22:18:44","date_gmt":"2017-05-25T03:18:44","guid":{"rendered":"http:\/\/www.lospoliticosveracruz.com.mx\/?p=33917"},"modified":"2017-05-24T22:24:33","modified_gmt":"2017-05-25T03:24:33","slug":"candidatos-sin-cumplir","status":"publish","type":"post","link":"https:\/\/lospoliticosveracruz.com\/?p=33917","title":{"rendered":"Candidatos sin cumplir"},"content":{"rendered":"<p><strong>Brenda Caballero<\/strong><\/p>\n<p><em>N\u00fameros Rojos<\/em><br \/>\nFaltan 6 d\u00edas para que terminen las campa\u00f1as de candidatos a las 212 alcald\u00edas en Veracruz; es decir, estamos en la recta final. Pero \u00bfsabe cu\u00e1nto han gastado los candidatos en esas playeras, gorras, lonas, folletos, espectaculares y todos esos obsequios que nos regalan con tal de convencernos de que votemos por ellos?<br \/>\nLa semana pasada, para ser precisa el 15 de mayo, el Instituto Nacional Electoral (INE) daba a conocer los importes y operaciones de los ingresos y gastos registrados por los partidos pol\u00edticos y sus candidatos independientes en los cuatro estados que habr\u00e1 elecciones: Coahuila, Estado de M\u00e9xico Nayarit y Veracruz.<br \/>\nEn este espacio hac\u00edamos un an\u00e1lisis sobre Veracruz, donde hay mil 457 candidatos, pero solo hab\u00edan cumplido con sus registros de transparencia 437, mientras que mil 20 no hab\u00edan hecho absolutamente nada.<br \/>\nEsta semana, el INE volvi\u00f3 a actualizar la informaci\u00f3n con fecha de corte al 20 de mayo de 2017 y encontramos lo siguiente:<br \/>\nDe mil 457 candidatos, solo 658 transparentaron sus ingresos y 556 sus gastos.<br \/>\n\u00bfQUI\u00c9NES SON LOS CANDIDATOS M\u00c1S GASTALONES?<br \/>\nEl primer lugar lo ocupa la candidata del PAN-PRD por Xalapa, Ana Miriam Ferr\u00e1ez, con $986,390.15 (ojo, en una sola operaci\u00f3n). Le siguen los candidatos del Partido Verde por Papantla, Dora Esperanza del \u00c1ngel Mendo ($666,284.31 con 29 operaciones) y Silvano Torres Xolio ($654,005.65 de San Andr\u00e9s Tuxtla con 37 operaciones).<br \/>\n\u00bfQUI\u00c9NES HAN GASTADO DE M\u00c1S A SUS INGRESOS REGISTRADOS (MAYORES GASTOS QUE INGRESOS)?<br \/>\nSon 7 candidatos, entre los que destacan: Jos\u00e9 Alejandro Montano Guzm\u00e1n de Xalapa (PRI-PVEM) con $373,520.00; Bernab\u00e9 Garc\u00eda Mart\u00ednez de Atzalan (PAN-PRD), $108,115.00; Everardo Gustin S\u00e1nchez de Tuxpan (Independiente) $60,483.00.<br \/>\n\u00bfA CU\u00c1NTOS CANDIDATOS LES SOBRAN RECURSOS A\u00daN (HAN GASTADO MENOS DE SUS INGRESOS)?<br \/>\nA 43, entre los que destaca Daniel Zairick Aboumrad de Orizaba (PAN-PRD), a quien le quedan 195 mil 870 pesos, pues de 200 mil, s\u00f3lo ha gastado $4,130.00.<br \/>\n\u00bfCU\u00c1NTOS CANDIDATOS NO HAN GASTADO NADA, DE ACUERDO A SUS INGRESOS REGISTRADOS?<br \/>\nSon 103, la mayor\u00eda de municipios serranos y peque\u00f1os, de los cuales 99 son de la alianza PAN-PRD y 4 independientes, excepto Tuxpan con Juan Antonio Aguilar Mancha (PAN-PRD).<br \/>\n\u00bfQU\u00c9 CANDIDATOS HAN REGISTRADO M\u00c1S OPERACIONES?<br \/>\nHan sido tres independientes: con 59 movimientos, Octavio P\u00e9rez Garay, de San Andr\u00e9s Tuxtla; con 51, V\u00edctor Manuel Murrieta P\u00e9rez, de Misantla; y por Minatitl\u00e1n, Jos\u00e9 Luis Almanza Kats, con 49.<br \/>\n\u00bfDE QU\u00c9 PARTIDOS SON LOS CANDIDATOS M\u00c1S CUMPLIDOS?<br \/>\nTodos los candidatos registrados de los partidos: Partido Verde (35), PRI (35), Nueva Alianza (181) y Movimiento Ciudadano (196), aunque tienen una particularidad, que todos han registrado el mismo monto en ingresos y gastos, como si solamente lo hicieran como un requisito a cumplir, no manifestando la realidad.<br \/>\n\u00bfDE QU\u00c9 PARTIDOS SON LOS CANDIDATOS M\u00c1S INCUMPLIDOS?<br \/>\nTodos los candidatos registrados de los partidos de: Morena (212), del Partido del Trabajo (192) y del Partido Encuentro Social (155).<br \/>\n\u00bfY C\u00d3MO SE HAN COMPORTADO LOS CANDIDATOS QUE VAN POR ALIANZA?<br \/>\nDe los 212 de PAN-PRD, solamente 56 candidatos han registrado ingresos y gastos; 57 no han registrado nada, mientras que 99 registraron ingresos pero no han gastado nada.<br \/>\nDe los 177 de PRI-PVEM solamente 23 candidatos han cumplido, quedando 154 como incumplidos.<br \/>\n\u00bfY C\u00d3MO VAN LOS INDEPENDIENTES?<br \/>\nDe 62 independientes registrados, 30 han cumplido con sus ingresos y gastos; 28 no han cumplido y 4 candidatos han registrado s\u00f3lo ingresos.<br \/>\nLos n\u00fameros no mienten, \u00bfy los candidatos? Recordemos que cada candidato tiene un tope diferente de ingresos dependiendo del municipio, votaci\u00f3n y partido.<br \/>\nUsted que vive las campa\u00f1as de cerca en su municipio, \u00bfcree que los ingresos y gastos registrados por los candidatos en el portal del INE corresponden a la realidad de sus campa\u00f1as?<br \/>\nY \u00bfC\u00d3MO ESTAR\u00c1 LA SEGURIDAD EN LOS 212 CONSEJOS MUNICIPALES ELECTORALES?<br \/>\nEst\u00e1 garantizada por una empresa cien por ciento veracruzana que oferta esos servicios desde hace siete a\u00f1os a particulares. La representante legal de la empresa Comercializadora J&amp;B, Mar\u00eda Cristina Sol\u00f3rzano Monterrosas, inform\u00f3 que desplegaron un total de 476 elementos de seguridad en los Consejos Municipales que organizan las elecciones del pr\u00f3ximo 4 de junio.<br \/>\nEl Contrato se logr\u00f3 por una licitaci\u00f3n p\u00fablica con el Organismo P\u00fablico Local Electoral con un plan de austeridad, pues le ahorr\u00f3 al OPLE diez millones de pesos&#8230; fue la de menor costo.<br \/>\nSin embargo, parece que \u201calguien\u201d dentro del Consejo Estatal de Seguridad P\u00fablica les est\u00e1 haciendo cansada la renovaci\u00f3n anual de su permiso S.PR146\/2011 para prestar el servicio de seguridad privada a pesar de que ellos han cumplido con los requisitos en tiempo y forma, como la fianza aprobada y garantizada con fecha 21 de abril. \u00bfHabr\u00e1 otros oscuros intereses dentro del Consejo hacia otra empresa de Seguridad? \u00a1Y yo que pensaba que la era Berm\u00fadez se hab\u00eda acabado!<br \/>\n**Por all\u00ed nos comentaron que a los candidatos del PRI no les hab\u00edan dado a\u00fan sus recursos para la campa\u00f1a, y a los que ya les hab\u00eda tocado, apenas les dieron la quinta parte de lo que les correspond\u00eda. \u00bfD\u00f3nde qued\u00f3 el billuyo Renato Alarc\u00f3n Guevara?<br \/>\ncaballero_brenda@hotmail.com<br \/>\n@N\u00famerosRojos_BC<\/p>\n","protected":false},"excerpt":{"rendered":"<p>Brenda Caballero N\u00fameros Rojos Faltan 6 d\u00edas para que terminen las campa\u00f1as de candidatos a las 212 alcald\u00edas en Veracruz; es decir, estamos en la recta final. Pero \u00bfsabe cu\u00e1nto han gastado los candidatos en esas playeras, gorras, lonas, folletos, espectaculares y todos esos obsequios que nos regalan con tal de convencernos de que votemos [&hellip;]<\/p>\n","protected":false},"author":2,"featured_media":0,"comment_status":"open","ping_status":"open","sticky":false,"template":"","format":"standard","meta":{"tdm_status":"","tdm_grid_status":"","footnotes":""},"categories":[70],"tags":[4944,554],"class_list":{"0":"post-33917","1":"post","2":"type-post","3":"status-publish","4":"format-standard","6":"category-de-opinion","7":"tag-gastos-de-campana","8":"tag-ine"},"yoast_head":"<!-- This site is optimized with the Yoast SEO plugin v27.4 - https:\/\/yoast.com\/product\/yoast-seo-wordpress\/ -->\n<title>Candidatos sin cumplir - Los pol\u00edticos Veracruz<\/title>\n<meta name=\"robots\" content=\"index, follow, max-snippet:-1, max-image-preview:large, max-video-preview:-1\" \/>\n<link rel=\"canonical\" href=\"https:\/\/lospoliticosveracruz.com\/?p=33917\" \/>\n<meta property=\"og:locale\" content=\"es_ES\" \/>\n<meta property=\"og:type\" content=\"article\" \/>\n<meta property=\"og:title\" content=\"Candidatos sin cumplir - Los pol\u00edticos Veracruz\" \/>\n<meta property=\"og:description\" content=\"Brenda Caballero N\u00fameros Rojos Faltan 6 d\u00edas para que terminen las campa\u00f1as de candidatos a las 212 alcald\u00edas en Veracruz; es decir, estamos en la recta final. Pero \u00bfsabe cu\u00e1nto han gastado los candidatos en esas playeras, gorras, lonas, folletos, espectaculares y todos esos obsequios que nos regalan con tal de convencernos de que votemos [&hellip;]\" \/>\n<meta property=\"og:url\" content=\"https:\/\/lospoliticosveracruz.com\/?p=33917\" \/>\n<meta property=\"og:site_name\" content=\"Los pol\u00edticos Veracruz\" \/>\n<meta property=\"article:publisher\" content=\"https:\/\/www.facebook.com\/people\/Notimemes-de-los-Polticos\/61565672886568\/\" \/>\n<meta property=\"article:published_time\" content=\"2017-05-25T03:18:44+00:00\" \/>\n<meta property=\"article:modified_time\" content=\"2017-05-25T03:24:33+00:00\" \/>\n<meta property=\"og:image\" content=\"https:\/\/lospoliticosveracruz.com\/wp-content\/uploads\/2016\/07\/Logo-Dor.jpg\" \/>\n\t<meta property=\"og:image:width\" content=\"200\" \/>\n\t<meta property=\"og:image:height\" content=\"200\" \/>\n\t<meta property=\"og:image:type\" content=\"image\/jpeg\" \/>\n<meta name=\"author\" content=\"Lo viste en Los Pol\u00edticos\" \/>\n<meta name=\"twitter:card\" content=\"summary_large_image\" \/>\n<meta name=\"twitter:creator\" content=\"@LosPoliticosVer\" \/>\n<meta name=\"twitter:site\" content=\"@LosPoliticosVer\" \/>\n<meta name=\"twitter:label1\" content=\"Escrito por\" \/>\n\t<meta name=\"twitter:data1\" content=\"Lo viste en Los Pol\u00edticos\" \/>\n\t<meta name=\"twitter:label2\" content=\"Tiempo de lectura\" \/>\n\t<meta name=\"twitter:data2\" content=\"4 minutos\" \/>\n<script type=\"application\/ld+json\" class=\"yoast-schema-graph\">{\"@context\":\"https:\\\/\\\/schema.org\",\"@graph\":[{\"@type\":\"Article\",\"@id\":\"https:\\\/\\\/lospoliticosveracruz.com\\\/?p=33917#article\",\"isPartOf\":{\"@id\":\"https:\\\/\\\/lospoliticosveracruz.com\\\/?p=33917\"},\"author\":{\"name\":\"Lo viste en Los Pol\u00edticos\",\"@id\":\"https:\\\/\\\/lospoliticosveracruz.com\\\/#\\\/schema\\\/person\\\/b8702bb0e538456e6efd07080bf2a4a2\"},\"headline\":\"Candidatos sin cumplir\",\"datePublished\":\"2017-05-25T03:18:44+00:00\",\"dateModified\":\"2017-05-25T03:24:33+00:00\",\"mainEntityOfPage\":{\"@id\":\"https:\\\/\\\/lospoliticosveracruz.com\\\/?p=33917\"},\"wordCount\":860,\"commentCount\":0,\"publisher\":{\"@id\":\"https:\\\/\\\/lospoliticosveracruz.com\\\/#organization\"},\"keywords\":[\"gastos de campa\u00f1a\",\"INE\"],\"articleSection\":[\"De Opini\u00f3n\"],\"inLanguage\":\"es\",\"potentialAction\":[{\"@type\":\"CommentAction\",\"name\":\"Comment\",\"target\":[\"https:\\\/\\\/lospoliticosveracruz.com\\\/?p=33917#respond\"]}]},{\"@type\":\"WebPage\",\"@id\":\"https:\\\/\\\/lospoliticosveracruz.com\\\/?p=33917\",\"url\":\"https:\\\/\\\/lospoliticosveracruz.com\\\/?p=33917\",\"name\":\"Candidatos sin cumplir - Los pol\u00edticos Veracruz\",\"isPartOf\":{\"@id\":\"https:\\\/\\\/lospoliticosveracruz.com\\\/#website\"},\"datePublished\":\"2017-05-25T03:18:44+00:00\",\"dateModified\":\"2017-05-25T03:24:33+00:00\",\"breadcrumb\":{\"@id\":\"https:\\\/\\\/lospoliticosveracruz.com\\\/?p=33917#breadcrumb\"},\"inLanguage\":\"es\",\"potentialAction\":[{\"@type\":\"ReadAction\",\"target\":[\"https:\\\/\\\/lospoliticosveracruz.com\\\/?p=33917\"]}]},{\"@type\":\"BreadcrumbList\",\"@id\":\"https:\\\/\\\/lospoliticosveracruz.com\\\/?p=33917#breadcrumb\",\"itemListElement\":[{\"@type\":\"ListItem\",\"position\":1,\"name\":\"Portada\",\"item\":\"https:\\\/\\\/lospoliticosveracruz.com\\\/\"},{\"@type\":\"ListItem\",\"position\":2,\"name\":\"Candidatos sin cumplir\"}]},{\"@type\":\"WebSite\",\"@id\":\"https:\\\/\\\/lospoliticosveracruz.com\\\/#website\",\"url\":\"https:\\\/\\\/lospoliticosveracruz.com\\\/\",\"name\":\"Los pol\u00edticos Veracruz\",\"description\":\"\",\"publisher\":{\"@id\":\"https:\\\/\\\/lospoliticosveracruz.com\\\/#organization\"},\"potentialAction\":[{\"@type\":\"SearchAction\",\"target\":{\"@type\":\"EntryPoint\",\"urlTemplate\":\"https:\\\/\\\/lospoliticosveracruz.com\\\/?s={search_term_string}\"},\"query-input\":{\"@type\":\"PropertyValueSpecification\",\"valueRequired\":true,\"valueName\":\"search_term_string\"}}],\"inLanguage\":\"es\"},{\"@type\":\"Organization\",\"@id\":\"https:\\\/\\\/lospoliticosveracruz.com\\\/#organization\",\"name\":\"Los pol\u00edticos Veracruz\",\"url\":\"https:\\\/\\\/lospoliticosveracruz.com\\\/\",\"logo\":{\"@type\":\"ImageObject\",\"inLanguage\":\"es\",\"@id\":\"https:\\\/\\\/lospoliticosveracruz.com\\\/#\\\/schema\\\/logo\\\/image\\\/\",\"url\":\"https:\\\/\\\/lospoliticosveracruz.com\\\/wp-content\\\/uploads\\\/2025\\\/12\\\/Logo-Nuevo-LOS-POLITICOS-1.jpg\",\"contentUrl\":\"https:\\\/\\\/lospoliticosveracruz.com\\\/wp-content\\\/uploads\\\/2025\\\/12\\\/Logo-Nuevo-LOS-POLITICOS-1.jpg\",\"width\":260,\"height\":70,\"caption\":\"Los pol\u00edticos Veracruz\"},\"image\":{\"@id\":\"https:\\\/\\\/lospoliticosveracruz.com\\\/#\\\/schema\\\/logo\\\/image\\\/\"},\"sameAs\":[\"https:\\\/\\\/www.facebook.com\\\/people\\\/Notimemes-de-los-Polticos\\\/61565672886568\\\/\",\"https:\\\/\\\/x.com\\\/LosPoliticosVer\"]},{\"@type\":\"Person\",\"@id\":\"https:\\\/\\\/lospoliticosveracruz.com\\\/#\\\/schema\\\/person\\\/b8702bb0e538456e6efd07080bf2a4a2\",\"name\":\"Lo viste en Los Pol\u00edticos\",\"image\":{\"@type\":\"ImageObject\",\"inLanguage\":\"es\",\"@id\":\"https:\\\/\\\/secure.gravatar.com\\\/avatar\\\/3a8de04a2656d44082be478bd6c086daa447c4651605818287b9532d3d0bd435?s=96&d=mm&r=g\",\"url\":\"https:\\\/\\\/secure.gravatar.com\\\/avatar\\\/3a8de04a2656d44082be478bd6c086daa447c4651605818287b9532d3d0bd435?s=96&d=mm&r=g\",\"contentUrl\":\"https:\\\/\\\/secure.gravatar.com\\\/avatar\\\/3a8de04a2656d44082be478bd6c086daa447c4651605818287b9532d3d0bd435?s=96&d=mm&r=g\",\"caption\":\"Lo viste en Los Pol\u00edticos\"},\"url\":\"https:\\\/\\\/lospoliticosveracruz.com\\\/?author=2\"}]}<\/script>\n<!-- \/ Yoast SEO plugin. -->","yoast_head_json":{"title":"Candidatos sin cumplir - Los pol\u00edticos Veracruz","robots":{"index":"index","follow":"follow","max-snippet":"max-snippet:-1","max-image-preview":"max-image-preview:large","max-video-preview":"max-video-preview:-1"},"canonical":"https:\/\/lospoliticosveracruz.com\/?p=33917","og_locale":"es_ES","og_type":"article","og_title":"Candidatos sin cumplir - Los pol\u00edticos Veracruz","og_description":"Brenda Caballero N\u00fameros Rojos Faltan 6 d\u00edas para que terminen las campa\u00f1as de candidatos a las 212 alcald\u00edas en Veracruz; es decir, estamos en la recta final. Pero \u00bfsabe cu\u00e1nto han gastado los candidatos en esas playeras, gorras, lonas, folletos, espectaculares y todos esos obsequios que nos regalan con tal de convencernos de que votemos [&hellip;]","og_url":"https:\/\/lospoliticosveracruz.com\/?p=33917","og_site_name":"Los pol\u00edticos Veracruz","article_publisher":"https:\/\/www.facebook.com\/people\/Notimemes-de-los-Polticos\/61565672886568\/","article_published_time":"2017-05-25T03:18:44+00:00","article_modified_time":"2017-05-25T03:24:33+00:00","og_image":[{"width":200,"height":200,"url":"https:\/\/lospoliticosveracruz.com\/wp-content\/uploads\/2016\/07\/Logo-Dor.jpg","type":"image\/jpeg"}],"author":"Lo viste en Los Pol\u00edticos","twitter_card":"summary_large_image","twitter_creator":"@LosPoliticosVer","twitter_site":"@LosPoliticosVer","twitter_misc":{"Escrito por":"Lo viste en Los Pol\u00edticos","Tiempo de lectura":"4 minutos"},"schema":{"@context":"https:\/\/schema.org","@graph":[{"@type":"Article","@id":"https:\/\/lospoliticosveracruz.com\/?p=33917#article","isPartOf":{"@id":"https:\/\/lospoliticosveracruz.com\/?p=33917"},"author":{"name":"Lo viste en Los Pol\u00edticos","@id":"https:\/\/lospoliticosveracruz.com\/#\/schema\/person\/b8702bb0e538456e6efd07080bf2a4a2"},"headline":"Candidatos sin cumplir","datePublished":"2017-05-25T03:18:44+00:00","dateModified":"2017-05-25T03:24:33+00:00","mainEntityOfPage":{"@id":"https:\/\/lospoliticosveracruz.com\/?p=33917"},"wordCount":860,"commentCount":0,"publisher":{"@id":"https:\/\/lospoliticosveracruz.com\/#organization"},"keywords":["gastos de campa\u00f1a","INE"],"articleSection":["De Opini\u00f3n"],"inLanguage":"es","potentialAction":[{"@type":"CommentAction","name":"Comment","target":["https:\/\/lospoliticosveracruz.com\/?p=33917#respond"]}]},{"@type":"WebPage","@id":"https:\/\/lospoliticosveracruz.com\/?p=33917","url":"https:\/\/lospoliticosveracruz.com\/?p=33917","name":"Candidatos sin cumplir - Los pol\u00edticos Veracruz","isPartOf":{"@id":"https:\/\/lospoliticosveracruz.com\/#website"},"datePublished":"2017-05-25T03:18:44+00:00","dateModified":"2017-05-25T03:24:33+00:00","breadcrumb":{"@id":"https:\/\/lospoliticosveracruz.com\/?p=33917#breadcrumb"},"inLanguage":"es","potentialAction":[{"@type":"ReadAction","target":["https:\/\/lospoliticosveracruz.com\/?p=33917"]}]},{"@type":"BreadcrumbList","@id":"https:\/\/lospoliticosveracruz.com\/?p=33917#breadcrumb","itemListElement":[{"@type":"ListItem","position":1,"name":"Portada","item":"https:\/\/lospoliticosveracruz.com\/"},{"@type":"ListItem","position":2,"name":"Candidatos sin cumplir"}]},{"@type":"WebSite","@id":"https:\/\/lospoliticosveracruz.com\/#website","url":"https:\/\/lospoliticosveracruz.com\/","name":"Los pol\u00edticos Veracruz","description":"","publisher":{"@id":"https:\/\/lospoliticosveracruz.com\/#organization"},"potentialAction":[{"@type":"SearchAction","target":{"@type":"EntryPoint","urlTemplate":"https:\/\/lospoliticosveracruz.com\/?s={search_term_string}"},"query-input":{"@type":"PropertyValueSpecification","valueRequired":true,"valueName":"search_term_string"}}],"inLanguage":"es"},{"@type":"Organization","@id":"https:\/\/lospoliticosveracruz.com\/#organization","name":"Los pol\u00edticos Veracruz","url":"https:\/\/lospoliticosveracruz.com\/","logo":{"@type":"ImageObject","inLanguage":"es","@id":"https:\/\/lospoliticosveracruz.com\/#\/schema\/logo\/image\/","url":"https:\/\/lospoliticosveracruz.com\/wp-content\/uploads\/2025\/12\/Logo-Nuevo-LOS-POLITICOS-1.jpg","contentUrl":"https:\/\/lospoliticosveracruz.com\/wp-content\/uploads\/2025\/12\/Logo-Nuevo-LOS-POLITICOS-1.jpg","width":260,"height":70,"caption":"Los pol\u00edticos Veracruz"},"image":{"@id":"https:\/\/lospoliticosveracruz.com\/#\/schema\/logo\/image\/"},"sameAs":["https:\/\/www.facebook.com\/people\/Notimemes-de-los-Polticos\/61565672886568\/","https:\/\/x.com\/LosPoliticosVer"]},{"@type":"Person","@id":"https:\/\/lospoliticosveracruz.com\/#\/schema\/person\/b8702bb0e538456e6efd07080bf2a4a2","name":"Lo viste en Los Pol\u00edticos","image":{"@type":"ImageObject","inLanguage":"es","@id":"https:\/\/secure.gravatar.com\/avatar\/3a8de04a2656d44082be478bd6c086daa447c4651605818287b9532d3d0bd435?s=96&d=mm&r=g","url":"https:\/\/secure.gravatar.com\/avatar\/3a8de04a2656d44082be478bd6c086daa447c4651605818287b9532d3d0bd435?s=96&d=mm&r=g","contentUrl":"https:\/\/secure.gravatar.com\/avatar\/3a8de04a2656d44082be478bd6c086daa447c4651605818287b9532d3d0bd435?s=96&d=mm&r=g","caption":"Lo viste en Los Pol\u00edticos"},"url":"https:\/\/lospoliticosveracruz.com\/?author=2"}]}},"_links":{"self":[{"href":"https:\/\/lospoliticosveracruz.com\/index.php?rest_route=\/wp\/v2\/posts\/33917","targetHints":{"allow":["GET"]}}],"collection":[{"href":"https:\/\/lospoliticosveracruz.com\/index.php?rest_route=\/wp\/v2\/posts"}],"about":[{"href":"https:\/\/lospoliticosveracruz.com\/index.php?rest_route=\/wp\/v2\/types\/post"}],"author":[{"embeddable":true,"href":"https:\/\/lospoliticosveracruz.com\/index.php?rest_route=\/wp\/v2\/users\/2"}],"replies":[{"embeddable":true,"href":"https:\/\/lospoliticosveracruz.com\/index.php?rest_route=%2Fwp%2Fv2%2Fcomments&post=33917"}],"version-history":[{"count":3,"href":"https:\/\/lospoliticosveracruz.com\/index.php?rest_route=\/wp\/v2\/posts\/33917\/revisions"}],"predecessor-version":[{"id":33927,"href":"https:\/\/lospoliticosveracruz.com\/index.php?rest_route=\/wp\/v2\/posts\/33917\/revisions\/33927"}],"wp:attachment":[{"href":"https:\/\/lospoliticosveracruz.com\/index.php?rest_route=%2Fwp%2Fv2%2Fmedia&parent=33917"}],"wp:term":[{"taxonomy":"category","embeddable":true,"href":"https:\/\/lospoliticosveracruz.com\/index.php?rest_route=%2Fwp%2Fv2%2Fcategories&post=33917"},{"taxonomy":"post_tag","embeddable":true,"href":"https:\/\/lospoliticosveracruz.com\/index.php?rest_route=%2Fwp%2Fv2%2Ftags&post=33917"}],"curies":[{"name":"wp","href":"https:\/\/api.w.org\/{rel}","templated":true}]}}