{"id":33919,"date":"2017-05-28T22:19:35","date_gmt":"2017-05-29T03:19:35","guid":{"rendered":"http:\/\/www.lospoliticosveracruz.com.mx\/?p=33919"},"modified":"2017-05-28T22:19:35","modified_gmt":"2017-05-29T03:19:35","slug":"wifi-promesa-de-campana","status":"publish","type":"post","link":"https:\/\/lospoliticosveracruz.com\/?p=33919","title":{"rendered":"Wifi, promesa de campa\u00f1a"},"content":{"rendered":"<p><strong>Salvador Mu\u00f1oz<\/strong><\/p>\n<p><em>Los Pol\u00edticos<\/em><br \/>\nDos son los candidatos a los que he escuchado una promesa sumamente interesante: wifi en toda la ciudad. En este caso, me refiero a Hip\u00f3lito Rodr\u00edguez Herrero (de Morena por Xalapa) as\u00ed como a Humberto Alonso Morelli (de PAN-PRD por Boca del R\u00edo).<br \/>\nContaba Hip\u00f3lito que la idea de la \u201cinternet gratis\u201d era para informarse como ser parte de la seguridad del entorno vecinal bajo el entendido de que si hay un robo, un atraco, un siniestro, las redes sociales actuar\u00edan de inmediato.<br \/>\nLa nota de Humberto Alonso es muy vaga, por lo que debo suponer omisi\u00f3n de datos por parte del entrevistado para entender la posici\u00f3n de wifi por toda la ciudad, aunque si antepongo su inter\u00e9s de meter videoc\u00e1maras en Boca del R\u00edo, quisiera creer que entonces va aparejado con la seguridad de los ciudadanos como con la idea de Hip\u00f3lito Rodr\u00edguez.<br \/>\nLa respuesta ciudadana a estas dos propuestas, la de Hip\u00f3lito como la de Humberto, creo que son bien acogidas y es seguro que despierte el inter\u00e9s de todos los usuarios de internet que dicho sea de paso, ya no s\u00f3lo se concentra en j\u00f3venes, sino creo que abarca a todos&#8230; que conste, hablo de Xalapa y Boca del R\u00edo, porque hay ciudades donde nom\u00e1s no se conoce este servicio, dijera aquel programa: Aunque usted \u00a1no lo crea!<br \/>\nLas intenciones, hemos de suponer, son buenas por parte de los candidatos, pero ser\u00eda interesante conocer para qu\u00e9 ocupa la internet cada persona&#8230;<br \/>\nPor ejemplo, es indudable que muchos abuelos y madres hoy en d\u00eda son usuarios de facebook, porque si no, para qu\u00e9 demonios estar\u00eda uno felicit\u00e1ndolos en su cumplea\u00f1os si tan s\u00f3lo ven a la computadora, tablet o laptop como el instrumento de donde sus hijos y nietos no despegan la cara.<br \/>\nPero ya en serio, \u00bfpara qu\u00e9 creen que ocupa en su mayor\u00eda la internet? Algunos para comunicarse v\u00eda telegram o whatsapp; otros, para informarse en su portal favorito o con su chismoso de preferencia; hay quienes buscan al amor de su vida (y lo encuentran, aunque del otro lado de la pantalla no lo sepa); hay quienes suben fotomontajes chafas como los m\u00edos o los de Roc\u00edo Nahle; bueno, hoy en d\u00eda, hasta las diversas dependencias de Gobierno (en sus tres estratos) informan de su acontecer diario por esta v\u00eda, pero es seguro, mil veces seguro, que nadie se levanta en la ma\u00f1ana y dice: \u201cvoy a ver qu\u00e9 hizo mi candidato&#8230; mi alcalde&#8230; mi gobernador&#8230; mi presidente\u201d&#8230;<br \/>\nSe dieron cuenta que no cit\u00e9 \u201cDiputado\u201d&#8230; es que aunque hay muchos que utilizan las redes para dar a conocer sus actividades, se mantiene la percepci\u00f3n de que \u201cno hacen nada\u201d&#8230;<br \/>\nEn una de \u00e9sas, interesante ser\u00eda preguntar qu\u00e9 tanto conoce el ciudadano el papel de sus regidores porque c\u00f3mo se genera la rebatinga por un cargo edilicio en el que rara vez se ve trabajo, aunque haya uno que otro regidor que utiliza las redes sociales para decir que hace o al menos \u201ccomo que hace\u201d.<br \/>\nAl final, si bien es de suyo interesante el wifi o internet gratis en la promesa de campa\u00f1a de ambos candidatos, habr\u00eda que hacer un an\u00e1lisis de qu\u00e9 tan redituable y c\u00f3mo medir la campa\u00f1a de cada candidato en sus propias redes bajo el riesgo de que se encuentren que quienes retuitean o comparten no deja de ser el c\u00edrculo de amigos mientras que sus memes o ataques cibern\u00e9ticos se propagan con m\u00e1s velocidad que saber que Hip\u00f3lito y Humberto prometen internet gratis para todos.<\/p>\n<p>&nbsp;<br \/>\nsmcainito@gmail.com<\/p>\n","protected":false},"excerpt":{"rendered":"<p>Salvador Mu\u00f1oz Los Pol\u00edticos Dos son los candidatos a los que he escuchado una promesa sumamente interesante: wifi en toda la ciudad. En este caso, me refiero a Hip\u00f3lito Rodr\u00edguez Herrero (de Morena por Xalapa) as\u00ed como a Humberto Alonso Morelli (de PAN-PRD por Boca del R\u00edo). Contaba Hip\u00f3lito que la idea de la \u201cinternet [&hellip;]<\/p>\n","protected":false},"author":2,"featured_media":0,"comment_status":"open","ping_status":"open","sticky":false,"template":"","format":"standard","meta":{"tdm_status":"","tdm_grid_status":"","footnotes":""},"categories":[70],"tags":[7620,8428,1026,3479],"class_list":{"0":"post-33919","1":"post","2":"type-post","3":"status-publish","4":"format-standard","6":"category-de-opinion","7":"tag-hipolito-rodriguez-herrero","8":"tag-humberto-alonso-morelli","9":"tag-morena","10":"tag-pan-prd"},"yoast_head":"<!-- This site is optimized with the Yoast SEO plugin v27.4 - https:\/\/yoast.com\/product\/yoast-seo-wordpress\/ -->\n<title>Wifi, promesa de campa\u00f1a - Los pol\u00edticos Veracruz<\/title>\n<meta name=\"robots\" content=\"index, follow, max-snippet:-1, max-image-preview:large, max-video-preview:-1\" \/>\n<link rel=\"canonical\" href=\"https:\/\/lospoliticosveracruz.com\/?p=33919\" \/>\n<meta property=\"og:locale\" content=\"es_ES\" \/>\n<meta property=\"og:type\" content=\"article\" \/>\n<meta property=\"og:title\" content=\"Wifi, promesa de campa\u00f1a - Los pol\u00edticos Veracruz\" \/>\n<meta property=\"og:description\" content=\"Salvador Mu\u00f1oz Los Pol\u00edticos Dos son los candidatos a los que he escuchado una promesa sumamente interesante: wifi en toda la ciudad. En este caso, me refiero a Hip\u00f3lito Rodr\u00edguez Herrero (de Morena por Xalapa) as\u00ed como a Humberto Alonso Morelli (de PAN-PRD por Boca del R\u00edo). Contaba Hip\u00f3lito que la idea de la \u201cinternet [&hellip;]\" \/>\n<meta property=\"og:url\" content=\"https:\/\/lospoliticosveracruz.com\/?p=33919\" \/>\n<meta property=\"og:site_name\" content=\"Los pol\u00edticos Veracruz\" \/>\n<meta property=\"article:publisher\" content=\"https:\/\/www.facebook.com\/people\/Notimemes-de-los-Polticos\/61565672886568\/\" \/>\n<meta property=\"article:published_time\" content=\"2017-05-29T03:19:35+00:00\" \/>\n<meta property=\"og:image\" content=\"https:\/\/lospoliticosveracruz.com\/wp-content\/uploads\/2016\/07\/Logo-Dor.jpg\" \/>\n\t<meta property=\"og:image:width\" content=\"200\" \/>\n\t<meta property=\"og:image:height\" content=\"200\" \/>\n\t<meta property=\"og:image:type\" content=\"image\/jpeg\" \/>\n<meta name=\"author\" content=\"Lo viste en Los Pol\u00edticos\" \/>\n<meta name=\"twitter:card\" content=\"summary_large_image\" \/>\n<meta name=\"twitter:creator\" content=\"@LosPoliticosVer\" \/>\n<meta name=\"twitter:site\" content=\"@LosPoliticosVer\" \/>\n<meta name=\"twitter:label1\" content=\"Escrito por\" \/>\n\t<meta name=\"twitter:data1\" content=\"Lo viste en Los Pol\u00edticos\" \/>\n\t<meta name=\"twitter:label2\" content=\"Tiempo de lectura\" \/>\n\t<meta name=\"twitter:data2\" content=\"3 minutos\" \/>\n<script type=\"application\/ld+json\" class=\"yoast-schema-graph\">{\"@context\":\"https:\\\/\\\/schema.org\",\"@graph\":[{\"@type\":\"Article\",\"@id\":\"https:\\\/\\\/lospoliticosveracruz.com\\\/?p=33919#article\",\"isPartOf\":{\"@id\":\"https:\\\/\\\/lospoliticosveracruz.com\\\/?p=33919\"},\"author\":{\"name\":\"Lo viste en Los Pol\u00edticos\",\"@id\":\"https:\\\/\\\/lospoliticosveracruz.com\\\/#\\\/schema\\\/person\\\/b8702bb0e538456e6efd07080bf2a4a2\"},\"headline\":\"Wifi, promesa de campa\u00f1a\",\"datePublished\":\"2017-05-29T03:19:35+00:00\",\"mainEntityOfPage\":{\"@id\":\"https:\\\/\\\/lospoliticosveracruz.com\\\/?p=33919\"},\"wordCount\":643,\"commentCount\":0,\"publisher\":{\"@id\":\"https:\\\/\\\/lospoliticosveracruz.com\\\/#organization\"},\"keywords\":[\"Hip\u00f3lito Rodr\u00edguez Herrero\",\"HUmberto Alonso Morelli\",\"Morena\",\"PAN-PRD\"],\"articleSection\":[\"De Opini\u00f3n\"],\"inLanguage\":\"es\",\"potentialAction\":[{\"@type\":\"CommentAction\",\"name\":\"Comment\",\"target\":[\"https:\\\/\\\/lospoliticosveracruz.com\\\/?p=33919#respond\"]}]},{\"@type\":\"WebPage\",\"@id\":\"https:\\\/\\\/lospoliticosveracruz.com\\\/?p=33919\",\"url\":\"https:\\\/\\\/lospoliticosveracruz.com\\\/?p=33919\",\"name\":\"Wifi, promesa de campa\u00f1a - Los pol\u00edticos Veracruz\",\"isPartOf\":{\"@id\":\"https:\\\/\\\/lospoliticosveracruz.com\\\/#website\"},\"datePublished\":\"2017-05-29T03:19:35+00:00\",\"breadcrumb\":{\"@id\":\"https:\\\/\\\/lospoliticosveracruz.com\\\/?p=33919#breadcrumb\"},\"inLanguage\":\"es\",\"potentialAction\":[{\"@type\":\"ReadAction\",\"target\":[\"https:\\\/\\\/lospoliticosveracruz.com\\\/?p=33919\"]}]},{\"@type\":\"BreadcrumbList\",\"@id\":\"https:\\\/\\\/lospoliticosveracruz.com\\\/?p=33919#breadcrumb\",\"itemListElement\":[{\"@type\":\"ListItem\",\"position\":1,\"name\":\"Portada\",\"item\":\"https:\\\/\\\/lospoliticosveracruz.com\\\/\"},{\"@type\":\"ListItem\",\"position\":2,\"name\":\"Wifi, promesa de campa\u00f1a\"}]},{\"@type\":\"WebSite\",\"@id\":\"https:\\\/\\\/lospoliticosveracruz.com\\\/#website\",\"url\":\"https:\\\/\\\/lospoliticosveracruz.com\\\/\",\"name\":\"Los pol\u00edticos Veracruz\",\"description\":\"\",\"publisher\":{\"@id\":\"https:\\\/\\\/lospoliticosveracruz.com\\\/#organization\"},\"potentialAction\":[{\"@type\":\"SearchAction\",\"target\":{\"@type\":\"EntryPoint\",\"urlTemplate\":\"https:\\\/\\\/lospoliticosveracruz.com\\\/?s={search_term_string}\"},\"query-input\":{\"@type\":\"PropertyValueSpecification\",\"valueRequired\":true,\"valueName\":\"search_term_string\"}}],\"inLanguage\":\"es\"},{\"@type\":\"Organization\",\"@id\":\"https:\\\/\\\/lospoliticosveracruz.com\\\/#organization\",\"name\":\"Los pol\u00edticos Veracruz\",\"url\":\"https:\\\/\\\/lospoliticosveracruz.com\\\/\",\"logo\":{\"@type\":\"ImageObject\",\"inLanguage\":\"es\",\"@id\":\"https:\\\/\\\/lospoliticosveracruz.com\\\/#\\\/schema\\\/logo\\\/image\\\/\",\"url\":\"https:\\\/\\\/lospoliticosveracruz.com\\\/wp-content\\\/uploads\\\/2025\\\/12\\\/Logo-Nuevo-LOS-POLITICOS-1.jpg\",\"contentUrl\":\"https:\\\/\\\/lospoliticosveracruz.com\\\/wp-content\\\/uploads\\\/2025\\\/12\\\/Logo-Nuevo-LOS-POLITICOS-1.jpg\",\"width\":260,\"height\":70,\"caption\":\"Los pol\u00edticos Veracruz\"},\"image\":{\"@id\":\"https:\\\/\\\/lospoliticosveracruz.com\\\/#\\\/schema\\\/logo\\\/image\\\/\"},\"sameAs\":[\"https:\\\/\\\/www.facebook.com\\\/people\\\/Notimemes-de-los-Polticos\\\/61565672886568\\\/\",\"https:\\\/\\\/x.com\\\/LosPoliticosVer\"]},{\"@type\":\"Person\",\"@id\":\"https:\\\/\\\/lospoliticosveracruz.com\\\/#\\\/schema\\\/person\\\/b8702bb0e538456e6efd07080bf2a4a2\",\"name\":\"Lo viste en Los Pol\u00edticos\",\"image\":{\"@type\":\"ImageObject\",\"inLanguage\":\"es\",\"@id\":\"https:\\\/\\\/secure.gravatar.com\\\/avatar\\\/3a8de04a2656d44082be478bd6c086daa447c4651605818287b9532d3d0bd435?s=96&d=mm&r=g\",\"url\":\"https:\\\/\\\/secure.gravatar.com\\\/avatar\\\/3a8de04a2656d44082be478bd6c086daa447c4651605818287b9532d3d0bd435?s=96&d=mm&r=g\",\"contentUrl\":\"https:\\\/\\\/secure.gravatar.com\\\/avatar\\\/3a8de04a2656d44082be478bd6c086daa447c4651605818287b9532d3d0bd435?s=96&d=mm&r=g\",\"caption\":\"Lo viste en Los Pol\u00edticos\"},\"url\":\"https:\\\/\\\/lospoliticosveracruz.com\\\/?author=2\"}]}<\/script>\n<!-- \/ Yoast SEO plugin. -->","yoast_head_json":{"title":"Wifi, promesa de campa\u00f1a - Los pol\u00edticos Veracruz","robots":{"index":"index","follow":"follow","max-snippet":"max-snippet:-1","max-image-preview":"max-image-preview:large","max-video-preview":"max-video-preview:-1"},"canonical":"https:\/\/lospoliticosveracruz.com\/?p=33919","og_locale":"es_ES","og_type":"article","og_title":"Wifi, promesa de campa\u00f1a - Los pol\u00edticos Veracruz","og_description":"Salvador Mu\u00f1oz Los Pol\u00edticos Dos son los candidatos a los que he escuchado una promesa sumamente interesante: wifi en toda la ciudad. En este caso, me refiero a Hip\u00f3lito Rodr\u00edguez Herrero (de Morena por Xalapa) as\u00ed como a Humberto Alonso Morelli (de PAN-PRD por Boca del R\u00edo). Contaba Hip\u00f3lito que la idea de la \u201cinternet [&hellip;]","og_url":"https:\/\/lospoliticosveracruz.com\/?p=33919","og_site_name":"Los pol\u00edticos Veracruz","article_publisher":"https:\/\/www.facebook.com\/people\/Notimemes-de-los-Polticos\/61565672886568\/","article_published_time":"2017-05-29T03:19:35+00:00","og_image":[{"width":200,"height":200,"url":"https:\/\/lospoliticosveracruz.com\/wp-content\/uploads\/2016\/07\/Logo-Dor.jpg","type":"image\/jpeg"}],"author":"Lo viste en Los Pol\u00edticos","twitter_card":"summary_large_image","twitter_creator":"@LosPoliticosVer","twitter_site":"@LosPoliticosVer","twitter_misc":{"Escrito por":"Lo viste en Los Pol\u00edticos","Tiempo de lectura":"3 minutos"},"schema":{"@context":"https:\/\/schema.org","@graph":[{"@type":"Article","@id":"https:\/\/lospoliticosveracruz.com\/?p=33919#article","isPartOf":{"@id":"https:\/\/lospoliticosveracruz.com\/?p=33919"},"author":{"name":"Lo viste en Los Pol\u00edticos","@id":"https:\/\/lospoliticosveracruz.com\/#\/schema\/person\/b8702bb0e538456e6efd07080bf2a4a2"},"headline":"Wifi, promesa de campa\u00f1a","datePublished":"2017-05-29T03:19:35+00:00","mainEntityOfPage":{"@id":"https:\/\/lospoliticosveracruz.com\/?p=33919"},"wordCount":643,"commentCount":0,"publisher":{"@id":"https:\/\/lospoliticosveracruz.com\/#organization"},"keywords":["Hip\u00f3lito Rodr\u00edguez Herrero","HUmberto Alonso Morelli","Morena","PAN-PRD"],"articleSection":["De Opini\u00f3n"],"inLanguage":"es","potentialAction":[{"@type":"CommentAction","name":"Comment","target":["https:\/\/lospoliticosveracruz.com\/?p=33919#respond"]}]},{"@type":"WebPage","@id":"https:\/\/lospoliticosveracruz.com\/?p=33919","url":"https:\/\/lospoliticosveracruz.com\/?p=33919","name":"Wifi, promesa de campa\u00f1a - Los pol\u00edticos Veracruz","isPartOf":{"@id":"https:\/\/lospoliticosveracruz.com\/#website"},"datePublished":"2017-05-29T03:19:35+00:00","breadcrumb":{"@id":"https:\/\/lospoliticosveracruz.com\/?p=33919#breadcrumb"},"inLanguage":"es","potentialAction":[{"@type":"ReadAction","target":["https:\/\/lospoliticosveracruz.com\/?p=33919"]}]},{"@type":"BreadcrumbList","@id":"https:\/\/lospoliticosveracruz.com\/?p=33919#breadcrumb","itemListElement":[{"@type":"ListItem","position":1,"name":"Portada","item":"https:\/\/lospoliticosveracruz.com\/"},{"@type":"ListItem","position":2,"name":"Wifi, promesa de campa\u00f1a"}]},{"@type":"WebSite","@id":"https:\/\/lospoliticosveracruz.com\/#website","url":"https:\/\/lospoliticosveracruz.com\/","name":"Los pol\u00edticos Veracruz","description":"","publisher":{"@id":"https:\/\/lospoliticosveracruz.com\/#organization"},"potentialAction":[{"@type":"SearchAction","target":{"@type":"EntryPoint","urlTemplate":"https:\/\/lospoliticosveracruz.com\/?s={search_term_string}"},"query-input":{"@type":"PropertyValueSpecification","valueRequired":true,"valueName":"search_term_string"}}],"inLanguage":"es"},{"@type":"Organization","@id":"https:\/\/lospoliticosveracruz.com\/#organization","name":"Los pol\u00edticos Veracruz","url":"https:\/\/lospoliticosveracruz.com\/","logo":{"@type":"ImageObject","inLanguage":"es","@id":"https:\/\/lospoliticosveracruz.com\/#\/schema\/logo\/image\/","url":"https:\/\/lospoliticosveracruz.com\/wp-content\/uploads\/2025\/12\/Logo-Nuevo-LOS-POLITICOS-1.jpg","contentUrl":"https:\/\/lospoliticosveracruz.com\/wp-content\/uploads\/2025\/12\/Logo-Nuevo-LOS-POLITICOS-1.jpg","width":260,"height":70,"caption":"Los pol\u00edticos Veracruz"},"image":{"@id":"https:\/\/lospoliticosveracruz.com\/#\/schema\/logo\/image\/"},"sameAs":["https:\/\/www.facebook.com\/people\/Notimemes-de-los-Polticos\/61565672886568\/","https:\/\/x.com\/LosPoliticosVer"]},{"@type":"Person","@id":"https:\/\/lospoliticosveracruz.com\/#\/schema\/person\/b8702bb0e538456e6efd07080bf2a4a2","name":"Lo viste en Los Pol\u00edticos","image":{"@type":"ImageObject","inLanguage":"es","@id":"https:\/\/secure.gravatar.com\/avatar\/3a8de04a2656d44082be478bd6c086daa447c4651605818287b9532d3d0bd435?s=96&d=mm&r=g","url":"https:\/\/secure.gravatar.com\/avatar\/3a8de04a2656d44082be478bd6c086daa447c4651605818287b9532d3d0bd435?s=96&d=mm&r=g","contentUrl":"https:\/\/secure.gravatar.com\/avatar\/3a8de04a2656d44082be478bd6c086daa447c4651605818287b9532d3d0bd435?s=96&d=mm&r=g","caption":"Lo viste en Los Pol\u00edticos"},"url":"https:\/\/lospoliticosveracruz.com\/?author=2"}]}},"_links":{"self":[{"href":"https:\/\/lospoliticosveracruz.com\/index.php?rest_route=\/wp\/v2\/posts\/33919","targetHints":{"allow":["GET"]}}],"collection":[{"href":"https:\/\/lospoliticosveracruz.com\/index.php?rest_route=\/wp\/v2\/posts"}],"about":[{"href":"https:\/\/lospoliticosveracruz.com\/index.php?rest_route=\/wp\/v2\/types\/post"}],"author":[{"embeddable":true,"href":"https:\/\/lospoliticosveracruz.com\/index.php?rest_route=\/wp\/v2\/users\/2"}],"replies":[{"embeddable":true,"href":"https:\/\/lospoliticosveracruz.com\/index.php?rest_route=%2Fwp%2Fv2%2Fcomments&post=33919"}],"version-history":[{"count":3,"href":"https:\/\/lospoliticosveracruz.com\/index.php?rest_route=\/wp\/v2\/posts\/33919\/revisions"}],"predecessor-version":[{"id":34010,"href":"https:\/\/lospoliticosveracruz.com\/index.php?rest_route=\/wp\/v2\/posts\/33919\/revisions\/34010"}],"wp:attachment":[{"href":"https:\/\/lospoliticosveracruz.com\/index.php?rest_route=%2Fwp%2Fv2%2Fmedia&parent=33919"}],"wp:term":[{"taxonomy":"category","embeddable":true,"href":"https:\/\/lospoliticosveracruz.com\/index.php?rest_route=%2Fwp%2Fv2%2Fcategories&post=33919"},{"taxonomy":"post_tag","embeddable":true,"href":"https:\/\/lospoliticosveracruz.com\/index.php?rest_route=%2Fwp%2Fv2%2Ftags&post=33919"}],"curies":[{"name":"wp","href":"https:\/\/api.w.org\/{rel}","templated":true}]}}