{"id":33926,"date":"2017-05-24T22:25:55","date_gmt":"2017-05-25T03:25:55","guid":{"rendered":"http:\/\/www.lospoliticosveracruz.com.mx\/?p=33926"},"modified":"2017-05-24T22:25:55","modified_gmt":"2017-05-25T03:25:55","slug":"rezago-en-veracruz-en-materia-de-autismo","status":"publish","type":"post","link":"https:\/\/lospoliticosveracruz.com\/?p=33926","title":{"rendered":"Rezago en Veracruz en materia de autismo"},"content":{"rendered":"<p>Como resultado de las mesas de trabajo del Foro \u00abC\u00f3mo mejoramos la calidad de vida de las personas con autismo en Veracruz\u00bb, se estableci\u00f3 el Acuerdo para instalar una Comisi\u00f3n que dar\u00e1 seguimiento a las propuestas vertidas este mi\u00e9rcoles por especialistas terapeutas, maestros y padres de familia; con ello, se realizar\u00e1n las adecuaciones pertinentes a la legislaci\u00f3n veracruzana.<\/p>\n<p>Entre las propuestas que se obtuvieron durante las m\u00e1s de 8 horas de intercambio de experiencias para establecer mecanismos que apoyen a la poblaci\u00f3n autista para un desarrollo pleno, se estableci\u00f3 la urgencia de reformar la Ley General de Educaci\u00f3n para lograr la igualdad en materia ciudadana.<\/p>\n<p>De igual manera, se propuso sacar a Veracruz del rezago en el que se encuentra en este tema, pues en 14 Estados del pa\u00eds han hecho adecuaciones para la inclusi\u00f3n social.<\/p>\n<p>Entre los datos que aportaron es que uno de cada 68 ni\u00f1os en Veracruz tiene autismo y por lo tanto es importante modificar leyes para encaminar a la formaci\u00f3n del trabajo y que la ley incluya terapias motivacionales.<\/p>\n<p>La sugerencia es que la Comisi\u00f3n de Hacienda del Congreso del Estado designe una partida presupuestal para atender casos de autismo.<\/p>\n<p>Luego de escuchar las propuestas realizadas en el foro, la diputada Cinthya Lobato Calder\u00f3n hizo la entrega de reconocimientos a los panelistas que ampliaron el tema con relaci\u00f3n al autismo.<\/p>\n<p>Durante la ma\u00f1ana y tarde de este mi\u00e9rcoles, en el auditorio \u00abSebasti\u00e1n Lerdo de Tejada\u00bb del Congreso del Estado, se llevaron a cabo una serie de actividades mediante Mesas de Trabajo impulsadas por la diputada Cinthya Lobato Calder\u00f3n, integrante de la Comisi\u00f3n de Salud y Asistencia de la LXIV Legislatura. Bajo el tema \u00ab\u00bfC\u00f3mo mejoramos la calidad de vida de las personas con autismo en Veracruz?, se intercambiaron problem\u00e1ticas y posibles soluciones para ese sector de la poblaci\u00f3n que actualmente carece de mecanismos que proteja sus derechos humanos.<\/p>\n<p>Los temas que se abordaron en las mesas de trabajo donde participaron especialistas m\u00e9dicos, educativos y padres de familia fueron en la mesa 1, \u00abLas Familias\u00bb, se plantearon sus inquietudes, experiencias, demandas, adem\u00e1s de proponer iniciativas a la diputada xalape\u00f1a, Cinthya Lobato Calder\u00f3n, quien llevar\u00e1 sus voces a la m\u00e1xima tribuna veracruzana.<\/p>\n<p>En la mesa 2, se abord\u00f3 el Sistema Educativo con la intervenci\u00f3n de servidores p\u00fablicos, acad\u00e9micos, investigadores, estudiantes, padres de familia y terapeutas quienes comentaron sobre los programas educativos institucionales. Una de las propuestas fue la creaci\u00f3n de \u00e1reas anexas para menores con espectro autista, junto a los salones de alumnos regulares donde las clases sean impartidas por maestros capacitados.<\/p>\n<p>Esto, con la finalidad de acercar los servicios educativos a todos los ni\u00f1os y ni\u00f1as con autismo y se d\u00e9 la inclusi\u00f3n en los planteles educativos de la entidad. Las \u00e1reas anexas podr\u00edan ser establecidas por zonas y de acuerdo a las necesidades de los padres de familia, adem\u00e1s de que all\u00ed mismo se podr\u00eda brindar servicios de salud y de Desarrollo Social.<\/p>\n<p>Los Terapeutas, mediante la mesa 3, expusieron sus experiencias m\u00e9dicas, tratamientos y modelos de atenci\u00f3n como alternativas de cuidado, desarrollo y bienestar humano.<\/p>\n","protected":false},"excerpt":{"rendered":"<p>Como resultado de las mesas de trabajo del Foro \u00abC\u00f3mo mejoramos la calidad de vida de las personas con autismo en Veracruz\u00bb, se estableci\u00f3 el Acuerdo para instalar una Comisi\u00f3n que dar\u00e1 seguimiento a las propuestas vertidas este mi\u00e9rcoles por especialistas terapeutas, maestros y padres de familia; con ello, se realizar\u00e1n las adecuaciones pertinentes a [&hellip;]<\/p>\n","protected":false},"author":2,"featured_media":0,"comment_status":"open","ping_status":"open","sticky":false,"template":"","format":"standard","meta":{"tdm_status":"","tdm_grid_status":"","footnotes":""},"categories":[1],"tags":[5021,195],"class_list":{"0":"post-33926","1":"post","2":"type-post","3":"status-publish","4":"format-standard","6":"category-sin-categoria","7":"tag-cinthya-lobato-calderon","8":"tag-veracruz"},"yoast_head":"<!-- This site is optimized with the Yoast SEO plugin v27.4 - https:\/\/yoast.com\/product\/yoast-seo-wordpress\/ -->\n<title>Rezago en Veracruz en materia de autismo - Los pol\u00edticos Veracruz<\/title>\n<meta name=\"robots\" content=\"index, follow, max-snippet:-1, max-image-preview:large, max-video-preview:-1\" \/>\n<link rel=\"canonical\" href=\"https:\/\/lospoliticosveracruz.com\/?p=33926\" \/>\n<meta property=\"og:locale\" content=\"es_ES\" \/>\n<meta property=\"og:type\" content=\"article\" \/>\n<meta property=\"og:title\" content=\"Rezago en Veracruz en materia de autismo - Los pol\u00edticos Veracruz\" \/>\n<meta property=\"og:description\" content=\"Como resultado de las mesas de trabajo del Foro \u00abC\u00f3mo mejoramos la calidad de vida de las personas con autismo en Veracruz\u00bb, se estableci\u00f3 el Acuerdo para instalar una Comisi\u00f3n que dar\u00e1 seguimiento a las propuestas vertidas este mi\u00e9rcoles por especialistas terapeutas, maestros y padres de familia; con ello, se realizar\u00e1n las adecuaciones pertinentes a [&hellip;]\" \/>\n<meta property=\"og:url\" content=\"https:\/\/lospoliticosveracruz.com\/?p=33926\" \/>\n<meta property=\"og:site_name\" content=\"Los pol\u00edticos Veracruz\" \/>\n<meta property=\"article:publisher\" content=\"https:\/\/www.facebook.com\/people\/Notimemes-de-los-Polticos\/61565672886568\/\" \/>\n<meta property=\"article:published_time\" content=\"2017-05-25T03:25:55+00:00\" \/>\n<meta property=\"og:image\" content=\"https:\/\/lospoliticosveracruz.com\/wp-content\/uploads\/2016\/07\/Logo-Dor.jpg\" \/>\n\t<meta property=\"og:image:width\" content=\"200\" \/>\n\t<meta property=\"og:image:height\" content=\"200\" \/>\n\t<meta property=\"og:image:type\" content=\"image\/jpeg\" \/>\n<meta name=\"author\" content=\"Lo viste en Los Pol\u00edticos\" \/>\n<meta name=\"twitter:card\" content=\"summary_large_image\" \/>\n<meta name=\"twitter:creator\" content=\"@LosPoliticosVer\" \/>\n<meta name=\"twitter:site\" content=\"@LosPoliticosVer\" \/>\n<meta name=\"twitter:label1\" content=\"Escrito por\" \/>\n\t<meta name=\"twitter:data1\" content=\"Lo viste en Los Pol\u00edticos\" \/>\n\t<meta name=\"twitter:label2\" content=\"Tiempo de lectura\" \/>\n\t<meta name=\"twitter:data2\" content=\"3 minutos\" \/>\n<script type=\"application\/ld+json\" class=\"yoast-schema-graph\">{\"@context\":\"https:\\\/\\\/schema.org\",\"@graph\":[{\"@type\":\"Article\",\"@id\":\"https:\\\/\\\/lospoliticosveracruz.com\\\/?p=33926#article\",\"isPartOf\":{\"@id\":\"https:\\\/\\\/lospoliticosveracruz.com\\\/?p=33926\"},\"author\":{\"name\":\"Lo viste en Los Pol\u00edticos\",\"@id\":\"https:\\\/\\\/lospoliticosveracruz.com\\\/#\\\/schema\\\/person\\\/b8702bb0e538456e6efd07080bf2a4a2\"},\"headline\":\"Rezago en Veracruz en materia de autismo\",\"datePublished\":\"2017-05-25T03:25:55+00:00\",\"mainEntityOfPage\":{\"@id\":\"https:\\\/\\\/lospoliticosveracruz.com\\\/?p=33926\"},\"wordCount\":552,\"commentCount\":0,\"publisher\":{\"@id\":\"https:\\\/\\\/lospoliticosveracruz.com\\\/#organization\"},\"keywords\":[\"Cinthya Lobato Calder\u00f3n\",\"Veracruz\"],\"inLanguage\":\"es\",\"potentialAction\":[{\"@type\":\"CommentAction\",\"name\":\"Comment\",\"target\":[\"https:\\\/\\\/lospoliticosveracruz.com\\\/?p=33926#respond\"]}]},{\"@type\":\"WebPage\",\"@id\":\"https:\\\/\\\/lospoliticosveracruz.com\\\/?p=33926\",\"url\":\"https:\\\/\\\/lospoliticosveracruz.com\\\/?p=33926\",\"name\":\"Rezago en Veracruz en materia de autismo - Los pol\u00edticos Veracruz\",\"isPartOf\":{\"@id\":\"https:\\\/\\\/lospoliticosveracruz.com\\\/#website\"},\"datePublished\":\"2017-05-25T03:25:55+00:00\",\"breadcrumb\":{\"@id\":\"https:\\\/\\\/lospoliticosveracruz.com\\\/?p=33926#breadcrumb\"},\"inLanguage\":\"es\",\"potentialAction\":[{\"@type\":\"ReadAction\",\"target\":[\"https:\\\/\\\/lospoliticosveracruz.com\\\/?p=33926\"]}]},{\"@type\":\"BreadcrumbList\",\"@id\":\"https:\\\/\\\/lospoliticosveracruz.com\\\/?p=33926#breadcrumb\",\"itemListElement\":[{\"@type\":\"ListItem\",\"position\":1,\"name\":\"Portada\",\"item\":\"https:\\\/\\\/lospoliticosveracruz.com\\\/\"},{\"@type\":\"ListItem\",\"position\":2,\"name\":\"Rezago en Veracruz en materia de autismo\"}]},{\"@type\":\"WebSite\",\"@id\":\"https:\\\/\\\/lospoliticosveracruz.com\\\/#website\",\"url\":\"https:\\\/\\\/lospoliticosveracruz.com\\\/\",\"name\":\"Los pol\u00edticos Veracruz\",\"description\":\"\",\"publisher\":{\"@id\":\"https:\\\/\\\/lospoliticosveracruz.com\\\/#organization\"},\"potentialAction\":[{\"@type\":\"SearchAction\",\"target\":{\"@type\":\"EntryPoint\",\"urlTemplate\":\"https:\\\/\\\/lospoliticosveracruz.com\\\/?s={search_term_string}\"},\"query-input\":{\"@type\":\"PropertyValueSpecification\",\"valueRequired\":true,\"valueName\":\"search_term_string\"}}],\"inLanguage\":\"es\"},{\"@type\":\"Organization\",\"@id\":\"https:\\\/\\\/lospoliticosveracruz.com\\\/#organization\",\"name\":\"Los pol\u00edticos Veracruz\",\"url\":\"https:\\\/\\\/lospoliticosveracruz.com\\\/\",\"logo\":{\"@type\":\"ImageObject\",\"inLanguage\":\"es\",\"@id\":\"https:\\\/\\\/lospoliticosveracruz.com\\\/#\\\/schema\\\/logo\\\/image\\\/\",\"url\":\"https:\\\/\\\/lospoliticosveracruz.com\\\/wp-content\\\/uploads\\\/2025\\\/12\\\/Logo-Nuevo-LOS-POLITICOS-1.jpg\",\"contentUrl\":\"https:\\\/\\\/lospoliticosveracruz.com\\\/wp-content\\\/uploads\\\/2025\\\/12\\\/Logo-Nuevo-LOS-POLITICOS-1.jpg\",\"width\":260,\"height\":70,\"caption\":\"Los pol\u00edticos Veracruz\"},\"image\":{\"@id\":\"https:\\\/\\\/lospoliticosveracruz.com\\\/#\\\/schema\\\/logo\\\/image\\\/\"},\"sameAs\":[\"https:\\\/\\\/www.facebook.com\\\/people\\\/Notimemes-de-los-Polticos\\\/61565672886568\\\/\",\"https:\\\/\\\/x.com\\\/LosPoliticosVer\"]},{\"@type\":\"Person\",\"@id\":\"https:\\\/\\\/lospoliticosveracruz.com\\\/#\\\/schema\\\/person\\\/b8702bb0e538456e6efd07080bf2a4a2\",\"name\":\"Lo viste en Los Pol\u00edticos\",\"image\":{\"@type\":\"ImageObject\",\"inLanguage\":\"es\",\"@id\":\"https:\\\/\\\/secure.gravatar.com\\\/avatar\\\/3a8de04a2656d44082be478bd6c086daa447c4651605818287b9532d3d0bd435?s=96&d=mm&r=g\",\"url\":\"https:\\\/\\\/secure.gravatar.com\\\/avatar\\\/3a8de04a2656d44082be478bd6c086daa447c4651605818287b9532d3d0bd435?s=96&d=mm&r=g\",\"contentUrl\":\"https:\\\/\\\/secure.gravatar.com\\\/avatar\\\/3a8de04a2656d44082be478bd6c086daa447c4651605818287b9532d3d0bd435?s=96&d=mm&r=g\",\"caption\":\"Lo viste en Los Pol\u00edticos\"},\"url\":\"https:\\\/\\\/lospoliticosveracruz.com\\\/?author=2\"}]}<\/script>\n<!-- \/ Yoast SEO plugin. -->","yoast_head_json":{"title":"Rezago en Veracruz en materia de autismo - Los pol\u00edticos Veracruz","robots":{"index":"index","follow":"follow","max-snippet":"max-snippet:-1","max-image-preview":"max-image-preview:large","max-video-preview":"max-video-preview:-1"},"canonical":"https:\/\/lospoliticosveracruz.com\/?p=33926","og_locale":"es_ES","og_type":"article","og_title":"Rezago en Veracruz en materia de autismo - Los pol\u00edticos Veracruz","og_description":"Como resultado de las mesas de trabajo del Foro \u00abC\u00f3mo mejoramos la calidad de vida de las personas con autismo en Veracruz\u00bb, se estableci\u00f3 el Acuerdo para instalar una Comisi\u00f3n que dar\u00e1 seguimiento a las propuestas vertidas este mi\u00e9rcoles por especialistas terapeutas, maestros y padres de familia; con ello, se realizar\u00e1n las adecuaciones pertinentes a [&hellip;]","og_url":"https:\/\/lospoliticosveracruz.com\/?p=33926","og_site_name":"Los pol\u00edticos Veracruz","article_publisher":"https:\/\/www.facebook.com\/people\/Notimemes-de-los-Polticos\/61565672886568\/","article_published_time":"2017-05-25T03:25:55+00:00","og_image":[{"width":200,"height":200,"url":"https:\/\/lospoliticosveracruz.com\/wp-content\/uploads\/2016\/07\/Logo-Dor.jpg","type":"image\/jpeg"}],"author":"Lo viste en Los Pol\u00edticos","twitter_card":"summary_large_image","twitter_creator":"@LosPoliticosVer","twitter_site":"@LosPoliticosVer","twitter_misc":{"Escrito por":"Lo viste en Los Pol\u00edticos","Tiempo de lectura":"3 minutos"},"schema":{"@context":"https:\/\/schema.org","@graph":[{"@type":"Article","@id":"https:\/\/lospoliticosveracruz.com\/?p=33926#article","isPartOf":{"@id":"https:\/\/lospoliticosveracruz.com\/?p=33926"},"author":{"name":"Lo viste en Los Pol\u00edticos","@id":"https:\/\/lospoliticosveracruz.com\/#\/schema\/person\/b8702bb0e538456e6efd07080bf2a4a2"},"headline":"Rezago en Veracruz en materia de autismo","datePublished":"2017-05-25T03:25:55+00:00","mainEntityOfPage":{"@id":"https:\/\/lospoliticosveracruz.com\/?p=33926"},"wordCount":552,"commentCount":0,"publisher":{"@id":"https:\/\/lospoliticosveracruz.com\/#organization"},"keywords":["Cinthya Lobato Calder\u00f3n","Veracruz"],"inLanguage":"es","potentialAction":[{"@type":"CommentAction","name":"Comment","target":["https:\/\/lospoliticosveracruz.com\/?p=33926#respond"]}]},{"@type":"WebPage","@id":"https:\/\/lospoliticosveracruz.com\/?p=33926","url":"https:\/\/lospoliticosveracruz.com\/?p=33926","name":"Rezago en Veracruz en materia de autismo - Los pol\u00edticos Veracruz","isPartOf":{"@id":"https:\/\/lospoliticosveracruz.com\/#website"},"datePublished":"2017-05-25T03:25:55+00:00","breadcrumb":{"@id":"https:\/\/lospoliticosveracruz.com\/?p=33926#breadcrumb"},"inLanguage":"es","potentialAction":[{"@type":"ReadAction","target":["https:\/\/lospoliticosveracruz.com\/?p=33926"]}]},{"@type":"BreadcrumbList","@id":"https:\/\/lospoliticosveracruz.com\/?p=33926#breadcrumb","itemListElement":[{"@type":"ListItem","position":1,"name":"Portada","item":"https:\/\/lospoliticosveracruz.com\/"},{"@type":"ListItem","position":2,"name":"Rezago en Veracruz en materia de autismo"}]},{"@type":"WebSite","@id":"https:\/\/lospoliticosveracruz.com\/#website","url":"https:\/\/lospoliticosveracruz.com\/","name":"Los pol\u00edticos Veracruz","description":"","publisher":{"@id":"https:\/\/lospoliticosveracruz.com\/#organization"},"potentialAction":[{"@type":"SearchAction","target":{"@type":"EntryPoint","urlTemplate":"https:\/\/lospoliticosveracruz.com\/?s={search_term_string}"},"query-input":{"@type":"PropertyValueSpecification","valueRequired":true,"valueName":"search_term_string"}}],"inLanguage":"es"},{"@type":"Organization","@id":"https:\/\/lospoliticosveracruz.com\/#organization","name":"Los pol\u00edticos Veracruz","url":"https:\/\/lospoliticosveracruz.com\/","logo":{"@type":"ImageObject","inLanguage":"es","@id":"https:\/\/lospoliticosveracruz.com\/#\/schema\/logo\/image\/","url":"https:\/\/lospoliticosveracruz.com\/wp-content\/uploads\/2025\/12\/Logo-Nuevo-LOS-POLITICOS-1.jpg","contentUrl":"https:\/\/lospoliticosveracruz.com\/wp-content\/uploads\/2025\/12\/Logo-Nuevo-LOS-POLITICOS-1.jpg","width":260,"height":70,"caption":"Los pol\u00edticos Veracruz"},"image":{"@id":"https:\/\/lospoliticosveracruz.com\/#\/schema\/logo\/image\/"},"sameAs":["https:\/\/www.facebook.com\/people\/Notimemes-de-los-Polticos\/61565672886568\/","https:\/\/x.com\/LosPoliticosVer"]},{"@type":"Person","@id":"https:\/\/lospoliticosveracruz.com\/#\/schema\/person\/b8702bb0e538456e6efd07080bf2a4a2","name":"Lo viste en Los Pol\u00edticos","image":{"@type":"ImageObject","inLanguage":"es","@id":"https:\/\/secure.gravatar.com\/avatar\/3a8de04a2656d44082be478bd6c086daa447c4651605818287b9532d3d0bd435?s=96&d=mm&r=g","url":"https:\/\/secure.gravatar.com\/avatar\/3a8de04a2656d44082be478bd6c086daa447c4651605818287b9532d3d0bd435?s=96&d=mm&r=g","contentUrl":"https:\/\/secure.gravatar.com\/avatar\/3a8de04a2656d44082be478bd6c086daa447c4651605818287b9532d3d0bd435?s=96&d=mm&r=g","caption":"Lo viste en Los Pol\u00edticos"},"url":"https:\/\/lospoliticosveracruz.com\/?author=2"}]}},"_links":{"self":[{"href":"https:\/\/lospoliticosveracruz.com\/index.php?rest_route=\/wp\/v2\/posts\/33926","targetHints":{"allow":["GET"]}}],"collection":[{"href":"https:\/\/lospoliticosveracruz.com\/index.php?rest_route=\/wp\/v2\/posts"}],"about":[{"href":"https:\/\/lospoliticosveracruz.com\/index.php?rest_route=\/wp\/v2\/types\/post"}],"author":[{"embeddable":true,"href":"https:\/\/lospoliticosveracruz.com\/index.php?rest_route=\/wp\/v2\/users\/2"}],"replies":[{"embeddable":true,"href":"https:\/\/lospoliticosveracruz.com\/index.php?rest_route=%2Fwp%2Fv2%2Fcomments&post=33926"}],"version-history":[{"count":1,"href":"https:\/\/lospoliticosveracruz.com\/index.php?rest_route=\/wp\/v2\/posts\/33926\/revisions"}],"predecessor-version":[{"id":33928,"href":"https:\/\/lospoliticosveracruz.com\/index.php?rest_route=\/wp\/v2\/posts\/33926\/revisions\/33928"}],"wp:attachment":[{"href":"https:\/\/lospoliticosveracruz.com\/index.php?rest_route=%2Fwp%2Fv2%2Fmedia&parent=33926"}],"wp:term":[{"taxonomy":"category","embeddable":true,"href":"https:\/\/lospoliticosveracruz.com\/index.php?rest_route=%2Fwp%2Fv2%2Fcategories&post=33926"},{"taxonomy":"post_tag","embeddable":true,"href":"https:\/\/lospoliticosveracruz.com\/index.php?rest_route=%2Fwp%2Fv2%2Ftags&post=33926"}],"curies":[{"name":"wp","href":"https:\/\/api.w.org\/{rel}","templated":true}]}}