{"id":33934,"date":"2017-05-24T22:44:55","date_gmt":"2017-05-25T03:44:55","guid":{"rendered":"http:\/\/www.lospoliticosveracruz.com.mx\/?p=33934"},"modified":"2017-05-24T22:44:55","modified_gmt":"2017-05-25T03:44:55","slug":"el-agrocentro-y-los-autos-chinos","status":"publish","type":"post","link":"https:\/\/lospoliticosveracruz.com\/?p=33934","title":{"rendered":"El Agrocentro y los autos chinos"},"content":{"rendered":"<p class=\"x_m_8477854356995879241MsoNoSpacing\"><strong>Luis Alberto Romero<\/strong><u><\/u><u><\/u><\/p>\n<p class=\"x_m_8477854356995879241MsoNoSpacing\"><em>Hora Cero<\/em><\/p>\n<p class=\"x_m_8477854356995879241MsoNoSpacing\">\n<p class=\"x_m_8477854356995879241MsoNoSpacing\">\n<p class=\"x_m_8477854356995879241MsoNoSpacing\">El pasado martes, en las instalaciones de lo que antes se conoc\u00eda como el Agrocentro Siglo XXI, una obra construida durante el sexenio de Miguel Alem\u00e1n Velasco, que se convirti\u00f3 en un elefante blanco, fue anunciado el inicio de operaciones de la planta ensambladora de autos de la empresa china Baic, que invirti\u00f3 poco m\u00e1s de 30 millones de pesos.<u><\/u><u><\/u><\/p>\n<p class=\"x_m_8477854356995879241MsoNoSpacing\">De acuerdo con la informaci\u00f3n dada a conocer por la propia empresa, dos subcompactos ser\u00e1n ensamblados en esa planta, que espera alcanzar una producci\u00f3n de 6 mil unidades.<u><\/u><u><\/u><\/p>\n<p class=\"x_m_8477854356995879241MsoNoSpacing\">En ese lugar, la empresa mexicana AT Motors ya ensambla los veh\u00edculos de la marca Foton, cuya presencia en nuestro pa\u00eds es casi insignificante.<u><\/u><u><\/u><\/p>\n<p class=\"x_m_8477854356995879241MsoNoSpacing\">Se trata de un nuevo intento de la industria automotriz china por contar con presencia en nuestro pa\u00eds; hace una d\u00e9cada, FAW lleg\u00f3 a M\u00e9xico de la mano de la empresa mexicana Elektra, de Ricardo Salinas Pliego. Esa primera incursi\u00f3n fue un fracaso, dado que dichos autos r\u00e1pido adquirieron fama de endebles y poco confiables.<u><\/u><u><\/u><\/p>\n<p class=\"x_m_8477854356995879241MsoNoSpacing\">Poco despu\u00e9s, el febrero de 2017, las empresas de Carlos Slim anunciaron la llegada de otra marca automotriz china, JAC, sin que existan reportes actualizados sobre el nivel de sus ventas.<u><\/u><u><\/u><\/p>\n<p class=\"x_m_8477854356995879241MsoNoSpacing\">Baic-M\u00e9xico se suma a la peque\u00f1a presencia que ya tienen los autos chinos en nuestro pa\u00eds. Esas unidades ser\u00e1n ensambladas, con partes importadas, en las antiguas instalaciones del Agrocentro, que fueron construidas por el gobierno de Alem\u00e1n Velasco con una inversi\u00f3n superior a los 90 millones de pesos.<u><\/u><u><\/u><\/p>\n<p class=\"x_m_8477854356995879241MsoNoSpacing\">Las instalaciones nunca fueron utilizadas para el prop\u00f3sito planteado originalmente por el gobierno estatal, que era el fortalecimiento de las cadenas agroalimentarias, mediante investigaci\u00f3n y transferencia de tecnolog\u00eda; en vez de eso, durante el sexenio de Fidel Herrera Beltr\u00e1n, el Agrocentro fue cedido, con el voto priista en la Legislatura estatal, a la empresa Foton, que se comprometi\u00f3 a generar casi mil 900 empleos directos y 10 mil indirectos, proyecto que por supuesto no ha cumplido.<u><\/u><u><\/u><\/p>\n<p class=\"x_m_8477854356995879241MsoNoSpacing\">As\u00ed, esa obra construida con recursos p\u00fablicos, termin\u00f3 convertida no s\u00f3lo en elefante blanco, sino en una empresa privada que ni siquiera genera empleos para Veracruz.<\/p>\n<p class=\"x_m_8477854356995879241MsoNoSpacing\"><b>Irregularidades en la SEV, historia sin fin<u><\/u><u><\/u><\/b><\/p>\n<p class=\"x_m_8477854356995879241MsoNoSpacing\">Junto a las secretar\u00edas de Salud, e Infraestructura y Obras P\u00fablicas, SIOP, la de Educaci\u00f3n fue una de las dependencias m\u00e1s cuestionadas y m\u00e1s se\u00f1aladas por el uso irregular de los recursos p\u00fablicos en el gobierno estatal encabezado por Javier Duarte de Ochoa.<u><\/u><u><\/u><\/p>\n<p class=\"x_m_8477854356995879241MsoNoSpacing\">Sin importar el titular de la SEV, el oficial mayor o el responsable administrativo, a\u00f1o con a\u00f1o se sumaron m\u00e1s anomal\u00edas y m\u00e1s denuncias derivadas de las revisiones realizadas por la Auditor\u00eda Superior de la Federaci\u00f3n y por el \u00d3rgano de Fiscalizaci\u00f3n Superior del Estado.<u><\/u><u><\/u><\/p>\n<p class=\"x_m_8477854356995879241MsoNoSpacing\">En portal <a href=\"http:\/\/xn--alcalorpoltico-9lb.com\/\" target=\"_blank\" rel=\"noopener noreferrer\">alcalorpol\u00edtico.com<\/a> difunde este mi\u00e9rcoles los datos que aporta el actual oficial mayor de la SEV, Abel Cuevas Melo, quien revela que la auditor\u00eda correspondiente al ejercicio 2016 detect\u00f3 nuevas inconsistencias e irregularidades en el manejo de los recursos p\u00fablicos en esa dependencia, de la que fue titular X\u00f3chitl Adela Osorio desde julio de 2015 y durante todo 2016.<u><\/u><u><\/u><\/p>\n<p class=\"x_m_8477854356995879241MsoNoSpacing\">Recordamos que en noviembre del a\u00f1o pasado, unos d\u00edas antes de que concluyera el pasado gobierno estatal, la secretaria de Educaci\u00f3n se hab\u00eda referido al supuesto robo de documentos en la dependencia. Este d\u00eda, Abel Cuevas revel\u00f3 que era tal el desaseo administrativo, que ni siquiera se encontr\u00f3 documentaci\u00f3n de soporte.<u><\/u><u><\/u><\/p>\n<p class=\"x_m_8477854356995879241MsoNoSpacing\">En octubre pr\u00f3ximo, apunta el actual oficial mayor de la SEV, el ORFIS dar\u00e1 a conocer el resultado de las revisiones a la cuenta p\u00fablica 2016. El monto de las observaciones se sumar\u00e1 al de las auditor\u00edas que corresponden a 2015, m\u00e1s de mil 135 millones de pesos que no pudieron comprobar los responsables del manejo de los recursos p\u00fablicos.<u><\/u><u><\/u><\/p>\n<p class=\"x_m_8477854356995879241MsoNoSpacing\">Esas irregularidades, que presuntamente constituyeron actos de corrupci\u00f3n que ya fueron denunciados, provocan que la libertad de ex funcionarios de la dependencia penda de un hilo muy delgado.<\/p>\n<p class=\"x_m_8477854356995879241MsoNoSpacing\">@luisromero85<u><\/u><u><\/u><\/p>\n<p>&nbsp;<\/p>\n","protected":false},"excerpt":{"rendered":"<p>Luis Alberto Romero Hora Cero El pasado martes, en las instalaciones de lo que antes se conoc\u00eda como el Agrocentro Siglo XXI, una obra construida durante el sexenio de Miguel Alem\u00e1n Velasco, que se convirti\u00f3 en un elefante blanco, fue anunciado el inicio de operaciones de la planta ensambladora de autos de la empresa china [&hellip;]<\/p>\n","protected":false},"author":2,"featured_media":0,"comment_status":"open","ping_status":"open","sticky":false,"template":"","format":"standard","meta":{"tdm_status":"","tdm_grid_status":"","footnotes":""},"categories":[70],"tags":[8402],"class_list":{"0":"post-33934","1":"post","2":"type-post","3":"status-publish","4":"format-standard","6":"category-de-opinion","7":"tag-foton"},"yoast_head":"<!-- This site is optimized with the Yoast SEO plugin v27.4 - https:\/\/yoast.com\/product\/yoast-seo-wordpress\/ -->\n<title>El Agrocentro y los autos chinos - Los pol\u00edticos Veracruz<\/title>\n<meta name=\"robots\" content=\"index, follow, max-snippet:-1, max-image-preview:large, max-video-preview:-1\" \/>\n<link rel=\"canonical\" href=\"https:\/\/lospoliticosveracruz.com\/?p=33934\" \/>\n<meta property=\"og:locale\" content=\"es_ES\" \/>\n<meta property=\"og:type\" content=\"article\" \/>\n<meta property=\"og:title\" content=\"El Agrocentro y los autos chinos - Los pol\u00edticos Veracruz\" \/>\n<meta property=\"og:description\" content=\"Luis Alberto Romero Hora Cero El pasado martes, en las instalaciones de lo que antes se conoc\u00eda como el Agrocentro Siglo XXI, una obra construida durante el sexenio de Miguel Alem\u00e1n Velasco, que se convirti\u00f3 en un elefante blanco, fue anunciado el inicio de operaciones de la planta ensambladora de autos de la empresa china [&hellip;]\" \/>\n<meta property=\"og:url\" content=\"https:\/\/lospoliticosveracruz.com\/?p=33934\" \/>\n<meta property=\"og:site_name\" content=\"Los pol\u00edticos Veracruz\" \/>\n<meta property=\"article:publisher\" content=\"https:\/\/www.facebook.com\/people\/Notimemes-de-los-Polticos\/61565672886568\/\" \/>\n<meta property=\"article:published_time\" content=\"2017-05-25T03:44:55+00:00\" \/>\n<meta property=\"og:image\" content=\"https:\/\/lospoliticosveracruz.com\/wp-content\/uploads\/2016\/07\/Logo-Dor.jpg\" \/>\n\t<meta property=\"og:image:width\" content=\"200\" \/>\n\t<meta property=\"og:image:height\" content=\"200\" \/>\n\t<meta property=\"og:image:type\" content=\"image\/jpeg\" \/>\n<meta name=\"author\" content=\"Lo viste en Los Pol\u00edticos\" \/>\n<meta name=\"twitter:card\" content=\"summary_large_image\" \/>\n<meta name=\"twitter:creator\" content=\"@LosPoliticosVer\" \/>\n<meta name=\"twitter:site\" content=\"@LosPoliticosVer\" \/>\n<meta name=\"twitter:label1\" content=\"Escrito por\" \/>\n\t<meta name=\"twitter:data1\" content=\"Lo viste en Los Pol\u00edticos\" \/>\n\t<meta name=\"twitter:label2\" content=\"Tiempo de lectura\" \/>\n\t<meta name=\"twitter:data2\" content=\"3 minutos\" \/>\n<script type=\"application\/ld+json\" class=\"yoast-schema-graph\">{\"@context\":\"https:\\\/\\\/schema.org\",\"@graph\":[{\"@type\":\"Article\",\"@id\":\"https:\\\/\\\/lospoliticosveracruz.com\\\/?p=33934#article\",\"isPartOf\":{\"@id\":\"https:\\\/\\\/lospoliticosveracruz.com\\\/?p=33934\"},\"author\":{\"name\":\"Lo viste en Los Pol\u00edticos\",\"@id\":\"https:\\\/\\\/lospoliticosveracruz.com\\\/#\\\/schema\\\/person\\\/b8702bb0e538456e6efd07080bf2a4a2\"},\"headline\":\"El Agrocentro y los autos chinos\",\"datePublished\":\"2017-05-25T03:44:55+00:00\",\"mainEntityOfPage\":{\"@id\":\"https:\\\/\\\/lospoliticosveracruz.com\\\/?p=33934\"},\"wordCount\":702,\"commentCount\":0,\"publisher\":{\"@id\":\"https:\\\/\\\/lospoliticosveracruz.com\\\/#organization\"},\"keywords\":[\"Foton\"],\"articleSection\":[\"De Opini\u00f3n\"],\"inLanguage\":\"es\",\"potentialAction\":[{\"@type\":\"CommentAction\",\"name\":\"Comment\",\"target\":[\"https:\\\/\\\/lospoliticosveracruz.com\\\/?p=33934#respond\"]}]},{\"@type\":\"WebPage\",\"@id\":\"https:\\\/\\\/lospoliticosveracruz.com\\\/?p=33934\",\"url\":\"https:\\\/\\\/lospoliticosveracruz.com\\\/?p=33934\",\"name\":\"El Agrocentro y los autos chinos - Los pol\u00edticos Veracruz\",\"isPartOf\":{\"@id\":\"https:\\\/\\\/lospoliticosveracruz.com\\\/#website\"},\"datePublished\":\"2017-05-25T03:44:55+00:00\",\"breadcrumb\":{\"@id\":\"https:\\\/\\\/lospoliticosveracruz.com\\\/?p=33934#breadcrumb\"},\"inLanguage\":\"es\",\"potentialAction\":[{\"@type\":\"ReadAction\",\"target\":[\"https:\\\/\\\/lospoliticosveracruz.com\\\/?p=33934\"]}]},{\"@type\":\"BreadcrumbList\",\"@id\":\"https:\\\/\\\/lospoliticosveracruz.com\\\/?p=33934#breadcrumb\",\"itemListElement\":[{\"@type\":\"ListItem\",\"position\":1,\"name\":\"Portada\",\"item\":\"https:\\\/\\\/lospoliticosveracruz.com\\\/\"},{\"@type\":\"ListItem\",\"position\":2,\"name\":\"El Agrocentro y los autos chinos\"}]},{\"@type\":\"WebSite\",\"@id\":\"https:\\\/\\\/lospoliticosveracruz.com\\\/#website\",\"url\":\"https:\\\/\\\/lospoliticosveracruz.com\\\/\",\"name\":\"Los pol\u00edticos Veracruz\",\"description\":\"\",\"publisher\":{\"@id\":\"https:\\\/\\\/lospoliticosveracruz.com\\\/#organization\"},\"potentialAction\":[{\"@type\":\"SearchAction\",\"target\":{\"@type\":\"EntryPoint\",\"urlTemplate\":\"https:\\\/\\\/lospoliticosveracruz.com\\\/?s={search_term_string}\"},\"query-input\":{\"@type\":\"PropertyValueSpecification\",\"valueRequired\":true,\"valueName\":\"search_term_string\"}}],\"inLanguage\":\"es\"},{\"@type\":\"Organization\",\"@id\":\"https:\\\/\\\/lospoliticosveracruz.com\\\/#organization\",\"name\":\"Los pol\u00edticos Veracruz\",\"url\":\"https:\\\/\\\/lospoliticosveracruz.com\\\/\",\"logo\":{\"@type\":\"ImageObject\",\"inLanguage\":\"es\",\"@id\":\"https:\\\/\\\/lospoliticosveracruz.com\\\/#\\\/schema\\\/logo\\\/image\\\/\",\"url\":\"https:\\\/\\\/lospoliticosveracruz.com\\\/wp-content\\\/uploads\\\/2025\\\/12\\\/Logo-Nuevo-LOS-POLITICOS-1.jpg\",\"contentUrl\":\"https:\\\/\\\/lospoliticosveracruz.com\\\/wp-content\\\/uploads\\\/2025\\\/12\\\/Logo-Nuevo-LOS-POLITICOS-1.jpg\",\"width\":260,\"height\":70,\"caption\":\"Los pol\u00edticos Veracruz\"},\"image\":{\"@id\":\"https:\\\/\\\/lospoliticosveracruz.com\\\/#\\\/schema\\\/logo\\\/image\\\/\"},\"sameAs\":[\"https:\\\/\\\/www.facebook.com\\\/people\\\/Notimemes-de-los-Polticos\\\/61565672886568\\\/\",\"https:\\\/\\\/x.com\\\/LosPoliticosVer\"]},{\"@type\":\"Person\",\"@id\":\"https:\\\/\\\/lospoliticosveracruz.com\\\/#\\\/schema\\\/person\\\/b8702bb0e538456e6efd07080bf2a4a2\",\"name\":\"Lo viste en Los Pol\u00edticos\",\"image\":{\"@type\":\"ImageObject\",\"inLanguage\":\"es\",\"@id\":\"https:\\\/\\\/secure.gravatar.com\\\/avatar\\\/3a8de04a2656d44082be478bd6c086daa447c4651605818287b9532d3d0bd435?s=96&d=mm&r=g\",\"url\":\"https:\\\/\\\/secure.gravatar.com\\\/avatar\\\/3a8de04a2656d44082be478bd6c086daa447c4651605818287b9532d3d0bd435?s=96&d=mm&r=g\",\"contentUrl\":\"https:\\\/\\\/secure.gravatar.com\\\/avatar\\\/3a8de04a2656d44082be478bd6c086daa447c4651605818287b9532d3d0bd435?s=96&d=mm&r=g\",\"caption\":\"Lo viste en Los Pol\u00edticos\"},\"url\":\"https:\\\/\\\/lospoliticosveracruz.com\\\/?author=2\"}]}<\/script>\n<!-- \/ Yoast SEO plugin. -->","yoast_head_json":{"title":"El Agrocentro y los autos chinos - Los pol\u00edticos Veracruz","robots":{"index":"index","follow":"follow","max-snippet":"max-snippet:-1","max-image-preview":"max-image-preview:large","max-video-preview":"max-video-preview:-1"},"canonical":"https:\/\/lospoliticosveracruz.com\/?p=33934","og_locale":"es_ES","og_type":"article","og_title":"El Agrocentro y los autos chinos - Los pol\u00edticos Veracruz","og_description":"Luis Alberto Romero Hora Cero El pasado martes, en las instalaciones de lo que antes se conoc\u00eda como el Agrocentro Siglo XXI, una obra construida durante el sexenio de Miguel Alem\u00e1n Velasco, que se convirti\u00f3 en un elefante blanco, fue anunciado el inicio de operaciones de la planta ensambladora de autos de la empresa china [&hellip;]","og_url":"https:\/\/lospoliticosveracruz.com\/?p=33934","og_site_name":"Los pol\u00edticos Veracruz","article_publisher":"https:\/\/www.facebook.com\/people\/Notimemes-de-los-Polticos\/61565672886568\/","article_published_time":"2017-05-25T03:44:55+00:00","og_image":[{"width":200,"height":200,"url":"https:\/\/lospoliticosveracruz.com\/wp-content\/uploads\/2016\/07\/Logo-Dor.jpg","type":"image\/jpeg"}],"author":"Lo viste en Los Pol\u00edticos","twitter_card":"summary_large_image","twitter_creator":"@LosPoliticosVer","twitter_site":"@LosPoliticosVer","twitter_misc":{"Escrito por":"Lo viste en Los Pol\u00edticos","Tiempo de lectura":"3 minutos"},"schema":{"@context":"https:\/\/schema.org","@graph":[{"@type":"Article","@id":"https:\/\/lospoliticosveracruz.com\/?p=33934#article","isPartOf":{"@id":"https:\/\/lospoliticosveracruz.com\/?p=33934"},"author":{"name":"Lo viste en Los Pol\u00edticos","@id":"https:\/\/lospoliticosveracruz.com\/#\/schema\/person\/b8702bb0e538456e6efd07080bf2a4a2"},"headline":"El Agrocentro y los autos chinos","datePublished":"2017-05-25T03:44:55+00:00","mainEntityOfPage":{"@id":"https:\/\/lospoliticosveracruz.com\/?p=33934"},"wordCount":702,"commentCount":0,"publisher":{"@id":"https:\/\/lospoliticosveracruz.com\/#organization"},"keywords":["Foton"],"articleSection":["De Opini\u00f3n"],"inLanguage":"es","potentialAction":[{"@type":"CommentAction","name":"Comment","target":["https:\/\/lospoliticosveracruz.com\/?p=33934#respond"]}]},{"@type":"WebPage","@id":"https:\/\/lospoliticosveracruz.com\/?p=33934","url":"https:\/\/lospoliticosveracruz.com\/?p=33934","name":"El Agrocentro y los autos chinos - Los pol\u00edticos Veracruz","isPartOf":{"@id":"https:\/\/lospoliticosveracruz.com\/#website"},"datePublished":"2017-05-25T03:44:55+00:00","breadcrumb":{"@id":"https:\/\/lospoliticosveracruz.com\/?p=33934#breadcrumb"},"inLanguage":"es","potentialAction":[{"@type":"ReadAction","target":["https:\/\/lospoliticosveracruz.com\/?p=33934"]}]},{"@type":"BreadcrumbList","@id":"https:\/\/lospoliticosveracruz.com\/?p=33934#breadcrumb","itemListElement":[{"@type":"ListItem","position":1,"name":"Portada","item":"https:\/\/lospoliticosveracruz.com\/"},{"@type":"ListItem","position":2,"name":"El Agrocentro y los autos chinos"}]},{"@type":"WebSite","@id":"https:\/\/lospoliticosveracruz.com\/#website","url":"https:\/\/lospoliticosveracruz.com\/","name":"Los pol\u00edticos Veracruz","description":"","publisher":{"@id":"https:\/\/lospoliticosveracruz.com\/#organization"},"potentialAction":[{"@type":"SearchAction","target":{"@type":"EntryPoint","urlTemplate":"https:\/\/lospoliticosveracruz.com\/?s={search_term_string}"},"query-input":{"@type":"PropertyValueSpecification","valueRequired":true,"valueName":"search_term_string"}}],"inLanguage":"es"},{"@type":"Organization","@id":"https:\/\/lospoliticosveracruz.com\/#organization","name":"Los pol\u00edticos Veracruz","url":"https:\/\/lospoliticosveracruz.com\/","logo":{"@type":"ImageObject","inLanguage":"es","@id":"https:\/\/lospoliticosveracruz.com\/#\/schema\/logo\/image\/","url":"https:\/\/lospoliticosveracruz.com\/wp-content\/uploads\/2025\/12\/Logo-Nuevo-LOS-POLITICOS-1.jpg","contentUrl":"https:\/\/lospoliticosveracruz.com\/wp-content\/uploads\/2025\/12\/Logo-Nuevo-LOS-POLITICOS-1.jpg","width":260,"height":70,"caption":"Los pol\u00edticos Veracruz"},"image":{"@id":"https:\/\/lospoliticosveracruz.com\/#\/schema\/logo\/image\/"},"sameAs":["https:\/\/www.facebook.com\/people\/Notimemes-de-los-Polticos\/61565672886568\/","https:\/\/x.com\/LosPoliticosVer"]},{"@type":"Person","@id":"https:\/\/lospoliticosveracruz.com\/#\/schema\/person\/b8702bb0e538456e6efd07080bf2a4a2","name":"Lo viste en Los Pol\u00edticos","image":{"@type":"ImageObject","inLanguage":"es","@id":"https:\/\/secure.gravatar.com\/avatar\/3a8de04a2656d44082be478bd6c086daa447c4651605818287b9532d3d0bd435?s=96&d=mm&r=g","url":"https:\/\/secure.gravatar.com\/avatar\/3a8de04a2656d44082be478bd6c086daa447c4651605818287b9532d3d0bd435?s=96&d=mm&r=g","contentUrl":"https:\/\/secure.gravatar.com\/avatar\/3a8de04a2656d44082be478bd6c086daa447c4651605818287b9532d3d0bd435?s=96&d=mm&r=g","caption":"Lo viste en Los Pol\u00edticos"},"url":"https:\/\/lospoliticosveracruz.com\/?author=2"}]}},"_links":{"self":[{"href":"https:\/\/lospoliticosveracruz.com\/index.php?rest_route=\/wp\/v2\/posts\/33934","targetHints":{"allow":["GET"]}}],"collection":[{"href":"https:\/\/lospoliticosveracruz.com\/index.php?rest_route=\/wp\/v2\/posts"}],"about":[{"href":"https:\/\/lospoliticosveracruz.com\/index.php?rest_route=\/wp\/v2\/types\/post"}],"author":[{"embeddable":true,"href":"https:\/\/lospoliticosveracruz.com\/index.php?rest_route=\/wp\/v2\/users\/2"}],"replies":[{"embeddable":true,"href":"https:\/\/lospoliticosveracruz.com\/index.php?rest_route=%2Fwp%2Fv2%2Fcomments&post=33934"}],"version-history":[{"count":1,"href":"https:\/\/lospoliticosveracruz.com\/index.php?rest_route=\/wp\/v2\/posts\/33934\/revisions"}],"predecessor-version":[{"id":33935,"href":"https:\/\/lospoliticosveracruz.com\/index.php?rest_route=\/wp\/v2\/posts\/33934\/revisions\/33935"}],"wp:attachment":[{"href":"https:\/\/lospoliticosveracruz.com\/index.php?rest_route=%2Fwp%2Fv2%2Fmedia&parent=33934"}],"wp:term":[{"taxonomy":"category","embeddable":true,"href":"https:\/\/lospoliticosveracruz.com\/index.php?rest_route=%2Fwp%2Fv2%2Fcategories&post=33934"},{"taxonomy":"post_tag","embeddable":true,"href":"https:\/\/lospoliticosveracruz.com\/index.php?rest_route=%2Fwp%2Fv2%2Ftags&post=33934"}],"curies":[{"name":"wp","href":"https:\/\/api.w.org\/{rel}","templated":true}]}}