{"id":33936,"date":"2017-05-24T22:48:49","date_gmt":"2017-05-25T03:48:49","guid":{"rendered":"http:\/\/www.lospoliticosveracruz.com.mx\/?p=33936"},"modified":"2017-05-24T22:48:49","modified_gmt":"2017-05-25T03:48:49","slug":"con-que-alimentas-a-trump","status":"publish","type":"post","link":"https:\/\/lospoliticosveracruz.com\/?p=33936","title":{"rendered":"\u00bfCon qu\u00e9 alimentas a Trump?"},"content":{"rendered":"<p class=\"x_m_-7528789628763924787Standard\" style=\"text-align: left;\" align=\"center\"><b><\/b><strong><span lang=\"ES-MX\">Ricardo V\u00e1zquez Salazar<\/span><\/strong><\/p>\n<p class=\"x_m_-7528789628763924787Standard\" style=\"text-align: left;\" align=\"center\"><em><span lang=\"ES-MX\">Esfera Pol\u00edtica<\/span><\/em><\/p>\n<p class=\"x_m_-7528789628763924787Standard\" style=\"text-align: left;\" align=\"center\">\n<p class=\"x_m_-7528789628763924787Textbody\" style=\"text-align: left;\" align=\"center\"><b><\/b><span lang=\"ES-MX\">Tal y como estaba programado, este mi\u00e9rcoles muy temprano el Pont\u00edfice recibi\u00f3 a la delegaci\u00f3n oficial de Estados Unidos encabezada por su presidente Donald Trump; Ivanka, su hija; su yerno, Jared Kushner; el secretario de Estado, Rex Tillerson; el asesor de seguridad nacional, teniente general H.R. McMaster, y su inseparable Hope Hicks, su portavoz, una mujer de 29 a\u00f1os de edad de singular belleza e inteligencia, de apariencia top model que le susurra al o\u00eddo, una versi\u00f3n moderna de \u201cLa Bella y la Bestia\u201d resumen algunos. La comitiva estuvo conformada \u00a0por ocho personas m\u00e1s.<\/span><\/p>\n<p class=\"x_MsoNormal\"><span lang=\"ES-MX\">\u201cEncantado de conocerle\u201d fue la expresi\u00f3n con la que el Papa Francisco le dio la bienvenida a Trump, para de inmediato dirigirse a la Biblioteca privada, donde se sentaron uno frente a otro ante un escritorio. Despu\u00e9s de unos segundos de conversaci\u00f3n informal, fot\u00f3grafos, c\u00e1maras de televisi\u00f3n y periodistas fueron invitados a abandonar la sala para iniciar el di\u00e1logo privado, con la ayuda de int\u00e9rpretes. Todo ello con el protocolo de rigor que se cumple con cada jefe de estado que se re\u00fane con el Papa.<\/span><\/p>\n<p class=\"x_MsoNormal\"><span lang=\"ES-MX\">Al no haberse dado a conocer los temas, ni mucho menos los pormenores de la conversaci\u00f3n privada entre ambos personajes, y tomando en cuenta que son personalidades completamente distintas una de otra, puede uno dar rienda suelta a la imaginaci\u00f3n de todo lo que pudo haberle dicho el Obispo de Roma al presidente estadounidense, y los argumentos tratando de justificarse este \u00faltimo.<\/span><\/p>\n<p class=\"x_MsoNormal\"><span lang=\"ES-MX\">Adem\u00e1s de los problemas en Estados Unidos, \u00a0es de suponer los asuntos tratados de manera obligada: los atentados cada vez m\u00e1s continuos del Estado Isl\u00e1mico, la fricci\u00f3n con Corea del Norte, el Medio Oriente, los refugiados, la crisis humanitaria en varias regiones del orbe incluida Venezuela y otros puntos m\u00e1s. \u00a0\u00a0\u00a0<\/span><\/p>\n<p class=\"x_MsoNormal\"><span lang=\"ES-MX\">\u00bfQu\u00e9 importancia puede tener para los mexicanos y en particular para los veracruzanos el encuentro entre el Papa Francisco y Donald Trump?<\/span><\/p>\n<p class=\"x_MsoNormal\"><span lang=\"ES-MX\">Simple y sencillamente muy importante puede representar la reuni\u00f3n. De inicio el problema migratorio es un tema sumamente delicado, que comprende varias facetas: las deportaciones de nuestros paisanos, el maltrato y las medidas dr\u00e1sticas que hoy se aplican contra los inmigrantes, la intenci\u00f3n de construcci\u00f3n del muro fronterizo, la incertidumbre sobre el futuro del Tratado de Libre Comercio, la cancelaci\u00f3n de proyectos de inversi\u00f3n de empresas que generar\u00edan miles de empleos en nuestro pa\u00eds, etc\u00e9tera, etc\u00e9tera, etc\u00e9tera. \u00a0\u00a0<\/span><\/p>\n<p class=\"x_MsoNormal\"><span lang=\"ES-MX\">Al tener presente la extraordinaria sabidur\u00eda del Papa Francisco, el tacto y la sorprendente capacidad para transmitir sus ideas y dejarlas muy en claro, los mexicanos podr\u00edamos abrigar la esperanza de que el Pont\u00edfice le haya hecho saber a Trump que no es con odio como se gobierna una naci\u00f3n. \u00a0\u00a0\u00a0<\/span><\/p>\n<p class=\"x_MsoNormal\"><span lang=\"ES-MX\">\u201cY la se\u00f1ora, \u00bfle da de comer \u201cpotizza\u201d?\u201d, pregunt\u00f3 sonriente el Sumo Pont\u00edfice en espa\u00f1ol al momento que se\u00f1alaba a Trump. Melania, por un momento qued\u00f3 \u00a0sorprendida al escuchar la pregunta reformulada en ingl\u00e9s por el int\u00e9rprete y respondi\u00f3 con una sonrisa: \u201c\u00bfpotizza?, s\u00ed\u201d, detalle que hizo re\u00edr a los presentes.<\/span><\/p>\n<p class=\"x_MsoNormal\"><span lang=\"ES-MX\">La pregunta fue en referencia a la potizza, un pan dulce t\u00edpico de Eslovenia que el Santo Padre conoce bien por lazos familiares de ese pa\u00eds y por el hecho de que Melania, la esposa de Donald Trump es eslovena nacionalizada estadounidense.<\/span><\/p>\n<p class=\"x_MsoNormal\"><span lang=\"ES-MX\">\u201cTomar\u00e9 muy en cuenta todo lo que me dijo\u201d, fueron las \u00faltimas palabras con las que Trump se desped\u00eda del sucesor de Pedro. \u00a0<\/span><\/p>\n<p><a href=\"mailto:rvazquez002@yahoo.com.mx\" target=\"_blank\" rel=\"noopener noreferrer\"><span lang=\"ES-MX\">rvazquez002@yahoo.com.mx<\/span><\/a><\/p>\n","protected":false},"excerpt":{"rendered":"<p>Ricardo V\u00e1zquez Salazar Esfera Pol\u00edtica Tal y como estaba programado, este mi\u00e9rcoles muy temprano el Pont\u00edfice recibi\u00f3 a la delegaci\u00f3n oficial de Estados Unidos encabezada por su presidente Donald Trump; Ivanka, su hija; su yerno, Jared Kushner; el secretario de Estado, Rex Tillerson; el asesor de seguridad nacional, teniente general H.R. McMaster, y su inseparable [&hellip;]<\/p>\n","protected":false},"author":2,"featured_media":0,"comment_status":"open","ping_status":"open","sticky":false,"template":"","format":"standard","meta":{"tdm_status":"","tdm_grid_status":"","footnotes":""},"categories":[70],"tags":[2846,8404,671],"class_list":{"0":"post-33936","1":"post","2":"type-post","3":"status-publish","4":"format-standard","6":"category-de-opinion","7":"tag-donald-trump","8":"tag-melania-trump","9":"tag-papa-francisco"},"yoast_head":"<!-- This site is optimized with the Yoast SEO plugin v27.4 - https:\/\/yoast.com\/product\/yoast-seo-wordpress\/ -->\n<title>\u00bfCon qu\u00e9 alimentas a Trump? - Los pol\u00edticos Veracruz<\/title>\n<meta name=\"robots\" content=\"index, follow, max-snippet:-1, max-image-preview:large, max-video-preview:-1\" \/>\n<link rel=\"canonical\" href=\"https:\/\/lospoliticosveracruz.com\/?p=33936\" \/>\n<meta property=\"og:locale\" content=\"es_ES\" \/>\n<meta property=\"og:type\" content=\"article\" \/>\n<meta property=\"og:title\" content=\"\u00bfCon qu\u00e9 alimentas a Trump? - Los pol\u00edticos Veracruz\" \/>\n<meta property=\"og:description\" content=\"Ricardo V\u00e1zquez Salazar Esfera Pol\u00edtica Tal y como estaba programado, este mi\u00e9rcoles muy temprano el Pont\u00edfice recibi\u00f3 a la delegaci\u00f3n oficial de Estados Unidos encabezada por su presidente Donald Trump; Ivanka, su hija; su yerno, Jared Kushner; el secretario de Estado, Rex Tillerson; el asesor de seguridad nacional, teniente general H.R. McMaster, y su inseparable [&hellip;]\" \/>\n<meta property=\"og:url\" content=\"https:\/\/lospoliticosveracruz.com\/?p=33936\" \/>\n<meta property=\"og:site_name\" content=\"Los pol\u00edticos Veracruz\" \/>\n<meta property=\"article:publisher\" content=\"https:\/\/www.facebook.com\/people\/Notimemes-de-los-Polticos\/61565672886568\/\" \/>\n<meta property=\"article:published_time\" content=\"2017-05-25T03:48:49+00:00\" \/>\n<meta property=\"og:image\" content=\"https:\/\/lospoliticosveracruz.com\/wp-content\/uploads\/2016\/07\/Logo-Dor.jpg\" \/>\n\t<meta property=\"og:image:width\" content=\"200\" \/>\n\t<meta property=\"og:image:height\" content=\"200\" \/>\n\t<meta property=\"og:image:type\" content=\"image\/jpeg\" \/>\n<meta name=\"author\" content=\"Lo viste en Los Pol\u00edticos\" \/>\n<meta name=\"twitter:card\" content=\"summary_large_image\" \/>\n<meta name=\"twitter:creator\" content=\"@LosPoliticosVer\" \/>\n<meta name=\"twitter:site\" content=\"@LosPoliticosVer\" \/>\n<meta name=\"twitter:label1\" content=\"Escrito por\" \/>\n\t<meta name=\"twitter:data1\" content=\"Lo viste en Los Pol\u00edticos\" \/>\n\t<meta name=\"twitter:label2\" content=\"Tiempo de lectura\" \/>\n\t<meta name=\"twitter:data2\" content=\"3 minutos\" \/>\n<script type=\"application\/ld+json\" class=\"yoast-schema-graph\">{\"@context\":\"https:\\\/\\\/schema.org\",\"@graph\":[{\"@type\":\"Article\",\"@id\":\"https:\\\/\\\/lospoliticosveracruz.com\\\/?p=33936#article\",\"isPartOf\":{\"@id\":\"https:\\\/\\\/lospoliticosveracruz.com\\\/?p=33936\"},\"author\":{\"name\":\"Lo viste en Los Pol\u00edticos\",\"@id\":\"https:\\\/\\\/lospoliticosveracruz.com\\\/#\\\/schema\\\/person\\\/b8702bb0e538456e6efd07080bf2a4a2\"},\"headline\":\"\u00bfCon qu\u00e9 alimentas a Trump?\",\"datePublished\":\"2017-05-25T03:48:49+00:00\",\"mainEntityOfPage\":{\"@id\":\"https:\\\/\\\/lospoliticosveracruz.com\\\/?p=33936\"},\"wordCount\":621,\"commentCount\":0,\"publisher\":{\"@id\":\"https:\\\/\\\/lospoliticosveracruz.com\\\/#organization\"},\"keywords\":[\"Donald Trump\",\"Melania Trump\",\"Papa Francisco\"],\"articleSection\":[\"De Opini\u00f3n\"],\"inLanguage\":\"es\",\"potentialAction\":[{\"@type\":\"CommentAction\",\"name\":\"Comment\",\"target\":[\"https:\\\/\\\/lospoliticosveracruz.com\\\/?p=33936#respond\"]}]},{\"@type\":\"WebPage\",\"@id\":\"https:\\\/\\\/lospoliticosveracruz.com\\\/?p=33936\",\"url\":\"https:\\\/\\\/lospoliticosveracruz.com\\\/?p=33936\",\"name\":\"\u00bfCon qu\u00e9 alimentas a Trump? - Los pol\u00edticos Veracruz\",\"isPartOf\":{\"@id\":\"https:\\\/\\\/lospoliticosveracruz.com\\\/#website\"},\"datePublished\":\"2017-05-25T03:48:49+00:00\",\"breadcrumb\":{\"@id\":\"https:\\\/\\\/lospoliticosveracruz.com\\\/?p=33936#breadcrumb\"},\"inLanguage\":\"es\",\"potentialAction\":[{\"@type\":\"ReadAction\",\"target\":[\"https:\\\/\\\/lospoliticosveracruz.com\\\/?p=33936\"]}]},{\"@type\":\"BreadcrumbList\",\"@id\":\"https:\\\/\\\/lospoliticosveracruz.com\\\/?p=33936#breadcrumb\",\"itemListElement\":[{\"@type\":\"ListItem\",\"position\":1,\"name\":\"Portada\",\"item\":\"https:\\\/\\\/lospoliticosveracruz.com\\\/\"},{\"@type\":\"ListItem\",\"position\":2,\"name\":\"\u00bfCon qu\u00e9 alimentas a Trump?\"}]},{\"@type\":\"WebSite\",\"@id\":\"https:\\\/\\\/lospoliticosveracruz.com\\\/#website\",\"url\":\"https:\\\/\\\/lospoliticosveracruz.com\\\/\",\"name\":\"Los pol\u00edticos Veracruz\",\"description\":\"\",\"publisher\":{\"@id\":\"https:\\\/\\\/lospoliticosveracruz.com\\\/#organization\"},\"potentialAction\":[{\"@type\":\"SearchAction\",\"target\":{\"@type\":\"EntryPoint\",\"urlTemplate\":\"https:\\\/\\\/lospoliticosveracruz.com\\\/?s={search_term_string}\"},\"query-input\":{\"@type\":\"PropertyValueSpecification\",\"valueRequired\":true,\"valueName\":\"search_term_string\"}}],\"inLanguage\":\"es\"},{\"@type\":\"Organization\",\"@id\":\"https:\\\/\\\/lospoliticosveracruz.com\\\/#organization\",\"name\":\"Los pol\u00edticos Veracruz\",\"url\":\"https:\\\/\\\/lospoliticosveracruz.com\\\/\",\"logo\":{\"@type\":\"ImageObject\",\"inLanguage\":\"es\",\"@id\":\"https:\\\/\\\/lospoliticosveracruz.com\\\/#\\\/schema\\\/logo\\\/image\\\/\",\"url\":\"https:\\\/\\\/lospoliticosveracruz.com\\\/wp-content\\\/uploads\\\/2025\\\/12\\\/Logo-Nuevo-LOS-POLITICOS-1.jpg\",\"contentUrl\":\"https:\\\/\\\/lospoliticosveracruz.com\\\/wp-content\\\/uploads\\\/2025\\\/12\\\/Logo-Nuevo-LOS-POLITICOS-1.jpg\",\"width\":260,\"height\":70,\"caption\":\"Los pol\u00edticos Veracruz\"},\"image\":{\"@id\":\"https:\\\/\\\/lospoliticosveracruz.com\\\/#\\\/schema\\\/logo\\\/image\\\/\"},\"sameAs\":[\"https:\\\/\\\/www.facebook.com\\\/people\\\/Notimemes-de-los-Polticos\\\/61565672886568\\\/\",\"https:\\\/\\\/x.com\\\/LosPoliticosVer\"]},{\"@type\":\"Person\",\"@id\":\"https:\\\/\\\/lospoliticosveracruz.com\\\/#\\\/schema\\\/person\\\/b8702bb0e538456e6efd07080bf2a4a2\",\"name\":\"Lo viste en Los Pol\u00edticos\",\"image\":{\"@type\":\"ImageObject\",\"inLanguage\":\"es\",\"@id\":\"https:\\\/\\\/secure.gravatar.com\\\/avatar\\\/3a8de04a2656d44082be478bd6c086daa447c4651605818287b9532d3d0bd435?s=96&d=mm&r=g\",\"url\":\"https:\\\/\\\/secure.gravatar.com\\\/avatar\\\/3a8de04a2656d44082be478bd6c086daa447c4651605818287b9532d3d0bd435?s=96&d=mm&r=g\",\"contentUrl\":\"https:\\\/\\\/secure.gravatar.com\\\/avatar\\\/3a8de04a2656d44082be478bd6c086daa447c4651605818287b9532d3d0bd435?s=96&d=mm&r=g\",\"caption\":\"Lo viste en Los Pol\u00edticos\"},\"url\":\"https:\\\/\\\/lospoliticosveracruz.com\\\/?author=2\"}]}<\/script>\n<!-- \/ Yoast SEO plugin. -->","yoast_head_json":{"title":"\u00bfCon qu\u00e9 alimentas a Trump? - Los pol\u00edticos Veracruz","robots":{"index":"index","follow":"follow","max-snippet":"max-snippet:-1","max-image-preview":"max-image-preview:large","max-video-preview":"max-video-preview:-1"},"canonical":"https:\/\/lospoliticosveracruz.com\/?p=33936","og_locale":"es_ES","og_type":"article","og_title":"\u00bfCon qu\u00e9 alimentas a Trump? - Los pol\u00edticos Veracruz","og_description":"Ricardo V\u00e1zquez Salazar Esfera Pol\u00edtica Tal y como estaba programado, este mi\u00e9rcoles muy temprano el Pont\u00edfice recibi\u00f3 a la delegaci\u00f3n oficial de Estados Unidos encabezada por su presidente Donald Trump; Ivanka, su hija; su yerno, Jared Kushner; el secretario de Estado, Rex Tillerson; el asesor de seguridad nacional, teniente general H.R. McMaster, y su inseparable [&hellip;]","og_url":"https:\/\/lospoliticosveracruz.com\/?p=33936","og_site_name":"Los pol\u00edticos Veracruz","article_publisher":"https:\/\/www.facebook.com\/people\/Notimemes-de-los-Polticos\/61565672886568\/","article_published_time":"2017-05-25T03:48:49+00:00","og_image":[{"width":200,"height":200,"url":"https:\/\/lospoliticosveracruz.com\/wp-content\/uploads\/2016\/07\/Logo-Dor.jpg","type":"image\/jpeg"}],"author":"Lo viste en Los Pol\u00edticos","twitter_card":"summary_large_image","twitter_creator":"@LosPoliticosVer","twitter_site":"@LosPoliticosVer","twitter_misc":{"Escrito por":"Lo viste en Los Pol\u00edticos","Tiempo de lectura":"3 minutos"},"schema":{"@context":"https:\/\/schema.org","@graph":[{"@type":"Article","@id":"https:\/\/lospoliticosveracruz.com\/?p=33936#article","isPartOf":{"@id":"https:\/\/lospoliticosveracruz.com\/?p=33936"},"author":{"name":"Lo viste en Los Pol\u00edticos","@id":"https:\/\/lospoliticosveracruz.com\/#\/schema\/person\/b8702bb0e538456e6efd07080bf2a4a2"},"headline":"\u00bfCon qu\u00e9 alimentas a Trump?","datePublished":"2017-05-25T03:48:49+00:00","mainEntityOfPage":{"@id":"https:\/\/lospoliticosveracruz.com\/?p=33936"},"wordCount":621,"commentCount":0,"publisher":{"@id":"https:\/\/lospoliticosveracruz.com\/#organization"},"keywords":["Donald Trump","Melania Trump","Papa Francisco"],"articleSection":["De Opini\u00f3n"],"inLanguage":"es","potentialAction":[{"@type":"CommentAction","name":"Comment","target":["https:\/\/lospoliticosveracruz.com\/?p=33936#respond"]}]},{"@type":"WebPage","@id":"https:\/\/lospoliticosveracruz.com\/?p=33936","url":"https:\/\/lospoliticosveracruz.com\/?p=33936","name":"\u00bfCon qu\u00e9 alimentas a Trump? - Los pol\u00edticos Veracruz","isPartOf":{"@id":"https:\/\/lospoliticosveracruz.com\/#website"},"datePublished":"2017-05-25T03:48:49+00:00","breadcrumb":{"@id":"https:\/\/lospoliticosveracruz.com\/?p=33936#breadcrumb"},"inLanguage":"es","potentialAction":[{"@type":"ReadAction","target":["https:\/\/lospoliticosveracruz.com\/?p=33936"]}]},{"@type":"BreadcrumbList","@id":"https:\/\/lospoliticosveracruz.com\/?p=33936#breadcrumb","itemListElement":[{"@type":"ListItem","position":1,"name":"Portada","item":"https:\/\/lospoliticosveracruz.com\/"},{"@type":"ListItem","position":2,"name":"\u00bfCon qu\u00e9 alimentas a Trump?"}]},{"@type":"WebSite","@id":"https:\/\/lospoliticosveracruz.com\/#website","url":"https:\/\/lospoliticosveracruz.com\/","name":"Los pol\u00edticos Veracruz","description":"","publisher":{"@id":"https:\/\/lospoliticosveracruz.com\/#organization"},"potentialAction":[{"@type":"SearchAction","target":{"@type":"EntryPoint","urlTemplate":"https:\/\/lospoliticosveracruz.com\/?s={search_term_string}"},"query-input":{"@type":"PropertyValueSpecification","valueRequired":true,"valueName":"search_term_string"}}],"inLanguage":"es"},{"@type":"Organization","@id":"https:\/\/lospoliticosveracruz.com\/#organization","name":"Los pol\u00edticos Veracruz","url":"https:\/\/lospoliticosveracruz.com\/","logo":{"@type":"ImageObject","inLanguage":"es","@id":"https:\/\/lospoliticosveracruz.com\/#\/schema\/logo\/image\/","url":"https:\/\/lospoliticosveracruz.com\/wp-content\/uploads\/2025\/12\/Logo-Nuevo-LOS-POLITICOS-1.jpg","contentUrl":"https:\/\/lospoliticosveracruz.com\/wp-content\/uploads\/2025\/12\/Logo-Nuevo-LOS-POLITICOS-1.jpg","width":260,"height":70,"caption":"Los pol\u00edticos Veracruz"},"image":{"@id":"https:\/\/lospoliticosveracruz.com\/#\/schema\/logo\/image\/"},"sameAs":["https:\/\/www.facebook.com\/people\/Notimemes-de-los-Polticos\/61565672886568\/","https:\/\/x.com\/LosPoliticosVer"]},{"@type":"Person","@id":"https:\/\/lospoliticosveracruz.com\/#\/schema\/person\/b8702bb0e538456e6efd07080bf2a4a2","name":"Lo viste en Los Pol\u00edticos","image":{"@type":"ImageObject","inLanguage":"es","@id":"https:\/\/secure.gravatar.com\/avatar\/3a8de04a2656d44082be478bd6c086daa447c4651605818287b9532d3d0bd435?s=96&d=mm&r=g","url":"https:\/\/secure.gravatar.com\/avatar\/3a8de04a2656d44082be478bd6c086daa447c4651605818287b9532d3d0bd435?s=96&d=mm&r=g","contentUrl":"https:\/\/secure.gravatar.com\/avatar\/3a8de04a2656d44082be478bd6c086daa447c4651605818287b9532d3d0bd435?s=96&d=mm&r=g","caption":"Lo viste en Los Pol\u00edticos"},"url":"https:\/\/lospoliticosveracruz.com\/?author=2"}]}},"_links":{"self":[{"href":"https:\/\/lospoliticosveracruz.com\/index.php?rest_route=\/wp\/v2\/posts\/33936","targetHints":{"allow":["GET"]}}],"collection":[{"href":"https:\/\/lospoliticosveracruz.com\/index.php?rest_route=\/wp\/v2\/posts"}],"about":[{"href":"https:\/\/lospoliticosveracruz.com\/index.php?rest_route=\/wp\/v2\/types\/post"}],"author":[{"embeddable":true,"href":"https:\/\/lospoliticosveracruz.com\/index.php?rest_route=\/wp\/v2\/users\/2"}],"replies":[{"embeddable":true,"href":"https:\/\/lospoliticosveracruz.com\/index.php?rest_route=%2Fwp%2Fv2%2Fcomments&post=33936"}],"version-history":[{"count":1,"href":"https:\/\/lospoliticosveracruz.com\/index.php?rest_route=\/wp\/v2\/posts\/33936\/revisions"}],"predecessor-version":[{"id":33937,"href":"https:\/\/lospoliticosveracruz.com\/index.php?rest_route=\/wp\/v2\/posts\/33936\/revisions\/33937"}],"wp:attachment":[{"href":"https:\/\/lospoliticosveracruz.com\/index.php?rest_route=%2Fwp%2Fv2%2Fmedia&parent=33936"}],"wp:term":[{"taxonomy":"category","embeddable":true,"href":"https:\/\/lospoliticosveracruz.com\/index.php?rest_route=%2Fwp%2Fv2%2Fcategories&post=33936"},{"taxonomy":"post_tag","embeddable":true,"href":"https:\/\/lospoliticosveracruz.com\/index.php?rest_route=%2Fwp%2Fv2%2Ftags&post=33936"}],"curies":[{"name":"wp","href":"https:\/\/api.w.org\/{rel}","templated":true}]}}