{"id":33970,"date":"2017-05-26T09:33:06","date_gmt":"2017-05-26T14:33:06","guid":{"rendered":"http:\/\/www.lospoliticosveracruz.com.mx\/?p=33970"},"modified":"2017-05-26T09:33:06","modified_gmt":"2017-05-26T14:33:06","slug":"millennials-el-reto-electoral","status":"publish","type":"post","link":"https:\/\/lospoliticosveracruz.com\/?p=33970","title":{"rendered":"Millennials, el reto electoral"},"content":{"rendered":"<p align=\"JUSTIFY\"><a name=\"_GoBack\"><\/a><\/p>\n<p align=\"JUSTIFY\"><strong>Naldy Rodr\u00edguez<\/strong><\/p>\n<p align=\"JUSTIFY\"><em>Transparencia 3.0<\/em><\/p>\n<p align=\"JUSTIFY\">Los j\u00f3venes no son el futuro, son el presente. Aunque suene a frase trillada, para este elecci\u00f3n local s\u00ed son mayor\u00eda, representan el grupo de edad con m\u00e1s votantes en Veracruz. El problema es que no ejercen su derecho y obligaci\u00f3n.<\/p>\n<p align=\"JUSTIFY\">Las que s\u00ed votan son las mujeres y lo hacen en mayor proporci\u00f3n las que habitan en las zonas rurales, con todo y que tenemos menos tiempo de sufragar.<\/p>\n<p align=\"JUSTIFY\"><span lang=\"es-MX\">En la elecci\u00f3n federal de 2015 fue el 45 por ciento de veracruzanos que acudi\u00f3 a las urnas, menos que el promedio nacional, por lo que ocupa el lugar 17 en participaci\u00f3n ciudadana en el pa\u00eds.<\/span><\/p>\n<p align=\"JUSTIFY\">En la lista nominal est\u00e1n inscritas<span lang=\"es-MX\"> 5 millones 567 mil 222 personas, con corte al 7 de febrero de 2017, <\/span>y las personas de 20 a 29 a\u00f1os de edad representan el mayor n\u00famero de votantes con el 24.44 por ciento del total.<\/p>\n<p align=\"JUSTIFY\">Este grupo <span lang=\"es-MX\">tiene tambi\u00e9n las menores tasas de participaci\u00f3n en Veracruz y en M\u00e9xico, revela un estudio del INE, elaborado para trabajar en la promoci\u00f3n del voto entre los sectores de la poblaci\u00f3n que est\u00e1n desencantados de la pol\u00edtica. <\/span>Y si nos vamos al g\u00e9nero, son los hombres j\u00f3venes los que se abstienen m\u00e1s de votar.<\/p>\n<p align=\"JUSTIFY\">\u201c<span lang=\"es-MX\">Respecto al tipo de secci\u00f3n, las personas en <\/span><span lang=\"es-MX\">las secciones urbanas<\/span> <span lang=\"es-MX\">tienen un peso mayor y suelen tener tasas menores al de las de secciones rurales y mixtas\u201d, dice el estudio.<\/span><\/p>\n<p align=\"JUSTIFY\">Es cierto, pocos j\u00f3venes est\u00e1n interesados en la pol\u00edtica y lo digo con conocimiento de causa; trabajo con ellos en la universidad y en elecciones anteriores, los he tratado de incentivar con alguna participaci\u00f3n extra si acuden a votar. El d\u00eda de la jornada electoral, en Twitter me mandan fotos con su pulgar marcado. As\u00ed comprueban que cumplieron como ciudadanos y con su insistente maestra.<\/p>\n<p align=\"JUSTIFY\">Si tenemos que repartir culpas es necesario analizar nuestra responsabilidad como adultos, parece que no hemos sabido motivarlos, hacer que la vida democr\u00e1tica sea parte de su cotidianidad. Como medios de comunicaci\u00f3n tampoco hemos podido propiciar el inter\u00e9s ni generar los espacios donde puedan expresarse, y la estrategia en redes sociales -a la que ahora se enfocan los pol\u00edticos- para difundir sus mensajes, parece fracasar.<\/p>\n<p align=\"JUSTIFY\">Las propuestas que les llegan de los candidatos a las alcald\u00edas son insuficientes y dif\u00edciles de cumplir, y el gobierno actual \u2013me refiero a los tres niveles- no tienen una pol\u00edtica p\u00fablica para garantizar lo m\u00ednimo a los j\u00f3venes: educaci\u00f3n, salud y seguridad.<\/p>\n<p align=\"JUSTIFY\">Pr\u00f3ximos a egresar de la universidad, se enfrentar\u00e1n al desempleo, con una tasa del 34 por ciento que va al alza; a la falta de oportunidades, a los bajos salarios sin prestaciones, a la corrupci\u00f3n que impera en las instituciones, en las que vale m\u00e1s tener buenas relaciones que contar con preparaci\u00f3n y experiencia.<\/p>\n<p align=\"JUSTIFY\"><span lang=\"es-MX\">Por el<\/span> <span lang=\"es-MX\">peso demogr\u00e1fico relevante, un incremento en la votaci\u00f3n entre este sector de la poblaci\u00f3n tendr\u00eda un impacto sustancial en la tasa agregada a nivel estatal, se\u00f1ala el mismo informe de la autoridad electoral. <\/span><\/p>\n<p align=\"JUSTIFY\"><span lang=\"es-MX\">El reto este 4 de junio es motivar a ese mill\u00f3n <\/span>360 mil j\u00f3venes entre 20 a 29 a\u00f1os de edad a que salgan a votar y hagan la diferencia.<\/p>\n<p align=\"JUSTIFY\">***<\/p>\n<p align=\"JUSTIFY\">La Iniciativa para el Periodismo de Investigaci\u00f3n de las Am\u00e9ricas, un proyecto del International Center for Journalists (ICFJ) en alianza con CONNECTAS, realiza en estos momentos el IV Investigat\u00f3n, \u201cBuenas historias, bien contadas\u201d, donde se reunen periodistas, editores, mineros de datos, visualizadores y expertos en narrativa visual.<\/p>\n<p align=\"JUSTIFY\">En Medell\u00edn, Colombia, se concentran medio centenar de periodistas de investigaci\u00f3n de 10 pa\u00edses de Am\u00e9rica Latina y ah\u00ed se encuentra el colega veracruzano Israel Rold\u00e1n, quien participa desde hace tiempo en las unidades de investigaci\u00f3n de Animal Pol\u00edtico y Mexicanos contra la Corrupci\u00f3n y la Impunidad, espacios que han revelado la corrupci\u00f3n en Veracruz en el sexenio de Duarte. Un esfuerzo que debe reconocerse.<\/p>\n<p align=\"JUSTIFY\">***<\/p>\n<p align=\"JUSTIFY\">\u00bfPor qu\u00e9 ser enemigos?, si podemos ser amigos. La frase podr\u00e1 escucharla en la pel\u00edcula Rey Arturo: La Leyenda de la Espada. Bajo la direcci\u00f3n de Guy Ritchie, ponga atenci\u00f3n a la m\u00fasica.<\/p>\n<p align=\"JUSTIFY\"><span lang=\"es-MX\">Twitter @ydlan<\/span><\/p>\n<p align=\"JUSTIFY\"><span lang=\"es-MX\">Transparencia3.0@hotmail.com<\/span><\/p>\n","protected":false},"excerpt":{"rendered":"<p>Naldy Rodr\u00edguez Transparencia 3.0 Los j\u00f3venes no son el futuro, son el presente. Aunque suene a frase trillada, para este elecci\u00f3n local s\u00ed son mayor\u00eda, representan el grupo de edad con m\u00e1s votantes en Veracruz. El problema es que no ejercen su derecho y obligaci\u00f3n. Las que s\u00ed votan son las mujeres y lo hacen [&hellip;]<\/p>\n","protected":false},"author":2,"featured_media":0,"comment_status":"open","ping_status":"open","sticky":false,"template":"","format":"standard","meta":{"tdm_status":"","tdm_grid_status":"","footnotes":""},"categories":[70],"tags":[721,2805,195],"class_list":{"0":"post-33970","1":"post","2":"type-post","3":"status-publish","4":"format-standard","6":"category-de-opinion","7":"tag-elecciones","8":"tag-jovenes","9":"tag-veracruz"},"yoast_head":"<!-- This site is optimized with the Yoast SEO plugin v27.4 - https:\/\/yoast.com\/product\/yoast-seo-wordpress\/ -->\n<title>Millennials, el reto electoral - Los pol\u00edticos Veracruz<\/title>\n<meta name=\"robots\" content=\"index, follow, max-snippet:-1, max-image-preview:large, max-video-preview:-1\" \/>\n<link rel=\"canonical\" href=\"https:\/\/lospoliticosveracruz.com\/?p=33970\" \/>\n<meta property=\"og:locale\" content=\"es_ES\" \/>\n<meta property=\"og:type\" content=\"article\" \/>\n<meta property=\"og:title\" content=\"Millennials, el reto electoral - Los pol\u00edticos Veracruz\" \/>\n<meta property=\"og:description\" content=\"Naldy Rodr\u00edguez Transparencia 3.0 Los j\u00f3venes no son el futuro, son el presente. Aunque suene a frase trillada, para este elecci\u00f3n local s\u00ed son mayor\u00eda, representan el grupo de edad con m\u00e1s votantes en Veracruz. El problema es que no ejercen su derecho y obligaci\u00f3n. Las que s\u00ed votan son las mujeres y lo hacen [&hellip;]\" \/>\n<meta property=\"og:url\" content=\"https:\/\/lospoliticosveracruz.com\/?p=33970\" \/>\n<meta property=\"og:site_name\" content=\"Los pol\u00edticos Veracruz\" \/>\n<meta property=\"article:publisher\" content=\"https:\/\/www.facebook.com\/people\/Notimemes-de-los-Polticos\/61565672886568\/\" \/>\n<meta property=\"article:published_time\" content=\"2017-05-26T14:33:06+00:00\" \/>\n<meta property=\"og:image\" content=\"https:\/\/lospoliticosveracruz.com\/wp-content\/uploads\/2016\/07\/Logo-Dor.jpg\" \/>\n\t<meta property=\"og:image:width\" content=\"200\" \/>\n\t<meta property=\"og:image:height\" content=\"200\" \/>\n\t<meta property=\"og:image:type\" content=\"image\/jpeg\" \/>\n<meta name=\"author\" content=\"Lo viste en Los Pol\u00edticos\" \/>\n<meta name=\"twitter:card\" content=\"summary_large_image\" \/>\n<meta name=\"twitter:creator\" content=\"@LosPoliticosVer\" \/>\n<meta name=\"twitter:site\" content=\"@LosPoliticosVer\" \/>\n<meta name=\"twitter:label1\" content=\"Escrito por\" \/>\n\t<meta name=\"twitter:data1\" content=\"Lo viste en Los Pol\u00edticos\" \/>\n\t<meta name=\"twitter:label2\" content=\"Tiempo de lectura\" \/>\n\t<meta name=\"twitter:data2\" content=\"4 minutos\" \/>\n<script type=\"application\/ld+json\" class=\"yoast-schema-graph\">{\"@context\":\"https:\\\/\\\/schema.org\",\"@graph\":[{\"@type\":\"Article\",\"@id\":\"https:\\\/\\\/lospoliticosveracruz.com\\\/?p=33970#article\",\"isPartOf\":{\"@id\":\"https:\\\/\\\/lospoliticosveracruz.com\\\/?p=33970\"},\"author\":{\"name\":\"Lo viste en Los Pol\u00edticos\",\"@id\":\"https:\\\/\\\/lospoliticosveracruz.com\\\/#\\\/schema\\\/person\\\/b8702bb0e538456e6efd07080bf2a4a2\"},\"headline\":\"Millennials, el reto electoral\",\"datePublished\":\"2017-05-26T14:33:06+00:00\",\"mainEntityOfPage\":{\"@id\":\"https:\\\/\\\/lospoliticosveracruz.com\\\/?p=33970\"},\"wordCount\":737,\"commentCount\":0,\"publisher\":{\"@id\":\"https:\\\/\\\/lospoliticosveracruz.com\\\/#organization\"},\"keywords\":[\"elecciones\",\"J\u00f3venes\",\"Veracruz\"],\"articleSection\":[\"De Opini\u00f3n\"],\"inLanguage\":\"es\",\"potentialAction\":[{\"@type\":\"CommentAction\",\"name\":\"Comment\",\"target\":[\"https:\\\/\\\/lospoliticosveracruz.com\\\/?p=33970#respond\"]}]},{\"@type\":\"WebPage\",\"@id\":\"https:\\\/\\\/lospoliticosveracruz.com\\\/?p=33970\",\"url\":\"https:\\\/\\\/lospoliticosveracruz.com\\\/?p=33970\",\"name\":\"Millennials, el reto electoral - Los pol\u00edticos Veracruz\",\"isPartOf\":{\"@id\":\"https:\\\/\\\/lospoliticosveracruz.com\\\/#website\"},\"datePublished\":\"2017-05-26T14:33:06+00:00\",\"breadcrumb\":{\"@id\":\"https:\\\/\\\/lospoliticosveracruz.com\\\/?p=33970#breadcrumb\"},\"inLanguage\":\"es\",\"potentialAction\":[{\"@type\":\"ReadAction\",\"target\":[\"https:\\\/\\\/lospoliticosveracruz.com\\\/?p=33970\"]}]},{\"@type\":\"BreadcrumbList\",\"@id\":\"https:\\\/\\\/lospoliticosveracruz.com\\\/?p=33970#breadcrumb\",\"itemListElement\":[{\"@type\":\"ListItem\",\"position\":1,\"name\":\"Portada\",\"item\":\"https:\\\/\\\/lospoliticosveracruz.com\\\/\"},{\"@type\":\"ListItem\",\"position\":2,\"name\":\"Millennials, el reto electoral\"}]},{\"@type\":\"WebSite\",\"@id\":\"https:\\\/\\\/lospoliticosveracruz.com\\\/#website\",\"url\":\"https:\\\/\\\/lospoliticosveracruz.com\\\/\",\"name\":\"Los pol\u00edticos Veracruz\",\"description\":\"\",\"publisher\":{\"@id\":\"https:\\\/\\\/lospoliticosveracruz.com\\\/#organization\"},\"potentialAction\":[{\"@type\":\"SearchAction\",\"target\":{\"@type\":\"EntryPoint\",\"urlTemplate\":\"https:\\\/\\\/lospoliticosveracruz.com\\\/?s={search_term_string}\"},\"query-input\":{\"@type\":\"PropertyValueSpecification\",\"valueRequired\":true,\"valueName\":\"search_term_string\"}}],\"inLanguage\":\"es\"},{\"@type\":\"Organization\",\"@id\":\"https:\\\/\\\/lospoliticosveracruz.com\\\/#organization\",\"name\":\"Los pol\u00edticos Veracruz\",\"url\":\"https:\\\/\\\/lospoliticosveracruz.com\\\/\",\"logo\":{\"@type\":\"ImageObject\",\"inLanguage\":\"es\",\"@id\":\"https:\\\/\\\/lospoliticosveracruz.com\\\/#\\\/schema\\\/logo\\\/image\\\/\",\"url\":\"https:\\\/\\\/lospoliticosveracruz.com\\\/wp-content\\\/uploads\\\/2025\\\/12\\\/Logo-Nuevo-LOS-POLITICOS-1.jpg\",\"contentUrl\":\"https:\\\/\\\/lospoliticosveracruz.com\\\/wp-content\\\/uploads\\\/2025\\\/12\\\/Logo-Nuevo-LOS-POLITICOS-1.jpg\",\"width\":260,\"height\":70,\"caption\":\"Los pol\u00edticos Veracruz\"},\"image\":{\"@id\":\"https:\\\/\\\/lospoliticosveracruz.com\\\/#\\\/schema\\\/logo\\\/image\\\/\"},\"sameAs\":[\"https:\\\/\\\/www.facebook.com\\\/people\\\/Notimemes-de-los-Polticos\\\/61565672886568\\\/\",\"https:\\\/\\\/x.com\\\/LosPoliticosVer\"]},{\"@type\":\"Person\",\"@id\":\"https:\\\/\\\/lospoliticosveracruz.com\\\/#\\\/schema\\\/person\\\/b8702bb0e538456e6efd07080bf2a4a2\",\"name\":\"Lo viste en Los Pol\u00edticos\",\"image\":{\"@type\":\"ImageObject\",\"inLanguage\":\"es\",\"@id\":\"https:\\\/\\\/secure.gravatar.com\\\/avatar\\\/3a8de04a2656d44082be478bd6c086daa447c4651605818287b9532d3d0bd435?s=96&d=mm&r=g\",\"url\":\"https:\\\/\\\/secure.gravatar.com\\\/avatar\\\/3a8de04a2656d44082be478bd6c086daa447c4651605818287b9532d3d0bd435?s=96&d=mm&r=g\",\"contentUrl\":\"https:\\\/\\\/secure.gravatar.com\\\/avatar\\\/3a8de04a2656d44082be478bd6c086daa447c4651605818287b9532d3d0bd435?s=96&d=mm&r=g\",\"caption\":\"Lo viste en Los Pol\u00edticos\"},\"url\":\"https:\\\/\\\/lospoliticosveracruz.com\\\/?author=2\"}]}<\/script>\n<!-- \/ Yoast SEO plugin. -->","yoast_head_json":{"title":"Millennials, el reto electoral - Los pol\u00edticos Veracruz","robots":{"index":"index","follow":"follow","max-snippet":"max-snippet:-1","max-image-preview":"max-image-preview:large","max-video-preview":"max-video-preview:-1"},"canonical":"https:\/\/lospoliticosveracruz.com\/?p=33970","og_locale":"es_ES","og_type":"article","og_title":"Millennials, el reto electoral - Los pol\u00edticos Veracruz","og_description":"Naldy Rodr\u00edguez Transparencia 3.0 Los j\u00f3venes no son el futuro, son el presente. Aunque suene a frase trillada, para este elecci\u00f3n local s\u00ed son mayor\u00eda, representan el grupo de edad con m\u00e1s votantes en Veracruz. El problema es que no ejercen su derecho y obligaci\u00f3n. Las que s\u00ed votan son las mujeres y lo hacen [&hellip;]","og_url":"https:\/\/lospoliticosveracruz.com\/?p=33970","og_site_name":"Los pol\u00edticos Veracruz","article_publisher":"https:\/\/www.facebook.com\/people\/Notimemes-de-los-Polticos\/61565672886568\/","article_published_time":"2017-05-26T14:33:06+00:00","og_image":[{"width":200,"height":200,"url":"https:\/\/lospoliticosveracruz.com\/wp-content\/uploads\/2016\/07\/Logo-Dor.jpg","type":"image\/jpeg"}],"author":"Lo viste en Los Pol\u00edticos","twitter_card":"summary_large_image","twitter_creator":"@LosPoliticosVer","twitter_site":"@LosPoliticosVer","twitter_misc":{"Escrito por":"Lo viste en Los Pol\u00edticos","Tiempo de lectura":"4 minutos"},"schema":{"@context":"https:\/\/schema.org","@graph":[{"@type":"Article","@id":"https:\/\/lospoliticosveracruz.com\/?p=33970#article","isPartOf":{"@id":"https:\/\/lospoliticosveracruz.com\/?p=33970"},"author":{"name":"Lo viste en Los Pol\u00edticos","@id":"https:\/\/lospoliticosveracruz.com\/#\/schema\/person\/b8702bb0e538456e6efd07080bf2a4a2"},"headline":"Millennials, el reto electoral","datePublished":"2017-05-26T14:33:06+00:00","mainEntityOfPage":{"@id":"https:\/\/lospoliticosveracruz.com\/?p=33970"},"wordCount":737,"commentCount":0,"publisher":{"@id":"https:\/\/lospoliticosveracruz.com\/#organization"},"keywords":["elecciones","J\u00f3venes","Veracruz"],"articleSection":["De Opini\u00f3n"],"inLanguage":"es","potentialAction":[{"@type":"CommentAction","name":"Comment","target":["https:\/\/lospoliticosveracruz.com\/?p=33970#respond"]}]},{"@type":"WebPage","@id":"https:\/\/lospoliticosveracruz.com\/?p=33970","url":"https:\/\/lospoliticosveracruz.com\/?p=33970","name":"Millennials, el reto electoral - Los pol\u00edticos Veracruz","isPartOf":{"@id":"https:\/\/lospoliticosveracruz.com\/#website"},"datePublished":"2017-05-26T14:33:06+00:00","breadcrumb":{"@id":"https:\/\/lospoliticosveracruz.com\/?p=33970#breadcrumb"},"inLanguage":"es","potentialAction":[{"@type":"ReadAction","target":["https:\/\/lospoliticosveracruz.com\/?p=33970"]}]},{"@type":"BreadcrumbList","@id":"https:\/\/lospoliticosveracruz.com\/?p=33970#breadcrumb","itemListElement":[{"@type":"ListItem","position":1,"name":"Portada","item":"https:\/\/lospoliticosveracruz.com\/"},{"@type":"ListItem","position":2,"name":"Millennials, el reto electoral"}]},{"@type":"WebSite","@id":"https:\/\/lospoliticosveracruz.com\/#website","url":"https:\/\/lospoliticosveracruz.com\/","name":"Los pol\u00edticos Veracruz","description":"","publisher":{"@id":"https:\/\/lospoliticosveracruz.com\/#organization"},"potentialAction":[{"@type":"SearchAction","target":{"@type":"EntryPoint","urlTemplate":"https:\/\/lospoliticosveracruz.com\/?s={search_term_string}"},"query-input":{"@type":"PropertyValueSpecification","valueRequired":true,"valueName":"search_term_string"}}],"inLanguage":"es"},{"@type":"Organization","@id":"https:\/\/lospoliticosveracruz.com\/#organization","name":"Los pol\u00edticos Veracruz","url":"https:\/\/lospoliticosveracruz.com\/","logo":{"@type":"ImageObject","inLanguage":"es","@id":"https:\/\/lospoliticosveracruz.com\/#\/schema\/logo\/image\/","url":"https:\/\/lospoliticosveracruz.com\/wp-content\/uploads\/2025\/12\/Logo-Nuevo-LOS-POLITICOS-1.jpg","contentUrl":"https:\/\/lospoliticosveracruz.com\/wp-content\/uploads\/2025\/12\/Logo-Nuevo-LOS-POLITICOS-1.jpg","width":260,"height":70,"caption":"Los pol\u00edticos Veracruz"},"image":{"@id":"https:\/\/lospoliticosveracruz.com\/#\/schema\/logo\/image\/"},"sameAs":["https:\/\/www.facebook.com\/people\/Notimemes-de-los-Polticos\/61565672886568\/","https:\/\/x.com\/LosPoliticosVer"]},{"@type":"Person","@id":"https:\/\/lospoliticosveracruz.com\/#\/schema\/person\/b8702bb0e538456e6efd07080bf2a4a2","name":"Lo viste en Los Pol\u00edticos","image":{"@type":"ImageObject","inLanguage":"es","@id":"https:\/\/secure.gravatar.com\/avatar\/3a8de04a2656d44082be478bd6c086daa447c4651605818287b9532d3d0bd435?s=96&d=mm&r=g","url":"https:\/\/secure.gravatar.com\/avatar\/3a8de04a2656d44082be478bd6c086daa447c4651605818287b9532d3d0bd435?s=96&d=mm&r=g","contentUrl":"https:\/\/secure.gravatar.com\/avatar\/3a8de04a2656d44082be478bd6c086daa447c4651605818287b9532d3d0bd435?s=96&d=mm&r=g","caption":"Lo viste en Los Pol\u00edticos"},"url":"https:\/\/lospoliticosveracruz.com\/?author=2"}]}},"_links":{"self":[{"href":"https:\/\/lospoliticosveracruz.com\/index.php?rest_route=\/wp\/v2\/posts\/33970","targetHints":{"allow":["GET"]}}],"collection":[{"href":"https:\/\/lospoliticosveracruz.com\/index.php?rest_route=\/wp\/v2\/posts"}],"about":[{"href":"https:\/\/lospoliticosveracruz.com\/index.php?rest_route=\/wp\/v2\/types\/post"}],"author":[{"embeddable":true,"href":"https:\/\/lospoliticosveracruz.com\/index.php?rest_route=\/wp\/v2\/users\/2"}],"replies":[{"embeddable":true,"href":"https:\/\/lospoliticosveracruz.com\/index.php?rest_route=%2Fwp%2Fv2%2Fcomments&post=33970"}],"version-history":[{"count":1,"href":"https:\/\/lospoliticosveracruz.com\/index.php?rest_route=\/wp\/v2\/posts\/33970\/revisions"}],"predecessor-version":[{"id":33971,"href":"https:\/\/lospoliticosveracruz.com\/index.php?rest_route=\/wp\/v2\/posts\/33970\/revisions\/33971"}],"wp:attachment":[{"href":"https:\/\/lospoliticosveracruz.com\/index.php?rest_route=%2Fwp%2Fv2%2Fmedia&parent=33970"}],"wp:term":[{"taxonomy":"category","embeddable":true,"href":"https:\/\/lospoliticosveracruz.com\/index.php?rest_route=%2Fwp%2Fv2%2Fcategories&post=33970"},{"taxonomy":"post_tag","embeddable":true,"href":"https:\/\/lospoliticosveracruz.com\/index.php?rest_route=%2Fwp%2Fv2%2Ftags&post=33970"}],"curies":[{"name":"wp","href":"https:\/\/api.w.org\/{rel}","templated":true}]}}