{"id":33982,"date":"2017-05-26T17:58:04","date_gmt":"2017-05-26T22:58:04","guid":{"rendered":"http:\/\/www.lospoliticosveracruz.com.mx\/?p=33982"},"modified":"2017-05-26T17:58:04","modified_gmt":"2017-05-26T22:58:04","slug":"el-habitat-electoral","status":"publish","type":"post","link":"https:\/\/lospoliticosveracruz.com\/?p=33982","title":{"rendered":"El h\u00e1bitat electoral"},"content":{"rendered":"<p><strong>David Carri\u00f3n Rosales<\/strong><\/p>\n<p><em>Tragos de caf\u00e9<\/em><\/p>\n<p>&nbsp;<\/p>\n<p><strong>PREP-Casilla<\/strong><\/p>\n<p>El caf\u00e9 sirvi\u00f3 de sobremesa para la suelta charla con la consejera Eva Barrientos Zepeda. Nos habl\u00f3 de PREP-Casilla, la app anti-fraudes del OPLE.<\/p>\n<p>Las nuevas tecnolog\u00edas dar\u00e1n certeza y seguridad en las pr\u00f3ximas elecciones. La aplicaci\u00f3n PREP-Casilla ser\u00e1 el instrumento del cual se sirvan los presidentes de casilla para \u201ccapturar\u201d el acta.<\/p>\n<p>Con celular en mano y por medio de una fotograf\u00eda, se enviar\u00e1 el acta con el total de votos por casilla y se asentar\u00e1 en los registros electr\u00f3nicos. De esta manera, aunque suceda cualquier hecho que vulnere o destruya el acta, \u00e9sta ya se encontrar\u00e1 en manos del OPLE.<\/p>\n<p>M\u00e1s de 10,200 casillas ser\u00e1n instaladas para el proceso, y el poder de computar estos resultados estar\u00e1 en manos de los m\u00e1s de 1,300 funcionarios de casilla. Quienes, dicho sea de paso, fueron elegidos por un proceso de m\u00e1s de 3 mil entrevistas personales realizadas por los marat\u00f3nicos consejeros del OPLE.<\/p>\n<p><strong>Debates: espect\u00e1culos de supervivencia<\/strong><\/p>\n<p>El formato actual de los debates que tendr\u00edan que hacer los candidatos a un cargo p\u00fablico est\u00e1 m\u00e1s orientado a ser un mon\u00f3logo discursivo que una verdadera discusi\u00f3n, una porf\u00eda de argumentos o una lucha de ideas. Algo ut\u00f3pico, considerando que ahora en los debates se cuida m\u00e1s la imagen que el contenido, velando que el candidato sobreviva sin cometer alg\u00fan error que le reste votos.<\/p>\n<p>Pero, \u00bfqu\u00e9 sucede si un candidato no se presenta a un debate oficial? Pues a \u00e9l no le pasa nada. Simplemente se burla el ejercicio democr\u00e1tico y se deja al aire lo que la poca ciudadana podr\u00eda aprender del candidato.<\/p>\n<p>Ejemplos hay muchos, como el debate, hasta ahora, m\u00e1s corto: Xico tuvo un \u201cdebate\u201d que dur\u00f3 menos de 48 segundos, al declarase desierto el ejercicio porque s\u00f3lo se present\u00f3 uno de los candidatos.<\/p>\n<p>Los pr\u00f3ximos regidores, sobre todo los que est\u00e1n en el codiciado lugar n\u00famero uno, ya tienen garantizado puesto y hueso. Aunque sus candidatos no caminen, no debatan, no salgan, ellos ya estar\u00e1n sentados en el cabildo.<\/p>\n<p>\u00bfSe podr\u00e1 considerar como un abandono a la cultura democr\u00e1tica? \u00bfPodremos exigir que as\u00ed lo hagan? No lo s\u00e9, pero mientras no transitemos correctamente de la ideolog\u00eda democr\u00e1tica a la praxis\u2026 seguiremos siendo una democracia robusta, onerosa y siempre joven.<\/p>\n<p><strong>Caf\u00e9 expr\u00e9s<\/strong><\/p>\n<p>En 2015 surgi\u00f3 una iniciativa llamada #NoTeAnules, donde desde las aulas de los juristas de la UNAM explicaban con palitos y bolitas el porqu\u00e9 no le conviene a M\u00e9xico, ni a uno mismo, anular el voto. Veamos:<\/p>\n<p>Nuestra legislaci\u00f3n distingue entre la Votaci\u00f3n Total \u2013el total de todos los votos emitidos, incluyendo los nulos- y la Votaci\u00f3n Nacional \u2013que excluye los votos nulos, votos no contabilizados y los votos que presentaron inconsistencias-. Esto es, que despu\u00e9s de la elecci\u00f3n se toma el pastel, se quita la rebaba de los nulos y se vuelve a hacer un nuevo pastel con los votos emitidos a los partidos.<\/p>\n<p>A partir del Voto Nacional \u2013el nuevo pastel- es como los partidos obtienen los beneficios de candidatos plurinominales, dinero para operar los pr\u00f3ximos tres a\u00f1os, el dinero para campa\u00f1as y dem\u00e1s.<\/p>\n<p>El abstencionismo y el voto nulo son como primos hermanos del mismo mal, el pr\u00f3ximo 4 de junio conviene m\u00e1s salir a votar que no hacerlo.<\/p>\n<p>@DavoCarrion www.journalveracruz.com<\/p>\n","protected":false},"excerpt":{"rendered":"<p>David Carri\u00f3n Rosales Tragos de caf\u00e9 &nbsp; PREP-Casilla El caf\u00e9 sirvi\u00f3 de sobremesa para la suelta charla con la consejera Eva Barrientos Zepeda. Nos habl\u00f3 de PREP-Casilla, la app anti-fraudes del OPLE. Las nuevas tecnolog\u00edas dar\u00e1n certeza y seguridad en las pr\u00f3ximas elecciones. La aplicaci\u00f3n PREP-Casilla ser\u00e1 el instrumento del cual se sirvan los presidentes [&hellip;]<\/p>\n","protected":false},"author":2,"featured_media":0,"comment_status":"open","ping_status":"open","sticky":false,"template":"","format":"standard","meta":{"tdm_status":"","tdm_grid_status":"","footnotes":""},"categories":[70],"tags":[6178,3272,8419],"class_list":{"0":"post-33982","1":"post","2":"type-post","3":"status-publish","4":"format-standard","6":"category-de-opinion","7":"tag-eva-barrientos-zepeda","8":"tag-ople","9":"tag-prep-casilla"},"yoast_head":"<!-- This site is optimized with the Yoast SEO plugin v27.4 - https:\/\/yoast.com\/product\/yoast-seo-wordpress\/ -->\n<title>El h\u00e1bitat electoral - Los pol\u00edticos Veracruz<\/title>\n<meta name=\"robots\" content=\"index, follow, max-snippet:-1, max-image-preview:large, max-video-preview:-1\" \/>\n<link rel=\"canonical\" href=\"https:\/\/lospoliticosveracruz.com\/?p=33982\" \/>\n<meta property=\"og:locale\" content=\"es_ES\" \/>\n<meta property=\"og:type\" content=\"article\" \/>\n<meta property=\"og:title\" content=\"El h\u00e1bitat electoral - Los pol\u00edticos Veracruz\" \/>\n<meta property=\"og:description\" content=\"David Carri\u00f3n Rosales Tragos de caf\u00e9 &nbsp; PREP-Casilla El caf\u00e9 sirvi\u00f3 de sobremesa para la suelta charla con la consejera Eva Barrientos Zepeda. Nos habl\u00f3 de PREP-Casilla, la app anti-fraudes del OPLE. Las nuevas tecnolog\u00edas dar\u00e1n certeza y seguridad en las pr\u00f3ximas elecciones. La aplicaci\u00f3n PREP-Casilla ser\u00e1 el instrumento del cual se sirvan los presidentes [&hellip;]\" \/>\n<meta property=\"og:url\" content=\"https:\/\/lospoliticosveracruz.com\/?p=33982\" \/>\n<meta property=\"og:site_name\" content=\"Los pol\u00edticos Veracruz\" \/>\n<meta property=\"article:publisher\" content=\"https:\/\/www.facebook.com\/people\/Notimemes-de-los-Polticos\/61565672886568\/\" \/>\n<meta property=\"article:published_time\" content=\"2017-05-26T22:58:04+00:00\" \/>\n<meta property=\"og:image\" content=\"https:\/\/lospoliticosveracruz.com\/wp-content\/uploads\/2016\/07\/Logo-Dor.jpg\" \/>\n\t<meta property=\"og:image:width\" content=\"200\" \/>\n\t<meta property=\"og:image:height\" content=\"200\" \/>\n\t<meta property=\"og:image:type\" content=\"image\/jpeg\" \/>\n<meta name=\"author\" content=\"Lo viste en Los Pol\u00edticos\" \/>\n<meta name=\"twitter:card\" content=\"summary_large_image\" \/>\n<meta name=\"twitter:creator\" content=\"@LosPoliticosVer\" \/>\n<meta name=\"twitter:site\" content=\"@LosPoliticosVer\" \/>\n<meta name=\"twitter:label1\" content=\"Escrito por\" \/>\n\t<meta name=\"twitter:data1\" content=\"Lo viste en Los Pol\u00edticos\" \/>\n\t<meta name=\"twitter:label2\" content=\"Tiempo de lectura\" \/>\n\t<meta name=\"twitter:data2\" content=\"3 minutos\" \/>\n<script type=\"application\/ld+json\" class=\"yoast-schema-graph\">{\"@context\":\"https:\\\/\\\/schema.org\",\"@graph\":[{\"@type\":\"Article\",\"@id\":\"https:\\\/\\\/lospoliticosveracruz.com\\\/?p=33982#article\",\"isPartOf\":{\"@id\":\"https:\\\/\\\/lospoliticosveracruz.com\\\/?p=33982\"},\"author\":{\"name\":\"Lo viste en Los Pol\u00edticos\",\"@id\":\"https:\\\/\\\/lospoliticosveracruz.com\\\/#\\\/schema\\\/person\\\/b8702bb0e538456e6efd07080bf2a4a2\"},\"headline\":\"El h\u00e1bitat electoral\",\"datePublished\":\"2017-05-26T22:58:04+00:00\",\"mainEntityOfPage\":{\"@id\":\"https:\\\/\\\/lospoliticosveracruz.com\\\/?p=33982\"},\"wordCount\":592,\"commentCount\":0,\"publisher\":{\"@id\":\"https:\\\/\\\/lospoliticosveracruz.com\\\/#organization\"},\"keywords\":[\"Eva Barrientos Zepeda\",\"OPLE\",\"PREP-Casilla\"],\"articleSection\":[\"De Opini\u00f3n\"],\"inLanguage\":\"es\",\"potentialAction\":[{\"@type\":\"CommentAction\",\"name\":\"Comment\",\"target\":[\"https:\\\/\\\/lospoliticosveracruz.com\\\/?p=33982#respond\"]}]},{\"@type\":\"WebPage\",\"@id\":\"https:\\\/\\\/lospoliticosveracruz.com\\\/?p=33982\",\"url\":\"https:\\\/\\\/lospoliticosveracruz.com\\\/?p=33982\",\"name\":\"El h\u00e1bitat electoral - Los pol\u00edticos Veracruz\",\"isPartOf\":{\"@id\":\"https:\\\/\\\/lospoliticosveracruz.com\\\/#website\"},\"datePublished\":\"2017-05-26T22:58:04+00:00\",\"breadcrumb\":{\"@id\":\"https:\\\/\\\/lospoliticosveracruz.com\\\/?p=33982#breadcrumb\"},\"inLanguage\":\"es\",\"potentialAction\":[{\"@type\":\"ReadAction\",\"target\":[\"https:\\\/\\\/lospoliticosveracruz.com\\\/?p=33982\"]}]},{\"@type\":\"BreadcrumbList\",\"@id\":\"https:\\\/\\\/lospoliticosveracruz.com\\\/?p=33982#breadcrumb\",\"itemListElement\":[{\"@type\":\"ListItem\",\"position\":1,\"name\":\"Portada\",\"item\":\"https:\\\/\\\/lospoliticosveracruz.com\\\/\"},{\"@type\":\"ListItem\",\"position\":2,\"name\":\"El h\u00e1bitat electoral\"}]},{\"@type\":\"WebSite\",\"@id\":\"https:\\\/\\\/lospoliticosveracruz.com\\\/#website\",\"url\":\"https:\\\/\\\/lospoliticosveracruz.com\\\/\",\"name\":\"Los pol\u00edticos Veracruz\",\"description\":\"\",\"publisher\":{\"@id\":\"https:\\\/\\\/lospoliticosveracruz.com\\\/#organization\"},\"potentialAction\":[{\"@type\":\"SearchAction\",\"target\":{\"@type\":\"EntryPoint\",\"urlTemplate\":\"https:\\\/\\\/lospoliticosveracruz.com\\\/?s={search_term_string}\"},\"query-input\":{\"@type\":\"PropertyValueSpecification\",\"valueRequired\":true,\"valueName\":\"search_term_string\"}}],\"inLanguage\":\"es\"},{\"@type\":\"Organization\",\"@id\":\"https:\\\/\\\/lospoliticosveracruz.com\\\/#organization\",\"name\":\"Los pol\u00edticos Veracruz\",\"url\":\"https:\\\/\\\/lospoliticosveracruz.com\\\/\",\"logo\":{\"@type\":\"ImageObject\",\"inLanguage\":\"es\",\"@id\":\"https:\\\/\\\/lospoliticosveracruz.com\\\/#\\\/schema\\\/logo\\\/image\\\/\",\"url\":\"https:\\\/\\\/lospoliticosveracruz.com\\\/wp-content\\\/uploads\\\/2025\\\/12\\\/Logo-Nuevo-LOS-POLITICOS-1.jpg\",\"contentUrl\":\"https:\\\/\\\/lospoliticosveracruz.com\\\/wp-content\\\/uploads\\\/2025\\\/12\\\/Logo-Nuevo-LOS-POLITICOS-1.jpg\",\"width\":260,\"height\":70,\"caption\":\"Los pol\u00edticos Veracruz\"},\"image\":{\"@id\":\"https:\\\/\\\/lospoliticosveracruz.com\\\/#\\\/schema\\\/logo\\\/image\\\/\"},\"sameAs\":[\"https:\\\/\\\/www.facebook.com\\\/people\\\/Notimemes-de-los-Polticos\\\/61565672886568\\\/\",\"https:\\\/\\\/x.com\\\/LosPoliticosVer\"]},{\"@type\":\"Person\",\"@id\":\"https:\\\/\\\/lospoliticosveracruz.com\\\/#\\\/schema\\\/person\\\/b8702bb0e538456e6efd07080bf2a4a2\",\"name\":\"Lo viste en Los Pol\u00edticos\",\"image\":{\"@type\":\"ImageObject\",\"inLanguage\":\"es\",\"@id\":\"https:\\\/\\\/secure.gravatar.com\\\/avatar\\\/3a8de04a2656d44082be478bd6c086daa447c4651605818287b9532d3d0bd435?s=96&d=mm&r=g\",\"url\":\"https:\\\/\\\/secure.gravatar.com\\\/avatar\\\/3a8de04a2656d44082be478bd6c086daa447c4651605818287b9532d3d0bd435?s=96&d=mm&r=g\",\"contentUrl\":\"https:\\\/\\\/secure.gravatar.com\\\/avatar\\\/3a8de04a2656d44082be478bd6c086daa447c4651605818287b9532d3d0bd435?s=96&d=mm&r=g\",\"caption\":\"Lo viste en Los Pol\u00edticos\"},\"url\":\"https:\\\/\\\/lospoliticosveracruz.com\\\/?author=2\"}]}<\/script>\n<!-- \/ Yoast SEO plugin. -->","yoast_head_json":{"title":"El h\u00e1bitat electoral - Los pol\u00edticos Veracruz","robots":{"index":"index","follow":"follow","max-snippet":"max-snippet:-1","max-image-preview":"max-image-preview:large","max-video-preview":"max-video-preview:-1"},"canonical":"https:\/\/lospoliticosveracruz.com\/?p=33982","og_locale":"es_ES","og_type":"article","og_title":"El h\u00e1bitat electoral - Los pol\u00edticos Veracruz","og_description":"David Carri\u00f3n Rosales Tragos de caf\u00e9 &nbsp; PREP-Casilla El caf\u00e9 sirvi\u00f3 de sobremesa para la suelta charla con la consejera Eva Barrientos Zepeda. Nos habl\u00f3 de PREP-Casilla, la app anti-fraudes del OPLE. Las nuevas tecnolog\u00edas dar\u00e1n certeza y seguridad en las pr\u00f3ximas elecciones. La aplicaci\u00f3n PREP-Casilla ser\u00e1 el instrumento del cual se sirvan los presidentes [&hellip;]","og_url":"https:\/\/lospoliticosveracruz.com\/?p=33982","og_site_name":"Los pol\u00edticos Veracruz","article_publisher":"https:\/\/www.facebook.com\/people\/Notimemes-de-los-Polticos\/61565672886568\/","article_published_time":"2017-05-26T22:58:04+00:00","og_image":[{"width":200,"height":200,"url":"https:\/\/lospoliticosveracruz.com\/wp-content\/uploads\/2016\/07\/Logo-Dor.jpg","type":"image\/jpeg"}],"author":"Lo viste en Los Pol\u00edticos","twitter_card":"summary_large_image","twitter_creator":"@LosPoliticosVer","twitter_site":"@LosPoliticosVer","twitter_misc":{"Escrito por":"Lo viste en Los Pol\u00edticos","Tiempo de lectura":"3 minutos"},"schema":{"@context":"https:\/\/schema.org","@graph":[{"@type":"Article","@id":"https:\/\/lospoliticosveracruz.com\/?p=33982#article","isPartOf":{"@id":"https:\/\/lospoliticosveracruz.com\/?p=33982"},"author":{"name":"Lo viste en Los Pol\u00edticos","@id":"https:\/\/lospoliticosveracruz.com\/#\/schema\/person\/b8702bb0e538456e6efd07080bf2a4a2"},"headline":"El h\u00e1bitat electoral","datePublished":"2017-05-26T22:58:04+00:00","mainEntityOfPage":{"@id":"https:\/\/lospoliticosveracruz.com\/?p=33982"},"wordCount":592,"commentCount":0,"publisher":{"@id":"https:\/\/lospoliticosveracruz.com\/#organization"},"keywords":["Eva Barrientos Zepeda","OPLE","PREP-Casilla"],"articleSection":["De Opini\u00f3n"],"inLanguage":"es","potentialAction":[{"@type":"CommentAction","name":"Comment","target":["https:\/\/lospoliticosveracruz.com\/?p=33982#respond"]}]},{"@type":"WebPage","@id":"https:\/\/lospoliticosveracruz.com\/?p=33982","url":"https:\/\/lospoliticosveracruz.com\/?p=33982","name":"El h\u00e1bitat electoral - Los pol\u00edticos Veracruz","isPartOf":{"@id":"https:\/\/lospoliticosveracruz.com\/#website"},"datePublished":"2017-05-26T22:58:04+00:00","breadcrumb":{"@id":"https:\/\/lospoliticosveracruz.com\/?p=33982#breadcrumb"},"inLanguage":"es","potentialAction":[{"@type":"ReadAction","target":["https:\/\/lospoliticosveracruz.com\/?p=33982"]}]},{"@type":"BreadcrumbList","@id":"https:\/\/lospoliticosveracruz.com\/?p=33982#breadcrumb","itemListElement":[{"@type":"ListItem","position":1,"name":"Portada","item":"https:\/\/lospoliticosveracruz.com\/"},{"@type":"ListItem","position":2,"name":"El h\u00e1bitat electoral"}]},{"@type":"WebSite","@id":"https:\/\/lospoliticosveracruz.com\/#website","url":"https:\/\/lospoliticosveracruz.com\/","name":"Los pol\u00edticos Veracruz","description":"","publisher":{"@id":"https:\/\/lospoliticosveracruz.com\/#organization"},"potentialAction":[{"@type":"SearchAction","target":{"@type":"EntryPoint","urlTemplate":"https:\/\/lospoliticosveracruz.com\/?s={search_term_string}"},"query-input":{"@type":"PropertyValueSpecification","valueRequired":true,"valueName":"search_term_string"}}],"inLanguage":"es"},{"@type":"Organization","@id":"https:\/\/lospoliticosveracruz.com\/#organization","name":"Los pol\u00edticos Veracruz","url":"https:\/\/lospoliticosveracruz.com\/","logo":{"@type":"ImageObject","inLanguage":"es","@id":"https:\/\/lospoliticosveracruz.com\/#\/schema\/logo\/image\/","url":"https:\/\/lospoliticosveracruz.com\/wp-content\/uploads\/2025\/12\/Logo-Nuevo-LOS-POLITICOS-1.jpg","contentUrl":"https:\/\/lospoliticosveracruz.com\/wp-content\/uploads\/2025\/12\/Logo-Nuevo-LOS-POLITICOS-1.jpg","width":260,"height":70,"caption":"Los pol\u00edticos Veracruz"},"image":{"@id":"https:\/\/lospoliticosveracruz.com\/#\/schema\/logo\/image\/"},"sameAs":["https:\/\/www.facebook.com\/people\/Notimemes-de-los-Polticos\/61565672886568\/","https:\/\/x.com\/LosPoliticosVer"]},{"@type":"Person","@id":"https:\/\/lospoliticosveracruz.com\/#\/schema\/person\/b8702bb0e538456e6efd07080bf2a4a2","name":"Lo viste en Los Pol\u00edticos","image":{"@type":"ImageObject","inLanguage":"es","@id":"https:\/\/secure.gravatar.com\/avatar\/3a8de04a2656d44082be478bd6c086daa447c4651605818287b9532d3d0bd435?s=96&d=mm&r=g","url":"https:\/\/secure.gravatar.com\/avatar\/3a8de04a2656d44082be478bd6c086daa447c4651605818287b9532d3d0bd435?s=96&d=mm&r=g","contentUrl":"https:\/\/secure.gravatar.com\/avatar\/3a8de04a2656d44082be478bd6c086daa447c4651605818287b9532d3d0bd435?s=96&d=mm&r=g","caption":"Lo viste en Los Pol\u00edticos"},"url":"https:\/\/lospoliticosveracruz.com\/?author=2"}]}},"_links":{"self":[{"href":"https:\/\/lospoliticosveracruz.com\/index.php?rest_route=\/wp\/v2\/posts\/33982","targetHints":{"allow":["GET"]}}],"collection":[{"href":"https:\/\/lospoliticosveracruz.com\/index.php?rest_route=\/wp\/v2\/posts"}],"about":[{"href":"https:\/\/lospoliticosveracruz.com\/index.php?rest_route=\/wp\/v2\/types\/post"}],"author":[{"embeddable":true,"href":"https:\/\/lospoliticosveracruz.com\/index.php?rest_route=\/wp\/v2\/users\/2"}],"replies":[{"embeddable":true,"href":"https:\/\/lospoliticosveracruz.com\/index.php?rest_route=%2Fwp%2Fv2%2Fcomments&post=33982"}],"version-history":[{"count":1,"href":"https:\/\/lospoliticosveracruz.com\/index.php?rest_route=\/wp\/v2\/posts\/33982\/revisions"}],"predecessor-version":[{"id":33983,"href":"https:\/\/lospoliticosveracruz.com\/index.php?rest_route=\/wp\/v2\/posts\/33982\/revisions\/33983"}],"wp:attachment":[{"href":"https:\/\/lospoliticosveracruz.com\/index.php?rest_route=%2Fwp%2Fv2%2Fmedia&parent=33982"}],"wp:term":[{"taxonomy":"category","embeddable":true,"href":"https:\/\/lospoliticosveracruz.com\/index.php?rest_route=%2Fwp%2Fv2%2Fcategories&post=33982"},{"taxonomy":"post_tag","embeddable":true,"href":"https:\/\/lospoliticosveracruz.com\/index.php?rest_route=%2Fwp%2Fv2%2Ftags&post=33982"}],"curies":[{"name":"wp","href":"https:\/\/api.w.org\/{rel}","templated":true}]}}