{"id":34011,"date":"2017-05-28T22:30:44","date_gmt":"2017-05-29T03:30:44","guid":{"rendered":"http:\/\/www.lospoliticosveracruz.com.mx\/?p=34011"},"modified":"2017-05-28T22:30:44","modified_gmt":"2017-05-29T03:30:44","slug":"mujeres-en-el-ojo-del-huracan","status":"publish","type":"post","link":"https:\/\/lospoliticosveracruz.com\/?p=34011","title":{"rendered":"Mujeres en el ojo del hurac\u00e1n"},"content":{"rendered":"<p><strong>Brenda Caballero<\/strong><\/p>\n<p><em>N\u00fameros Rojos<\/em><\/p>\n<p>&nbsp;<\/p>\n<p>&nbsp;<\/p>\n<p>Es lunes de Mujeres y tenemos muchas de ellas en el ojo del hurac\u00e1n, pero empecemos por el caso de Eva Cadena, quien dijeran por all\u00ed sali\u00f3 m\u00e1s inteligente que bonita, pues despu\u00e9s de que pareciera lavadora de dinero, hasta su palabra cobr\u00f3 peso al decir que Roc\u00edo Nahle es la verdadera recaudadora de Morena. Por cierto, Eva tiene un amparo y mand\u00f3 su declaraci\u00f3n por escrito a la Fepade \u00bfseguir\u00e1n saliendo otros videos?<\/p>\n<p>Pero \u00bfpor qu\u00e9 inculpar a Roc\u00edo Nahle? Recordemos que la diputada federal es la morenista que mayor peso tiene en Veracruz, a\u00fan por encima de Cuitl\u00e1huac Garc\u00eda; incluso se lleg\u00f3 a decir que ella pudiera ser la candidata a la gubernatura para el 2018, pues goza de la mayor confianza de L\u00f3pez Obrador \u00bfser\u00e1 por ello toda la guerra sucia?<\/p>\n<p>Ahora que si de fines pol\u00edticos se trata, hab\u00eda que embarrar a alguien, y a qui\u00e9n m\u00e1s que a la hermana del fiscal Jorge Winckler, Ana Mar\u00eda, la que por cierto, parece que nada tiene que ver en este asunto, tan s\u00f3lo por molestar al gobierno en turno.<\/p>\n<p>II<\/p>\n<p>Toca el turno a las candidatas por el Ayuntamiento de Xalapa, Ana Miriam y Brenda Aguilar, las \u00fanicas mujeres por la alcald\u00eda de la capital. Una, por la alianza PAN-PRD; otra, del PES. Pues resulta que el power femenino se uni\u00f3 y ahora Brenda declin\u00f3 por Ana Miriam para ir con todo por la capital. \u00bfser\u00e1 que al unir sus fuerzas, logre Ana Miriam ganar la alcald\u00eda? Los rumores son que si Ana ganara, los que gobernar\u00edan la capital ser\u00edan sus hermanos, y por supuesto su pap\u00e1.<\/p>\n<p>De acuerdo a las \u00faltimas encuestas de consultores de mercado y Opini\u00f3n P\u00fablica, Ana Miriam se encuentra en tercer lugar con 15.40 por ciento, mientras Nicanor Moreira, de Nueva Alianza, e Hip\u00f3lito Rodr\u00edguez Herrero, de Morena, con el 21 por ciento ambos con una diferencia m\u00ednima.<\/p>\n<p>III<\/p>\n<p>A partir de hoy, las diputadas Daniela Guadalupe Griego Ceballos, Cinthya Amaranta Lobato Calder\u00f3n y el diputado Emiliano L\u00f3pez Cruz, integrantes de la Comisi\u00f3n Permanente de Transparencia y Acceso a la Informaci\u00f3n, llevar\u00e1n a cabo las entrevistas a los registrados al puesto de Comisionado por el IVA.<\/p>\n<p>Los candidatos son muchos, adem\u00e1s de que ya tienen experiencia en el proceso de la trasparencia, porque han trabajado en el mismo instituto o como enlaces de las mismas dependencias gubernamentales; sin embargo, necesitamos a alguien que no est\u00e9 enviciado ni corrompido en el proceso de la transparencia de la informaci\u00f3n.<\/p>\n<p>Para ello tenemos a Naldy Patricia Rodr\u00edguez Lagunes quien desde su trinchera como reportera ha buscado contribuir a la rendici\u00f3n de cuentas y a la mejora de los servicios p\u00fablicos y a la construcci\u00f3n de una sociedad democr\u00e1tica, con imparcialidad y veracidad.<\/p>\n<p>Naldy ha sido una de las primeras usuarias de la plataforma digital para realizar solicitudes de informaci\u00f3n. En el 2014, gracias a la solicitud realizada por ella, se pudo develar una lista de m\u00e1s de 92 mil personas f\u00edsicas y morales que adeudaban 900 millones de pesos aproximadamente al Sistema de Agua y Saneamiento de Veracruz, que junto con otros adeudos, ten\u00edan al organismo sumido en la quiebra financiera. Fue la primera resoluci\u00f3n en ese sentido en Veracruz, teniendo como antecedente el caso del SAT y descartando el \u201csecreto fiscal\u201d. En la lista aparec\u00edan nombres de prominentes empresarios y pol\u00edticos que llevaban o llevan a\u00f1os sin cumplir con sus obligaciones, tan simples como pagar el servicio de agua potable que llega a sus hogares. Las leyes de transparencia no s\u00f3lo revelan excesos de la clase pol\u00edtica, tambi\u00e9n de los ciudadanos en algunos casos coludidos o auspiciados por las autoridades.<\/p>\n<p>Durante dos sexenios solicit\u00f3 informes de gastos en publicidad oficial al gobierno de Veracruz. Con Alfredo G\u00e1ndara, en la administraci\u00f3n de Fidel Herrera; y con Gina Dom\u00ednguez, en la de Duarte; pero se neg\u00f3 la informaci\u00f3n por encontrarse clasificada como \u201creservada\u201d. Antes de concluir el sexenio se volvi\u00f3 a solicitar y el pasado 9 de noviembre, el IVAI resolvi\u00f3 a favor de ella, ordenando la entrega inmediata de los convenios de publicidad solicitados. A partir de ah\u00ed se hizo p\u00fablica y accesible a todo el p\u00fablico.<\/p>\n<p>IV<\/p>\n<p>Y siguiendo con las mujeres, en la Facultad de Nutrici\u00f3n se est\u00e1 buscando nueva directora, y una de las candidatas es Nelly Ladr\u00f3n de Guevara Castillo, licenciada en Nutrici\u00f3n y docente desde 1987 hasta la fecha de dicha facultad, campus Xalapa. Necesitamos m\u00e1s mujeres que nos representen y Nelly, maestra en sistemas de Salud de la Facultad de Medicina, es una excelente opci\u00f3n.<\/p>\n<p>V<\/p>\n<p>Desde este espacio felicitamos a dos grandes mujeres. En primer lugar a Sheila Flores Tenorio, secretaria nacional de Mujeres J\u00f3venes, quien recibi\u00f3 el Doctorado Honoris Causa por el Claustro Doctoral Iberoamericano; y a Cecilia Coronel Brizio, la ex tesorera municipal de Xalapa, que dej\u00f3 n\u00fameros negros en las arcas xalape\u00f1as.<\/p>\n<p>VI<\/p>\n<p>Indira Zavariz Andrade, candidata de Nueva Alianza por Boca del R\u00edo, con paso firme y decidido ha recorrido las calles de esta ciudad por el voto\u2026 de las caras frescas y nuevas y sobre todo joven\u2026 no llega ni a los 25 a\u00f1os.<\/p>\n<p>caballero_brenda@hotmail.com<\/p>\n<p>@N\u00famerosRojos_BC<\/p>\n","protected":false},"excerpt":{"rendered":"<p>Brenda Caballero N\u00fameros Rojos &nbsp; &nbsp; Es lunes de Mujeres y tenemos muchas de ellas en el ojo del hurac\u00e1n, pero empecemos por el caso de Eva Cadena, quien dijeran por all\u00ed sali\u00f3 m\u00e1s inteligente que bonita, pues despu\u00e9s de que pareciera lavadora de dinero, hasta su palabra cobr\u00f3 peso al decir que Roc\u00edo Nahle [&hellip;]<\/p>\n","protected":false},"author":2,"featured_media":0,"comment_status":"open","ping_status":"open","sticky":false,"template":"","format":"standard","meta":{"tdm_status":"","tdm_grid_status":"","footnotes":""},"categories":[70],"tags":[8431,8432,6867,8113,7859,5578,8433,3578],"class_list":{"0":"post-34011","1":"post","2":"type-post","3":"status-publish","4":"format-standard","6":"category-de-opinion","7":"tag-brenda-aguilar","8":"tag-cinthya-amaranta-lobato-calderon","9":"tag-daniela-guadalupe-griego-ceballos","10":"tag-eva-cadena","11":"tag-lunes-de-mujeres","12":"tag-naldy-patricia-rodriguez-lagunes","13":"tag-nelly-ladron-de-guevara-castillo","14":"tag-rocio-nahle"},"yoast_head":"<!-- This site is optimized with the Yoast SEO plugin v27.4 - https:\/\/yoast.com\/product\/yoast-seo-wordpress\/ -->\n<title>Mujeres en el ojo del hurac\u00e1n - Los pol\u00edticos Veracruz<\/title>\n<meta name=\"robots\" content=\"index, follow, max-snippet:-1, max-image-preview:large, max-video-preview:-1\" \/>\n<link rel=\"canonical\" href=\"https:\/\/lospoliticosveracruz.com\/?p=34011\" \/>\n<meta property=\"og:locale\" content=\"es_ES\" \/>\n<meta property=\"og:type\" content=\"article\" \/>\n<meta property=\"og:title\" content=\"Mujeres en el ojo del hurac\u00e1n - Los pol\u00edticos Veracruz\" \/>\n<meta property=\"og:description\" content=\"Brenda Caballero N\u00fameros Rojos &nbsp; &nbsp; Es lunes de Mujeres y tenemos muchas de ellas en el ojo del hurac\u00e1n, pero empecemos por el caso de Eva Cadena, quien dijeran por all\u00ed sali\u00f3 m\u00e1s inteligente que bonita, pues despu\u00e9s de que pareciera lavadora de dinero, hasta su palabra cobr\u00f3 peso al decir que Roc\u00edo Nahle [&hellip;]\" \/>\n<meta property=\"og:url\" content=\"https:\/\/lospoliticosveracruz.com\/?p=34011\" \/>\n<meta property=\"og:site_name\" content=\"Los pol\u00edticos Veracruz\" \/>\n<meta property=\"article:publisher\" content=\"https:\/\/www.facebook.com\/people\/Notimemes-de-los-Polticos\/61565672886568\/\" \/>\n<meta property=\"article:published_time\" content=\"2017-05-29T03:30:44+00:00\" \/>\n<meta property=\"og:image\" content=\"https:\/\/lospoliticosveracruz.com\/wp-content\/uploads\/2016\/07\/Logo-Dor.jpg\" \/>\n\t<meta property=\"og:image:width\" content=\"200\" \/>\n\t<meta property=\"og:image:height\" content=\"200\" \/>\n\t<meta property=\"og:image:type\" content=\"image\/jpeg\" \/>\n<meta name=\"author\" content=\"Lo viste en Los Pol\u00edticos\" \/>\n<meta name=\"twitter:card\" content=\"summary_large_image\" \/>\n<meta name=\"twitter:creator\" content=\"@LosPoliticosVer\" \/>\n<meta name=\"twitter:site\" content=\"@LosPoliticosVer\" \/>\n<meta name=\"twitter:label1\" content=\"Escrito por\" \/>\n\t<meta name=\"twitter:data1\" content=\"Lo viste en Los Pol\u00edticos\" \/>\n\t<meta name=\"twitter:label2\" content=\"Tiempo de lectura\" \/>\n\t<meta name=\"twitter:data2\" content=\"5 minutos\" \/>\n<script type=\"application\/ld+json\" class=\"yoast-schema-graph\">{\"@context\":\"https:\\\/\\\/schema.org\",\"@graph\":[{\"@type\":\"Article\",\"@id\":\"https:\\\/\\\/lospoliticosveracruz.com\\\/?p=34011#article\",\"isPartOf\":{\"@id\":\"https:\\\/\\\/lospoliticosveracruz.com\\\/?p=34011\"},\"author\":{\"name\":\"Lo viste en Los Pol\u00edticos\",\"@id\":\"https:\\\/\\\/lospoliticosveracruz.com\\\/#\\\/schema\\\/person\\\/b8702bb0e538456e6efd07080bf2a4a2\"},\"headline\":\"Mujeres en el ojo del hurac\u00e1n\",\"datePublished\":\"2017-05-29T03:30:44+00:00\",\"mainEntityOfPage\":{\"@id\":\"https:\\\/\\\/lospoliticosveracruz.com\\\/?p=34011\"},\"wordCount\":928,\"commentCount\":0,\"publisher\":{\"@id\":\"https:\\\/\\\/lospoliticosveracruz.com\\\/#organization\"},\"keywords\":[\"Brenda Aguilar\",\"Cinthya Amaranta Lobato Calder\u00f3n\",\"Daniela Guadalupe Griego Ceballos\",\"Eva Cadena\",\"Lunes de Mujeres\",\"Naldy Patricia Rodr\u00edguez Lagunes\",\"Nelly Ladr\u00f3n de Guevara Castillo\",\"Roc\u00edo Nahle\"],\"articleSection\":[\"De Opini\u00f3n\"],\"inLanguage\":\"es\",\"potentialAction\":[{\"@type\":\"CommentAction\",\"name\":\"Comment\",\"target\":[\"https:\\\/\\\/lospoliticosveracruz.com\\\/?p=34011#respond\"]}]},{\"@type\":\"WebPage\",\"@id\":\"https:\\\/\\\/lospoliticosveracruz.com\\\/?p=34011\",\"url\":\"https:\\\/\\\/lospoliticosveracruz.com\\\/?p=34011\",\"name\":\"Mujeres en el ojo del hurac\u00e1n - Los pol\u00edticos Veracruz\",\"isPartOf\":{\"@id\":\"https:\\\/\\\/lospoliticosveracruz.com\\\/#website\"},\"datePublished\":\"2017-05-29T03:30:44+00:00\",\"breadcrumb\":{\"@id\":\"https:\\\/\\\/lospoliticosveracruz.com\\\/?p=34011#breadcrumb\"},\"inLanguage\":\"es\",\"potentialAction\":[{\"@type\":\"ReadAction\",\"target\":[\"https:\\\/\\\/lospoliticosveracruz.com\\\/?p=34011\"]}]},{\"@type\":\"BreadcrumbList\",\"@id\":\"https:\\\/\\\/lospoliticosveracruz.com\\\/?p=34011#breadcrumb\",\"itemListElement\":[{\"@type\":\"ListItem\",\"position\":1,\"name\":\"Portada\",\"item\":\"https:\\\/\\\/lospoliticosveracruz.com\\\/\"},{\"@type\":\"ListItem\",\"position\":2,\"name\":\"Mujeres en el ojo del hurac\u00e1n\"}]},{\"@type\":\"WebSite\",\"@id\":\"https:\\\/\\\/lospoliticosveracruz.com\\\/#website\",\"url\":\"https:\\\/\\\/lospoliticosveracruz.com\\\/\",\"name\":\"Los pol\u00edticos Veracruz\",\"description\":\"\",\"publisher\":{\"@id\":\"https:\\\/\\\/lospoliticosveracruz.com\\\/#organization\"},\"potentialAction\":[{\"@type\":\"SearchAction\",\"target\":{\"@type\":\"EntryPoint\",\"urlTemplate\":\"https:\\\/\\\/lospoliticosveracruz.com\\\/?s={search_term_string}\"},\"query-input\":{\"@type\":\"PropertyValueSpecification\",\"valueRequired\":true,\"valueName\":\"search_term_string\"}}],\"inLanguage\":\"es\"},{\"@type\":\"Organization\",\"@id\":\"https:\\\/\\\/lospoliticosveracruz.com\\\/#organization\",\"name\":\"Los pol\u00edticos Veracruz\",\"url\":\"https:\\\/\\\/lospoliticosveracruz.com\\\/\",\"logo\":{\"@type\":\"ImageObject\",\"inLanguage\":\"es\",\"@id\":\"https:\\\/\\\/lospoliticosveracruz.com\\\/#\\\/schema\\\/logo\\\/image\\\/\",\"url\":\"https:\\\/\\\/lospoliticosveracruz.com\\\/wp-content\\\/uploads\\\/2025\\\/12\\\/Logo-Nuevo-LOS-POLITICOS-1.jpg\",\"contentUrl\":\"https:\\\/\\\/lospoliticosveracruz.com\\\/wp-content\\\/uploads\\\/2025\\\/12\\\/Logo-Nuevo-LOS-POLITICOS-1.jpg\",\"width\":260,\"height\":70,\"caption\":\"Los pol\u00edticos Veracruz\"},\"image\":{\"@id\":\"https:\\\/\\\/lospoliticosveracruz.com\\\/#\\\/schema\\\/logo\\\/image\\\/\"},\"sameAs\":[\"https:\\\/\\\/www.facebook.com\\\/people\\\/Notimemes-de-los-Polticos\\\/61565672886568\\\/\",\"https:\\\/\\\/x.com\\\/LosPoliticosVer\"]},{\"@type\":\"Person\",\"@id\":\"https:\\\/\\\/lospoliticosveracruz.com\\\/#\\\/schema\\\/person\\\/b8702bb0e538456e6efd07080bf2a4a2\",\"name\":\"Lo viste en Los Pol\u00edticos\",\"image\":{\"@type\":\"ImageObject\",\"inLanguage\":\"es\",\"@id\":\"https:\\\/\\\/secure.gravatar.com\\\/avatar\\\/3a8de04a2656d44082be478bd6c086daa447c4651605818287b9532d3d0bd435?s=96&d=mm&r=g\",\"url\":\"https:\\\/\\\/secure.gravatar.com\\\/avatar\\\/3a8de04a2656d44082be478bd6c086daa447c4651605818287b9532d3d0bd435?s=96&d=mm&r=g\",\"contentUrl\":\"https:\\\/\\\/secure.gravatar.com\\\/avatar\\\/3a8de04a2656d44082be478bd6c086daa447c4651605818287b9532d3d0bd435?s=96&d=mm&r=g\",\"caption\":\"Lo viste en Los Pol\u00edticos\"},\"url\":\"https:\\\/\\\/lospoliticosveracruz.com\\\/?author=2\"}]}<\/script>\n<!-- \/ Yoast SEO plugin. -->","yoast_head_json":{"title":"Mujeres en el ojo del hurac\u00e1n - Los pol\u00edticos Veracruz","robots":{"index":"index","follow":"follow","max-snippet":"max-snippet:-1","max-image-preview":"max-image-preview:large","max-video-preview":"max-video-preview:-1"},"canonical":"https:\/\/lospoliticosveracruz.com\/?p=34011","og_locale":"es_ES","og_type":"article","og_title":"Mujeres en el ojo del hurac\u00e1n - Los pol\u00edticos Veracruz","og_description":"Brenda Caballero N\u00fameros Rojos &nbsp; &nbsp; Es lunes de Mujeres y tenemos muchas de ellas en el ojo del hurac\u00e1n, pero empecemos por el caso de Eva Cadena, quien dijeran por all\u00ed sali\u00f3 m\u00e1s inteligente que bonita, pues despu\u00e9s de que pareciera lavadora de dinero, hasta su palabra cobr\u00f3 peso al decir que Roc\u00edo Nahle [&hellip;]","og_url":"https:\/\/lospoliticosveracruz.com\/?p=34011","og_site_name":"Los pol\u00edticos Veracruz","article_publisher":"https:\/\/www.facebook.com\/people\/Notimemes-de-los-Polticos\/61565672886568\/","article_published_time":"2017-05-29T03:30:44+00:00","og_image":[{"width":200,"height":200,"url":"https:\/\/lospoliticosveracruz.com\/wp-content\/uploads\/2016\/07\/Logo-Dor.jpg","type":"image\/jpeg"}],"author":"Lo viste en Los Pol\u00edticos","twitter_card":"summary_large_image","twitter_creator":"@LosPoliticosVer","twitter_site":"@LosPoliticosVer","twitter_misc":{"Escrito por":"Lo viste en Los Pol\u00edticos","Tiempo de lectura":"5 minutos"},"schema":{"@context":"https:\/\/schema.org","@graph":[{"@type":"Article","@id":"https:\/\/lospoliticosveracruz.com\/?p=34011#article","isPartOf":{"@id":"https:\/\/lospoliticosveracruz.com\/?p=34011"},"author":{"name":"Lo viste en Los Pol\u00edticos","@id":"https:\/\/lospoliticosveracruz.com\/#\/schema\/person\/b8702bb0e538456e6efd07080bf2a4a2"},"headline":"Mujeres en el ojo del hurac\u00e1n","datePublished":"2017-05-29T03:30:44+00:00","mainEntityOfPage":{"@id":"https:\/\/lospoliticosveracruz.com\/?p=34011"},"wordCount":928,"commentCount":0,"publisher":{"@id":"https:\/\/lospoliticosveracruz.com\/#organization"},"keywords":["Brenda Aguilar","Cinthya Amaranta Lobato Calder\u00f3n","Daniela Guadalupe Griego Ceballos","Eva Cadena","Lunes de Mujeres","Naldy Patricia Rodr\u00edguez Lagunes","Nelly Ladr\u00f3n de Guevara Castillo","Roc\u00edo Nahle"],"articleSection":["De Opini\u00f3n"],"inLanguage":"es","potentialAction":[{"@type":"CommentAction","name":"Comment","target":["https:\/\/lospoliticosveracruz.com\/?p=34011#respond"]}]},{"@type":"WebPage","@id":"https:\/\/lospoliticosveracruz.com\/?p=34011","url":"https:\/\/lospoliticosveracruz.com\/?p=34011","name":"Mujeres en el ojo del hurac\u00e1n - Los pol\u00edticos Veracruz","isPartOf":{"@id":"https:\/\/lospoliticosveracruz.com\/#website"},"datePublished":"2017-05-29T03:30:44+00:00","breadcrumb":{"@id":"https:\/\/lospoliticosveracruz.com\/?p=34011#breadcrumb"},"inLanguage":"es","potentialAction":[{"@type":"ReadAction","target":["https:\/\/lospoliticosveracruz.com\/?p=34011"]}]},{"@type":"BreadcrumbList","@id":"https:\/\/lospoliticosveracruz.com\/?p=34011#breadcrumb","itemListElement":[{"@type":"ListItem","position":1,"name":"Portada","item":"https:\/\/lospoliticosveracruz.com\/"},{"@type":"ListItem","position":2,"name":"Mujeres en el ojo del hurac\u00e1n"}]},{"@type":"WebSite","@id":"https:\/\/lospoliticosveracruz.com\/#website","url":"https:\/\/lospoliticosveracruz.com\/","name":"Los pol\u00edticos Veracruz","description":"","publisher":{"@id":"https:\/\/lospoliticosveracruz.com\/#organization"},"potentialAction":[{"@type":"SearchAction","target":{"@type":"EntryPoint","urlTemplate":"https:\/\/lospoliticosveracruz.com\/?s={search_term_string}"},"query-input":{"@type":"PropertyValueSpecification","valueRequired":true,"valueName":"search_term_string"}}],"inLanguage":"es"},{"@type":"Organization","@id":"https:\/\/lospoliticosveracruz.com\/#organization","name":"Los pol\u00edticos Veracruz","url":"https:\/\/lospoliticosveracruz.com\/","logo":{"@type":"ImageObject","inLanguage":"es","@id":"https:\/\/lospoliticosveracruz.com\/#\/schema\/logo\/image\/","url":"https:\/\/lospoliticosveracruz.com\/wp-content\/uploads\/2025\/12\/Logo-Nuevo-LOS-POLITICOS-1.jpg","contentUrl":"https:\/\/lospoliticosveracruz.com\/wp-content\/uploads\/2025\/12\/Logo-Nuevo-LOS-POLITICOS-1.jpg","width":260,"height":70,"caption":"Los pol\u00edticos Veracruz"},"image":{"@id":"https:\/\/lospoliticosveracruz.com\/#\/schema\/logo\/image\/"},"sameAs":["https:\/\/www.facebook.com\/people\/Notimemes-de-los-Polticos\/61565672886568\/","https:\/\/x.com\/LosPoliticosVer"]},{"@type":"Person","@id":"https:\/\/lospoliticosveracruz.com\/#\/schema\/person\/b8702bb0e538456e6efd07080bf2a4a2","name":"Lo viste en Los Pol\u00edticos","image":{"@type":"ImageObject","inLanguage":"es","@id":"https:\/\/secure.gravatar.com\/avatar\/3a8de04a2656d44082be478bd6c086daa447c4651605818287b9532d3d0bd435?s=96&d=mm&r=g","url":"https:\/\/secure.gravatar.com\/avatar\/3a8de04a2656d44082be478bd6c086daa447c4651605818287b9532d3d0bd435?s=96&d=mm&r=g","contentUrl":"https:\/\/secure.gravatar.com\/avatar\/3a8de04a2656d44082be478bd6c086daa447c4651605818287b9532d3d0bd435?s=96&d=mm&r=g","caption":"Lo viste en Los Pol\u00edticos"},"url":"https:\/\/lospoliticosveracruz.com\/?author=2"}]}},"_links":{"self":[{"href":"https:\/\/lospoliticosveracruz.com\/index.php?rest_route=\/wp\/v2\/posts\/34011","targetHints":{"allow":["GET"]}}],"collection":[{"href":"https:\/\/lospoliticosveracruz.com\/index.php?rest_route=\/wp\/v2\/posts"}],"about":[{"href":"https:\/\/lospoliticosveracruz.com\/index.php?rest_route=\/wp\/v2\/types\/post"}],"author":[{"embeddable":true,"href":"https:\/\/lospoliticosveracruz.com\/index.php?rest_route=\/wp\/v2\/users\/2"}],"replies":[{"embeddable":true,"href":"https:\/\/lospoliticosveracruz.com\/index.php?rest_route=%2Fwp%2Fv2%2Fcomments&post=34011"}],"version-history":[{"count":1,"href":"https:\/\/lospoliticosveracruz.com\/index.php?rest_route=\/wp\/v2\/posts\/34011\/revisions"}],"predecessor-version":[{"id":34012,"href":"https:\/\/lospoliticosveracruz.com\/index.php?rest_route=\/wp\/v2\/posts\/34011\/revisions\/34012"}],"wp:attachment":[{"href":"https:\/\/lospoliticosveracruz.com\/index.php?rest_route=%2Fwp%2Fv2%2Fmedia&parent=34011"}],"wp:term":[{"taxonomy":"category","embeddable":true,"href":"https:\/\/lospoliticosveracruz.com\/index.php?rest_route=%2Fwp%2Fv2%2Fcategories&post=34011"},{"taxonomy":"post_tag","embeddable":true,"href":"https:\/\/lospoliticosveracruz.com\/index.php?rest_route=%2Fwp%2Fv2%2Ftags&post=34011"}],"curies":[{"name":"wp","href":"https:\/\/api.w.org\/{rel}","templated":true}]}}