{"id":34025,"date":"2017-05-29T11:25:45","date_gmt":"2017-05-29T16:25:45","guid":{"rendered":"http:\/\/www.lospoliticosveracruz.com.mx\/silva-y-deantes-primos-en-capilla\/"},"modified":"2017-05-29T11:25:45","modified_gmt":"2017-05-29T16:25:45","slug":"silva-y-deantes-primos-en-capilla","status":"publish","type":"post","link":"https:\/\/lospoliticosveracruz.com\/?p=34025","title":{"rendered":"Silva y Deantes, primos en capilla"},"content":{"rendered":"<p class=\"x_m_-6734330606842494377MsoNoSpacing\"><b>Luis Alberto Romero<\/b><\/p>\n<p class=\"x_m_-6734330606842494377MsoNoSpacing\"><em>Hora Cero<\/em><\/p>\n<p class=\"x_m_-6734330606842494377MsoNoSpacing\"><b>\u00a0<\/b><\/p>\n<p class=\"x_m_-6734330606842494377MsoNoSpacing\"><b><\/b><b><\/b><u><\/u>\u00a0<u><\/u><\/p>\n<p>&nbsp;<\/p>\n<p class=\"x_m_-6734330606842494377MsoNoSpacing\"><u><\/u>\u00a0<u><\/u><\/p>\n<p class=\"x_m_-6734330606842494377MsoNoSpacing\">A la lista de ex colaboradores de Javier Duarte que han sido detenidos, nos dicen, podr\u00edan sumarse pr\u00f3ximamente dos nombres: el ex secretario de Desarrollo Social y tambi\u00e9n ex vocero del gobierno estatal, Alberto Silva Ramos, vinculado al tema de las empresas <i>fantama<\/i>; y el ex titular de la Secretar\u00eda del Trabajo, Gabriel Deantes Ramos, quien tambi\u00e9n ocup\u00f3 la Oficial\u00eda Mayor en la Secretar\u00eda de Educaci\u00f3n, \u00e1rea responsable del manejo de los recursos en dicha dependencia; as\u00ed como la Subsecretar\u00eda de Administraci\u00f3n en la Sefiplan.<u><\/u><u><\/u><\/p>\n<p class=\"x_m_-6734330606842494377MsoNoSpacing\">El caso de Silva Ramos volvi\u00f3 a sonar luego de la captura, hace una semana, de su antecesora en Comunicaci\u00f3n Social. Ese asunto, nos comentan, es una de las prioridades de la presente administraci\u00f3n estatal.<u><\/u><u><\/u><\/p>\n<p class=\"x_m_-6734330606842494377MsoNoSpacing\">Por su parte, considerado como uno de los principales operadores financieros y electorales del duartismo, Deantes Ramos pas\u00f3 de ser un peque\u00f1o comerciante a un hombre acaudalado; toda una fortuna fue acumulada por el ex secretario del Trabajo en s\u00f3lo seis a\u00f1os.<u><\/u><u><\/u><\/p>\n<p class=\"x_m_-6734330606842494377MsoNoSpacing\">La suerte, sin embargo, dej\u00f3 de sonre\u00edrle a Gabriel Deantes, quien fue vinculado a proceso por enriquecimiento il\u00edcito y por un presunto desv\u00edo de recursos a su paso por la SEV y por Sefiplan. El juez de control fij\u00f3 una fianza de un mill\u00f3n de pesos en noviembre de 2016; seis meses despu\u00e9s, los problemas para Deantes Ramos, primo del diputado Alberto Silva, no han terminado: este fin de semana, el juez determin\u00f3 que cinco cuentas bancarias del ex secretario del Trabajo fueran congeladas.<u><\/u><u><\/u><\/p>\n<p class=\"x_m_-6734330606842494377MsoNoSpacing\">En su momento se dijo que la fianza de un mill\u00f3n de pesos para Gabriel Deantes era tanto como quitarle un pelo a un gato; en esta ocasi\u00f3n, la solicitud para congelar las cuentas se presenta seis meses despu\u00e9s de que al acusado se le vinculara a proceso, tiempo m\u00e1s que suficiente para vaciar esas cuentas.<u><\/u><u><\/u><\/p>\n<p class=\"x_m_-6734330606842494377MsoNoSpacing\">Aun as\u00ed, Deantes Ramos siguen enfrentando un escenario jur\u00eddico sumamente complicado y por eso ha trascendido que es cuesti\u00f3n de tiempo para que el otrora operador electoral del duartismo engrose la lista de ex funcionarios que hoy est\u00e1n convertidos en los nuevos inquilinos de Pacho Viejo.<u><\/u><u><\/u><\/p>\n<p class=\"x_m_-6734330606842494377MsoNoSpacing\"><u><\/u>\u00a0<u><\/u><b>Am\u00e9rico en la agenda municipalista<u><\/u><u><\/u><\/b><\/p>\n<p class=\"x_m_-6734330606842494377MsoNoSpacing\">El alcalde Am\u00e9rico Z\u00fa\u00f1iga Mart\u00ednez se ha posicionado bien en la agenda municipalista nacional. Durante su gesti\u00f3n como presidente de la Federaci\u00f3n Nacional de Municipios de M\u00e9xico (Fenamm), mantuvo un constante di\u00e1logo con las autoridades federales de los poderes Ejecutivo y Legislativo.<u><\/u><u><\/u><\/p>\n<p class=\"x_m_-6734330606842494377MsoNoSpacing\">De diciembre del 2015 hasta abril del presente a\u00f1o, Z\u00fa\u00f1iga Mart\u00ednez dirigi\u00f3 los destinos de la representaci\u00f3n m\u00e1s grande de municipios del pa\u00eds. Hoy, en su calidad de Presidente Adjunto del Bur\u00f3 Ejecutivo<span class=\"x_m_-6734330606842494377apple-converted-space\">\u00a0<\/span>de la FENAMM ha sido invitado a la presentaci\u00f3n de la XI Cumbre Hemisf\u00e9rica de Alcaldes, que es el evento m\u00e1s importante del municipalismo latinoamericano\u00a0que re\u00fane a autoridades locales y l\u00edderes de los m\u00e1s de 16 mil municipios del continente americano.\u00a0<u><\/u><u><\/u><\/p>\n<p class=\"x_m_-6734330606842494377MsoNoSpacing\">La Cumbre se realizar\u00e1 del 23 al 26 de agosto pr\u00f3ximos en Pachuca, Hidalgo. Este encuentro reunir\u00e1 a l\u00edderes de 24 pa\u00edses para dialogar sobre los retos actuales y las perspectivas de las ciudades latinoamericanas.<u><\/u><u><\/u><\/p>\n<p class=\"x_m_-6734330606842494377MsoNoSpacing\">Se espera que el alcalde xalape\u00f1o tenga una participaci\u00f3n importante tanto en la organizaci\u00f3n como en el curso de la Cumbre, especialmente porque tiene experiencias que compartir, como es el haber hecho de Xalapa, el primer municipio con Gobierno Abierto del pa\u00eds; de haber posicionado a la capital en el segundo lugar nacional en el \u00cdndice de Transparencia y Disposici\u00f3n de la Informaci\u00f3n Fiscal de los Municipios<span class=\"x_m_-6734330606842494377apple-converted-space\">\u00a0<\/span>como lo confirm\u00f3 la consultora ARegional; de instalar al municipio en los primeros lugares de Competitividad Urbana; y de mantener la calificaci\u00f3n de A (mex) de la prestigiosa evaluadora financiera Fitch Ratings.<\/p>\n<p class=\"x_m_-6734330606842494377MsoNoSpacing\">\n<p class=\"x_m_-6734330606842494377MsoNoSpacing\">@luisromero85<\/p>\n","protected":false},"excerpt":{"rendered":"<p>Luis Alberto Romero Hora Cero \u00a0 \u00a0 &nbsp; \u00a0 A la lista de ex colaboradores de Javier Duarte que han sido detenidos, nos dicen, podr\u00edan sumarse pr\u00f3ximamente dos nombres: el ex secretario de Desarrollo Social y tambi\u00e9n ex vocero del gobierno estatal, Alberto Silva Ramos, vinculado al tema de las empresas fantama; y el ex [&hellip;]<\/p>\n","protected":false},"author":2,"featured_media":0,"comment_status":"open","ping_status":"open","sticky":false,"template":"","format":"standard","meta":{"tdm_status":"","tdm_grid_status":"","footnotes":""},"categories":[70],"tags":[483,1392,260,3590],"class_list":{"0":"post-34025","1":"post","2":"type-post","3":"status-publish","4":"format-standard","6":"category-de-opinion","7":"tag-americo-zuniga","8":"tag-gabriel-deantes-ramos","9":"tag-javier-duarte-de-ochoa","10":"tag-pacho-viejo"},"yoast_head":"<!-- This site is optimized with the Yoast SEO plugin v27.4 - https:\/\/yoast.com\/product\/yoast-seo-wordpress\/ -->\n<title>Silva y Deantes, primos en capilla - Los pol\u00edticos Veracruz<\/title>\n<meta name=\"robots\" content=\"index, follow, max-snippet:-1, max-image-preview:large, max-video-preview:-1\" \/>\n<link rel=\"canonical\" href=\"https:\/\/lospoliticosveracruz.com\/?p=34025\" \/>\n<meta property=\"og:locale\" content=\"es_ES\" \/>\n<meta property=\"og:type\" content=\"article\" \/>\n<meta property=\"og:title\" content=\"Silva y Deantes, primos en capilla - Los pol\u00edticos Veracruz\" \/>\n<meta property=\"og:description\" content=\"Luis Alberto Romero Hora Cero \u00a0 \u00a0 &nbsp; \u00a0 A la lista de ex colaboradores de Javier Duarte que han sido detenidos, nos dicen, podr\u00edan sumarse pr\u00f3ximamente dos nombres: el ex secretario de Desarrollo Social y tambi\u00e9n ex vocero del gobierno estatal, Alberto Silva Ramos, vinculado al tema de las empresas fantama; y el ex [&hellip;]\" \/>\n<meta property=\"og:url\" content=\"https:\/\/lospoliticosveracruz.com\/?p=34025\" \/>\n<meta property=\"og:site_name\" content=\"Los pol\u00edticos Veracruz\" \/>\n<meta property=\"article:publisher\" content=\"https:\/\/www.facebook.com\/people\/Notimemes-de-los-Polticos\/61565672886568\/\" \/>\n<meta property=\"article:published_time\" content=\"2017-05-29T16:25:45+00:00\" \/>\n<meta property=\"og:image\" content=\"https:\/\/lospoliticosveracruz.com\/wp-content\/uploads\/2016\/07\/Logo-Dor.jpg\" \/>\n\t<meta property=\"og:image:width\" content=\"200\" \/>\n\t<meta property=\"og:image:height\" content=\"200\" \/>\n\t<meta property=\"og:image:type\" content=\"image\/jpeg\" \/>\n<meta name=\"author\" content=\"Lo viste en Los Pol\u00edticos\" \/>\n<meta name=\"twitter:card\" content=\"summary_large_image\" \/>\n<meta name=\"twitter:creator\" content=\"@LosPoliticosVer\" \/>\n<meta name=\"twitter:site\" content=\"@LosPoliticosVer\" \/>\n<meta name=\"twitter:label1\" content=\"Escrito por\" \/>\n\t<meta name=\"twitter:data1\" content=\"Lo viste en Los Pol\u00edticos\" \/>\n\t<meta name=\"twitter:label2\" content=\"Tiempo de lectura\" \/>\n\t<meta name=\"twitter:data2\" content=\"3 minutos\" \/>\n<script type=\"application\/ld+json\" class=\"yoast-schema-graph\">{\"@context\":\"https:\\\/\\\/schema.org\",\"@graph\":[{\"@type\":\"Article\",\"@id\":\"https:\\\/\\\/lospoliticosveracruz.com\\\/?p=34025#article\",\"isPartOf\":{\"@id\":\"https:\\\/\\\/lospoliticosveracruz.com\\\/?p=34025\"},\"author\":{\"name\":\"Lo viste en Los Pol\u00edticos\",\"@id\":\"https:\\\/\\\/lospoliticosveracruz.com\\\/#\\\/schema\\\/person\\\/b8702bb0e538456e6efd07080bf2a4a2\"},\"headline\":\"Silva y Deantes, primos en capilla\",\"datePublished\":\"2017-05-29T16:25:45+00:00\",\"mainEntityOfPage\":{\"@id\":\"https:\\\/\\\/lospoliticosveracruz.com\\\/?p=34025\"},\"wordCount\":668,\"commentCount\":0,\"publisher\":{\"@id\":\"https:\\\/\\\/lospoliticosveracruz.com\\\/#organization\"},\"keywords\":[\"Am\u00e9rico Z\u00fa\u00f1iga\",\"Gabriel Deantes Ramos\",\"Javier Duarte de Ochoa\",\"Pacho Viejo\"],\"articleSection\":[\"De Opini\u00f3n\"],\"inLanguage\":\"es\",\"potentialAction\":[{\"@type\":\"CommentAction\",\"name\":\"Comment\",\"target\":[\"https:\\\/\\\/lospoliticosveracruz.com\\\/?p=34025#respond\"]}]},{\"@type\":\"WebPage\",\"@id\":\"https:\\\/\\\/lospoliticosveracruz.com\\\/?p=34025\",\"url\":\"https:\\\/\\\/lospoliticosveracruz.com\\\/?p=34025\",\"name\":\"Silva y Deantes, primos en capilla - Los pol\u00edticos Veracruz\",\"isPartOf\":{\"@id\":\"https:\\\/\\\/lospoliticosveracruz.com\\\/#website\"},\"datePublished\":\"2017-05-29T16:25:45+00:00\",\"breadcrumb\":{\"@id\":\"https:\\\/\\\/lospoliticosveracruz.com\\\/?p=34025#breadcrumb\"},\"inLanguage\":\"es\",\"potentialAction\":[{\"@type\":\"ReadAction\",\"target\":[\"https:\\\/\\\/lospoliticosveracruz.com\\\/?p=34025\"]}]},{\"@type\":\"BreadcrumbList\",\"@id\":\"https:\\\/\\\/lospoliticosveracruz.com\\\/?p=34025#breadcrumb\",\"itemListElement\":[{\"@type\":\"ListItem\",\"position\":1,\"name\":\"Portada\",\"item\":\"https:\\\/\\\/lospoliticosveracruz.com\\\/\"},{\"@type\":\"ListItem\",\"position\":2,\"name\":\"Silva y Deantes, primos en capilla\"}]},{\"@type\":\"WebSite\",\"@id\":\"https:\\\/\\\/lospoliticosveracruz.com\\\/#website\",\"url\":\"https:\\\/\\\/lospoliticosveracruz.com\\\/\",\"name\":\"Los pol\u00edticos Veracruz\",\"description\":\"\",\"publisher\":{\"@id\":\"https:\\\/\\\/lospoliticosveracruz.com\\\/#organization\"},\"potentialAction\":[{\"@type\":\"SearchAction\",\"target\":{\"@type\":\"EntryPoint\",\"urlTemplate\":\"https:\\\/\\\/lospoliticosveracruz.com\\\/?s={search_term_string}\"},\"query-input\":{\"@type\":\"PropertyValueSpecification\",\"valueRequired\":true,\"valueName\":\"search_term_string\"}}],\"inLanguage\":\"es\"},{\"@type\":\"Organization\",\"@id\":\"https:\\\/\\\/lospoliticosveracruz.com\\\/#organization\",\"name\":\"Los pol\u00edticos Veracruz\",\"url\":\"https:\\\/\\\/lospoliticosveracruz.com\\\/\",\"logo\":{\"@type\":\"ImageObject\",\"inLanguage\":\"es\",\"@id\":\"https:\\\/\\\/lospoliticosveracruz.com\\\/#\\\/schema\\\/logo\\\/image\\\/\",\"url\":\"https:\\\/\\\/lospoliticosveracruz.com\\\/wp-content\\\/uploads\\\/2025\\\/12\\\/Logo-Nuevo-LOS-POLITICOS-1.jpg\",\"contentUrl\":\"https:\\\/\\\/lospoliticosveracruz.com\\\/wp-content\\\/uploads\\\/2025\\\/12\\\/Logo-Nuevo-LOS-POLITICOS-1.jpg\",\"width\":260,\"height\":70,\"caption\":\"Los pol\u00edticos Veracruz\"},\"image\":{\"@id\":\"https:\\\/\\\/lospoliticosveracruz.com\\\/#\\\/schema\\\/logo\\\/image\\\/\"},\"sameAs\":[\"https:\\\/\\\/www.facebook.com\\\/people\\\/Notimemes-de-los-Polticos\\\/61565672886568\\\/\",\"https:\\\/\\\/x.com\\\/LosPoliticosVer\"]},{\"@type\":\"Person\",\"@id\":\"https:\\\/\\\/lospoliticosveracruz.com\\\/#\\\/schema\\\/person\\\/b8702bb0e538456e6efd07080bf2a4a2\",\"name\":\"Lo viste en Los Pol\u00edticos\",\"image\":{\"@type\":\"ImageObject\",\"inLanguage\":\"es\",\"@id\":\"https:\\\/\\\/secure.gravatar.com\\\/avatar\\\/3a8de04a2656d44082be478bd6c086daa447c4651605818287b9532d3d0bd435?s=96&d=mm&r=g\",\"url\":\"https:\\\/\\\/secure.gravatar.com\\\/avatar\\\/3a8de04a2656d44082be478bd6c086daa447c4651605818287b9532d3d0bd435?s=96&d=mm&r=g\",\"contentUrl\":\"https:\\\/\\\/secure.gravatar.com\\\/avatar\\\/3a8de04a2656d44082be478bd6c086daa447c4651605818287b9532d3d0bd435?s=96&d=mm&r=g\",\"caption\":\"Lo viste en Los Pol\u00edticos\"},\"url\":\"https:\\\/\\\/lospoliticosveracruz.com\\\/?author=2\"}]}<\/script>\n<!-- \/ Yoast SEO plugin. -->","yoast_head_json":{"title":"Silva y Deantes, primos en capilla - Los pol\u00edticos Veracruz","robots":{"index":"index","follow":"follow","max-snippet":"max-snippet:-1","max-image-preview":"max-image-preview:large","max-video-preview":"max-video-preview:-1"},"canonical":"https:\/\/lospoliticosveracruz.com\/?p=34025","og_locale":"es_ES","og_type":"article","og_title":"Silva y Deantes, primos en capilla - Los pol\u00edticos Veracruz","og_description":"Luis Alberto Romero Hora Cero \u00a0 \u00a0 &nbsp; \u00a0 A la lista de ex colaboradores de Javier Duarte que han sido detenidos, nos dicen, podr\u00edan sumarse pr\u00f3ximamente dos nombres: el ex secretario de Desarrollo Social y tambi\u00e9n ex vocero del gobierno estatal, Alberto Silva Ramos, vinculado al tema de las empresas fantama; y el ex [&hellip;]","og_url":"https:\/\/lospoliticosveracruz.com\/?p=34025","og_site_name":"Los pol\u00edticos Veracruz","article_publisher":"https:\/\/www.facebook.com\/people\/Notimemes-de-los-Polticos\/61565672886568\/","article_published_time":"2017-05-29T16:25:45+00:00","og_image":[{"width":200,"height":200,"url":"https:\/\/lospoliticosveracruz.com\/wp-content\/uploads\/2016\/07\/Logo-Dor.jpg","type":"image\/jpeg"}],"author":"Lo viste en Los Pol\u00edticos","twitter_card":"summary_large_image","twitter_creator":"@LosPoliticosVer","twitter_site":"@LosPoliticosVer","twitter_misc":{"Escrito por":"Lo viste en Los Pol\u00edticos","Tiempo de lectura":"3 minutos"},"schema":{"@context":"https:\/\/schema.org","@graph":[{"@type":"Article","@id":"https:\/\/lospoliticosveracruz.com\/?p=34025#article","isPartOf":{"@id":"https:\/\/lospoliticosveracruz.com\/?p=34025"},"author":{"name":"Lo viste en Los Pol\u00edticos","@id":"https:\/\/lospoliticosveracruz.com\/#\/schema\/person\/b8702bb0e538456e6efd07080bf2a4a2"},"headline":"Silva y Deantes, primos en capilla","datePublished":"2017-05-29T16:25:45+00:00","mainEntityOfPage":{"@id":"https:\/\/lospoliticosveracruz.com\/?p=34025"},"wordCount":668,"commentCount":0,"publisher":{"@id":"https:\/\/lospoliticosveracruz.com\/#organization"},"keywords":["Am\u00e9rico Z\u00fa\u00f1iga","Gabriel Deantes Ramos","Javier Duarte de Ochoa","Pacho Viejo"],"articleSection":["De Opini\u00f3n"],"inLanguage":"es","potentialAction":[{"@type":"CommentAction","name":"Comment","target":["https:\/\/lospoliticosveracruz.com\/?p=34025#respond"]}]},{"@type":"WebPage","@id":"https:\/\/lospoliticosveracruz.com\/?p=34025","url":"https:\/\/lospoliticosveracruz.com\/?p=34025","name":"Silva y Deantes, primos en capilla - Los pol\u00edticos Veracruz","isPartOf":{"@id":"https:\/\/lospoliticosveracruz.com\/#website"},"datePublished":"2017-05-29T16:25:45+00:00","breadcrumb":{"@id":"https:\/\/lospoliticosveracruz.com\/?p=34025#breadcrumb"},"inLanguage":"es","potentialAction":[{"@type":"ReadAction","target":["https:\/\/lospoliticosveracruz.com\/?p=34025"]}]},{"@type":"BreadcrumbList","@id":"https:\/\/lospoliticosveracruz.com\/?p=34025#breadcrumb","itemListElement":[{"@type":"ListItem","position":1,"name":"Portada","item":"https:\/\/lospoliticosveracruz.com\/"},{"@type":"ListItem","position":2,"name":"Silva y Deantes, primos en capilla"}]},{"@type":"WebSite","@id":"https:\/\/lospoliticosveracruz.com\/#website","url":"https:\/\/lospoliticosveracruz.com\/","name":"Los pol\u00edticos Veracruz","description":"","publisher":{"@id":"https:\/\/lospoliticosveracruz.com\/#organization"},"potentialAction":[{"@type":"SearchAction","target":{"@type":"EntryPoint","urlTemplate":"https:\/\/lospoliticosveracruz.com\/?s={search_term_string}"},"query-input":{"@type":"PropertyValueSpecification","valueRequired":true,"valueName":"search_term_string"}}],"inLanguage":"es"},{"@type":"Organization","@id":"https:\/\/lospoliticosveracruz.com\/#organization","name":"Los pol\u00edticos Veracruz","url":"https:\/\/lospoliticosveracruz.com\/","logo":{"@type":"ImageObject","inLanguage":"es","@id":"https:\/\/lospoliticosveracruz.com\/#\/schema\/logo\/image\/","url":"https:\/\/lospoliticosveracruz.com\/wp-content\/uploads\/2025\/12\/Logo-Nuevo-LOS-POLITICOS-1.jpg","contentUrl":"https:\/\/lospoliticosveracruz.com\/wp-content\/uploads\/2025\/12\/Logo-Nuevo-LOS-POLITICOS-1.jpg","width":260,"height":70,"caption":"Los pol\u00edticos Veracruz"},"image":{"@id":"https:\/\/lospoliticosveracruz.com\/#\/schema\/logo\/image\/"},"sameAs":["https:\/\/www.facebook.com\/people\/Notimemes-de-los-Polticos\/61565672886568\/","https:\/\/x.com\/LosPoliticosVer"]},{"@type":"Person","@id":"https:\/\/lospoliticosveracruz.com\/#\/schema\/person\/b8702bb0e538456e6efd07080bf2a4a2","name":"Lo viste en Los Pol\u00edticos","image":{"@type":"ImageObject","inLanguage":"es","@id":"https:\/\/secure.gravatar.com\/avatar\/3a8de04a2656d44082be478bd6c086daa447c4651605818287b9532d3d0bd435?s=96&d=mm&r=g","url":"https:\/\/secure.gravatar.com\/avatar\/3a8de04a2656d44082be478bd6c086daa447c4651605818287b9532d3d0bd435?s=96&d=mm&r=g","contentUrl":"https:\/\/secure.gravatar.com\/avatar\/3a8de04a2656d44082be478bd6c086daa447c4651605818287b9532d3d0bd435?s=96&d=mm&r=g","caption":"Lo viste en Los Pol\u00edticos"},"url":"https:\/\/lospoliticosveracruz.com\/?author=2"}]}},"_links":{"self":[{"href":"https:\/\/lospoliticosveracruz.com\/index.php?rest_route=\/wp\/v2\/posts\/34025","targetHints":{"allow":["GET"]}}],"collection":[{"href":"https:\/\/lospoliticosveracruz.com\/index.php?rest_route=\/wp\/v2\/posts"}],"about":[{"href":"https:\/\/lospoliticosveracruz.com\/index.php?rest_route=\/wp\/v2\/types\/post"}],"author":[{"embeddable":true,"href":"https:\/\/lospoliticosveracruz.com\/index.php?rest_route=\/wp\/v2\/users\/2"}],"replies":[{"embeddable":true,"href":"https:\/\/lospoliticosveracruz.com\/index.php?rest_route=%2Fwp%2Fv2%2Fcomments&post=34025"}],"version-history":[{"count":1,"href":"https:\/\/lospoliticosveracruz.com\/index.php?rest_route=\/wp\/v2\/posts\/34025\/revisions"}],"predecessor-version":[{"id":34026,"href":"https:\/\/lospoliticosveracruz.com\/index.php?rest_route=\/wp\/v2\/posts\/34025\/revisions\/34026"}],"wp:attachment":[{"href":"https:\/\/lospoliticosveracruz.com\/index.php?rest_route=%2Fwp%2Fv2%2Fmedia&parent=34025"}],"wp:term":[{"taxonomy":"category","embeddable":true,"href":"https:\/\/lospoliticosveracruz.com\/index.php?rest_route=%2Fwp%2Fv2%2Fcategories&post=34025"},{"taxonomy":"post_tag","embeddable":true,"href":"https:\/\/lospoliticosveracruz.com\/index.php?rest_route=%2Fwp%2Fv2%2Ftags&post=34025"}],"curies":[{"name":"wp","href":"https:\/\/api.w.org\/{rel}","templated":true}]}}