{"id":34142,"date":"2017-06-01T22:01:48","date_gmt":"2017-06-02T03:01:48","guid":{"rendered":"http:\/\/www.lospoliticosveracruz.com.mx\/?p=34142"},"modified":"2017-06-01T22:01:48","modified_gmt":"2017-06-02T03:01:48","slug":"ivai-critica-pero-propositiva","status":"publish","type":"post","link":"https:\/\/lospoliticosveracruz.com\/?p=34142","title":{"rendered":"IVAI: Cr\u00edtica pero propositiva"},"content":{"rendered":"<p dir=\"ltr\"><strong>Salvador Mu\u00f1oz<\/strong><\/p>\n<p dir=\"ltr\"><em>Los Pol\u00edticos<\/em><\/p>\n<p dir=\"ltr\">\n<p dir=\"ltr\">\n<p dir=\"ltr\">Son 43 los que aspiran al cargo de Comisionado vacante en el Instituto Veracruzano de Acceso a la Informaci\u00f3n (IVAI). Hay quienes tienen sus ideales bien remarcados para hacer de la transparencia un modo de ser y hacer en nuestros funcionarios y en el servicio p\u00fablico, como es el caso de Naldy Rodr\u00edguez quien con su exposici\u00f3n, lo deja en claro, su presentaci\u00f3n tambi\u00e9n pudo incomodar a m\u00e1s de uno, por sus propuestas de trabajo.<\/p>\n<p dir=\"ltr\">Fiel a su naturaleza de periodista, de maestra, de catedr\u00e1tica, Naldy Rodr\u00edguez es fuerte cr\u00edtica del IVAI por ser consuetudinaria usuaria de \u00e9l, pero no s\u00f3lo eso\u2026 tambi\u00e9n es propositiva\u2026<\/p>\n<p dir=\"ltr\">II<\/p>\n<p dir=\"ltr\">Por ejemplo, en su exposici\u00f3n cuenta que los actuales comisionados, seg\u00fan el tabulador oficial del IVAI, tienen un salario bruto de 64 mil 364 pesos, adem\u00e1s de compensaciones administrativas, ayuda para pasajes, despensa, servicios y capacitaci\u00f3n por 31 mil 518 que hacen un total de 95 mil 882 pesos. De esta cantidad, sufren deducciones por concepto del ISR, Seguro Social y aportaciones al IPE. \u00a1Ah! pero agregue que gozan de un bono bimestral por responsabilidad por 118 mil pesos que son para comisionados y para el Secretario Ejecutivo; adem\u00e1s, un bono semestral bruto por \u201cactuaci\u00f3n\u201d de 105 mil pesos. S\u00ed, ser \u201ctransparente\u201d parece que deja\u2026<\/p>\n<p dir=\"ltr\">La propuesta de Naldy es una reducci\u00f3n del 30 por ciento del bono bimestral por Responsabilidad y del bono semestral por Actuaci\u00f3n a los Comisionados y al Secretario Ejecutivo del instituto. Al a\u00f1o, por estos bonos, hay una erogaci\u00f3n por 3 millones 430 mil pesos, por lo que podr\u00eda generarse un ahorro que casi ara\u00f1ar\u00eda el mill\u00f3n de pesos.<\/p>\n<p dir=\"ltr\">III<\/p>\n<p dir=\"ltr\">Mucho se quejaron los panistas, algunos ciudadanos as\u00ed como organismos, cuando con el aval de la pasada legislatura, el ex gobernador Javier Duarte de Ochoa impuls\u00f3 \u00abreformas\u00bb constitucionales \u201ca modo\u201d para tratar de imponer un comisionado emanado del gobierno del Estado: Gabriel Deantes Ramos. Para ello, modificaron los requisitos para ocupar el cargo en el organismo p\u00fablico siendo el m\u00e1s sustancial el de eliminar la prohibici\u00f3n de haber sido funcionario p\u00fablico \u2013de cualquier nivel de gobierno\u2013 en los tres a\u00f1os anteriores a la postulaci\u00f3n. Naldy se\u00f1ala que gracias a ello, hoy tenemos una ley estatal en la materia impugnada por el Instituto Nacional de Acceso a la Informaci\u00f3n (INAI), el cual present\u00f3 un recurso de inconstitucionalidad en contra de 12 fracciones de nueve art\u00edculos y dos art\u00edculos completos de la ley publicada el 29 de septiembre de 2016 por contravenir principios previstos en la Constituci\u00f3n, entre ellas, las que intentaron favorecer a Gabriel Deantes\u2026<\/p>\n<p dir=\"ltr\">Por cierto, por qu\u00e9 no hay un diputado que intente echar abajo esto&#8230; ah porque de hacerlo, habr\u00edan sido menos, muchos menos de 43 aspirantes por el cargo de Comisionado en el IVAI\u2026<\/p>\n<p dir=\"ltr\">Bueno, pero si no hay actuaci\u00f3n legislativa, Naldy les propone adicionar una fracci\u00f3n al art\u00edculo 67 Constitucional para que establezca los requisitos para ser comisionado a semejanza con la ley federal; es decir: no podr\u00e1n postularse para el cargo \u201csecretarios estatales, diputados locales, ni alcaldes, durante el a\u00f1o previo al d\u00eda de su nombramiento\u201d y con ello se echar\u00eda abajo la Ley Deantes.<\/p>\n<p dir=\"ltr\">IV<\/p>\n<p dir=\"ltr\">No s\u00e9 realmente qu\u00e9 tan propositivos hayan sido los 40 restantes aspirantes (me dicen que al final, no se presentaron dos), pero la cuartilla se queda corta para seguir con las propuestas de Naldy Rodr\u00edguez, la periodista, la catedr\u00e1tica, la usuaria del IVAI que sue\u00f1a que m\u00e1s y m\u00e1s veracruzanos se involuquen en este ejercicio de transparencia de la que nuestros funcionarios y servidores p\u00fablicos debieran hacerlo como sistema m\u00e1s que por obligaci\u00f3n\u2026<\/p>\n<p dir=\"ltr\">Ojal\u00e1 la decisi\u00f3n de los diputados se base m\u00e1s en la idea de garantizar a los ciudadanos este derecho humano consagrado en la Constituci\u00f3n Pol\u00edtica de M\u00e9xico, leyes federales y locales y m\u00e1s lejos de favores, colores o conveniencias pol\u00edticas o de grupo, porque de eso, ya lo vivimos en el pasado gobierno como para repetirlo otra vez.<\/p>\n<p dir=\"ltr\">\n<p dir=\"ltr\"><strong>PD: Dos cargos en 6 meses; va por el tercero<\/strong><\/p>\n<p dir=\"ltr\">De director de Gobernaci\u00f3n, a Procurador Fiscal; de Procu, a intentar saltar a Comisionado del IVAI, \u00bfy todo esto en menos de seis meses? Para cualquier jefe de colmillo largo y retorcido, un sujeto con este curriculum es inaceptable en la empresa que usted quiera porque representa inestabilidad.<\/p>\n<p dir=\"ltr\">En pol\u00edtica tendr\u00eda que sopesarse porque a ello habr\u00eda que agregarle que antes de los seis meses que se citan, David del \u00c1ngel Moreno fue parte fundamental en el equipo de transici\u00f3n de Miguel \u00c1ngel Yunes Linares&#8230; \u00a1ups! con esto, su inter\u00e9s por ser Comisionado del IVAI podr\u00eda venirse abajo porque de llegar, Yunes Linares estar\u00eda repitiendo al menos la historia inmediata de Duarte con Fernando Aguilera de Hombre, Luis \u00c1ngel Bravo Contreras y su intentona fallida, Gabriel Deantes Ramos, en el IVAI.<\/p>\n<p dir=\"ltr\">Aunque habr\u00eda que ver el porqu\u00e9 sali\u00f3 como corcho de sidra de la direcci\u00f3n de Gobernaci\u00f3n despu\u00e9s del intento fallido de desalojo de diez familias antorchistas en la unidad habitacional Villas Xalapa\u2026<\/p>\n<p dir=\"ltr\">\n<p dir=\"ltr\"><a href=\"mailto:smcainito@gmail.com\" target=\"_blank\" rel=\"noopener noreferrer\">smcainito@gmail.com<\/a><\/p>\n","protected":false},"excerpt":{"rendered":"<p>Salvador Mu\u00f1oz Los Pol\u00edticos Son 43 los que aspiran al cargo de Comisionado vacante en el Instituto Veracruzano de Acceso a la Informaci\u00f3n (IVAI). Hay quienes tienen sus ideales bien remarcados para hacer de la transparencia un modo de ser y hacer en nuestros funcionarios y en el servicio p\u00fablico, como es el caso de [&hellip;]<\/p>\n","protected":false},"author":2,"featured_media":0,"comment_status":"open","ping_status":"open","sticky":false,"template":"","format":"standard","meta":{"tdm_status":"","tdm_grid_status":"","footnotes":""},"categories":[70],"tags":[8484,1576,985,5281,1067],"class_list":{"0":"post-34142","1":"post","2":"type-post","3":"status-publish","4":"format-standard","6":"category-de-opinion","7":"tag-comisionado-ivai","8":"tag-instituto-veracruzano-de-acceso-a-la-informacion","9":"tag-ivai","10":"tag-naldy-rodriguez","11":"tag-transparencia"},"yoast_head":"<!-- This site is optimized with the Yoast SEO plugin v27.4 - https:\/\/yoast.com\/product\/yoast-seo-wordpress\/ -->\n<title>IVAI: Cr\u00edtica pero propositiva - Los pol\u00edticos Veracruz<\/title>\n<meta name=\"robots\" content=\"index, follow, max-snippet:-1, max-image-preview:large, max-video-preview:-1\" \/>\n<link rel=\"canonical\" href=\"https:\/\/lospoliticosveracruz.com\/?p=34142\" \/>\n<meta property=\"og:locale\" content=\"es_ES\" \/>\n<meta property=\"og:type\" content=\"article\" \/>\n<meta property=\"og:title\" content=\"IVAI: Cr\u00edtica pero propositiva - Los pol\u00edticos Veracruz\" \/>\n<meta property=\"og:description\" content=\"Salvador Mu\u00f1oz Los Pol\u00edticos Son 43 los que aspiran al cargo de Comisionado vacante en el Instituto Veracruzano de Acceso a la Informaci\u00f3n (IVAI). Hay quienes tienen sus ideales bien remarcados para hacer de la transparencia un modo de ser y hacer en nuestros funcionarios y en el servicio p\u00fablico, como es el caso de [&hellip;]\" \/>\n<meta property=\"og:url\" content=\"https:\/\/lospoliticosveracruz.com\/?p=34142\" \/>\n<meta property=\"og:site_name\" content=\"Los pol\u00edticos Veracruz\" \/>\n<meta property=\"article:publisher\" content=\"https:\/\/www.facebook.com\/people\/Notimemes-de-los-Polticos\/61565672886568\/\" \/>\n<meta property=\"article:published_time\" content=\"2017-06-02T03:01:48+00:00\" \/>\n<meta property=\"og:image\" content=\"https:\/\/lospoliticosveracruz.com\/wp-content\/uploads\/2016\/07\/Logo-Dor.jpg\" \/>\n\t<meta property=\"og:image:width\" content=\"200\" \/>\n\t<meta property=\"og:image:height\" content=\"200\" \/>\n\t<meta property=\"og:image:type\" content=\"image\/jpeg\" \/>\n<meta name=\"author\" content=\"Lo viste en Los Pol\u00edticos\" \/>\n<meta name=\"twitter:card\" content=\"summary_large_image\" \/>\n<meta name=\"twitter:creator\" content=\"@LosPoliticosVer\" \/>\n<meta name=\"twitter:site\" content=\"@LosPoliticosVer\" \/>\n<meta name=\"twitter:label1\" content=\"Escrito por\" \/>\n\t<meta name=\"twitter:data1\" content=\"Lo viste en Los Pol\u00edticos\" \/>\n\t<meta name=\"twitter:label2\" content=\"Tiempo de lectura\" \/>\n\t<meta name=\"twitter:data2\" content=\"4 minutos\" \/>\n<script type=\"application\/ld+json\" class=\"yoast-schema-graph\">{\"@context\":\"https:\\\/\\\/schema.org\",\"@graph\":[{\"@type\":\"Article\",\"@id\":\"https:\\\/\\\/lospoliticosveracruz.com\\\/?p=34142#article\",\"isPartOf\":{\"@id\":\"https:\\\/\\\/lospoliticosveracruz.com\\\/?p=34142\"},\"author\":{\"name\":\"Lo viste en Los Pol\u00edticos\",\"@id\":\"https:\\\/\\\/lospoliticosveracruz.com\\\/#\\\/schema\\\/person\\\/b8702bb0e538456e6efd07080bf2a4a2\"},\"headline\":\"IVAI: Cr\u00edtica pero propositiva\",\"datePublished\":\"2017-06-02T03:01:48+00:00\",\"mainEntityOfPage\":{\"@id\":\"https:\\\/\\\/lospoliticosveracruz.com\\\/?p=34142\"},\"wordCount\":893,\"commentCount\":0,\"publisher\":{\"@id\":\"https:\\\/\\\/lospoliticosveracruz.com\\\/#organization\"},\"keywords\":[\"Comisionado IVAI\",\"Instituto Veracruzano de Acceso a la Informaci\u00f3n\",\"IVAI\",\"Naldy Rodr\u00edguez\",\"transparencia\"],\"articleSection\":[\"De Opini\u00f3n\"],\"inLanguage\":\"es\",\"potentialAction\":[{\"@type\":\"CommentAction\",\"name\":\"Comment\",\"target\":[\"https:\\\/\\\/lospoliticosveracruz.com\\\/?p=34142#respond\"]}]},{\"@type\":\"WebPage\",\"@id\":\"https:\\\/\\\/lospoliticosveracruz.com\\\/?p=34142\",\"url\":\"https:\\\/\\\/lospoliticosveracruz.com\\\/?p=34142\",\"name\":\"IVAI: Cr\u00edtica pero propositiva - Los pol\u00edticos Veracruz\",\"isPartOf\":{\"@id\":\"https:\\\/\\\/lospoliticosveracruz.com\\\/#website\"},\"datePublished\":\"2017-06-02T03:01:48+00:00\",\"breadcrumb\":{\"@id\":\"https:\\\/\\\/lospoliticosveracruz.com\\\/?p=34142#breadcrumb\"},\"inLanguage\":\"es\",\"potentialAction\":[{\"@type\":\"ReadAction\",\"target\":[\"https:\\\/\\\/lospoliticosveracruz.com\\\/?p=34142\"]}]},{\"@type\":\"BreadcrumbList\",\"@id\":\"https:\\\/\\\/lospoliticosveracruz.com\\\/?p=34142#breadcrumb\",\"itemListElement\":[{\"@type\":\"ListItem\",\"position\":1,\"name\":\"Portada\",\"item\":\"https:\\\/\\\/lospoliticosveracruz.com\\\/\"},{\"@type\":\"ListItem\",\"position\":2,\"name\":\"IVAI: Cr\u00edtica pero propositiva\"}]},{\"@type\":\"WebSite\",\"@id\":\"https:\\\/\\\/lospoliticosveracruz.com\\\/#website\",\"url\":\"https:\\\/\\\/lospoliticosveracruz.com\\\/\",\"name\":\"Los pol\u00edticos Veracruz\",\"description\":\"\",\"publisher\":{\"@id\":\"https:\\\/\\\/lospoliticosveracruz.com\\\/#organization\"},\"potentialAction\":[{\"@type\":\"SearchAction\",\"target\":{\"@type\":\"EntryPoint\",\"urlTemplate\":\"https:\\\/\\\/lospoliticosveracruz.com\\\/?s={search_term_string}\"},\"query-input\":{\"@type\":\"PropertyValueSpecification\",\"valueRequired\":true,\"valueName\":\"search_term_string\"}}],\"inLanguage\":\"es\"},{\"@type\":\"Organization\",\"@id\":\"https:\\\/\\\/lospoliticosveracruz.com\\\/#organization\",\"name\":\"Los pol\u00edticos Veracruz\",\"url\":\"https:\\\/\\\/lospoliticosveracruz.com\\\/\",\"logo\":{\"@type\":\"ImageObject\",\"inLanguage\":\"es\",\"@id\":\"https:\\\/\\\/lospoliticosveracruz.com\\\/#\\\/schema\\\/logo\\\/image\\\/\",\"url\":\"https:\\\/\\\/lospoliticosveracruz.com\\\/wp-content\\\/uploads\\\/2025\\\/12\\\/Logo-Nuevo-LOS-POLITICOS-1.jpg\",\"contentUrl\":\"https:\\\/\\\/lospoliticosveracruz.com\\\/wp-content\\\/uploads\\\/2025\\\/12\\\/Logo-Nuevo-LOS-POLITICOS-1.jpg\",\"width\":260,\"height\":70,\"caption\":\"Los pol\u00edticos Veracruz\"},\"image\":{\"@id\":\"https:\\\/\\\/lospoliticosveracruz.com\\\/#\\\/schema\\\/logo\\\/image\\\/\"},\"sameAs\":[\"https:\\\/\\\/www.facebook.com\\\/people\\\/Notimemes-de-los-Polticos\\\/61565672886568\\\/\",\"https:\\\/\\\/x.com\\\/LosPoliticosVer\"]},{\"@type\":\"Person\",\"@id\":\"https:\\\/\\\/lospoliticosveracruz.com\\\/#\\\/schema\\\/person\\\/b8702bb0e538456e6efd07080bf2a4a2\",\"name\":\"Lo viste en Los Pol\u00edticos\",\"image\":{\"@type\":\"ImageObject\",\"inLanguage\":\"es\",\"@id\":\"https:\\\/\\\/secure.gravatar.com\\\/avatar\\\/3a8de04a2656d44082be478bd6c086daa447c4651605818287b9532d3d0bd435?s=96&d=mm&r=g\",\"url\":\"https:\\\/\\\/secure.gravatar.com\\\/avatar\\\/3a8de04a2656d44082be478bd6c086daa447c4651605818287b9532d3d0bd435?s=96&d=mm&r=g\",\"contentUrl\":\"https:\\\/\\\/secure.gravatar.com\\\/avatar\\\/3a8de04a2656d44082be478bd6c086daa447c4651605818287b9532d3d0bd435?s=96&d=mm&r=g\",\"caption\":\"Lo viste en Los Pol\u00edticos\"},\"url\":\"https:\\\/\\\/lospoliticosveracruz.com\\\/?author=2\"}]}<\/script>\n<!-- \/ Yoast SEO plugin. -->","yoast_head_json":{"title":"IVAI: Cr\u00edtica pero propositiva - Los pol\u00edticos Veracruz","robots":{"index":"index","follow":"follow","max-snippet":"max-snippet:-1","max-image-preview":"max-image-preview:large","max-video-preview":"max-video-preview:-1"},"canonical":"https:\/\/lospoliticosveracruz.com\/?p=34142","og_locale":"es_ES","og_type":"article","og_title":"IVAI: Cr\u00edtica pero propositiva - Los pol\u00edticos Veracruz","og_description":"Salvador Mu\u00f1oz Los Pol\u00edticos Son 43 los que aspiran al cargo de Comisionado vacante en el Instituto Veracruzano de Acceso a la Informaci\u00f3n (IVAI). Hay quienes tienen sus ideales bien remarcados para hacer de la transparencia un modo de ser y hacer en nuestros funcionarios y en el servicio p\u00fablico, como es el caso de [&hellip;]","og_url":"https:\/\/lospoliticosveracruz.com\/?p=34142","og_site_name":"Los pol\u00edticos Veracruz","article_publisher":"https:\/\/www.facebook.com\/people\/Notimemes-de-los-Polticos\/61565672886568\/","article_published_time":"2017-06-02T03:01:48+00:00","og_image":[{"width":200,"height":200,"url":"https:\/\/lospoliticosveracruz.com\/wp-content\/uploads\/2016\/07\/Logo-Dor.jpg","type":"image\/jpeg"}],"author":"Lo viste en Los Pol\u00edticos","twitter_card":"summary_large_image","twitter_creator":"@LosPoliticosVer","twitter_site":"@LosPoliticosVer","twitter_misc":{"Escrito por":"Lo viste en Los Pol\u00edticos","Tiempo de lectura":"4 minutos"},"schema":{"@context":"https:\/\/schema.org","@graph":[{"@type":"Article","@id":"https:\/\/lospoliticosveracruz.com\/?p=34142#article","isPartOf":{"@id":"https:\/\/lospoliticosveracruz.com\/?p=34142"},"author":{"name":"Lo viste en Los Pol\u00edticos","@id":"https:\/\/lospoliticosveracruz.com\/#\/schema\/person\/b8702bb0e538456e6efd07080bf2a4a2"},"headline":"IVAI: Cr\u00edtica pero propositiva","datePublished":"2017-06-02T03:01:48+00:00","mainEntityOfPage":{"@id":"https:\/\/lospoliticosveracruz.com\/?p=34142"},"wordCount":893,"commentCount":0,"publisher":{"@id":"https:\/\/lospoliticosveracruz.com\/#organization"},"keywords":["Comisionado IVAI","Instituto Veracruzano de Acceso a la Informaci\u00f3n","IVAI","Naldy Rodr\u00edguez","transparencia"],"articleSection":["De Opini\u00f3n"],"inLanguage":"es","potentialAction":[{"@type":"CommentAction","name":"Comment","target":["https:\/\/lospoliticosveracruz.com\/?p=34142#respond"]}]},{"@type":"WebPage","@id":"https:\/\/lospoliticosveracruz.com\/?p=34142","url":"https:\/\/lospoliticosveracruz.com\/?p=34142","name":"IVAI: Cr\u00edtica pero propositiva - Los pol\u00edticos Veracruz","isPartOf":{"@id":"https:\/\/lospoliticosveracruz.com\/#website"},"datePublished":"2017-06-02T03:01:48+00:00","breadcrumb":{"@id":"https:\/\/lospoliticosveracruz.com\/?p=34142#breadcrumb"},"inLanguage":"es","potentialAction":[{"@type":"ReadAction","target":["https:\/\/lospoliticosveracruz.com\/?p=34142"]}]},{"@type":"BreadcrumbList","@id":"https:\/\/lospoliticosveracruz.com\/?p=34142#breadcrumb","itemListElement":[{"@type":"ListItem","position":1,"name":"Portada","item":"https:\/\/lospoliticosveracruz.com\/"},{"@type":"ListItem","position":2,"name":"IVAI: Cr\u00edtica pero propositiva"}]},{"@type":"WebSite","@id":"https:\/\/lospoliticosveracruz.com\/#website","url":"https:\/\/lospoliticosveracruz.com\/","name":"Los pol\u00edticos Veracruz","description":"","publisher":{"@id":"https:\/\/lospoliticosveracruz.com\/#organization"},"potentialAction":[{"@type":"SearchAction","target":{"@type":"EntryPoint","urlTemplate":"https:\/\/lospoliticosveracruz.com\/?s={search_term_string}"},"query-input":{"@type":"PropertyValueSpecification","valueRequired":true,"valueName":"search_term_string"}}],"inLanguage":"es"},{"@type":"Organization","@id":"https:\/\/lospoliticosveracruz.com\/#organization","name":"Los pol\u00edticos Veracruz","url":"https:\/\/lospoliticosveracruz.com\/","logo":{"@type":"ImageObject","inLanguage":"es","@id":"https:\/\/lospoliticosveracruz.com\/#\/schema\/logo\/image\/","url":"https:\/\/lospoliticosveracruz.com\/wp-content\/uploads\/2025\/12\/Logo-Nuevo-LOS-POLITICOS-1.jpg","contentUrl":"https:\/\/lospoliticosveracruz.com\/wp-content\/uploads\/2025\/12\/Logo-Nuevo-LOS-POLITICOS-1.jpg","width":260,"height":70,"caption":"Los pol\u00edticos Veracruz"},"image":{"@id":"https:\/\/lospoliticosveracruz.com\/#\/schema\/logo\/image\/"},"sameAs":["https:\/\/www.facebook.com\/people\/Notimemes-de-los-Polticos\/61565672886568\/","https:\/\/x.com\/LosPoliticosVer"]},{"@type":"Person","@id":"https:\/\/lospoliticosveracruz.com\/#\/schema\/person\/b8702bb0e538456e6efd07080bf2a4a2","name":"Lo viste en Los Pol\u00edticos","image":{"@type":"ImageObject","inLanguage":"es","@id":"https:\/\/secure.gravatar.com\/avatar\/3a8de04a2656d44082be478bd6c086daa447c4651605818287b9532d3d0bd435?s=96&d=mm&r=g","url":"https:\/\/secure.gravatar.com\/avatar\/3a8de04a2656d44082be478bd6c086daa447c4651605818287b9532d3d0bd435?s=96&d=mm&r=g","contentUrl":"https:\/\/secure.gravatar.com\/avatar\/3a8de04a2656d44082be478bd6c086daa447c4651605818287b9532d3d0bd435?s=96&d=mm&r=g","caption":"Lo viste en Los Pol\u00edticos"},"url":"https:\/\/lospoliticosveracruz.com\/?author=2"}]}},"_links":{"self":[{"href":"https:\/\/lospoliticosveracruz.com\/index.php?rest_route=\/wp\/v2\/posts\/34142","targetHints":{"allow":["GET"]}}],"collection":[{"href":"https:\/\/lospoliticosveracruz.com\/index.php?rest_route=\/wp\/v2\/posts"}],"about":[{"href":"https:\/\/lospoliticosveracruz.com\/index.php?rest_route=\/wp\/v2\/types\/post"}],"author":[{"embeddable":true,"href":"https:\/\/lospoliticosveracruz.com\/index.php?rest_route=\/wp\/v2\/users\/2"}],"replies":[{"embeddable":true,"href":"https:\/\/lospoliticosveracruz.com\/index.php?rest_route=%2Fwp%2Fv2%2Fcomments&post=34142"}],"version-history":[{"count":1,"href":"https:\/\/lospoliticosveracruz.com\/index.php?rest_route=\/wp\/v2\/posts\/34142\/revisions"}],"predecessor-version":[{"id":34143,"href":"https:\/\/lospoliticosveracruz.com\/index.php?rest_route=\/wp\/v2\/posts\/34142\/revisions\/34143"}],"wp:attachment":[{"href":"https:\/\/lospoliticosveracruz.com\/index.php?rest_route=%2Fwp%2Fv2%2Fmedia&parent=34142"}],"wp:term":[{"taxonomy":"category","embeddable":true,"href":"https:\/\/lospoliticosveracruz.com\/index.php?rest_route=%2Fwp%2Fv2%2Fcategories&post=34142"},{"taxonomy":"post_tag","embeddable":true,"href":"https:\/\/lospoliticosveracruz.com\/index.php?rest_route=%2Fwp%2Fv2%2Ftags&post=34142"}],"curies":[{"name":"wp","href":"https:\/\/api.w.org\/{rel}","templated":true}]}}