{"id":34187,"date":"2017-06-02T22:22:09","date_gmt":"2017-06-03T03:22:09","guid":{"rendered":"http:\/\/www.lospoliticosveracruz.com.mx\/?p=34187"},"modified":"2017-06-02T22:22:09","modified_gmt":"2017-06-03T03:22:09","slug":"hector-2018","status":"publish","type":"post","link":"https:\/\/lospoliticosveracruz.com\/?p=34187","title":{"rendered":"H\u00e9ctor 2018"},"content":{"rendered":"<p><strong>Salvador Mu\u00f1oz<\/strong><\/p>\n<p><em>Los Pol\u00edticos<\/em><\/p>\n<p>Se le ve m\u00e1s delgado, pero no ese \u201cdelgado jodido\u201d que agarr\u00f3 cuando anduvo en la pasada campa\u00f1a por la gubernatura donde perdi\u00f3 11 kilos, aunque asegura que cuando compiti\u00f3 para Senador, baj\u00f3 17 kilos 300 gramos. Hoy se ve delgado, pero sano, por as\u00ed decirlo.<br \/>\nNo es para menos\u2026 dice que se mete al \u201cGym\u201d dos horas y media y para calentar, hace ejercicio con la el\u00edptica para despu\u00e9s pasar con Arsenio, \u201cel Maestro Limpio\u201d, su entrenador, quien antes de cualquier otra cosa, le pone a hacer \u00a1800 abdominales!<br \/>\nPor supuesto, a\u00fan no agarra el ritmo de su hija, quien hace poco subi\u00f3 unas fotos al Facebook donde incluso, adem\u00e1s de mostrar la masa muscular, \u00a1carga al novio con una facilidad! Pero H\u00e9ctor es paciente\u2026 todav\u00eda no es tiempo de mostrar \u201cm\u00fasculo\u201d.<br \/>\nII<br \/>\nTen\u00eda casi un a\u00f1o de no vernos. El senador se da tiempo para comer y echar un caf\u00e9 antes de partir al Puerto porque tiene un compromiso con el peque\u00f1o H\u00e9ctor: \u201cEl regreso de la Tiburoman\u00eda\u201d. Es el partido de futbol retro, donde habr\u00edan estado algunas estrellas de anta\u00f1o, como Luis \u201cEl Matador\u201d Hern\u00e1ndez, Isaac Terrazas, Jorge Bernal, Walter Jim\u00e9nez, Manuel L\u00f3pez Mondrag\u00f3n, Jos\u00e9 Luis Gonz\u00e1lez China, Francisco Bravo, Carlos Barra, Lucas Ayala, Jos\u00e9 Luis Malibr\u00e1n, Ramiro \u201cEl Sargento\u201d Brise\u00f1o, Javier \u201cArchie\u201d Flores, Diego Melillo, Braulio Luna y \u00c1ngel \u201cMatute\u201d Morales.<br \/>\nLo interesante de este encuentro, platica el senador H\u00e9ctor Yunes Landa, es que este equipo experimentado se habr\u00eda enfrentado a un equipo conformado por jugadores que fueron detectados en los barrios de Veracruz.<br \/>\nNo sabe si iba a ir Fidel Kuri Grajales porque estaba \u201csacado de onda\u201d por temor a que el OPLE le fuera a mostrar \u201cla amarilla\u201d, tanto, que cuenta H\u00e9ctor Yunes, que el candidato mand\u00f3 al Organismo, un documento para preguntar si pod\u00eda asistir o no al partido\u2026 Sergio Gonz\u00e1lez Levet hace la observaci\u00f3n que el partido es en Boca del R\u00edo, no en Veracruz\u2026 \u201c\u00a1cierto!\u201d y todo indica que Fidel Kuri s\u00ed habr\u00eda podido ir al encuentro de futbol\u2026 \u00a1claro! sin meterse al campo ni al palco.<br \/>\nIII<br \/>\nNo habla de pron\u00f3sticos para este domingo, pero s\u00ed le queda algo muy en claro: la necesidad de cambiar de presidente del PRI\u2026 por supuesto, del CEN del PRI, Enrique Ochoa Reza, con quien ha tenido una serie de confrontaciones tuiteras que iniciaron con un discurso que dio el dirigente del partido \u201cenarbolando\u201d uno de los principios b\u00e1sicos del Revolucionario: \u00a1el bien com\u00fan! y por m\u00e1s que busc\u00f3 y busc\u00f3, no encontr\u00f3 tal, pero s\u00ed lo hall\u00f3 \u00a1en el PAN!<br \/>\nConsidera que pasadas estas elecciones, se tiene que ir Ochoa Reza\u2026 no as\u00ed Renato Alarc\u00f3n Guevara, quien independientemente de los resultados de este domingo, reconoce en \u00e9l su esfuerzo y \u201cel cuero de burro para aguantar los madrazos\u201d de todos los sectores en la reciente selecci\u00f3n de candidatos.<br \/>\nBueno, pero, suponiendo que se hiciera el cambio en la dirigencia nacional del PRI, \u00bfa qui\u00e9n ve para sustituir a Enrique Ochoa Reza? A dos: Emilio Gamboa o Pepe Calzada\u2026<br \/>\nLa pl\u00e1tica fue extensa y el compromiso de H\u00e9ctor con el peque\u00f1o H\u00e9ctor para ir al partido es ineludible\u2026 as\u00ed que para otra ocasi\u00f3n continuaremos hablando de H\u00e9ctor y de otro H\u00e9ctor, el sobrino de Carlos Slim, en funci\u00f3n de su proyecto con miras al 2018.<\/p>\n<p>&nbsp;<\/p>\n<p>smcainito@gmail.com<\/p>\n<p>&nbsp;<\/p>\n","protected":false},"excerpt":{"rendered":"<p>Salvador Mu\u00f1oz Los Pol\u00edticos Se le ve m\u00e1s delgado, pero no ese \u201cdelgado jodido\u201d que agarr\u00f3 cuando anduvo en la pasada campa\u00f1a por la gubernatura donde perdi\u00f3 11 kilos, aunque asegura que cuando compiti\u00f3 para Senador, baj\u00f3 17 kilos 300 gramos. Hoy se ve delgado, pero sano, por as\u00ed decirlo. No es para menos\u2026 dice [&hellip;]<\/p>\n","protected":false},"author":2,"featured_media":0,"comment_status":"open","ping_status":"open","sticky":false,"template":"","format":"standard","meta":{"tdm_status":"","tdm_grid_status":"","footnotes":""},"categories":[70],"tags":[5674,608,119,3060],"class_list":{"0":"post-34187","1":"post","2":"type-post","3":"status-publish","4":"format-standard","6":"category-de-opinion","7":"tag-enrique-ochoa-reza","8":"tag-fidel-kuri-grajales","9":"tag-hector-yunes","10":"tag-renato-alarcon"},"yoast_head":"<!-- This site is optimized with the Yoast SEO plugin v27.4 - https:\/\/yoast.com\/product\/yoast-seo-wordpress\/ -->\n<title>H\u00e9ctor 2018 - Los pol\u00edticos Veracruz<\/title>\n<meta name=\"robots\" content=\"index, follow, max-snippet:-1, max-image-preview:large, max-video-preview:-1\" \/>\n<link rel=\"canonical\" href=\"https:\/\/lospoliticosveracruz.com\/?p=34187\" \/>\n<meta property=\"og:locale\" content=\"es_ES\" \/>\n<meta property=\"og:type\" content=\"article\" \/>\n<meta property=\"og:title\" content=\"H\u00e9ctor 2018 - Los pol\u00edticos Veracruz\" \/>\n<meta property=\"og:description\" content=\"Salvador Mu\u00f1oz Los Pol\u00edticos Se le ve m\u00e1s delgado, pero no ese \u201cdelgado jodido\u201d que agarr\u00f3 cuando anduvo en la pasada campa\u00f1a por la gubernatura donde perdi\u00f3 11 kilos, aunque asegura que cuando compiti\u00f3 para Senador, baj\u00f3 17 kilos 300 gramos. Hoy se ve delgado, pero sano, por as\u00ed decirlo. No es para menos\u2026 dice [&hellip;]\" \/>\n<meta property=\"og:url\" content=\"https:\/\/lospoliticosveracruz.com\/?p=34187\" \/>\n<meta property=\"og:site_name\" content=\"Los pol\u00edticos Veracruz\" \/>\n<meta property=\"article:publisher\" content=\"https:\/\/www.facebook.com\/people\/Notimemes-de-los-Polticos\/61565672886568\/\" \/>\n<meta property=\"article:published_time\" content=\"2017-06-03T03:22:09+00:00\" \/>\n<meta property=\"og:image\" content=\"https:\/\/lospoliticosveracruz.com\/wp-content\/uploads\/2016\/07\/Logo-Dor.jpg\" \/>\n\t<meta property=\"og:image:width\" content=\"200\" \/>\n\t<meta property=\"og:image:height\" content=\"200\" \/>\n\t<meta property=\"og:image:type\" content=\"image\/jpeg\" \/>\n<meta name=\"author\" content=\"Lo viste en Los Pol\u00edticos\" \/>\n<meta name=\"twitter:card\" content=\"summary_large_image\" \/>\n<meta name=\"twitter:creator\" content=\"@LosPoliticosVer\" \/>\n<meta name=\"twitter:site\" content=\"@LosPoliticosVer\" \/>\n<meta name=\"twitter:label1\" content=\"Escrito por\" \/>\n\t<meta name=\"twitter:data1\" content=\"Lo viste en Los Pol\u00edticos\" \/>\n\t<meta name=\"twitter:label2\" content=\"Tiempo de lectura\" \/>\n\t<meta name=\"twitter:data2\" content=\"3 minutos\" \/>\n<script type=\"application\/ld+json\" class=\"yoast-schema-graph\">{\"@context\":\"https:\\\/\\\/schema.org\",\"@graph\":[{\"@type\":\"Article\",\"@id\":\"https:\\\/\\\/lospoliticosveracruz.com\\\/?p=34187#article\",\"isPartOf\":{\"@id\":\"https:\\\/\\\/lospoliticosveracruz.com\\\/?p=34187\"},\"author\":{\"name\":\"Lo viste en Los Pol\u00edticos\",\"@id\":\"https:\\\/\\\/lospoliticosveracruz.com\\\/#\\\/schema\\\/person\\\/b8702bb0e538456e6efd07080bf2a4a2\"},\"headline\":\"H\u00e9ctor 2018\",\"datePublished\":\"2017-06-03T03:22:09+00:00\",\"mainEntityOfPage\":{\"@id\":\"https:\\\/\\\/lospoliticosveracruz.com\\\/?p=34187\"},\"wordCount\":605,\"commentCount\":0,\"publisher\":{\"@id\":\"https:\\\/\\\/lospoliticosveracruz.com\\\/#organization\"},\"keywords\":[\"Enrique Ochoa Reza\",\"Fidel Kuri Grajales\",\"H\u00e9ctor Yunes\",\"Renato Alarc\u00f3n\"],\"articleSection\":[\"De Opini\u00f3n\"],\"inLanguage\":\"es\",\"potentialAction\":[{\"@type\":\"CommentAction\",\"name\":\"Comment\",\"target\":[\"https:\\\/\\\/lospoliticosveracruz.com\\\/?p=34187#respond\"]}]},{\"@type\":\"WebPage\",\"@id\":\"https:\\\/\\\/lospoliticosveracruz.com\\\/?p=34187\",\"url\":\"https:\\\/\\\/lospoliticosveracruz.com\\\/?p=34187\",\"name\":\"H\u00e9ctor 2018 - Los pol\u00edticos Veracruz\",\"isPartOf\":{\"@id\":\"https:\\\/\\\/lospoliticosveracruz.com\\\/#website\"},\"datePublished\":\"2017-06-03T03:22:09+00:00\",\"breadcrumb\":{\"@id\":\"https:\\\/\\\/lospoliticosveracruz.com\\\/?p=34187#breadcrumb\"},\"inLanguage\":\"es\",\"potentialAction\":[{\"@type\":\"ReadAction\",\"target\":[\"https:\\\/\\\/lospoliticosveracruz.com\\\/?p=34187\"]}]},{\"@type\":\"BreadcrumbList\",\"@id\":\"https:\\\/\\\/lospoliticosveracruz.com\\\/?p=34187#breadcrumb\",\"itemListElement\":[{\"@type\":\"ListItem\",\"position\":1,\"name\":\"Portada\",\"item\":\"https:\\\/\\\/lospoliticosveracruz.com\\\/\"},{\"@type\":\"ListItem\",\"position\":2,\"name\":\"H\u00e9ctor 2018\"}]},{\"@type\":\"WebSite\",\"@id\":\"https:\\\/\\\/lospoliticosveracruz.com\\\/#website\",\"url\":\"https:\\\/\\\/lospoliticosveracruz.com\\\/\",\"name\":\"Los pol\u00edticos Veracruz\",\"description\":\"\",\"publisher\":{\"@id\":\"https:\\\/\\\/lospoliticosveracruz.com\\\/#organization\"},\"potentialAction\":[{\"@type\":\"SearchAction\",\"target\":{\"@type\":\"EntryPoint\",\"urlTemplate\":\"https:\\\/\\\/lospoliticosveracruz.com\\\/?s={search_term_string}\"},\"query-input\":{\"@type\":\"PropertyValueSpecification\",\"valueRequired\":true,\"valueName\":\"search_term_string\"}}],\"inLanguage\":\"es\"},{\"@type\":\"Organization\",\"@id\":\"https:\\\/\\\/lospoliticosveracruz.com\\\/#organization\",\"name\":\"Los pol\u00edticos Veracruz\",\"url\":\"https:\\\/\\\/lospoliticosveracruz.com\\\/\",\"logo\":{\"@type\":\"ImageObject\",\"inLanguage\":\"es\",\"@id\":\"https:\\\/\\\/lospoliticosveracruz.com\\\/#\\\/schema\\\/logo\\\/image\\\/\",\"url\":\"https:\\\/\\\/lospoliticosveracruz.com\\\/wp-content\\\/uploads\\\/2025\\\/12\\\/Logo-Nuevo-LOS-POLITICOS-1.jpg\",\"contentUrl\":\"https:\\\/\\\/lospoliticosveracruz.com\\\/wp-content\\\/uploads\\\/2025\\\/12\\\/Logo-Nuevo-LOS-POLITICOS-1.jpg\",\"width\":260,\"height\":70,\"caption\":\"Los pol\u00edticos Veracruz\"},\"image\":{\"@id\":\"https:\\\/\\\/lospoliticosveracruz.com\\\/#\\\/schema\\\/logo\\\/image\\\/\"},\"sameAs\":[\"https:\\\/\\\/www.facebook.com\\\/people\\\/Notimemes-de-los-Polticos\\\/61565672886568\\\/\",\"https:\\\/\\\/x.com\\\/LosPoliticosVer\"]},{\"@type\":\"Person\",\"@id\":\"https:\\\/\\\/lospoliticosveracruz.com\\\/#\\\/schema\\\/person\\\/b8702bb0e538456e6efd07080bf2a4a2\",\"name\":\"Lo viste en Los Pol\u00edticos\",\"image\":{\"@type\":\"ImageObject\",\"inLanguage\":\"es\",\"@id\":\"https:\\\/\\\/secure.gravatar.com\\\/avatar\\\/3a8de04a2656d44082be478bd6c086daa447c4651605818287b9532d3d0bd435?s=96&d=mm&r=g\",\"url\":\"https:\\\/\\\/secure.gravatar.com\\\/avatar\\\/3a8de04a2656d44082be478bd6c086daa447c4651605818287b9532d3d0bd435?s=96&d=mm&r=g\",\"contentUrl\":\"https:\\\/\\\/secure.gravatar.com\\\/avatar\\\/3a8de04a2656d44082be478bd6c086daa447c4651605818287b9532d3d0bd435?s=96&d=mm&r=g\",\"caption\":\"Lo viste en Los Pol\u00edticos\"},\"url\":\"https:\\\/\\\/lospoliticosveracruz.com\\\/?author=2\"}]}<\/script>\n<!-- \/ Yoast SEO plugin. -->","yoast_head_json":{"title":"H\u00e9ctor 2018 - Los pol\u00edticos Veracruz","robots":{"index":"index","follow":"follow","max-snippet":"max-snippet:-1","max-image-preview":"max-image-preview:large","max-video-preview":"max-video-preview:-1"},"canonical":"https:\/\/lospoliticosveracruz.com\/?p=34187","og_locale":"es_ES","og_type":"article","og_title":"H\u00e9ctor 2018 - Los pol\u00edticos Veracruz","og_description":"Salvador Mu\u00f1oz Los Pol\u00edticos Se le ve m\u00e1s delgado, pero no ese \u201cdelgado jodido\u201d que agarr\u00f3 cuando anduvo en la pasada campa\u00f1a por la gubernatura donde perdi\u00f3 11 kilos, aunque asegura que cuando compiti\u00f3 para Senador, baj\u00f3 17 kilos 300 gramos. Hoy se ve delgado, pero sano, por as\u00ed decirlo. No es para menos\u2026 dice [&hellip;]","og_url":"https:\/\/lospoliticosveracruz.com\/?p=34187","og_site_name":"Los pol\u00edticos Veracruz","article_publisher":"https:\/\/www.facebook.com\/people\/Notimemes-de-los-Polticos\/61565672886568\/","article_published_time":"2017-06-03T03:22:09+00:00","og_image":[{"width":200,"height":200,"url":"https:\/\/lospoliticosveracruz.com\/wp-content\/uploads\/2016\/07\/Logo-Dor.jpg","type":"image\/jpeg"}],"author":"Lo viste en Los Pol\u00edticos","twitter_card":"summary_large_image","twitter_creator":"@LosPoliticosVer","twitter_site":"@LosPoliticosVer","twitter_misc":{"Escrito por":"Lo viste en Los Pol\u00edticos","Tiempo de lectura":"3 minutos"},"schema":{"@context":"https:\/\/schema.org","@graph":[{"@type":"Article","@id":"https:\/\/lospoliticosveracruz.com\/?p=34187#article","isPartOf":{"@id":"https:\/\/lospoliticosveracruz.com\/?p=34187"},"author":{"name":"Lo viste en Los Pol\u00edticos","@id":"https:\/\/lospoliticosveracruz.com\/#\/schema\/person\/b8702bb0e538456e6efd07080bf2a4a2"},"headline":"H\u00e9ctor 2018","datePublished":"2017-06-03T03:22:09+00:00","mainEntityOfPage":{"@id":"https:\/\/lospoliticosveracruz.com\/?p=34187"},"wordCount":605,"commentCount":0,"publisher":{"@id":"https:\/\/lospoliticosveracruz.com\/#organization"},"keywords":["Enrique Ochoa Reza","Fidel Kuri Grajales","H\u00e9ctor Yunes","Renato Alarc\u00f3n"],"articleSection":["De Opini\u00f3n"],"inLanguage":"es","potentialAction":[{"@type":"CommentAction","name":"Comment","target":["https:\/\/lospoliticosveracruz.com\/?p=34187#respond"]}]},{"@type":"WebPage","@id":"https:\/\/lospoliticosveracruz.com\/?p=34187","url":"https:\/\/lospoliticosveracruz.com\/?p=34187","name":"H\u00e9ctor 2018 - Los pol\u00edticos Veracruz","isPartOf":{"@id":"https:\/\/lospoliticosveracruz.com\/#website"},"datePublished":"2017-06-03T03:22:09+00:00","breadcrumb":{"@id":"https:\/\/lospoliticosveracruz.com\/?p=34187#breadcrumb"},"inLanguage":"es","potentialAction":[{"@type":"ReadAction","target":["https:\/\/lospoliticosveracruz.com\/?p=34187"]}]},{"@type":"BreadcrumbList","@id":"https:\/\/lospoliticosveracruz.com\/?p=34187#breadcrumb","itemListElement":[{"@type":"ListItem","position":1,"name":"Portada","item":"https:\/\/lospoliticosveracruz.com\/"},{"@type":"ListItem","position":2,"name":"H\u00e9ctor 2018"}]},{"@type":"WebSite","@id":"https:\/\/lospoliticosveracruz.com\/#website","url":"https:\/\/lospoliticosveracruz.com\/","name":"Los pol\u00edticos Veracruz","description":"","publisher":{"@id":"https:\/\/lospoliticosveracruz.com\/#organization"},"potentialAction":[{"@type":"SearchAction","target":{"@type":"EntryPoint","urlTemplate":"https:\/\/lospoliticosveracruz.com\/?s={search_term_string}"},"query-input":{"@type":"PropertyValueSpecification","valueRequired":true,"valueName":"search_term_string"}}],"inLanguage":"es"},{"@type":"Organization","@id":"https:\/\/lospoliticosveracruz.com\/#organization","name":"Los pol\u00edticos Veracruz","url":"https:\/\/lospoliticosveracruz.com\/","logo":{"@type":"ImageObject","inLanguage":"es","@id":"https:\/\/lospoliticosveracruz.com\/#\/schema\/logo\/image\/","url":"https:\/\/lospoliticosveracruz.com\/wp-content\/uploads\/2025\/12\/Logo-Nuevo-LOS-POLITICOS-1.jpg","contentUrl":"https:\/\/lospoliticosveracruz.com\/wp-content\/uploads\/2025\/12\/Logo-Nuevo-LOS-POLITICOS-1.jpg","width":260,"height":70,"caption":"Los pol\u00edticos Veracruz"},"image":{"@id":"https:\/\/lospoliticosveracruz.com\/#\/schema\/logo\/image\/"},"sameAs":["https:\/\/www.facebook.com\/people\/Notimemes-de-los-Polticos\/61565672886568\/","https:\/\/x.com\/LosPoliticosVer"]},{"@type":"Person","@id":"https:\/\/lospoliticosveracruz.com\/#\/schema\/person\/b8702bb0e538456e6efd07080bf2a4a2","name":"Lo viste en Los Pol\u00edticos","image":{"@type":"ImageObject","inLanguage":"es","@id":"https:\/\/secure.gravatar.com\/avatar\/3a8de04a2656d44082be478bd6c086daa447c4651605818287b9532d3d0bd435?s=96&d=mm&r=g","url":"https:\/\/secure.gravatar.com\/avatar\/3a8de04a2656d44082be478bd6c086daa447c4651605818287b9532d3d0bd435?s=96&d=mm&r=g","contentUrl":"https:\/\/secure.gravatar.com\/avatar\/3a8de04a2656d44082be478bd6c086daa447c4651605818287b9532d3d0bd435?s=96&d=mm&r=g","caption":"Lo viste en Los Pol\u00edticos"},"url":"https:\/\/lospoliticosveracruz.com\/?author=2"}]}},"_links":{"self":[{"href":"https:\/\/lospoliticosveracruz.com\/index.php?rest_route=\/wp\/v2\/posts\/34187","targetHints":{"allow":["GET"]}}],"collection":[{"href":"https:\/\/lospoliticosveracruz.com\/index.php?rest_route=\/wp\/v2\/posts"}],"about":[{"href":"https:\/\/lospoliticosveracruz.com\/index.php?rest_route=\/wp\/v2\/types\/post"}],"author":[{"embeddable":true,"href":"https:\/\/lospoliticosveracruz.com\/index.php?rest_route=\/wp\/v2\/users\/2"}],"replies":[{"embeddable":true,"href":"https:\/\/lospoliticosveracruz.com\/index.php?rest_route=%2Fwp%2Fv2%2Fcomments&post=34187"}],"version-history":[{"count":1,"href":"https:\/\/lospoliticosveracruz.com\/index.php?rest_route=\/wp\/v2\/posts\/34187\/revisions"}],"predecessor-version":[{"id":34189,"href":"https:\/\/lospoliticosveracruz.com\/index.php?rest_route=\/wp\/v2\/posts\/34187\/revisions\/34189"}],"wp:attachment":[{"href":"https:\/\/lospoliticosveracruz.com\/index.php?rest_route=%2Fwp%2Fv2%2Fmedia&parent=34187"}],"wp:term":[{"taxonomy":"category","embeddable":true,"href":"https:\/\/lospoliticosveracruz.com\/index.php?rest_route=%2Fwp%2Fv2%2Fcategories&post=34187"},{"taxonomy":"post_tag","embeddable":true,"href":"https:\/\/lospoliticosveracruz.com\/index.php?rest_route=%2Fwp%2Fv2%2Ftags&post=34187"}],"curies":[{"name":"wp","href":"https:\/\/api.w.org\/{rel}","templated":true}]}}