{"id":34190,"date":"2017-06-03T08:38:04","date_gmt":"2017-06-03T13:38:04","guid":{"rendered":"http:\/\/www.lospoliticosveracruz.com.mx\/?p=34190"},"modified":"2017-06-03T08:38:04","modified_gmt":"2017-06-03T13:38:04","slug":"escandalos-y-votaciones","status":"publish","type":"post","link":"https:\/\/lospoliticosveracruz.com\/?p=34190","title":{"rendered":"Esc\u00e1ndalos y votaciones"},"content":{"rendered":"<p><strong>Brenda Caballero<\/strong><\/p>\n<p><em>N\u00fameros Rojos<\/em><\/p>\n<p>Sintonizo la radio y el tema de conversaci\u00f3n son las elecciones para las 212 alcald\u00edas de Veracruz, las que se llevar\u00e1n a cabo este domingo. Todos hacen sus pron\u00f3sticos y sacan sus encuestas as\u00ed como conclusiones. Sin embargo, despu\u00e9s de la gran falla que tuvieron las grandes encuestadoras en las elecciones de Estados Unidos donde Hillary Clinton ganaba, \u00a1ya no les creo nada! Y bueno, dijeran por all\u00ed, \u201cdime qui\u00e9n paga la encuesta y te dir\u00e9 qui\u00e9n la gana\u201d.<\/p>\n<p>Tal vez por eso me di a la tarea de preguntar entre mis conocidos \u00bfpor qui\u00e9n vas a votar? Y la verdad fue sorprendente, en todos mis encuestados hubo diversidad pol\u00edtica, lo que indica que las elecciones ser\u00e1n muy cerradas. Algo destacable es que su decisi\u00f3n estuvo basada en el candidato, no en el partido, situaci\u00f3n que hace m\u00e1s razonado el voto. Lamentablemente tambi\u00e9n me encontr\u00e9 con los indecisos que fueron muchos, \u00bfo acaso no quer\u00edan que yo supiera por qui\u00e9n van a votar?<\/p>\n<p>Es verdad, el voto es secreto, y muchas veces hasta se decide en el mismo instante de cruzar la boleta electoral.<\/p>\n<p>Este domingo ser\u00e1 crucial, pues la decisi\u00f3n de los veracruzanos en la lista nominal de 2 millones 945 mil 959 mujeres y 2 millones 630 mil 804 hombres, marcar\u00e1 a los tres niveles de gobierno.<\/p>\n<p>Sea parte de la historia \u00a1y salga a votar este domingo!<\/p>\n<p>&nbsp;<\/p>\n<p><strong>De acusada a acusadora<\/strong><\/p>\n<p>\u00a1Hay cosas que s\u00f3lo pasan en M\u00e9xico y hasta saltan a la fama! Este parece ser el caso de la ex diputada de Morena Eva Cadena Sandoval, quien despu\u00e9s de salir en tres videos recibiendo dinero en efectivo de procedencia dudosa (pues nunca aclar\u00f3 qui\u00e9n se lo dio) y de conocerse que supuestamente vend\u00eda su voto a cambio de favores para terceros, ahora ya hasta presenta denuncias ante la Fepade para decir que los recursos p\u00fablicos del Congreso Local se utilizan para financiar actividades pol\u00edticas de su ex partido. \u00a1Mira nada m\u00e1s! cuando se le cit\u00f3 en la Fepade como acusada, no fue, pero eso s\u00ed, se dio todo el tiempo del mundo para ir como acusadora y hasta\u00a0 hacer declaraciones ante la prensa.<\/p>\n<p>&nbsp;<\/p>\n<p><strong>Santiago Tuxtla, el m\u00e1s escandaloso<\/strong><\/p>\n<p>Estas campa\u00f1as destaparon la cloaca en varios municipios; sin embargo, en Santiago Tuxtla, la cosa arde en serio, pues hay denuncias desde enriquecimiento il\u00edcito, desv\u00edo de recursos, hasta de pederastia y pornograf\u00eda.<\/p>\n<p>Nos estamos acostumbrando desgraciadamente a la corrupci\u00f3n que ya ni raro se nos hace conocer que alguien se enriquezca de manera il\u00edcita y m\u00e1s cuando ha ocupado cargos p\u00fablicos en el Ayuntamiento. \u00bfPero meter a la propia madre? \u00a1Eso no tiene\u2026 ag\u00fcela!<\/p>\n<p>Y es que do\u00f1a Julia Gonz\u00e1lez Bernal al parecer ha comprado 7 casas en 7 a\u00f1os a costos totalmente inferiores al valor real, todo esto estimado en 10 millones de pesos. Todo estar\u00eda excelente si no fuera porque do\u00f1a Julia es ama de casa. \u00bfDe d\u00f3nde obtuvo los recursos? Por all\u00ed cuentan que fueron financiadas por el propio pueblo de Santiago.<\/p>\n<p>Y siguiendo con los esc\u00e1ndalos, a finales de mayo fue denunciado Marcos Flores Aguilar, por pederastia y pornograf\u00eda ya que circula en redes sociales un video donde se aprecia que tiene relaciones sexuales con dos jovencitas de secundaria (pues hasta traen el uniforme escolar). \u00bfProceder\u00e1 la denuncia o se quedar\u00e1 impune? Con eso que dicen que cuando la alcaldesa Claudia Acompa, conocida popularmente como Lady Gucci, no est\u00e1, \u00e9l ejerce todo el poder.<\/p>\n<p>&nbsp;<\/p>\n<p>&nbsp;<\/p>\n<p><strong>\u00bfY la veda electoral?<\/strong><\/p>\n<p>A partir del primer d\u00eda de este mes, iniciaba la veda electoral en Veracruz en la que los partidos y candidatos no deben hacer proselitismo con la finalidad de que los ciudadanos reflexionen su voto; sin embargo, muy poco se puede hacer en redes sociales, y tal parece que hasta se intensifica con los hashtag en favor de alg\u00fan candidato y partido pol\u00edtico, o caso contrario, tambi\u00e9n \u00a0se usan para agredir y denostar.<\/p>\n<p>Mucha raz\u00f3n tienen los que dicen\u00a0 que ahora las elecciones se est\u00e1n decidiendo en las redes sociales.<\/p>\n<p>As\u00ed que si usted quiere reflexionar su voto, no entre a redes sociales.<\/p>\n<p>&nbsp;<\/p>\n<p><a href=\"mailto:caballero_brenda@hotmail.com\">caballero_brenda@hotmail.com<\/a><\/p>\n<p>@N\u00famerosRojos_BC<\/p>\n","protected":false},"excerpt":{"rendered":"<p>Brenda Caballero N\u00fameros Rojos Sintonizo la radio y el tema de conversaci\u00f3n son las elecciones para las 212 alcald\u00edas de Veracruz, las que se llevar\u00e1n a cabo este domingo. Todos hacen sus pron\u00f3sticos y sacan sus encuestas as\u00ed como conclusiones. Sin embargo, despu\u00e9s de la gran falla que tuvieron las grandes encuestadoras en las elecciones [&hellip;]<\/p>\n","protected":false},"author":2,"featured_media":0,"comment_status":"open","ping_status":"open","sticky":false,"template":"","format":"standard","meta":{"tdm_status":"","tdm_grid_status":"","footnotes":""},"categories":[70],"tags":[721,195],"class_list":{"0":"post-34190","1":"post","2":"type-post","3":"status-publish","4":"format-standard","6":"category-de-opinion","7":"tag-elecciones","8":"tag-veracruz"},"yoast_head":"<!-- This site is optimized with the Yoast SEO plugin v27.4 - https:\/\/yoast.com\/product\/yoast-seo-wordpress\/ -->\n<title>Esc\u00e1ndalos y votaciones - Los pol\u00edticos Veracruz<\/title>\n<meta name=\"robots\" content=\"index, follow, max-snippet:-1, max-image-preview:large, max-video-preview:-1\" \/>\n<link rel=\"canonical\" href=\"https:\/\/lospoliticosveracruz.com\/?p=34190\" \/>\n<meta property=\"og:locale\" content=\"es_ES\" \/>\n<meta property=\"og:type\" content=\"article\" \/>\n<meta property=\"og:title\" content=\"Esc\u00e1ndalos y votaciones - Los pol\u00edticos Veracruz\" \/>\n<meta property=\"og:description\" content=\"Brenda Caballero N\u00fameros Rojos Sintonizo la radio y el tema de conversaci\u00f3n son las elecciones para las 212 alcald\u00edas de Veracruz, las que se llevar\u00e1n a cabo este domingo. Todos hacen sus pron\u00f3sticos y sacan sus encuestas as\u00ed como conclusiones. Sin embargo, despu\u00e9s de la gran falla que tuvieron las grandes encuestadoras en las elecciones [&hellip;]\" \/>\n<meta property=\"og:url\" content=\"https:\/\/lospoliticosveracruz.com\/?p=34190\" \/>\n<meta property=\"og:site_name\" content=\"Los pol\u00edticos Veracruz\" \/>\n<meta property=\"article:publisher\" content=\"https:\/\/www.facebook.com\/people\/Notimemes-de-los-Polticos\/61565672886568\/\" \/>\n<meta property=\"article:published_time\" content=\"2017-06-03T13:38:04+00:00\" \/>\n<meta property=\"og:image\" content=\"https:\/\/lospoliticosveracruz.com\/wp-content\/uploads\/2016\/07\/Logo-Dor.jpg\" \/>\n\t<meta property=\"og:image:width\" content=\"200\" \/>\n\t<meta property=\"og:image:height\" content=\"200\" \/>\n\t<meta property=\"og:image:type\" content=\"image\/jpeg\" \/>\n<meta name=\"author\" content=\"Lo viste en Los Pol\u00edticos\" \/>\n<meta name=\"twitter:card\" content=\"summary_large_image\" \/>\n<meta name=\"twitter:creator\" content=\"@LosPoliticosVer\" \/>\n<meta name=\"twitter:site\" content=\"@LosPoliticosVer\" \/>\n<meta name=\"twitter:label1\" content=\"Escrito por\" \/>\n\t<meta name=\"twitter:data1\" content=\"Lo viste en Los Pol\u00edticos\" \/>\n\t<meta name=\"twitter:label2\" content=\"Tiempo de lectura\" \/>\n\t<meta name=\"twitter:data2\" content=\"4 minutos\" \/>\n<script type=\"application\/ld+json\" class=\"yoast-schema-graph\">{\"@context\":\"https:\\\/\\\/schema.org\",\"@graph\":[{\"@type\":\"Article\",\"@id\":\"https:\\\/\\\/lospoliticosveracruz.com\\\/?p=34190#article\",\"isPartOf\":{\"@id\":\"https:\\\/\\\/lospoliticosveracruz.com\\\/?p=34190\"},\"author\":{\"name\":\"Lo viste en Los Pol\u00edticos\",\"@id\":\"https:\\\/\\\/lospoliticosveracruz.com\\\/#\\\/schema\\\/person\\\/b8702bb0e538456e6efd07080bf2a4a2\"},\"headline\":\"Esc\u00e1ndalos y votaciones\",\"datePublished\":\"2017-06-03T13:38:04+00:00\",\"mainEntityOfPage\":{\"@id\":\"https:\\\/\\\/lospoliticosveracruz.com\\\/?p=34190\"},\"wordCount\":738,\"commentCount\":0,\"publisher\":{\"@id\":\"https:\\\/\\\/lospoliticosveracruz.com\\\/#organization\"},\"keywords\":[\"elecciones\",\"Veracruz\"],\"articleSection\":[\"De Opini\u00f3n\"],\"inLanguage\":\"es\",\"potentialAction\":[{\"@type\":\"CommentAction\",\"name\":\"Comment\",\"target\":[\"https:\\\/\\\/lospoliticosveracruz.com\\\/?p=34190#respond\"]}]},{\"@type\":\"WebPage\",\"@id\":\"https:\\\/\\\/lospoliticosveracruz.com\\\/?p=34190\",\"url\":\"https:\\\/\\\/lospoliticosveracruz.com\\\/?p=34190\",\"name\":\"Esc\u00e1ndalos y votaciones - Los pol\u00edticos Veracruz\",\"isPartOf\":{\"@id\":\"https:\\\/\\\/lospoliticosveracruz.com\\\/#website\"},\"datePublished\":\"2017-06-03T13:38:04+00:00\",\"breadcrumb\":{\"@id\":\"https:\\\/\\\/lospoliticosveracruz.com\\\/?p=34190#breadcrumb\"},\"inLanguage\":\"es\",\"potentialAction\":[{\"@type\":\"ReadAction\",\"target\":[\"https:\\\/\\\/lospoliticosveracruz.com\\\/?p=34190\"]}]},{\"@type\":\"BreadcrumbList\",\"@id\":\"https:\\\/\\\/lospoliticosveracruz.com\\\/?p=34190#breadcrumb\",\"itemListElement\":[{\"@type\":\"ListItem\",\"position\":1,\"name\":\"Portada\",\"item\":\"https:\\\/\\\/lospoliticosveracruz.com\\\/\"},{\"@type\":\"ListItem\",\"position\":2,\"name\":\"Esc\u00e1ndalos y votaciones\"}]},{\"@type\":\"WebSite\",\"@id\":\"https:\\\/\\\/lospoliticosveracruz.com\\\/#website\",\"url\":\"https:\\\/\\\/lospoliticosveracruz.com\\\/\",\"name\":\"Los pol\u00edticos Veracruz\",\"description\":\"\",\"publisher\":{\"@id\":\"https:\\\/\\\/lospoliticosveracruz.com\\\/#organization\"},\"potentialAction\":[{\"@type\":\"SearchAction\",\"target\":{\"@type\":\"EntryPoint\",\"urlTemplate\":\"https:\\\/\\\/lospoliticosveracruz.com\\\/?s={search_term_string}\"},\"query-input\":{\"@type\":\"PropertyValueSpecification\",\"valueRequired\":true,\"valueName\":\"search_term_string\"}}],\"inLanguage\":\"es\"},{\"@type\":\"Organization\",\"@id\":\"https:\\\/\\\/lospoliticosveracruz.com\\\/#organization\",\"name\":\"Los pol\u00edticos Veracruz\",\"url\":\"https:\\\/\\\/lospoliticosveracruz.com\\\/\",\"logo\":{\"@type\":\"ImageObject\",\"inLanguage\":\"es\",\"@id\":\"https:\\\/\\\/lospoliticosveracruz.com\\\/#\\\/schema\\\/logo\\\/image\\\/\",\"url\":\"https:\\\/\\\/lospoliticosveracruz.com\\\/wp-content\\\/uploads\\\/2025\\\/12\\\/Logo-Nuevo-LOS-POLITICOS-1.jpg\",\"contentUrl\":\"https:\\\/\\\/lospoliticosveracruz.com\\\/wp-content\\\/uploads\\\/2025\\\/12\\\/Logo-Nuevo-LOS-POLITICOS-1.jpg\",\"width\":260,\"height\":70,\"caption\":\"Los pol\u00edticos Veracruz\"},\"image\":{\"@id\":\"https:\\\/\\\/lospoliticosveracruz.com\\\/#\\\/schema\\\/logo\\\/image\\\/\"},\"sameAs\":[\"https:\\\/\\\/www.facebook.com\\\/people\\\/Notimemes-de-los-Polticos\\\/61565672886568\\\/\",\"https:\\\/\\\/x.com\\\/LosPoliticosVer\"]},{\"@type\":\"Person\",\"@id\":\"https:\\\/\\\/lospoliticosveracruz.com\\\/#\\\/schema\\\/person\\\/b8702bb0e538456e6efd07080bf2a4a2\",\"name\":\"Lo viste en Los Pol\u00edticos\",\"image\":{\"@type\":\"ImageObject\",\"inLanguage\":\"es\",\"@id\":\"https:\\\/\\\/secure.gravatar.com\\\/avatar\\\/3a8de04a2656d44082be478bd6c086daa447c4651605818287b9532d3d0bd435?s=96&d=mm&r=g\",\"url\":\"https:\\\/\\\/secure.gravatar.com\\\/avatar\\\/3a8de04a2656d44082be478bd6c086daa447c4651605818287b9532d3d0bd435?s=96&d=mm&r=g\",\"contentUrl\":\"https:\\\/\\\/secure.gravatar.com\\\/avatar\\\/3a8de04a2656d44082be478bd6c086daa447c4651605818287b9532d3d0bd435?s=96&d=mm&r=g\",\"caption\":\"Lo viste en Los Pol\u00edticos\"},\"url\":\"https:\\\/\\\/lospoliticosveracruz.com\\\/?author=2\"}]}<\/script>\n<!-- \/ Yoast SEO plugin. -->","yoast_head_json":{"title":"Esc\u00e1ndalos y votaciones - Los pol\u00edticos Veracruz","robots":{"index":"index","follow":"follow","max-snippet":"max-snippet:-1","max-image-preview":"max-image-preview:large","max-video-preview":"max-video-preview:-1"},"canonical":"https:\/\/lospoliticosveracruz.com\/?p=34190","og_locale":"es_ES","og_type":"article","og_title":"Esc\u00e1ndalos y votaciones - Los pol\u00edticos Veracruz","og_description":"Brenda Caballero N\u00fameros Rojos Sintonizo la radio y el tema de conversaci\u00f3n son las elecciones para las 212 alcald\u00edas de Veracruz, las que se llevar\u00e1n a cabo este domingo. Todos hacen sus pron\u00f3sticos y sacan sus encuestas as\u00ed como conclusiones. Sin embargo, despu\u00e9s de la gran falla que tuvieron las grandes encuestadoras en las elecciones [&hellip;]","og_url":"https:\/\/lospoliticosveracruz.com\/?p=34190","og_site_name":"Los pol\u00edticos Veracruz","article_publisher":"https:\/\/www.facebook.com\/people\/Notimemes-de-los-Polticos\/61565672886568\/","article_published_time":"2017-06-03T13:38:04+00:00","og_image":[{"width":200,"height":200,"url":"https:\/\/lospoliticosveracruz.com\/wp-content\/uploads\/2016\/07\/Logo-Dor.jpg","type":"image\/jpeg"}],"author":"Lo viste en Los Pol\u00edticos","twitter_card":"summary_large_image","twitter_creator":"@LosPoliticosVer","twitter_site":"@LosPoliticosVer","twitter_misc":{"Escrito por":"Lo viste en Los Pol\u00edticos","Tiempo de lectura":"4 minutos"},"schema":{"@context":"https:\/\/schema.org","@graph":[{"@type":"Article","@id":"https:\/\/lospoliticosveracruz.com\/?p=34190#article","isPartOf":{"@id":"https:\/\/lospoliticosveracruz.com\/?p=34190"},"author":{"name":"Lo viste en Los Pol\u00edticos","@id":"https:\/\/lospoliticosveracruz.com\/#\/schema\/person\/b8702bb0e538456e6efd07080bf2a4a2"},"headline":"Esc\u00e1ndalos y votaciones","datePublished":"2017-06-03T13:38:04+00:00","mainEntityOfPage":{"@id":"https:\/\/lospoliticosveracruz.com\/?p=34190"},"wordCount":738,"commentCount":0,"publisher":{"@id":"https:\/\/lospoliticosveracruz.com\/#organization"},"keywords":["elecciones","Veracruz"],"articleSection":["De Opini\u00f3n"],"inLanguage":"es","potentialAction":[{"@type":"CommentAction","name":"Comment","target":["https:\/\/lospoliticosveracruz.com\/?p=34190#respond"]}]},{"@type":"WebPage","@id":"https:\/\/lospoliticosveracruz.com\/?p=34190","url":"https:\/\/lospoliticosveracruz.com\/?p=34190","name":"Esc\u00e1ndalos y votaciones - Los pol\u00edticos Veracruz","isPartOf":{"@id":"https:\/\/lospoliticosveracruz.com\/#website"},"datePublished":"2017-06-03T13:38:04+00:00","breadcrumb":{"@id":"https:\/\/lospoliticosveracruz.com\/?p=34190#breadcrumb"},"inLanguage":"es","potentialAction":[{"@type":"ReadAction","target":["https:\/\/lospoliticosveracruz.com\/?p=34190"]}]},{"@type":"BreadcrumbList","@id":"https:\/\/lospoliticosveracruz.com\/?p=34190#breadcrumb","itemListElement":[{"@type":"ListItem","position":1,"name":"Portada","item":"https:\/\/lospoliticosveracruz.com\/"},{"@type":"ListItem","position":2,"name":"Esc\u00e1ndalos y votaciones"}]},{"@type":"WebSite","@id":"https:\/\/lospoliticosveracruz.com\/#website","url":"https:\/\/lospoliticosveracruz.com\/","name":"Los pol\u00edticos Veracruz","description":"","publisher":{"@id":"https:\/\/lospoliticosveracruz.com\/#organization"},"potentialAction":[{"@type":"SearchAction","target":{"@type":"EntryPoint","urlTemplate":"https:\/\/lospoliticosveracruz.com\/?s={search_term_string}"},"query-input":{"@type":"PropertyValueSpecification","valueRequired":true,"valueName":"search_term_string"}}],"inLanguage":"es"},{"@type":"Organization","@id":"https:\/\/lospoliticosveracruz.com\/#organization","name":"Los pol\u00edticos Veracruz","url":"https:\/\/lospoliticosveracruz.com\/","logo":{"@type":"ImageObject","inLanguage":"es","@id":"https:\/\/lospoliticosveracruz.com\/#\/schema\/logo\/image\/","url":"https:\/\/lospoliticosveracruz.com\/wp-content\/uploads\/2025\/12\/Logo-Nuevo-LOS-POLITICOS-1.jpg","contentUrl":"https:\/\/lospoliticosveracruz.com\/wp-content\/uploads\/2025\/12\/Logo-Nuevo-LOS-POLITICOS-1.jpg","width":260,"height":70,"caption":"Los pol\u00edticos Veracruz"},"image":{"@id":"https:\/\/lospoliticosveracruz.com\/#\/schema\/logo\/image\/"},"sameAs":["https:\/\/www.facebook.com\/people\/Notimemes-de-los-Polticos\/61565672886568\/","https:\/\/x.com\/LosPoliticosVer"]},{"@type":"Person","@id":"https:\/\/lospoliticosveracruz.com\/#\/schema\/person\/b8702bb0e538456e6efd07080bf2a4a2","name":"Lo viste en Los Pol\u00edticos","image":{"@type":"ImageObject","inLanguage":"es","@id":"https:\/\/secure.gravatar.com\/avatar\/3a8de04a2656d44082be478bd6c086daa447c4651605818287b9532d3d0bd435?s=96&d=mm&r=g","url":"https:\/\/secure.gravatar.com\/avatar\/3a8de04a2656d44082be478bd6c086daa447c4651605818287b9532d3d0bd435?s=96&d=mm&r=g","contentUrl":"https:\/\/secure.gravatar.com\/avatar\/3a8de04a2656d44082be478bd6c086daa447c4651605818287b9532d3d0bd435?s=96&d=mm&r=g","caption":"Lo viste en Los Pol\u00edticos"},"url":"https:\/\/lospoliticosveracruz.com\/?author=2"}]}},"_links":{"self":[{"href":"https:\/\/lospoliticosveracruz.com\/index.php?rest_route=\/wp\/v2\/posts\/34190","targetHints":{"allow":["GET"]}}],"collection":[{"href":"https:\/\/lospoliticosveracruz.com\/index.php?rest_route=\/wp\/v2\/posts"}],"about":[{"href":"https:\/\/lospoliticosveracruz.com\/index.php?rest_route=\/wp\/v2\/types\/post"}],"author":[{"embeddable":true,"href":"https:\/\/lospoliticosveracruz.com\/index.php?rest_route=\/wp\/v2\/users\/2"}],"replies":[{"embeddable":true,"href":"https:\/\/lospoliticosveracruz.com\/index.php?rest_route=%2Fwp%2Fv2%2Fcomments&post=34190"}],"version-history":[{"count":1,"href":"https:\/\/lospoliticosveracruz.com\/index.php?rest_route=\/wp\/v2\/posts\/34190\/revisions"}],"predecessor-version":[{"id":34191,"href":"https:\/\/lospoliticosveracruz.com\/index.php?rest_route=\/wp\/v2\/posts\/34190\/revisions\/34191"}],"wp:attachment":[{"href":"https:\/\/lospoliticosveracruz.com\/index.php?rest_route=%2Fwp%2Fv2%2Fmedia&parent=34190"}],"wp:term":[{"taxonomy":"category","embeddable":true,"href":"https:\/\/lospoliticosveracruz.com\/index.php?rest_route=%2Fwp%2Fv2%2Fcategories&post=34190"},{"taxonomy":"post_tag","embeddable":true,"href":"https:\/\/lospoliticosveracruz.com\/index.php?rest_route=%2Fwp%2Fv2%2Ftags&post=34190"}],"curies":[{"name":"wp","href":"https:\/\/api.w.org\/{rel}","templated":true}]}}