{"id":34255,"date":"2017-06-05T10:37:57","date_gmt":"2017-06-05T15:37:57","guid":{"rendered":"http:\/\/www.lospoliticosveracruz.com.mx\/?p=34255"},"modified":"2017-06-05T10:37:57","modified_gmt":"2017-06-05T15:37:57","slug":"xalapa-volveran-pleitos-entre-gobernador-y-alcalde","status":"publish","type":"post","link":"https:\/\/lospoliticosveracruz.com\/?p=34255","title":{"rendered":"Xalapa: \u00bfvolver\u00e1n pleitos entre Gobernador y alcalde?"},"content":{"rendered":"<p class=\"x_MsoNormal\">\n<p class=\"x_MsoNormal\"><strong>Jos\u00e9 Ortiz Medina<\/strong><\/p>\n<p class=\"x_MsoNormal\"><em>En Corto&#8230; Sin Cortes<\/em><\/p>\n<p class=\"x_MsoNormal\">\n<p class=\"x_MsoNormal\">Ya dijo el morenista Hip\u00f3lito Rodr\u00edguez Herrero, candidato ganador de la alcald\u00eda de Xalapa, que su relaci\u00f3n con el gobernador Miguel \u00c1ngel Yunes Linares ser\u00e1 de respeto y no dudamos que algo similar diga en breve el mandatario estatal.<\/p>\n<p class=\"x_MsoNormal\">Pero conociendo el car\u00e1cter irascible de este \u00faltimo, es muy probable que la relaci\u00f3n entre ambos, derivar\u00e1 en fatales desencuentros. Mal para Xalapa.<\/p>\n<p class=\"x_MsoNormal\">El pleito entre Yunes Linares y Andr\u00e9s Manuel L\u00f3pez Obrador, l\u00edder nacional de MORENA y jefe pol\u00edtico de Hip\u00f3lito, seguramente contaminar\u00e1 la convivencia entre ambos gobernantes.<\/p>\n<p class=\"x_MsoNormal\">Conocemos a Rodr\u00edguez Herrero, y su forma de ser tiende al di\u00e1logo. Es un investigador, un acad\u00e9mico, mesurado. Pero tampoco tiene atole en las venas. Y en cuanto vea vulnerada la autonom\u00eda del municipio por parte del Gobierno del Estado o\u00a0 negado servicios, u otorgados a cuenta gotas, pues como que arder\u00e1 Troya.<\/p>\n<p class=\"x_MsoNormal\">No es que seamos agoreros de la desgracia o mal pensados. Pero de igual forma ser\u00edamos muy ingenuos si desde este momento supusi\u00e9ramos que todo ser\u00e1 miel sobre hojuelas.<\/p>\n<p class=\"x_MsoNormal\">En el siglo pasado, ya hubo ejemplos de p\u00e9simas relaciones entre gobernadores y presidentes municipales de Xalapa. Por citar algunos casos: Agust\u00edn Acosta Lagunes y Carlos Padilla Becerra; Dante Delgado Rannauro y Guillermo Z\u00fa\u00f1iga Mart\u00ednez (+). Pero acaso el episodio m\u00e1s traum\u00e1tico fue entre Miguel Alem\u00e1n Velazco y Rafael Hern\u00e1ndez Villalpando.<\/p>\n<p class=\"x_MsoNormal\">Acosta Lagunes (sexenio 1980-1986), desafor\u00f3 a Padilla Becerra. Y s\u00f3lo su amigo, el entonces diputado local, Miguel \u00c1ngel Yunes Linares, defendi\u00f3 en tribuna a su amigo Carlos Padilla, quien termin\u00f3 siendo desaforado. Lo relev\u00f3 en el cargo Enrique Hern\u00e1ndez Crisanto.<\/p>\n<p class=\"x_MsoNormal\">Luego, Dante Delgado Rannauro, quien en 1988 asumi\u00f3 la gubernatura en sustituci\u00f3n de Fernando Guti\u00e9rrez Barrios (quien fue nombrado Secretario de Gobernaci\u00f3n por Carlos Salinas de Gortari), tuvo un encono, un odio hacia \u00a0Guillermo Z\u00fa\u00f1iga Mart\u00ednez. Incluso, se lleg\u00f3 a comentar que en el momento m\u00e1s \u00e1lgido de la relaci\u00f3n, Memo lleg\u00f3 a cachetear y zaherir al alvarade\u00f1o-cordob\u00e9s. Alguna vez le preguntamos sobre ese episodio, pero el Profesor y Licenciado, en tono muy caballeroso lo neg\u00f3.<\/p>\n<p class=\"x_MsoNormal\">Guti\u00e9rrez Barrios le prodigaba un gran afecto y admiraci\u00f3n al padre del actual alcalde de Xalapa, raz\u00f3n por la que Dante no pudo contra el ac\u00e9rrimo enemigo que gobernaba la capital veracruzana.<\/p>\n<p class=\"x_MsoNormal\">No obstante, el canoso canaliz\u00f3 gran parte de la obra p\u00fablica a trav\u00e9s de la Junta de Mejoras, que encabezaba Ernesto P\u00e9rez Villarreal, para hacerle contrapeso a Z\u00fa\u00f1iga.<\/p>\n<p class=\"x_MsoNormal\">En 1997, Rafael Hern\u00e1ndez Villalpando gana la presidencia municipal bajo las siglas de PRD y Convergencia por la democracia, en aquel entonces Asociaci\u00f3n Pol\u00edtica Nacional.<\/p>\n<p class=\"x_MsoNormal\">Al ex Rector de la UV y ex Subsecretario de Gobierno le toc\u00f3 una \u201ccolita\u201d del gobierno de Patricio Chirinos Calero y el entonces poderoso Secretario de Gobierno, Miguel \u00c1ngel Yunes Linares. La relaci\u00f3n fue tormentosa.<\/p>\n<p class=\"x_MsoNormal\">Empero, ya con Miguel Alem\u00e1n Velazco, los problemas fueron may\u00fasculos. La parte culminante fue cuando el ex accionista de Televisa no accedi\u00f3 a apoyar al Ayuntamiento de Xalapa en la recolecci\u00f3n y dep\u00f3sito de desechos s\u00f3lidos.<\/p>\n<p class=\"x_MsoNormal\">Molesto, Hern\u00e1ndez Villalpando arroj\u00f3 la basura frente a Palacio de Gobierno y a unos metros de la residencia de don Miguel, en Las \u00c1nimas.<\/p>\n<p class=\"x_MsoNormal\">Pero acaso la gota que derram\u00f3 el vaso fue que Rafael obsequi\u00f3 a periodistas, actores pol\u00edticos y l\u00edderes sociales, un libro que escribi\u00f3 Rafael Loret de Mola, en el que narraba episodios de la vida personal de Miguel Alem\u00e1n Velazco, su esposa Christiane Magnani de Alem\u00e1n y el ex Presidente, Miguel Alem\u00e1n Valdez (+). Incluso, el mun\u00edcipe mand\u00f3 los ejemplares con un separador en la p\u00e1gina escabrosa y hasta subrayadas las l\u00edneas con un marcador amarillo-verdoso.<\/p>\n<p class=\"x_MsoNormal\">El resto de la historia es harta conocida. Rafael fue desaforado pero no lo pudieron aprehender. Huy\u00f3 en la cajuela del auto de un destacado abogado xalape\u00f1o. Otra versi\u00f3n indica que no iba en la cajuela sino en el piso de la parte trasera del veh\u00edculo, oculto entre tapetes oscuros. La inteligente y guapa Mar\u00eda Teresa Chaires sustituy\u00f3 a H. Villalpando en los pocos meses que quedaron de la administraci\u00f3n.<\/p>\n<p class=\"x_MsoNormal\">Desde Reynaldo Escobar, Ricardo Ahued, David Velazco, Elizabeth Morales y Am\u00e9rico Z\u00fa\u00f1iga (al menos hasta ahora) el trato con el hu\u00e9sped de Palacio de Gobierno ha sido terso, civilizado y hasta cordial.<\/p>\n<p class=\"x_MsoNormal\">A Hip\u00f3lito le va a tocar cohabitar pol\u00edticamente un a\u00f1o con Yunes Linares. Y como les dec\u00edamos, no ser\u00e1 miel sobre hojuelas ni mucho menos un d\u00eda de campo. Lo ideal es que por el bien de los que habitamos esta bella ciudad, impere una sana convivencia, civilidad y cordialidad. De lo contrario, a los ciudadanos nos van a llevar entre las patas. Si le va mal a Xalapa, le ir\u00e1 mal a todos.<\/p>\n<p class=\"x_MsoNormal\">Y si el hijo del mandatario estatal, Miguel \u00c1ngel Yunes M\u00e1rquez, se postula como candidato a gobernador el a\u00f1o entrante y gana, pues peor tantito. Rodr\u00edguez Herrero se lo va a chutar tambi\u00e9n, con las consecuentes penas. Padre e hijo son muy similares en su personalidad (aunque hay quienes dicen que el chamaco es peor). Mientras ChiquiYunes no le diga a Hip\u00f3lito \u201cviejo guango\u201d, (como le dijo el alcalde de Boca del R\u00edo a AMLO), todo estar\u00e1 m\u00e1s o menos regular.<\/p>\n<p class=\"x_MsoNormal\"><b>\u00a0<\/b><\/p>\n<p class=\"x_MsoNormal\"><b>Congreso llevar\u00e1 a cabo Di\u00e1logos sobre<\/b><\/p>\n<p class=\"x_MsoNormal\"><b>comunicaci\u00f3n, este 7 de junio<\/b><\/p>\n<p class=\"x_MsoNormal\">\n<p class=\"x_MsoNormal\">El Congreso del Estado convoca a asistir a los Di\u00e1logos sobre comunicaci\u00f3n, informaci\u00f3n y libertad de expresi\u00f3n, el pr\u00f3ximo 7 de junio de 2017, en el auditorio Sebasti\u00e1n Lerdo de Tejada.<\/p>\n<p class=\"x_MsoNormal\">Las ponencias ser\u00e1n Retos y oportunidades en la transici\u00f3n a plataformas digitales de los medios de comunicaci\u00f3n, que impartir\u00e1 Ernesto Ledesma, director general de Rompeviento.TV, de 9:30 a 10:15 horas.<\/p>\n<p class=\"x_MsoNormal\">Asimismo, Elementos para entender mejor el proceso y la t\u00e9cnica legislativa, a cargo de Rodolfo Chena Rivas, secretario de Servicios Legislativos, de 10:30 a 11:15 am.<\/p>\n<p class=\"x_MsoNormal\">Finalmente, se llevar\u00e1 a cabo el panel Panorama de los medios de comunicaci\u00f3n en Veracruz, en el que participar\u00e1n Noehm\u00ed Valdez, Ja\u00edr Garc\u00eda y Alberto Morales.<\/p>\n<p class=\"x_MsoNormal\"><b>\u00a0<\/b><\/p>\n","protected":false},"excerpt":{"rendered":"<p>Jos\u00e9 Ortiz Medina En Corto&#8230; Sin Cortes Ya dijo el morenista Hip\u00f3lito Rodr\u00edguez Herrero, candidato ganador de la alcald\u00eda de Xalapa, que su relaci\u00f3n con el gobernador Miguel \u00c1ngel Yunes Linares ser\u00e1 de respeto y no dudamos que algo similar diga en breve el mandatario estatal. Pero conociendo el car\u00e1cter irascible de este \u00faltimo, es [&hellip;]<\/p>\n","protected":false},"author":2,"featured_media":0,"comment_status":"open","ping_status":"open","sticky":false,"template":"","format":"standard","meta":{"tdm_status":"","tdm_grid_status":"","footnotes":""},"categories":[70],"tags":[7620,428,1026],"class_list":{"0":"post-34255","1":"post","2":"type-post","3":"status-publish","4":"format-standard","6":"category-de-opinion","7":"tag-hipolito-rodriguez-herrero","8":"tag-miguel-angel-yunes-linares","9":"tag-morena"},"yoast_head":"<!-- This site is optimized with the Yoast SEO plugin v27.4 - https:\/\/yoast.com\/product\/yoast-seo-wordpress\/ -->\n<title>Xalapa: \u00bfvolver\u00e1n pleitos entre Gobernador y alcalde? - Los pol\u00edticos Veracruz<\/title>\n<meta name=\"robots\" content=\"index, follow, max-snippet:-1, max-image-preview:large, max-video-preview:-1\" \/>\n<link rel=\"canonical\" href=\"https:\/\/lospoliticosveracruz.com\/?p=34255\" \/>\n<meta property=\"og:locale\" content=\"es_ES\" \/>\n<meta property=\"og:type\" content=\"article\" \/>\n<meta property=\"og:title\" content=\"Xalapa: \u00bfvolver\u00e1n pleitos entre Gobernador y alcalde? - Los pol\u00edticos Veracruz\" \/>\n<meta property=\"og:description\" content=\"Jos\u00e9 Ortiz Medina En Corto&#8230; Sin Cortes Ya dijo el morenista Hip\u00f3lito Rodr\u00edguez Herrero, candidato ganador de la alcald\u00eda de Xalapa, que su relaci\u00f3n con el gobernador Miguel \u00c1ngel Yunes Linares ser\u00e1 de respeto y no dudamos que algo similar diga en breve el mandatario estatal. Pero conociendo el car\u00e1cter irascible de este \u00faltimo, es [&hellip;]\" \/>\n<meta property=\"og:url\" content=\"https:\/\/lospoliticosveracruz.com\/?p=34255\" \/>\n<meta property=\"og:site_name\" content=\"Los pol\u00edticos Veracruz\" \/>\n<meta property=\"article:publisher\" content=\"https:\/\/www.facebook.com\/people\/Notimemes-de-los-Polticos\/61565672886568\/\" \/>\n<meta property=\"article:published_time\" content=\"2017-06-05T15:37:57+00:00\" \/>\n<meta property=\"og:image\" content=\"https:\/\/lospoliticosveracruz.com\/wp-content\/uploads\/2016\/07\/Logo-Dor.jpg\" \/>\n\t<meta property=\"og:image:width\" content=\"200\" \/>\n\t<meta property=\"og:image:height\" content=\"200\" \/>\n\t<meta property=\"og:image:type\" content=\"image\/jpeg\" \/>\n<meta name=\"author\" content=\"Lo viste en Los Pol\u00edticos\" \/>\n<meta name=\"twitter:card\" content=\"summary_large_image\" \/>\n<meta name=\"twitter:creator\" content=\"@LosPoliticosVer\" \/>\n<meta name=\"twitter:site\" content=\"@LosPoliticosVer\" \/>\n<meta name=\"twitter:label1\" content=\"Escrito por\" \/>\n\t<meta name=\"twitter:data1\" content=\"Lo viste en Los Pol\u00edticos\" \/>\n\t<meta name=\"twitter:label2\" content=\"Tiempo de lectura\" \/>\n\t<meta name=\"twitter:data2\" content=\"5 minutos\" \/>\n<script type=\"application\/ld+json\" class=\"yoast-schema-graph\">{\"@context\":\"https:\\\/\\\/schema.org\",\"@graph\":[{\"@type\":\"Article\",\"@id\":\"https:\\\/\\\/lospoliticosveracruz.com\\\/?p=34255#article\",\"isPartOf\":{\"@id\":\"https:\\\/\\\/lospoliticosveracruz.com\\\/?p=34255\"},\"author\":{\"name\":\"Lo viste en Los Pol\u00edticos\",\"@id\":\"https:\\\/\\\/lospoliticosveracruz.com\\\/#\\\/schema\\\/person\\\/b8702bb0e538456e6efd07080bf2a4a2\"},\"headline\":\"Xalapa: \u00bfvolver\u00e1n pleitos entre Gobernador y alcalde?\",\"datePublished\":\"2017-06-05T15:37:57+00:00\",\"mainEntityOfPage\":{\"@id\":\"https:\\\/\\\/lospoliticosveracruz.com\\\/?p=34255\"},\"wordCount\":1078,\"commentCount\":0,\"publisher\":{\"@id\":\"https:\\\/\\\/lospoliticosveracruz.com\\\/#organization\"},\"keywords\":[\"Hip\u00f3lito Rodr\u00edguez Herrero\",\"Miguel Angel Yunes Linares\",\"Morena\"],\"articleSection\":[\"De Opini\u00f3n\"],\"inLanguage\":\"es\",\"potentialAction\":[{\"@type\":\"CommentAction\",\"name\":\"Comment\",\"target\":[\"https:\\\/\\\/lospoliticosveracruz.com\\\/?p=34255#respond\"]}]},{\"@type\":\"WebPage\",\"@id\":\"https:\\\/\\\/lospoliticosveracruz.com\\\/?p=34255\",\"url\":\"https:\\\/\\\/lospoliticosveracruz.com\\\/?p=34255\",\"name\":\"Xalapa: \u00bfvolver\u00e1n pleitos entre Gobernador y alcalde? - Los pol\u00edticos Veracruz\",\"isPartOf\":{\"@id\":\"https:\\\/\\\/lospoliticosveracruz.com\\\/#website\"},\"datePublished\":\"2017-06-05T15:37:57+00:00\",\"breadcrumb\":{\"@id\":\"https:\\\/\\\/lospoliticosveracruz.com\\\/?p=34255#breadcrumb\"},\"inLanguage\":\"es\",\"potentialAction\":[{\"@type\":\"ReadAction\",\"target\":[\"https:\\\/\\\/lospoliticosveracruz.com\\\/?p=34255\"]}]},{\"@type\":\"BreadcrumbList\",\"@id\":\"https:\\\/\\\/lospoliticosveracruz.com\\\/?p=34255#breadcrumb\",\"itemListElement\":[{\"@type\":\"ListItem\",\"position\":1,\"name\":\"Portada\",\"item\":\"https:\\\/\\\/lospoliticosveracruz.com\\\/\"},{\"@type\":\"ListItem\",\"position\":2,\"name\":\"Xalapa: \u00bfvolver\u00e1n pleitos entre Gobernador y alcalde?\"}]},{\"@type\":\"WebSite\",\"@id\":\"https:\\\/\\\/lospoliticosveracruz.com\\\/#website\",\"url\":\"https:\\\/\\\/lospoliticosveracruz.com\\\/\",\"name\":\"Los pol\u00edticos Veracruz\",\"description\":\"\",\"publisher\":{\"@id\":\"https:\\\/\\\/lospoliticosveracruz.com\\\/#organization\"},\"potentialAction\":[{\"@type\":\"SearchAction\",\"target\":{\"@type\":\"EntryPoint\",\"urlTemplate\":\"https:\\\/\\\/lospoliticosveracruz.com\\\/?s={search_term_string}\"},\"query-input\":{\"@type\":\"PropertyValueSpecification\",\"valueRequired\":true,\"valueName\":\"search_term_string\"}}],\"inLanguage\":\"es\"},{\"@type\":\"Organization\",\"@id\":\"https:\\\/\\\/lospoliticosveracruz.com\\\/#organization\",\"name\":\"Los pol\u00edticos Veracruz\",\"url\":\"https:\\\/\\\/lospoliticosveracruz.com\\\/\",\"logo\":{\"@type\":\"ImageObject\",\"inLanguage\":\"es\",\"@id\":\"https:\\\/\\\/lospoliticosveracruz.com\\\/#\\\/schema\\\/logo\\\/image\\\/\",\"url\":\"https:\\\/\\\/lospoliticosveracruz.com\\\/wp-content\\\/uploads\\\/2025\\\/12\\\/Logo-Nuevo-LOS-POLITICOS-1.jpg\",\"contentUrl\":\"https:\\\/\\\/lospoliticosveracruz.com\\\/wp-content\\\/uploads\\\/2025\\\/12\\\/Logo-Nuevo-LOS-POLITICOS-1.jpg\",\"width\":260,\"height\":70,\"caption\":\"Los pol\u00edticos Veracruz\"},\"image\":{\"@id\":\"https:\\\/\\\/lospoliticosveracruz.com\\\/#\\\/schema\\\/logo\\\/image\\\/\"},\"sameAs\":[\"https:\\\/\\\/www.facebook.com\\\/people\\\/Notimemes-de-los-Polticos\\\/61565672886568\\\/\",\"https:\\\/\\\/x.com\\\/LosPoliticosVer\"]},{\"@type\":\"Person\",\"@id\":\"https:\\\/\\\/lospoliticosveracruz.com\\\/#\\\/schema\\\/person\\\/b8702bb0e538456e6efd07080bf2a4a2\",\"name\":\"Lo viste en Los Pol\u00edticos\",\"image\":{\"@type\":\"ImageObject\",\"inLanguage\":\"es\",\"@id\":\"https:\\\/\\\/secure.gravatar.com\\\/avatar\\\/3a8de04a2656d44082be478bd6c086daa447c4651605818287b9532d3d0bd435?s=96&d=mm&r=g\",\"url\":\"https:\\\/\\\/secure.gravatar.com\\\/avatar\\\/3a8de04a2656d44082be478bd6c086daa447c4651605818287b9532d3d0bd435?s=96&d=mm&r=g\",\"contentUrl\":\"https:\\\/\\\/secure.gravatar.com\\\/avatar\\\/3a8de04a2656d44082be478bd6c086daa447c4651605818287b9532d3d0bd435?s=96&d=mm&r=g\",\"caption\":\"Lo viste en Los Pol\u00edticos\"},\"url\":\"https:\\\/\\\/lospoliticosveracruz.com\\\/?author=2\"}]}<\/script>\n<!-- \/ Yoast SEO plugin. -->","yoast_head_json":{"title":"Xalapa: \u00bfvolver\u00e1n pleitos entre Gobernador y alcalde? - Los pol\u00edticos Veracruz","robots":{"index":"index","follow":"follow","max-snippet":"max-snippet:-1","max-image-preview":"max-image-preview:large","max-video-preview":"max-video-preview:-1"},"canonical":"https:\/\/lospoliticosveracruz.com\/?p=34255","og_locale":"es_ES","og_type":"article","og_title":"Xalapa: \u00bfvolver\u00e1n pleitos entre Gobernador y alcalde? - Los pol\u00edticos Veracruz","og_description":"Jos\u00e9 Ortiz Medina En Corto&#8230; Sin Cortes Ya dijo el morenista Hip\u00f3lito Rodr\u00edguez Herrero, candidato ganador de la alcald\u00eda de Xalapa, que su relaci\u00f3n con el gobernador Miguel \u00c1ngel Yunes Linares ser\u00e1 de respeto y no dudamos que algo similar diga en breve el mandatario estatal. Pero conociendo el car\u00e1cter irascible de este \u00faltimo, es [&hellip;]","og_url":"https:\/\/lospoliticosveracruz.com\/?p=34255","og_site_name":"Los pol\u00edticos Veracruz","article_publisher":"https:\/\/www.facebook.com\/people\/Notimemes-de-los-Polticos\/61565672886568\/","article_published_time":"2017-06-05T15:37:57+00:00","og_image":[{"width":200,"height":200,"url":"https:\/\/lospoliticosveracruz.com\/wp-content\/uploads\/2016\/07\/Logo-Dor.jpg","type":"image\/jpeg"}],"author":"Lo viste en Los Pol\u00edticos","twitter_card":"summary_large_image","twitter_creator":"@LosPoliticosVer","twitter_site":"@LosPoliticosVer","twitter_misc":{"Escrito por":"Lo viste en Los Pol\u00edticos","Tiempo de lectura":"5 minutos"},"schema":{"@context":"https:\/\/schema.org","@graph":[{"@type":"Article","@id":"https:\/\/lospoliticosveracruz.com\/?p=34255#article","isPartOf":{"@id":"https:\/\/lospoliticosveracruz.com\/?p=34255"},"author":{"name":"Lo viste en Los Pol\u00edticos","@id":"https:\/\/lospoliticosveracruz.com\/#\/schema\/person\/b8702bb0e538456e6efd07080bf2a4a2"},"headline":"Xalapa: \u00bfvolver\u00e1n pleitos entre Gobernador y alcalde?","datePublished":"2017-06-05T15:37:57+00:00","mainEntityOfPage":{"@id":"https:\/\/lospoliticosveracruz.com\/?p=34255"},"wordCount":1078,"commentCount":0,"publisher":{"@id":"https:\/\/lospoliticosveracruz.com\/#organization"},"keywords":["Hip\u00f3lito Rodr\u00edguez Herrero","Miguel Angel Yunes Linares","Morena"],"articleSection":["De Opini\u00f3n"],"inLanguage":"es","potentialAction":[{"@type":"CommentAction","name":"Comment","target":["https:\/\/lospoliticosveracruz.com\/?p=34255#respond"]}]},{"@type":"WebPage","@id":"https:\/\/lospoliticosveracruz.com\/?p=34255","url":"https:\/\/lospoliticosveracruz.com\/?p=34255","name":"Xalapa: \u00bfvolver\u00e1n pleitos entre Gobernador y alcalde? - Los pol\u00edticos Veracruz","isPartOf":{"@id":"https:\/\/lospoliticosveracruz.com\/#website"},"datePublished":"2017-06-05T15:37:57+00:00","breadcrumb":{"@id":"https:\/\/lospoliticosveracruz.com\/?p=34255#breadcrumb"},"inLanguage":"es","potentialAction":[{"@type":"ReadAction","target":["https:\/\/lospoliticosveracruz.com\/?p=34255"]}]},{"@type":"BreadcrumbList","@id":"https:\/\/lospoliticosveracruz.com\/?p=34255#breadcrumb","itemListElement":[{"@type":"ListItem","position":1,"name":"Portada","item":"https:\/\/lospoliticosveracruz.com\/"},{"@type":"ListItem","position":2,"name":"Xalapa: \u00bfvolver\u00e1n pleitos entre Gobernador y alcalde?"}]},{"@type":"WebSite","@id":"https:\/\/lospoliticosveracruz.com\/#website","url":"https:\/\/lospoliticosveracruz.com\/","name":"Los pol\u00edticos Veracruz","description":"","publisher":{"@id":"https:\/\/lospoliticosveracruz.com\/#organization"},"potentialAction":[{"@type":"SearchAction","target":{"@type":"EntryPoint","urlTemplate":"https:\/\/lospoliticosveracruz.com\/?s={search_term_string}"},"query-input":{"@type":"PropertyValueSpecification","valueRequired":true,"valueName":"search_term_string"}}],"inLanguage":"es"},{"@type":"Organization","@id":"https:\/\/lospoliticosveracruz.com\/#organization","name":"Los pol\u00edticos Veracruz","url":"https:\/\/lospoliticosveracruz.com\/","logo":{"@type":"ImageObject","inLanguage":"es","@id":"https:\/\/lospoliticosveracruz.com\/#\/schema\/logo\/image\/","url":"https:\/\/lospoliticosveracruz.com\/wp-content\/uploads\/2025\/12\/Logo-Nuevo-LOS-POLITICOS-1.jpg","contentUrl":"https:\/\/lospoliticosveracruz.com\/wp-content\/uploads\/2025\/12\/Logo-Nuevo-LOS-POLITICOS-1.jpg","width":260,"height":70,"caption":"Los pol\u00edticos Veracruz"},"image":{"@id":"https:\/\/lospoliticosveracruz.com\/#\/schema\/logo\/image\/"},"sameAs":["https:\/\/www.facebook.com\/people\/Notimemes-de-los-Polticos\/61565672886568\/","https:\/\/x.com\/LosPoliticosVer"]},{"@type":"Person","@id":"https:\/\/lospoliticosveracruz.com\/#\/schema\/person\/b8702bb0e538456e6efd07080bf2a4a2","name":"Lo viste en Los Pol\u00edticos","image":{"@type":"ImageObject","inLanguage":"es","@id":"https:\/\/secure.gravatar.com\/avatar\/3a8de04a2656d44082be478bd6c086daa447c4651605818287b9532d3d0bd435?s=96&d=mm&r=g","url":"https:\/\/secure.gravatar.com\/avatar\/3a8de04a2656d44082be478bd6c086daa447c4651605818287b9532d3d0bd435?s=96&d=mm&r=g","contentUrl":"https:\/\/secure.gravatar.com\/avatar\/3a8de04a2656d44082be478bd6c086daa447c4651605818287b9532d3d0bd435?s=96&d=mm&r=g","caption":"Lo viste en Los Pol\u00edticos"},"url":"https:\/\/lospoliticosveracruz.com\/?author=2"}]}},"_links":{"self":[{"href":"https:\/\/lospoliticosveracruz.com\/index.php?rest_route=\/wp\/v2\/posts\/34255","targetHints":{"allow":["GET"]}}],"collection":[{"href":"https:\/\/lospoliticosveracruz.com\/index.php?rest_route=\/wp\/v2\/posts"}],"about":[{"href":"https:\/\/lospoliticosveracruz.com\/index.php?rest_route=\/wp\/v2\/types\/post"}],"author":[{"embeddable":true,"href":"https:\/\/lospoliticosveracruz.com\/index.php?rest_route=\/wp\/v2\/users\/2"}],"replies":[{"embeddable":true,"href":"https:\/\/lospoliticosveracruz.com\/index.php?rest_route=%2Fwp%2Fv2%2Fcomments&post=34255"}],"version-history":[{"count":1,"href":"https:\/\/lospoliticosveracruz.com\/index.php?rest_route=\/wp\/v2\/posts\/34255\/revisions"}],"predecessor-version":[{"id":34256,"href":"https:\/\/lospoliticosveracruz.com\/index.php?rest_route=\/wp\/v2\/posts\/34255\/revisions\/34256"}],"wp:attachment":[{"href":"https:\/\/lospoliticosveracruz.com\/index.php?rest_route=%2Fwp%2Fv2%2Fmedia&parent=34255"}],"wp:term":[{"taxonomy":"category","embeddable":true,"href":"https:\/\/lospoliticosveracruz.com\/index.php?rest_route=%2Fwp%2Fv2%2Fcategories&post=34255"},{"taxonomy":"post_tag","embeddable":true,"href":"https:\/\/lospoliticosveracruz.com\/index.php?rest_route=%2Fwp%2Fv2%2Ftags&post=34255"}],"curies":[{"name":"wp","href":"https:\/\/api.w.org\/{rel}","templated":true}]}}