{"id":34322,"date":"2017-06-07T21:25:07","date_gmt":"2017-06-08T02:25:07","guid":{"rendered":"http:\/\/www.lospoliticosveracruz.com.mx\/?p=34322"},"modified":"2017-06-07T21:25:07","modified_gmt":"2017-06-08T02:25:07","slug":"los-3-independientes","status":"publish","type":"post","link":"https:\/\/lospoliticosveracruz.com\/?p=34322","title":{"rendered":"Los 3 independientes"},"content":{"rendered":"<p><strong>Salvador Mu\u00f1oz<\/strong><\/p>\n<p><em>Los Pol\u00edticos<\/em><br \/>\nDe los 270 candidatos independientes que participaron en cuatro entidades por un cargo de representaci\u00f3n popular, s\u00f3lo tres alcanzaron a subir al p\u00f3dium de los triunfadores y los tres se dieron en Veracruz: Isaac Garc\u00eda \u00c1lvarez, en Coahuitl\u00e1n; Tavo P\u00e9rez Garay, en San Andr\u00e9s Tuxtla; y Christian Romero P\u00e9rez, en Tlacotalpan.<br \/>\nSi los datos son precisos, en Veracruz, la participaci\u00f3n de los independientes en n\u00fameros redondos es de 62, de los cuales, s\u00f3lo 10 mujeres participaron en esta figura de elecci\u00f3n reciente&#8230; ninguna gan\u00f3.<br \/>\nAhora que si desmenuzamos a los candidatos independientes, de estos tres triunfadores, al menos dos tienen un ligero detalle que nos hace recordar a partidos como el Revolucionario Veracruzano, que cuando no encontraron cabida (en ese caso) en el PRI, voltearon sus ojos hacia el PRV y all\u00ed triunfaron. Nos referimos al caso concreto de Isaac Garc\u00eda \u00c1lvarez y Tavo P\u00e9rez Garay.<br \/>\nEn el primer punto, en el 2010, Isaac compiti\u00f3 y gan\u00f3 bajo las siglas de Nueva Alianza, con 1 mil 489 votos siendo su m\u00e1s cercano competidor el PRI y sus aliados, con mil 390 sufragios.<br \/>\nPara el 2013, Nueva Alianza (que iba en coalici\u00f3n con el PRI y Verde en \u201cVeracruz para Adelante\u201d) pierde este municipio con el hoy desaparecido partido Cardenista con 862 votos. En esta ocasi\u00f3n, Isaac vuelve a competir con esta figura de elecci\u00f3n popular, y gana con 1 mil 602 votos.<br \/>\nSobre Tavo P\u00e9rez Garay quiz\u00e1s su historia sea m\u00e1s conocida por ser hijo de Octavio P\u00e9rez Gonz\u00e1lez ya fallecido (alcalde 2001-03) y Marina Garay Cabada (diputada local en la LX Legislatura 2004-07 y alcaldesa de San Andr\u00e9s Tuxtla 2008-10), siempre bajo las siglas del PRI.<br \/>\nOctavio P\u00e9rez Garay fue diputado local en la pasada Legislatura y tras la derrota del 2016, renuncia porque descubri\u00f3 que el priismo hab\u00eda pisoteado a los veracruzanos. Entonces decide hacerse \u201cCandidato Independiente\u201d y gana con m\u00e1s de 17 mil votos. Hay que recordar que Manuel \u201cChendo\u201d Rosendo Pelayo gana con casi 29 mil votos con la alianza \u201cVeracruz para Adelante\u201d. Hoy, por separado, el PRI obtuvo m\u00e1s de nueve mil 600 votos; el Verde, casi 2 mil 400; y Nueva Alianza, 392.<br \/>\nEn ambos casos, tanto en Isaac como en Tavo se pudiera decir que de cierto modo ellos dos ya contaban con un capital pol\u00edtico que fue generado en partidos pol\u00edticos&#8230; quiz\u00e1s uno m\u00e1s reciente; quiz\u00e1s otro, con larga trayectoria venida desde sus padres.<br \/>\nEl tercer caso, el de Christian Romero P\u00e9rez, candidato independiente triunfador en Tlacotalpan, pudiera decirse que es el m\u00e1s puro de esta figura de elecci\u00f3n popular. El ingeniero, como le dicen algunos en este bello municipio, inici\u00f3 con un Movimiento Social llamado Personas Ayudando a Personas y con dos iniciales: RC (Rancho El Cocal) que al final, en la boleta electoral se transformaron en CRP (Ya las siglas de su nombre), aunque eso s\u00ed, prevaleci\u00f3 la silueta de la cabeza de un caballo, su otra pasi\u00f3n.<br \/>\nLa labor social que inici\u00f3 y multiplic\u00f3 lo llev\u00f3 a superar por m\u00e1s de 200 votos al PRI-PVEM y dejar fuera de la contienda al PAN, que a\u00fan gobierna bajo la figura de Homero Gamboa.<br \/>\nEn s\u00ed, Christian Romero s\u00ed hace v\u00e1lido el t\u00e9rmino \u201cIndependiente\u201d, lejos de siglas, partidos o colores&#8230; muy diferente al de los otros dos triunfadores en la contienda electoral en esta \u201ccategor\u00eda\u201d.<br \/>\nPor cierto, \u00bfqu\u00e9 tienen en com\u00fan Christian Romero P\u00e9rez y Paco Molina Arrioja? Bueno, adem\u00e1s de ser candidatos triunfadores (Tlacotalpan y Carlos A. Carrillo), el primero es sobrino de quiz\u00e1s uno de los mejores inspectores de Polic\u00eda que haya tenido Acayucan (\u00bfo Veracruz?), Ricardo Romero Vergara, quien a la vez es cu\u00f1ado de Paco Molina, por cierto, primo-hermano del dirigente de la CNC, Juan Carlos Molina Palacios. As\u00ed, mientras Christian hace la hombrada de vencer al PRI-PVEM en Tlacotalpan y dejar fuera al PAN de la alcald\u00eda, Paco Molina se llev\u00f3 el 65 por ciento de la votaci\u00f3n, curiosamente, por el PRI-PVEM&#8230; por supuesto, el l\u00edder ca\u00f1ero, loco de contento y Romero Vergara, por partida doble.<br \/>\nsmcainito@gmail.com<\/p>\n","protected":false},"excerpt":{"rendered":"<p>Salvador Mu\u00f1oz Los Pol\u00edticos De los 270 candidatos independientes que participaron en cuatro entidades por un cargo de representaci\u00f3n popular, s\u00f3lo tres alcanzaron a subir al p\u00f3dium de los triunfadores y los tres se dieron en Veracruz: Isaac Garc\u00eda \u00c1lvarez, en Coahuitl\u00e1n; Tavo P\u00e9rez Garay, en San Andr\u00e9s Tuxtla; y Christian Romero P\u00e9rez, en Tlacotalpan. [&hellip;]<\/p>\n","protected":false},"author":2,"featured_media":0,"comment_status":"open","ping_status":"open","sticky":false,"template":"","format":"standard","meta":{"tdm_status":"","tdm_grid_status":"","footnotes":""},"categories":[70],"tags":[157,8534,8532,8533],"class_list":{"0":"post-34322","1":"post","2":"type-post","3":"status-publish","4":"format-standard","6":"category-de-opinion","7":"tag-candidatos-independientes","8":"tag-christian-romero-perez","9":"tag-isaac-garcia-alvarez","10":"tag-tavo-perez-garay"},"yoast_head":"<!-- This site is optimized with the Yoast SEO plugin v27.4 - https:\/\/yoast.com\/product\/yoast-seo-wordpress\/ -->\n<title>Los 3 independientes - Los pol\u00edticos Veracruz<\/title>\n<meta name=\"robots\" content=\"index, follow, max-snippet:-1, max-image-preview:large, max-video-preview:-1\" \/>\n<link rel=\"canonical\" href=\"https:\/\/lospoliticosveracruz.com\/?p=34322\" \/>\n<meta property=\"og:locale\" content=\"es_ES\" \/>\n<meta property=\"og:type\" content=\"article\" \/>\n<meta property=\"og:title\" content=\"Los 3 independientes - Los pol\u00edticos Veracruz\" \/>\n<meta property=\"og:description\" content=\"Salvador Mu\u00f1oz Los Pol\u00edticos De los 270 candidatos independientes que participaron en cuatro entidades por un cargo de representaci\u00f3n popular, s\u00f3lo tres alcanzaron a subir al p\u00f3dium de los triunfadores y los tres se dieron en Veracruz: Isaac Garc\u00eda \u00c1lvarez, en Coahuitl\u00e1n; Tavo P\u00e9rez Garay, en San Andr\u00e9s Tuxtla; y Christian Romero P\u00e9rez, en Tlacotalpan. [&hellip;]\" \/>\n<meta property=\"og:url\" content=\"https:\/\/lospoliticosveracruz.com\/?p=34322\" \/>\n<meta property=\"og:site_name\" content=\"Los pol\u00edticos Veracruz\" \/>\n<meta property=\"article:publisher\" content=\"https:\/\/www.facebook.com\/people\/Notimemes-de-los-Polticos\/61565672886568\/\" \/>\n<meta property=\"article:published_time\" content=\"2017-06-08T02:25:07+00:00\" \/>\n<meta property=\"og:image\" content=\"https:\/\/lospoliticosveracruz.com\/wp-content\/uploads\/2016\/07\/Logo-Dor.jpg\" \/>\n\t<meta property=\"og:image:width\" content=\"200\" \/>\n\t<meta property=\"og:image:height\" content=\"200\" \/>\n\t<meta property=\"og:image:type\" content=\"image\/jpeg\" \/>\n<meta name=\"author\" content=\"Lo viste en Los Pol\u00edticos\" \/>\n<meta name=\"twitter:card\" content=\"summary_large_image\" \/>\n<meta name=\"twitter:creator\" content=\"@LosPoliticosVer\" \/>\n<meta name=\"twitter:site\" content=\"@LosPoliticosVer\" \/>\n<meta name=\"twitter:label1\" content=\"Escrito por\" \/>\n\t<meta name=\"twitter:data1\" content=\"Lo viste en Los Pol\u00edticos\" \/>\n\t<meta name=\"twitter:label2\" content=\"Tiempo de lectura\" \/>\n\t<meta name=\"twitter:data2\" content=\"4 minutos\" \/>\n<script type=\"application\/ld+json\" class=\"yoast-schema-graph\">{\"@context\":\"https:\\\/\\\/schema.org\",\"@graph\":[{\"@type\":\"Article\",\"@id\":\"https:\\\/\\\/lospoliticosveracruz.com\\\/?p=34322#article\",\"isPartOf\":{\"@id\":\"https:\\\/\\\/lospoliticosveracruz.com\\\/?p=34322\"},\"author\":{\"name\":\"Lo viste en Los Pol\u00edticos\",\"@id\":\"https:\\\/\\\/lospoliticosveracruz.com\\\/#\\\/schema\\\/person\\\/b8702bb0e538456e6efd07080bf2a4a2\"},\"headline\":\"Los 3 independientes\",\"datePublished\":\"2017-06-08T02:25:07+00:00\",\"mainEntityOfPage\":{\"@id\":\"https:\\\/\\\/lospoliticosveracruz.com\\\/?p=34322\"},\"wordCount\":713,\"commentCount\":0,\"publisher\":{\"@id\":\"https:\\\/\\\/lospoliticosveracruz.com\\\/#organization\"},\"keywords\":[\"candidatos independientes\",\"Christian Romero P\u00e9rez\",\"Isaac Garc\u00eda \u00c1lvarez\",\"Tavo P\u00e9rez Garay\"],\"articleSection\":[\"De Opini\u00f3n\"],\"inLanguage\":\"es\",\"potentialAction\":[{\"@type\":\"CommentAction\",\"name\":\"Comment\",\"target\":[\"https:\\\/\\\/lospoliticosveracruz.com\\\/?p=34322#respond\"]}]},{\"@type\":\"WebPage\",\"@id\":\"https:\\\/\\\/lospoliticosveracruz.com\\\/?p=34322\",\"url\":\"https:\\\/\\\/lospoliticosveracruz.com\\\/?p=34322\",\"name\":\"Los 3 independientes - Los pol\u00edticos Veracruz\",\"isPartOf\":{\"@id\":\"https:\\\/\\\/lospoliticosveracruz.com\\\/#website\"},\"datePublished\":\"2017-06-08T02:25:07+00:00\",\"breadcrumb\":{\"@id\":\"https:\\\/\\\/lospoliticosveracruz.com\\\/?p=34322#breadcrumb\"},\"inLanguage\":\"es\",\"potentialAction\":[{\"@type\":\"ReadAction\",\"target\":[\"https:\\\/\\\/lospoliticosveracruz.com\\\/?p=34322\"]}]},{\"@type\":\"BreadcrumbList\",\"@id\":\"https:\\\/\\\/lospoliticosveracruz.com\\\/?p=34322#breadcrumb\",\"itemListElement\":[{\"@type\":\"ListItem\",\"position\":1,\"name\":\"Portada\",\"item\":\"https:\\\/\\\/lospoliticosveracruz.com\\\/\"},{\"@type\":\"ListItem\",\"position\":2,\"name\":\"Los 3 independientes\"}]},{\"@type\":\"WebSite\",\"@id\":\"https:\\\/\\\/lospoliticosveracruz.com\\\/#website\",\"url\":\"https:\\\/\\\/lospoliticosveracruz.com\\\/\",\"name\":\"Los pol\u00edticos Veracruz\",\"description\":\"\",\"publisher\":{\"@id\":\"https:\\\/\\\/lospoliticosveracruz.com\\\/#organization\"},\"potentialAction\":[{\"@type\":\"SearchAction\",\"target\":{\"@type\":\"EntryPoint\",\"urlTemplate\":\"https:\\\/\\\/lospoliticosveracruz.com\\\/?s={search_term_string}\"},\"query-input\":{\"@type\":\"PropertyValueSpecification\",\"valueRequired\":true,\"valueName\":\"search_term_string\"}}],\"inLanguage\":\"es\"},{\"@type\":\"Organization\",\"@id\":\"https:\\\/\\\/lospoliticosveracruz.com\\\/#organization\",\"name\":\"Los pol\u00edticos Veracruz\",\"url\":\"https:\\\/\\\/lospoliticosveracruz.com\\\/\",\"logo\":{\"@type\":\"ImageObject\",\"inLanguage\":\"es\",\"@id\":\"https:\\\/\\\/lospoliticosveracruz.com\\\/#\\\/schema\\\/logo\\\/image\\\/\",\"url\":\"https:\\\/\\\/lospoliticosveracruz.com\\\/wp-content\\\/uploads\\\/2025\\\/12\\\/Logo-Nuevo-LOS-POLITICOS-1.jpg\",\"contentUrl\":\"https:\\\/\\\/lospoliticosveracruz.com\\\/wp-content\\\/uploads\\\/2025\\\/12\\\/Logo-Nuevo-LOS-POLITICOS-1.jpg\",\"width\":260,\"height\":70,\"caption\":\"Los pol\u00edticos Veracruz\"},\"image\":{\"@id\":\"https:\\\/\\\/lospoliticosveracruz.com\\\/#\\\/schema\\\/logo\\\/image\\\/\"},\"sameAs\":[\"https:\\\/\\\/www.facebook.com\\\/people\\\/Notimemes-de-los-Polticos\\\/61565672886568\\\/\",\"https:\\\/\\\/x.com\\\/LosPoliticosVer\"]},{\"@type\":\"Person\",\"@id\":\"https:\\\/\\\/lospoliticosveracruz.com\\\/#\\\/schema\\\/person\\\/b8702bb0e538456e6efd07080bf2a4a2\",\"name\":\"Lo viste en Los Pol\u00edticos\",\"image\":{\"@type\":\"ImageObject\",\"inLanguage\":\"es\",\"@id\":\"https:\\\/\\\/secure.gravatar.com\\\/avatar\\\/3a8de04a2656d44082be478bd6c086daa447c4651605818287b9532d3d0bd435?s=96&d=mm&r=g\",\"url\":\"https:\\\/\\\/secure.gravatar.com\\\/avatar\\\/3a8de04a2656d44082be478bd6c086daa447c4651605818287b9532d3d0bd435?s=96&d=mm&r=g\",\"contentUrl\":\"https:\\\/\\\/secure.gravatar.com\\\/avatar\\\/3a8de04a2656d44082be478bd6c086daa447c4651605818287b9532d3d0bd435?s=96&d=mm&r=g\",\"caption\":\"Lo viste en Los Pol\u00edticos\"},\"url\":\"https:\\\/\\\/lospoliticosveracruz.com\\\/?author=2\"}]}<\/script>\n<!-- \/ Yoast SEO plugin. -->","yoast_head_json":{"title":"Los 3 independientes - Los pol\u00edticos Veracruz","robots":{"index":"index","follow":"follow","max-snippet":"max-snippet:-1","max-image-preview":"max-image-preview:large","max-video-preview":"max-video-preview:-1"},"canonical":"https:\/\/lospoliticosveracruz.com\/?p=34322","og_locale":"es_ES","og_type":"article","og_title":"Los 3 independientes - Los pol\u00edticos Veracruz","og_description":"Salvador Mu\u00f1oz Los Pol\u00edticos De los 270 candidatos independientes que participaron en cuatro entidades por un cargo de representaci\u00f3n popular, s\u00f3lo tres alcanzaron a subir al p\u00f3dium de los triunfadores y los tres se dieron en Veracruz: Isaac Garc\u00eda \u00c1lvarez, en Coahuitl\u00e1n; Tavo P\u00e9rez Garay, en San Andr\u00e9s Tuxtla; y Christian Romero P\u00e9rez, en Tlacotalpan. [&hellip;]","og_url":"https:\/\/lospoliticosveracruz.com\/?p=34322","og_site_name":"Los pol\u00edticos Veracruz","article_publisher":"https:\/\/www.facebook.com\/people\/Notimemes-de-los-Polticos\/61565672886568\/","article_published_time":"2017-06-08T02:25:07+00:00","og_image":[{"width":200,"height":200,"url":"https:\/\/lospoliticosveracruz.com\/wp-content\/uploads\/2016\/07\/Logo-Dor.jpg","type":"image\/jpeg"}],"author":"Lo viste en Los Pol\u00edticos","twitter_card":"summary_large_image","twitter_creator":"@LosPoliticosVer","twitter_site":"@LosPoliticosVer","twitter_misc":{"Escrito por":"Lo viste en Los Pol\u00edticos","Tiempo de lectura":"4 minutos"},"schema":{"@context":"https:\/\/schema.org","@graph":[{"@type":"Article","@id":"https:\/\/lospoliticosveracruz.com\/?p=34322#article","isPartOf":{"@id":"https:\/\/lospoliticosveracruz.com\/?p=34322"},"author":{"name":"Lo viste en Los Pol\u00edticos","@id":"https:\/\/lospoliticosveracruz.com\/#\/schema\/person\/b8702bb0e538456e6efd07080bf2a4a2"},"headline":"Los 3 independientes","datePublished":"2017-06-08T02:25:07+00:00","mainEntityOfPage":{"@id":"https:\/\/lospoliticosveracruz.com\/?p=34322"},"wordCount":713,"commentCount":0,"publisher":{"@id":"https:\/\/lospoliticosveracruz.com\/#organization"},"keywords":["candidatos independientes","Christian Romero P\u00e9rez","Isaac Garc\u00eda \u00c1lvarez","Tavo P\u00e9rez Garay"],"articleSection":["De Opini\u00f3n"],"inLanguage":"es","potentialAction":[{"@type":"CommentAction","name":"Comment","target":["https:\/\/lospoliticosveracruz.com\/?p=34322#respond"]}]},{"@type":"WebPage","@id":"https:\/\/lospoliticosveracruz.com\/?p=34322","url":"https:\/\/lospoliticosveracruz.com\/?p=34322","name":"Los 3 independientes - Los pol\u00edticos Veracruz","isPartOf":{"@id":"https:\/\/lospoliticosveracruz.com\/#website"},"datePublished":"2017-06-08T02:25:07+00:00","breadcrumb":{"@id":"https:\/\/lospoliticosveracruz.com\/?p=34322#breadcrumb"},"inLanguage":"es","potentialAction":[{"@type":"ReadAction","target":["https:\/\/lospoliticosveracruz.com\/?p=34322"]}]},{"@type":"BreadcrumbList","@id":"https:\/\/lospoliticosveracruz.com\/?p=34322#breadcrumb","itemListElement":[{"@type":"ListItem","position":1,"name":"Portada","item":"https:\/\/lospoliticosveracruz.com\/"},{"@type":"ListItem","position":2,"name":"Los 3 independientes"}]},{"@type":"WebSite","@id":"https:\/\/lospoliticosveracruz.com\/#website","url":"https:\/\/lospoliticosveracruz.com\/","name":"Los pol\u00edticos Veracruz","description":"","publisher":{"@id":"https:\/\/lospoliticosveracruz.com\/#organization"},"potentialAction":[{"@type":"SearchAction","target":{"@type":"EntryPoint","urlTemplate":"https:\/\/lospoliticosveracruz.com\/?s={search_term_string}"},"query-input":{"@type":"PropertyValueSpecification","valueRequired":true,"valueName":"search_term_string"}}],"inLanguage":"es"},{"@type":"Organization","@id":"https:\/\/lospoliticosveracruz.com\/#organization","name":"Los pol\u00edticos Veracruz","url":"https:\/\/lospoliticosveracruz.com\/","logo":{"@type":"ImageObject","inLanguage":"es","@id":"https:\/\/lospoliticosveracruz.com\/#\/schema\/logo\/image\/","url":"https:\/\/lospoliticosveracruz.com\/wp-content\/uploads\/2025\/12\/Logo-Nuevo-LOS-POLITICOS-1.jpg","contentUrl":"https:\/\/lospoliticosveracruz.com\/wp-content\/uploads\/2025\/12\/Logo-Nuevo-LOS-POLITICOS-1.jpg","width":260,"height":70,"caption":"Los pol\u00edticos Veracruz"},"image":{"@id":"https:\/\/lospoliticosveracruz.com\/#\/schema\/logo\/image\/"},"sameAs":["https:\/\/www.facebook.com\/people\/Notimemes-de-los-Polticos\/61565672886568\/","https:\/\/x.com\/LosPoliticosVer"]},{"@type":"Person","@id":"https:\/\/lospoliticosveracruz.com\/#\/schema\/person\/b8702bb0e538456e6efd07080bf2a4a2","name":"Lo viste en Los Pol\u00edticos","image":{"@type":"ImageObject","inLanguage":"es","@id":"https:\/\/secure.gravatar.com\/avatar\/3a8de04a2656d44082be478bd6c086daa447c4651605818287b9532d3d0bd435?s=96&d=mm&r=g","url":"https:\/\/secure.gravatar.com\/avatar\/3a8de04a2656d44082be478bd6c086daa447c4651605818287b9532d3d0bd435?s=96&d=mm&r=g","contentUrl":"https:\/\/secure.gravatar.com\/avatar\/3a8de04a2656d44082be478bd6c086daa447c4651605818287b9532d3d0bd435?s=96&d=mm&r=g","caption":"Lo viste en Los Pol\u00edticos"},"url":"https:\/\/lospoliticosveracruz.com\/?author=2"}]}},"_links":{"self":[{"href":"https:\/\/lospoliticosveracruz.com\/index.php?rest_route=\/wp\/v2\/posts\/34322","targetHints":{"allow":["GET"]}}],"collection":[{"href":"https:\/\/lospoliticosveracruz.com\/index.php?rest_route=\/wp\/v2\/posts"}],"about":[{"href":"https:\/\/lospoliticosveracruz.com\/index.php?rest_route=\/wp\/v2\/types\/post"}],"author":[{"embeddable":true,"href":"https:\/\/lospoliticosveracruz.com\/index.php?rest_route=\/wp\/v2\/users\/2"}],"replies":[{"embeddable":true,"href":"https:\/\/lospoliticosveracruz.com\/index.php?rest_route=%2Fwp%2Fv2%2Fcomments&post=34322"}],"version-history":[{"count":2,"href":"https:\/\/lospoliticosveracruz.com\/index.php?rest_route=\/wp\/v2\/posts\/34322\/revisions"}],"predecessor-version":[{"id":34328,"href":"https:\/\/lospoliticosveracruz.com\/index.php?rest_route=\/wp\/v2\/posts\/34322\/revisions\/34328"}],"wp:attachment":[{"href":"https:\/\/lospoliticosveracruz.com\/index.php?rest_route=%2Fwp%2Fv2%2Fmedia&parent=34322"}],"wp:term":[{"taxonomy":"category","embeddable":true,"href":"https:\/\/lospoliticosveracruz.com\/index.php?rest_route=%2Fwp%2Fv2%2Fcategories&post=34322"},{"taxonomy":"post_tag","embeddable":true,"href":"https:\/\/lospoliticosveracruz.com\/index.php?rest_route=%2Fwp%2Fv2%2Ftags&post=34322"}],"curies":[{"name":"wp","href":"https:\/\/api.w.org\/{rel}","templated":true}]}}