{"id":34333,"date":"2017-06-08T10:13:06","date_gmt":"2017-06-08T15:13:06","guid":{"rendered":"http:\/\/www.lospoliticosveracruz.com.mx\/?p=34333"},"modified":"2017-06-08T10:13:06","modified_gmt":"2017-06-08T15:13:06","slug":"miyuli-contra-pepe-yunes","status":"publish","type":"post","link":"https:\/\/lospoliticosveracruz.com\/?p=34333","title":{"rendered":"\u00bfMiyuli contra Pepe Yunes?"},"content":{"rendered":"<div class=\"x_gmail_quote\">\n<div dir=\"ltr\">\n<p class=\"x_MsoNormal\"><strong>Jos\u00e9 Ortiz Medina<\/strong><\/p>\n<p class=\"x_MsoNormal\"><em>En Corto&#8230; Sin Cortes<\/em><\/p>\n<p class=\"x_MsoNormal\"><b>\u00a0<\/b><\/p>\n<p class=\"x_MsoNormal\">\n<p class=\"x_MsoNormal\">\n<p class=\"x_MsoNormal\">Hay quienes aseguran que podr\u00eda ser muy clara cu\u00e1l es la mano que mece la cuna en la \u201cprotesta\u201d de ex candidatos a la presidencia municipal de Perote: ser\u00eda la del gobernador Miguel \u00c1ngel Yunes Linares.<\/p>\n<p class=\"x_MsoNormal\">Desde que inici\u00f3 su bienio, Yunes Linares habr\u00eda intentado desgastar el liderazgo del senador Jos\u00e9 Francisco Yunes Zorrilla en su municipio, con el objetivo de debilitarlo con miras a la sucesi\u00f3n por la gubernatura el a\u00f1o entrante.<\/p>\n<p class=\"x_MsoNormal\">Para ello, primero habr\u00eda cooptado al alcalde Paul Mart\u00ednez Mari\u00e9, a quien integr\u00f3 a su administraci\u00f3n. Luego, habr\u00eda reclutado a los inefables hermanos Joel y V\u00edctor Arcos, eternos \u201cchupasangre\u201d del senador Yunes Zorrilla que ahora son los que encabezan la supuesta \u201crebeli\u00f3n\u201d con la que pretenden desconocer los resultados de la elecci\u00f3n en Perote, que gan\u00f3 el candidato del PRI, el doctor Juan Francisco Hervert Prado. Y hasta \u201cinflaron\u201d como candidata \u201cindependiente\u201d a Emilia Yunes Su\u00e1rez, familiar directo del legislador y madre del aspirante a cacique Juan Manuel Vel\u00e1zquez Yunes.<\/p>\n<p class=\"x_MsoNormal\">La jugada, m\u00e1s que evidente, es burda. Miyuli desde ahora estar\u00eda utilizando todo el aparato del Estado en contra de quien ve como una amenaza para su proyecto pol\u00edtico familiar.<\/p>\n<p class=\"x_MsoNormal\">Pero falta que Pepe Yunes se deje. Y que los perote\u00f1os permitan que no se respete su voto.<\/p>\n<p class=\"x_MsoNormal\"><b>Atropellan a Fiscal que lleva el\u00a0<\/b><b>caso de los Panama Papers<\/b><\/p>\n<p class=\"x_MsoNormal\">El fiscal Federico Delgado, que tiene en sus manos varias causas, como el caso de Odebrecht, el de los\u00a0<i>Papeles de Panam\u00e1\u00a0<\/i>y otros que comprometen a funcionarios del gobierno de del presidente argentino, Mauricio Macri y al mismo presidente, fue atropellado por una camioneta que cruz\u00f3 un sem\u00e1foro en rojo, cuando llegaba en bicicleta a tribunales este mi\u00e9rcoles sufriendo algunas heridas.<\/p>\n<p class=\"x_MsoNormal\">Delgado se traslada todos los d\u00edas en bicicleta a su lugar de trabajo y el hecho dio lugar a una serie de especulaciones en momentos tensos entre diversos sectores judiciales y el presidente Macri, quien en estos d\u00edas advirti\u00f3 que \u201clos jueces tienen que saber que queremos saber la verdad o vamos a buscar otros jueces que nos representen\u201d.<\/p>\n<p class=\"x_MsoNormal\">Esto estaba dirigido a magistrados que deban decidir sobre el caso Odebrecht y lo dijo en una entrevista abierta en la Bolsa de Comercio de Buenos Aires. Los dichos de Macri fueron considerados como una \u201cin\u00e9dita amenaza\u201d contra el Poder Judicial y adem\u00e1s mencion\u00f3 duramente a la procuradora Alejandra Gils Carb\u00f3, a quien intenta sacar de su cargo, sin lograrlo hasta ahora.<\/p>\n<p class=\"x_MsoNormal\">Precisamente este mi\u00e9rcoles el juez federal Sergio Torres dispuso procedimientos para avanzar en la investigaci\u00f3n de diversas maniobras relacionadas con l\u00edneas \u00e1reas y sobreprecios, en una causa por lo que est\u00e1 imputado Mauricio Macri. Tambi\u00e9n son investigados Franco Macri y el vicejefe de Gabinete, Mario Quintana, entre otros funcionarios. Los operativos, previos a los allanamientos realizados este mi\u00e9rcoles, se centran en la Secretar\u00eda General de Presidencia, en Aerol\u00edneas Argentinas, Inspecci\u00f3n General de Justicia y distintos organismos p\u00fablico.<\/p>\n<p class=\"x_MsoNormal\">No olvidemos tampoco que uno de los tantos involucrados en los Panama Papers es uno de los integrantes de conocido clan panista veracruzano. \u00bfAccidente lo del \u201catropellamiento\u201d del Fiscal Federico Delgado?&#8230; Qui\u00e9n sabe\u2026<\/p>\n<p class=\"x_MsoNormal\"><b>\u00a0<\/b><b>Agarr\u00f3n Anaya-Zavala<\/b><\/p>\n<p class=\"x_MsoNormal\">\u00a0Tras el rotundo fracaso del PAN en la elecci\u00f3n del Estado de M\u00e9xico, la que vio una oportunidad para jalar agua a su molino fue la aspirante a candidata presidencial Margarita Zavala.<\/p>\n<p class=\"x_MsoNormal\">La esposa del ex presidente Felipe Calder\u00f3n tundi\u00f3 al dirigente nacional del PAN, Ricardo Anaya, responsabiliz\u00e1ndolo del rid\u00edculo hecho por la candidata panista en el Edomex, Josefina V\u00e1zquez Mota, y le exigi\u00f3 que el candidato del blanquiazul a la Presidencia de M\u00e9xico sea definido a m\u00e1s tardar en un mes.<\/p>\n<p class=\"x_MsoNormal\">Anaya ni se dio por aludido en el golpeteo de la se\u00f1ora Zavala, pero s\u00ed le respondi\u00f3 que las definiciones de candidatos se dar\u00e1n en los tiempos establecidos por su partido. O lo que es lo mismo, la mand\u00f3 a volar.<\/p>\n<p class=\"x_MsoNormal\">\u00bfLograr\u00e1 llegar unido el PAN a la elecci\u00f3n presidencial? Qui\u00e9n sabe. La ambici\u00f3n es cabrona.<\/p>\n<p class=\"x_MsoNormal\"><b>\u00a0<\/b><b>Fiscal regional deja plantados a habitantes\u00a0<\/b><b>de Xalapa que se quejan de inseguridad<\/b><\/p>\n<p class=\"x_MsoNormal\">\u00a0Este martes, el Presidente Municipal de Xalapa, Am\u00e9rico Z\u00fa\u00f1iga, acudi\u00f3 a una reuni\u00f3n con vecinos de los fraccionamientos Monte Magno, Residencial Cumbres, La Marquesa, Monte Novo, entre otros, para escuchar las inquietudes de los habitantes ante los cientos de robos de los que han sido v\u00edctimas, presumiblemente efectuados por invasores que se establecieron en la parte trasera de dichos fraccionamientos.<br \/>\nSobre el tema, se inici\u00f3 una carpeta de investigaci\u00f3n, por lo que a dicha reuni\u00f3n acudir\u00eda el Jos\u00e9 Alfredo G\u00f3mez Reyes, Fiscal Regional Zona Centro Xalapa; sin embargo, a\u00fan estando sus oficinas cercanas al punto de reuni\u00f3n, el funcionario fue omiso en acudir para informar sobre el avance de las investigaciones que se abrieron en la Fiscal\u00eda a su cargo, mandando a un colaborador que no supo dar informaci\u00f3n de los avances de las investigaciones, lo que a decir de los vecinos, deja en tela de duda la capacidad de tal fiscal para solucionar y enfrentar esta problem\u00e1tica, contrario al Presidente Municipal Am\u00e9rico Z\u00fa\u00f1iga, quien acudi\u00f3 a la reuni\u00f3n y mostr\u00f3 profundo inter\u00e9s en las inquietudes de los habitantes de la zona de Las \u00c1nimas.<\/p>\n<p class=\"x_MsoNormal\"><b>\u00a0<\/b><b>\u00bfPe\u00f1a habl\u00f3 con Duarte?<\/b><\/p>\n<p class=\"x_MsoNormal\">\u00a0En los c\u00edrculos pol\u00edticos de la capital del pa\u00eds, se especula que durante su visita a Guatemala, el presidente Enrique Pe\u00f1a Nieto habr\u00eda hablado con el ex gobernador Javier Duarte de Ochoa, detenido en aquella naci\u00f3n\u00a0en espera de ser extraditado al pa\u00eds. Si lo que se dice es ver\u00eddico, \u00bfde qu\u00e9 hablar\u00edan ambos personajes y sobre todo, a qu\u00e9 acuerdos llegaron? Ayyy nanita\u2026<\/p>\n<\/div>\n<\/div>\n<p>&nbsp;<\/p>\n","protected":false},"excerpt":{"rendered":"<p>Jos\u00e9 Ortiz Medina En Corto&#8230; Sin Cortes \u00a0 Hay quienes aseguran que podr\u00eda ser muy clara cu\u00e1l es la mano que mece la cuna en la \u201cprotesta\u201d de ex candidatos a la presidencia municipal de Perote: ser\u00eda la del gobernador Miguel \u00c1ngel Yunes Linares. Desde que inici\u00f3 su bienio, Yunes Linares habr\u00eda intentado desgastar el [&hellip;]<\/p>\n","protected":false},"author":2,"featured_media":0,"comment_status":"open","ping_status":"open","sticky":false,"template":"","format":"standard","meta":{"tdm_status":"","tdm_grid_status":"","footnotes":""},"categories":[70],"tags":[6950,7523,7346,428,4148,570],"class_list":{"0":"post-34333","1":"post","2":"type-post","3":"status-publish","4":"format-standard","6":"category-de-opinion","7":"tag-emilia-yunes-suarez","8":"tag-jose-francisco-yunes-zorrila","9":"tag-juan-francisco-hervert-prado","10":"tag-miguel-angel-yunes-linares","11":"tag-paul-martinez-marie","12":"tag-pepe-yunes"},"yoast_head":"<!-- This site is optimized with the Yoast SEO plugin v27.4 - https:\/\/yoast.com\/product\/yoast-seo-wordpress\/ -->\n<title>\u00bfMiyuli contra Pepe Yunes? - Los pol\u00edticos Veracruz<\/title>\n<meta name=\"robots\" content=\"index, follow, max-snippet:-1, max-image-preview:large, max-video-preview:-1\" \/>\n<link rel=\"canonical\" href=\"https:\/\/lospoliticosveracruz.com\/?p=34333\" \/>\n<meta property=\"og:locale\" content=\"es_ES\" \/>\n<meta property=\"og:type\" content=\"article\" \/>\n<meta property=\"og:title\" content=\"\u00bfMiyuli contra Pepe Yunes? - Los pol\u00edticos Veracruz\" \/>\n<meta property=\"og:description\" content=\"Jos\u00e9 Ortiz Medina En Corto&#8230; Sin Cortes \u00a0 Hay quienes aseguran que podr\u00eda ser muy clara cu\u00e1l es la mano que mece la cuna en la \u201cprotesta\u201d de ex candidatos a la presidencia municipal de Perote: ser\u00eda la del gobernador Miguel \u00c1ngel Yunes Linares. Desde que inici\u00f3 su bienio, Yunes Linares habr\u00eda intentado desgastar el [&hellip;]\" \/>\n<meta property=\"og:url\" content=\"https:\/\/lospoliticosveracruz.com\/?p=34333\" \/>\n<meta property=\"og:site_name\" content=\"Los pol\u00edticos Veracruz\" \/>\n<meta property=\"article:publisher\" content=\"https:\/\/www.facebook.com\/people\/Notimemes-de-los-Polticos\/61565672886568\/\" \/>\n<meta property=\"article:published_time\" content=\"2017-06-08T15:13:06+00:00\" \/>\n<meta property=\"og:image\" content=\"https:\/\/lospoliticosveracruz.com\/wp-content\/uploads\/2016\/07\/Logo-Dor.jpg\" \/>\n\t<meta property=\"og:image:width\" content=\"200\" \/>\n\t<meta property=\"og:image:height\" content=\"200\" \/>\n\t<meta property=\"og:image:type\" content=\"image\/jpeg\" \/>\n<meta name=\"author\" content=\"Lo viste en Los Pol\u00edticos\" \/>\n<meta name=\"twitter:card\" content=\"summary_large_image\" \/>\n<meta name=\"twitter:creator\" content=\"@LosPoliticosVer\" \/>\n<meta name=\"twitter:site\" content=\"@LosPoliticosVer\" \/>\n<meta name=\"twitter:label1\" content=\"Escrito por\" \/>\n\t<meta name=\"twitter:data1\" content=\"Lo viste en Los Pol\u00edticos\" \/>\n\t<meta name=\"twitter:label2\" content=\"Tiempo de lectura\" \/>\n\t<meta name=\"twitter:data2\" content=\"5 minutos\" \/>\n<script type=\"application\/ld+json\" class=\"yoast-schema-graph\">{\"@context\":\"https:\\\/\\\/schema.org\",\"@graph\":[{\"@type\":\"Article\",\"@id\":\"https:\\\/\\\/lospoliticosveracruz.com\\\/?p=34333#article\",\"isPartOf\":{\"@id\":\"https:\\\/\\\/lospoliticosveracruz.com\\\/?p=34333\"},\"author\":{\"name\":\"Lo viste en Los Pol\u00edticos\",\"@id\":\"https:\\\/\\\/lospoliticosveracruz.com\\\/#\\\/schema\\\/person\\\/b8702bb0e538456e6efd07080bf2a4a2\"},\"headline\":\"\u00bfMiyuli contra Pepe Yunes?\",\"datePublished\":\"2017-06-08T15:13:06+00:00\",\"mainEntityOfPage\":{\"@id\":\"https:\\\/\\\/lospoliticosveracruz.com\\\/?p=34333\"},\"wordCount\":1009,\"commentCount\":0,\"publisher\":{\"@id\":\"https:\\\/\\\/lospoliticosveracruz.com\\\/#organization\"},\"keywords\":[\"Emilia Yunes Su\u00e1rez\",\"Jos\u00e9 Francisco Yunes Zorrila\",\"Juan Francisco Hervert Prado\",\"Miguel Angel Yunes Linares\",\"Paul Mart\u00ednez Marie\",\"Pepe Yunes\"],\"articleSection\":[\"De Opini\u00f3n\"],\"inLanguage\":\"es\",\"potentialAction\":[{\"@type\":\"CommentAction\",\"name\":\"Comment\",\"target\":[\"https:\\\/\\\/lospoliticosveracruz.com\\\/?p=34333#respond\"]}]},{\"@type\":\"WebPage\",\"@id\":\"https:\\\/\\\/lospoliticosveracruz.com\\\/?p=34333\",\"url\":\"https:\\\/\\\/lospoliticosveracruz.com\\\/?p=34333\",\"name\":\"\u00bfMiyuli contra Pepe Yunes? - Los pol\u00edticos Veracruz\",\"isPartOf\":{\"@id\":\"https:\\\/\\\/lospoliticosveracruz.com\\\/#website\"},\"datePublished\":\"2017-06-08T15:13:06+00:00\",\"breadcrumb\":{\"@id\":\"https:\\\/\\\/lospoliticosveracruz.com\\\/?p=34333#breadcrumb\"},\"inLanguage\":\"es\",\"potentialAction\":[{\"@type\":\"ReadAction\",\"target\":[\"https:\\\/\\\/lospoliticosveracruz.com\\\/?p=34333\"]}]},{\"@type\":\"BreadcrumbList\",\"@id\":\"https:\\\/\\\/lospoliticosveracruz.com\\\/?p=34333#breadcrumb\",\"itemListElement\":[{\"@type\":\"ListItem\",\"position\":1,\"name\":\"Portada\",\"item\":\"https:\\\/\\\/lospoliticosveracruz.com\\\/\"},{\"@type\":\"ListItem\",\"position\":2,\"name\":\"\u00bfMiyuli contra Pepe Yunes?\"}]},{\"@type\":\"WebSite\",\"@id\":\"https:\\\/\\\/lospoliticosveracruz.com\\\/#website\",\"url\":\"https:\\\/\\\/lospoliticosveracruz.com\\\/\",\"name\":\"Los pol\u00edticos Veracruz\",\"description\":\"\",\"publisher\":{\"@id\":\"https:\\\/\\\/lospoliticosveracruz.com\\\/#organization\"},\"potentialAction\":[{\"@type\":\"SearchAction\",\"target\":{\"@type\":\"EntryPoint\",\"urlTemplate\":\"https:\\\/\\\/lospoliticosveracruz.com\\\/?s={search_term_string}\"},\"query-input\":{\"@type\":\"PropertyValueSpecification\",\"valueRequired\":true,\"valueName\":\"search_term_string\"}}],\"inLanguage\":\"es\"},{\"@type\":\"Organization\",\"@id\":\"https:\\\/\\\/lospoliticosveracruz.com\\\/#organization\",\"name\":\"Los pol\u00edticos Veracruz\",\"url\":\"https:\\\/\\\/lospoliticosveracruz.com\\\/\",\"logo\":{\"@type\":\"ImageObject\",\"inLanguage\":\"es\",\"@id\":\"https:\\\/\\\/lospoliticosveracruz.com\\\/#\\\/schema\\\/logo\\\/image\\\/\",\"url\":\"https:\\\/\\\/lospoliticosveracruz.com\\\/wp-content\\\/uploads\\\/2025\\\/12\\\/Logo-Nuevo-LOS-POLITICOS-1.jpg\",\"contentUrl\":\"https:\\\/\\\/lospoliticosveracruz.com\\\/wp-content\\\/uploads\\\/2025\\\/12\\\/Logo-Nuevo-LOS-POLITICOS-1.jpg\",\"width\":260,\"height\":70,\"caption\":\"Los pol\u00edticos Veracruz\"},\"image\":{\"@id\":\"https:\\\/\\\/lospoliticosveracruz.com\\\/#\\\/schema\\\/logo\\\/image\\\/\"},\"sameAs\":[\"https:\\\/\\\/www.facebook.com\\\/people\\\/Notimemes-de-los-Polticos\\\/61565672886568\\\/\",\"https:\\\/\\\/x.com\\\/LosPoliticosVer\"]},{\"@type\":\"Person\",\"@id\":\"https:\\\/\\\/lospoliticosveracruz.com\\\/#\\\/schema\\\/person\\\/b8702bb0e538456e6efd07080bf2a4a2\",\"name\":\"Lo viste en Los Pol\u00edticos\",\"image\":{\"@type\":\"ImageObject\",\"inLanguage\":\"es\",\"@id\":\"https:\\\/\\\/secure.gravatar.com\\\/avatar\\\/3a8de04a2656d44082be478bd6c086daa447c4651605818287b9532d3d0bd435?s=96&d=mm&r=g\",\"url\":\"https:\\\/\\\/secure.gravatar.com\\\/avatar\\\/3a8de04a2656d44082be478bd6c086daa447c4651605818287b9532d3d0bd435?s=96&d=mm&r=g\",\"contentUrl\":\"https:\\\/\\\/secure.gravatar.com\\\/avatar\\\/3a8de04a2656d44082be478bd6c086daa447c4651605818287b9532d3d0bd435?s=96&d=mm&r=g\",\"caption\":\"Lo viste en Los Pol\u00edticos\"},\"url\":\"https:\\\/\\\/lospoliticosveracruz.com\\\/?author=2\"}]}<\/script>\n<!-- \/ Yoast SEO plugin. -->","yoast_head_json":{"title":"\u00bfMiyuli contra Pepe Yunes? - Los pol\u00edticos Veracruz","robots":{"index":"index","follow":"follow","max-snippet":"max-snippet:-1","max-image-preview":"max-image-preview:large","max-video-preview":"max-video-preview:-1"},"canonical":"https:\/\/lospoliticosveracruz.com\/?p=34333","og_locale":"es_ES","og_type":"article","og_title":"\u00bfMiyuli contra Pepe Yunes? - Los pol\u00edticos Veracruz","og_description":"Jos\u00e9 Ortiz Medina En Corto&#8230; Sin Cortes \u00a0 Hay quienes aseguran que podr\u00eda ser muy clara cu\u00e1l es la mano que mece la cuna en la \u201cprotesta\u201d de ex candidatos a la presidencia municipal de Perote: ser\u00eda la del gobernador Miguel \u00c1ngel Yunes Linares. Desde que inici\u00f3 su bienio, Yunes Linares habr\u00eda intentado desgastar el [&hellip;]","og_url":"https:\/\/lospoliticosveracruz.com\/?p=34333","og_site_name":"Los pol\u00edticos Veracruz","article_publisher":"https:\/\/www.facebook.com\/people\/Notimemes-de-los-Polticos\/61565672886568\/","article_published_time":"2017-06-08T15:13:06+00:00","og_image":[{"width":200,"height":200,"url":"https:\/\/lospoliticosveracruz.com\/wp-content\/uploads\/2016\/07\/Logo-Dor.jpg","type":"image\/jpeg"}],"author":"Lo viste en Los Pol\u00edticos","twitter_card":"summary_large_image","twitter_creator":"@LosPoliticosVer","twitter_site":"@LosPoliticosVer","twitter_misc":{"Escrito por":"Lo viste en Los Pol\u00edticos","Tiempo de lectura":"5 minutos"},"schema":{"@context":"https:\/\/schema.org","@graph":[{"@type":"Article","@id":"https:\/\/lospoliticosveracruz.com\/?p=34333#article","isPartOf":{"@id":"https:\/\/lospoliticosveracruz.com\/?p=34333"},"author":{"name":"Lo viste en Los Pol\u00edticos","@id":"https:\/\/lospoliticosveracruz.com\/#\/schema\/person\/b8702bb0e538456e6efd07080bf2a4a2"},"headline":"\u00bfMiyuli contra Pepe Yunes?","datePublished":"2017-06-08T15:13:06+00:00","mainEntityOfPage":{"@id":"https:\/\/lospoliticosveracruz.com\/?p=34333"},"wordCount":1009,"commentCount":0,"publisher":{"@id":"https:\/\/lospoliticosveracruz.com\/#organization"},"keywords":["Emilia Yunes Su\u00e1rez","Jos\u00e9 Francisco Yunes Zorrila","Juan Francisco Hervert Prado","Miguel Angel Yunes Linares","Paul Mart\u00ednez Marie","Pepe Yunes"],"articleSection":["De Opini\u00f3n"],"inLanguage":"es","potentialAction":[{"@type":"CommentAction","name":"Comment","target":["https:\/\/lospoliticosveracruz.com\/?p=34333#respond"]}]},{"@type":"WebPage","@id":"https:\/\/lospoliticosveracruz.com\/?p=34333","url":"https:\/\/lospoliticosveracruz.com\/?p=34333","name":"\u00bfMiyuli contra Pepe Yunes? - Los pol\u00edticos Veracruz","isPartOf":{"@id":"https:\/\/lospoliticosveracruz.com\/#website"},"datePublished":"2017-06-08T15:13:06+00:00","breadcrumb":{"@id":"https:\/\/lospoliticosveracruz.com\/?p=34333#breadcrumb"},"inLanguage":"es","potentialAction":[{"@type":"ReadAction","target":["https:\/\/lospoliticosveracruz.com\/?p=34333"]}]},{"@type":"BreadcrumbList","@id":"https:\/\/lospoliticosveracruz.com\/?p=34333#breadcrumb","itemListElement":[{"@type":"ListItem","position":1,"name":"Portada","item":"https:\/\/lospoliticosveracruz.com\/"},{"@type":"ListItem","position":2,"name":"\u00bfMiyuli contra Pepe Yunes?"}]},{"@type":"WebSite","@id":"https:\/\/lospoliticosveracruz.com\/#website","url":"https:\/\/lospoliticosveracruz.com\/","name":"Los pol\u00edticos Veracruz","description":"","publisher":{"@id":"https:\/\/lospoliticosveracruz.com\/#organization"},"potentialAction":[{"@type":"SearchAction","target":{"@type":"EntryPoint","urlTemplate":"https:\/\/lospoliticosveracruz.com\/?s={search_term_string}"},"query-input":{"@type":"PropertyValueSpecification","valueRequired":true,"valueName":"search_term_string"}}],"inLanguage":"es"},{"@type":"Organization","@id":"https:\/\/lospoliticosveracruz.com\/#organization","name":"Los pol\u00edticos Veracruz","url":"https:\/\/lospoliticosveracruz.com\/","logo":{"@type":"ImageObject","inLanguage":"es","@id":"https:\/\/lospoliticosveracruz.com\/#\/schema\/logo\/image\/","url":"https:\/\/lospoliticosveracruz.com\/wp-content\/uploads\/2025\/12\/Logo-Nuevo-LOS-POLITICOS-1.jpg","contentUrl":"https:\/\/lospoliticosveracruz.com\/wp-content\/uploads\/2025\/12\/Logo-Nuevo-LOS-POLITICOS-1.jpg","width":260,"height":70,"caption":"Los pol\u00edticos Veracruz"},"image":{"@id":"https:\/\/lospoliticosveracruz.com\/#\/schema\/logo\/image\/"},"sameAs":["https:\/\/www.facebook.com\/people\/Notimemes-de-los-Polticos\/61565672886568\/","https:\/\/x.com\/LosPoliticosVer"]},{"@type":"Person","@id":"https:\/\/lospoliticosveracruz.com\/#\/schema\/person\/b8702bb0e538456e6efd07080bf2a4a2","name":"Lo viste en Los Pol\u00edticos","image":{"@type":"ImageObject","inLanguage":"es","@id":"https:\/\/secure.gravatar.com\/avatar\/3a8de04a2656d44082be478bd6c086daa447c4651605818287b9532d3d0bd435?s=96&d=mm&r=g","url":"https:\/\/secure.gravatar.com\/avatar\/3a8de04a2656d44082be478bd6c086daa447c4651605818287b9532d3d0bd435?s=96&d=mm&r=g","contentUrl":"https:\/\/secure.gravatar.com\/avatar\/3a8de04a2656d44082be478bd6c086daa447c4651605818287b9532d3d0bd435?s=96&d=mm&r=g","caption":"Lo viste en Los Pol\u00edticos"},"url":"https:\/\/lospoliticosveracruz.com\/?author=2"}]}},"_links":{"self":[{"href":"https:\/\/lospoliticosveracruz.com\/index.php?rest_route=\/wp\/v2\/posts\/34333","targetHints":{"allow":["GET"]}}],"collection":[{"href":"https:\/\/lospoliticosveracruz.com\/index.php?rest_route=\/wp\/v2\/posts"}],"about":[{"href":"https:\/\/lospoliticosveracruz.com\/index.php?rest_route=\/wp\/v2\/types\/post"}],"author":[{"embeddable":true,"href":"https:\/\/lospoliticosveracruz.com\/index.php?rest_route=\/wp\/v2\/users\/2"}],"replies":[{"embeddable":true,"href":"https:\/\/lospoliticosveracruz.com\/index.php?rest_route=%2Fwp%2Fv2%2Fcomments&post=34333"}],"version-history":[{"count":1,"href":"https:\/\/lospoliticosveracruz.com\/index.php?rest_route=\/wp\/v2\/posts\/34333\/revisions"}],"predecessor-version":[{"id":34334,"href":"https:\/\/lospoliticosveracruz.com\/index.php?rest_route=\/wp\/v2\/posts\/34333\/revisions\/34334"}],"wp:attachment":[{"href":"https:\/\/lospoliticosveracruz.com\/index.php?rest_route=%2Fwp%2Fv2%2Fmedia&parent=34333"}],"wp:term":[{"taxonomy":"category","embeddable":true,"href":"https:\/\/lospoliticosveracruz.com\/index.php?rest_route=%2Fwp%2Fv2%2Fcategories&post=34333"},{"taxonomy":"post_tag","embeddable":true,"href":"https:\/\/lospoliticosveracruz.com\/index.php?rest_route=%2Fwp%2Fv2%2Ftags&post=34333"}],"curies":[{"name":"wp","href":"https:\/\/api.w.org\/{rel}","templated":true}]}}