{"id":34335,"date":"2017-06-08T10:23:42","date_gmt":"2017-06-08T15:23:42","guid":{"rendered":"http:\/\/www.lospoliticosveracruz.com.mx\/?p=34335"},"modified":"2017-06-08T10:23:42","modified_gmt":"2017-06-08T15:23:42","slug":"tembladeras-el-interes-economico","status":"publish","type":"post","link":"https:\/\/lospoliticosveracruz.com\/?p=34335","title":{"rendered":"Tembladeras, el inter\u00e9s econ\u00f3mico"},"content":{"rendered":"<div class=\"x_gmail_quote\">\n<div dir=\"ltr\">\n<div id=\"x_m_1996343881709353258divtagdefaultwrapper\" dir=\"ltr\">\n<p class=\"x_m_1996343881709353258MsoNoSpacing\"><strong>Luis Alberto Romero<\/strong><u><\/u><u><\/u><\/p>\n<p class=\"x_m_1996343881709353258MsoNoSpacing\">\u00a0<em>Hora Cero<\/em><\/p>\n<p class=\"x_m_1996343881709353258MsoNoSpacing\"><b>\u00a0<\/b><\/p>\n<p class=\"x_m_1996343881709353258MsoNoSpacing\">El \u00e1rea natural protegida de Tembladeras-Laguna Olmeca es una reserva ecol\u00f3gica que se ubica cerca de la carretera Veracruz-Xalapa, muy cerca del aeropuerto y del puente de la Cabeza Olmeca; es, tambi\u00e9n, centro de la atenci\u00f3n de grupos ambientalistas que buscan cerrar el paso a un proyecto, Covadonga, que fue aprobado por la Secretar\u00eda del Medio Ambiente del gobierno estatal y que incluye la construcci\u00f3n de un hospital, un hotel y un complejo m\u00e9dico.<u><\/u><u><\/u><\/p>\n<p class=\"x_m_1996343881709353258MsoNoSpacing\">Se trata de un ataque a esa zona, que representa un importante vaso regulador para los municipios de Veracruz y Boca del R\u00edo.<u><\/u><u><\/u><\/p>\n<p class=\"x_m_1996343881709353258MsoNoSpacing\">La construcci\u00f3n, se\u00f1alan los opositores al proyecto, podr\u00eda significar inundaciones para los fraccionamientos y zonas habitadas, como el Floresta y las colonias Francisco Villa, Las Bajadas, Amapolas, Caballerizas, Arboledas, Geo Villas y Puente Moreno, entre otras.<u><\/u><u><\/u><\/p>\n<p class=\"x_m_1996343881709353258MsoNoSpacing\">El tema se remonta a 2015, cuando el actual director jur\u00eddico de la Secretar\u00eda del Medio Ambiente, Carlos Federico Cant\u00fa, y el ex subsecretario de Gobierno durante las administraciones de Fidel Herrera y Javier Duarte, Marlon Ram\u00edrez Mar\u00edn, habr\u00edan constituido una organizaci\u00f3n supuestamente ambientalista que buscaba construir en Tembladeras un Centro de Educaci\u00f3n Ambiental.<u><\/u><u><\/u><\/p>\n<p class=\"x_m_1996343881709353258MsoNoSpacing\">Luego de ello, en 2016, la agrupaci\u00f3n ambientalista BocaAlVerMe, dio a conocer que la empresa Soriana retom\u00f3 el proyecto para construir en dicha \u00c1rea Natural Protegida una plaza comercial.<u><\/u><u><\/u><\/p>\n<p class=\"x_m_1996343881709353258MsoNoSpacing\">Ese mismo proyecto fue rechazado en 2009, debido a los potenciales problemas \u00a0derivados del impacto ambiental.<u><\/u><u><\/u><\/p>\n<p class=\"x_m_1996343881709353258MsoNoSpacing\">Ya en 2016, los ambientalistas se\u00f1alaron que dos personajes ligados a la pasada y a la actual administraci\u00f3n \u2013Marlon Ram\u00edrez y Federico Cant\u00fa\u2013 impulsaban el proyecto de construcci\u00f3n en Tembladeras.<u><\/u><u><\/u><\/p>\n<p class=\"x_m_1996343881709353258MsoNoSpacing\">En octubre del a\u00f1o pasado, Ram\u00edrez Mar\u00edn y actual funcionario del gobierno estatal acudieron a la Sedema para solicitar que fuera aprobada la construcci\u00f3n de su Centro de Educaci\u00f3n Ambiental en Tembladeras.<u><\/u><u><\/u><\/p>\n<p class=\"x_m_1996343881709353258MsoNoSpacing\">Posteriormente, en abril del presente a\u00f1o, ya como funcionario de la SEDEMA, Carlos Federico Cant\u00fa organiz\u00f3 una visita de representantes de diferentes dependencias al inmueble abandonado que se ubica frente al fraccionamiento Laguna Real, localizado dentro del \u00c1rea Natural Protegida, donde habr\u00eda comentado que en ese lugar se construir\u00eda el Centro de Educaci\u00f3n Ambiental que promovi\u00f3 con Ram\u00edrez Mar\u00edn, ex secretario de organizaci\u00f3n del Comit\u00e9 Estatal del PRI.<u><\/u><u><\/u><\/p>\n<p class=\"x_m_1996343881709353258MsoNoSpacing\">En el seguimiento de dicha informaci\u00f3n, se dice que este jueves podr\u00eda llevarse a efecto la firma de un comodato, mediante el cual Patrimonio del Estado cede parte de la superficie de Tembladeras- Laguna Olmeca a la Sedema estatal, a efecto de instalar ah\u00ed el Centro de Educaci\u00f3n Ambiental.<u><\/u><u><\/u><\/p>\n<p class=\"x_m_1996343881709353258MsoNoSpacing\">De acuerdo con la informaci\u00f3n que se ha filtrado, un tercero se encargar\u00e1 de construir la obra en esa reserva, lo que ha generado las suspicacias de los grupos ambientalistas, en torno al verdadero fin que persigue la dupla Ram\u00edrez Mar\u00edn-Federico Cant\u00fa.<u><\/u><u><\/u><\/p>\n<p class=\"x_m_1996343881709353258MsoNoSpacing\">Sobre este punto, las especulaciones se han generado en funci\u00f3n de un probable inter\u00e9s econ\u00f3mico sobre la reserva de Tembladeras, algo que, de confirmarse, resultar\u00eda sumamente delicado porque se estar\u00eda aprobando un uso distinto al establecido para dicha ANP, afectando con ello el entorno ambiental y poniendo en riesgo a la poblaci\u00f3n de zonas susceptibles de inundaciones.<u><\/u><u><\/u><\/p>\n<p class=\"x_m_1996343881709353258MsoNoSpacing\">Por supuesto, crear un Centro de Educaci\u00f3n como el que se plantea no parece un mayor problema, al contrario, la idea no suena mal en funci\u00f3n del beneficio ecol\u00f3gico y social; sin embargo, si el proyecto tambi\u00e9n implica un desarrollo comercial con hotel y hospital incluido, entonces se hablar\u00eda del uso lucrativo de una superficie que debe ser destinada a los servicios ambientales.<u><\/u><u><\/u><\/p>\n<p class=\"x_m_1996343881709353258MsoNoSpacing\">Por otro lado, de existir un inter\u00e9s econ\u00f3mico y de prevalecer \u00e9ste sobre el tema del cuidado y la protecci\u00f3n al entorno ambiental, se dar\u00eda un fuerte golpe a ese vaso regulador que es Tembladeras. \u00a0<u><\/u><u><\/u><\/p>\n<p class=\"x_m_1996343881709353258MsoNoSpacing\">Esa inconformidad de los grupos ambientalistas gener\u00f3 una r\u00e1pida reacci\u00f3n de la administraci\u00f3n estatal: el gobernador Miguel \u00c1ngel Yunes desminti\u00f3 que exista una autorizaci\u00f3n para construir en Tembladeras. Lo importante es que ese proyecto, que privilegia el inter\u00e9s de particulares sobre el bienestar de la colectividad, ha sido frenado.<\/p>\n<p class=\"x_m_1996343881709353258MsoNoSpacing\">@luisromero85<u><\/u><u><\/u><\/p>\n<\/div>\n<\/div>\n<\/div>\n<p>&nbsp;<\/p>\n","protected":false},"excerpt":{"rendered":"<p>Luis Alberto Romero \u00a0Hora Cero \u00a0 El \u00e1rea natural protegida de Tembladeras-Laguna Olmeca es una reserva ecol\u00f3gica que se ubica cerca de la carretera Veracruz-Xalapa, muy cerca del aeropuerto y del puente de la Cabeza Olmeca; es, tambi\u00e9n, centro de la atenci\u00f3n de grupos ambientalistas que buscan cerrar el paso a un proyecto, Covadonga, que [&hellip;]<\/p>\n","protected":false},"author":2,"featured_media":0,"comment_status":"open","ping_status":"open","sticky":false,"template":"","format":"standard","meta":{"tdm_status":"","tdm_grid_status":"","footnotes":""},"categories":[70],"tags":[8535,8536,1706],"class_list":{"0":"post-34335","1":"post","2":"type-post","3":"status-publish","4":"format-standard","6":"category-de-opinion","7":"tag-covadonga","8":"tag-federico-cantu","9":"tag-marlon-ramirez"},"yoast_head":"<!-- This site is optimized with the Yoast SEO plugin v27.4 - https:\/\/yoast.com\/product\/yoast-seo-wordpress\/ -->\n<title>Tembladeras, el inter\u00e9s econ\u00f3mico - Los pol\u00edticos Veracruz<\/title>\n<meta name=\"robots\" content=\"index, follow, max-snippet:-1, max-image-preview:large, max-video-preview:-1\" \/>\n<link rel=\"canonical\" href=\"https:\/\/lospoliticosveracruz.com\/?p=34335\" \/>\n<meta property=\"og:locale\" content=\"es_ES\" \/>\n<meta property=\"og:type\" content=\"article\" \/>\n<meta property=\"og:title\" content=\"Tembladeras, el inter\u00e9s econ\u00f3mico - Los pol\u00edticos Veracruz\" \/>\n<meta property=\"og:description\" content=\"Luis Alberto Romero \u00a0Hora Cero \u00a0 El \u00e1rea natural protegida de Tembladeras-Laguna Olmeca es una reserva ecol\u00f3gica que se ubica cerca de la carretera Veracruz-Xalapa, muy cerca del aeropuerto y del puente de la Cabeza Olmeca; es, tambi\u00e9n, centro de la atenci\u00f3n de grupos ambientalistas que buscan cerrar el paso a un proyecto, Covadonga, que [&hellip;]\" \/>\n<meta property=\"og:url\" content=\"https:\/\/lospoliticosveracruz.com\/?p=34335\" \/>\n<meta property=\"og:site_name\" content=\"Los pol\u00edticos Veracruz\" \/>\n<meta property=\"article:publisher\" content=\"https:\/\/www.facebook.com\/people\/Notimemes-de-los-Polticos\/61565672886568\/\" \/>\n<meta property=\"article:published_time\" content=\"2017-06-08T15:23:42+00:00\" \/>\n<meta property=\"og:image\" content=\"https:\/\/lospoliticosveracruz.com\/wp-content\/uploads\/2016\/07\/Logo-Dor.jpg\" \/>\n\t<meta property=\"og:image:width\" content=\"200\" \/>\n\t<meta property=\"og:image:height\" content=\"200\" \/>\n\t<meta property=\"og:image:type\" content=\"image\/jpeg\" \/>\n<meta name=\"author\" content=\"Lo viste en Los Pol\u00edticos\" \/>\n<meta name=\"twitter:card\" content=\"summary_large_image\" \/>\n<meta name=\"twitter:creator\" content=\"@LosPoliticosVer\" \/>\n<meta name=\"twitter:site\" content=\"@LosPoliticosVer\" \/>\n<meta name=\"twitter:label1\" content=\"Escrito por\" \/>\n\t<meta name=\"twitter:data1\" content=\"Lo viste en Los Pol\u00edticos\" \/>\n\t<meta name=\"twitter:label2\" content=\"Tiempo de lectura\" \/>\n\t<meta name=\"twitter:data2\" content=\"4 minutos\" \/>\n<script type=\"application\/ld+json\" class=\"yoast-schema-graph\">{\"@context\":\"https:\\\/\\\/schema.org\",\"@graph\":[{\"@type\":\"Article\",\"@id\":\"https:\\\/\\\/lospoliticosveracruz.com\\\/?p=34335#article\",\"isPartOf\":{\"@id\":\"https:\\\/\\\/lospoliticosveracruz.com\\\/?p=34335\"},\"author\":{\"name\":\"Lo viste en Los Pol\u00edticos\",\"@id\":\"https:\\\/\\\/lospoliticosveracruz.com\\\/#\\\/schema\\\/person\\\/b8702bb0e538456e6efd07080bf2a4a2\"},\"headline\":\"Tembladeras, el inter\u00e9s econ\u00f3mico\",\"datePublished\":\"2017-06-08T15:23:42+00:00\",\"mainEntityOfPage\":{\"@id\":\"https:\\\/\\\/lospoliticosveracruz.com\\\/?p=34335\"},\"wordCount\":726,\"commentCount\":0,\"publisher\":{\"@id\":\"https:\\\/\\\/lospoliticosveracruz.com\\\/#organization\"},\"keywords\":[\"Covadonga\",\"Federico Cant\u00fa\",\"Marlon Ram\u00edrez\"],\"articleSection\":[\"De Opini\u00f3n\"],\"inLanguage\":\"es\",\"potentialAction\":[{\"@type\":\"CommentAction\",\"name\":\"Comment\",\"target\":[\"https:\\\/\\\/lospoliticosveracruz.com\\\/?p=34335#respond\"]}]},{\"@type\":\"WebPage\",\"@id\":\"https:\\\/\\\/lospoliticosveracruz.com\\\/?p=34335\",\"url\":\"https:\\\/\\\/lospoliticosveracruz.com\\\/?p=34335\",\"name\":\"Tembladeras, el inter\u00e9s econ\u00f3mico - Los pol\u00edticos Veracruz\",\"isPartOf\":{\"@id\":\"https:\\\/\\\/lospoliticosveracruz.com\\\/#website\"},\"datePublished\":\"2017-06-08T15:23:42+00:00\",\"breadcrumb\":{\"@id\":\"https:\\\/\\\/lospoliticosveracruz.com\\\/?p=34335#breadcrumb\"},\"inLanguage\":\"es\",\"potentialAction\":[{\"@type\":\"ReadAction\",\"target\":[\"https:\\\/\\\/lospoliticosveracruz.com\\\/?p=34335\"]}]},{\"@type\":\"BreadcrumbList\",\"@id\":\"https:\\\/\\\/lospoliticosveracruz.com\\\/?p=34335#breadcrumb\",\"itemListElement\":[{\"@type\":\"ListItem\",\"position\":1,\"name\":\"Portada\",\"item\":\"https:\\\/\\\/lospoliticosveracruz.com\\\/\"},{\"@type\":\"ListItem\",\"position\":2,\"name\":\"Tembladeras, el inter\u00e9s econ\u00f3mico\"}]},{\"@type\":\"WebSite\",\"@id\":\"https:\\\/\\\/lospoliticosveracruz.com\\\/#website\",\"url\":\"https:\\\/\\\/lospoliticosveracruz.com\\\/\",\"name\":\"Los pol\u00edticos Veracruz\",\"description\":\"\",\"publisher\":{\"@id\":\"https:\\\/\\\/lospoliticosveracruz.com\\\/#organization\"},\"potentialAction\":[{\"@type\":\"SearchAction\",\"target\":{\"@type\":\"EntryPoint\",\"urlTemplate\":\"https:\\\/\\\/lospoliticosveracruz.com\\\/?s={search_term_string}\"},\"query-input\":{\"@type\":\"PropertyValueSpecification\",\"valueRequired\":true,\"valueName\":\"search_term_string\"}}],\"inLanguage\":\"es\"},{\"@type\":\"Organization\",\"@id\":\"https:\\\/\\\/lospoliticosveracruz.com\\\/#organization\",\"name\":\"Los pol\u00edticos Veracruz\",\"url\":\"https:\\\/\\\/lospoliticosveracruz.com\\\/\",\"logo\":{\"@type\":\"ImageObject\",\"inLanguage\":\"es\",\"@id\":\"https:\\\/\\\/lospoliticosveracruz.com\\\/#\\\/schema\\\/logo\\\/image\\\/\",\"url\":\"https:\\\/\\\/lospoliticosveracruz.com\\\/wp-content\\\/uploads\\\/2025\\\/12\\\/Logo-Nuevo-LOS-POLITICOS-1.jpg\",\"contentUrl\":\"https:\\\/\\\/lospoliticosveracruz.com\\\/wp-content\\\/uploads\\\/2025\\\/12\\\/Logo-Nuevo-LOS-POLITICOS-1.jpg\",\"width\":260,\"height\":70,\"caption\":\"Los pol\u00edticos Veracruz\"},\"image\":{\"@id\":\"https:\\\/\\\/lospoliticosveracruz.com\\\/#\\\/schema\\\/logo\\\/image\\\/\"},\"sameAs\":[\"https:\\\/\\\/www.facebook.com\\\/people\\\/Notimemes-de-los-Polticos\\\/61565672886568\\\/\",\"https:\\\/\\\/x.com\\\/LosPoliticosVer\"]},{\"@type\":\"Person\",\"@id\":\"https:\\\/\\\/lospoliticosveracruz.com\\\/#\\\/schema\\\/person\\\/b8702bb0e538456e6efd07080bf2a4a2\",\"name\":\"Lo viste en Los Pol\u00edticos\",\"image\":{\"@type\":\"ImageObject\",\"inLanguage\":\"es\",\"@id\":\"https:\\\/\\\/secure.gravatar.com\\\/avatar\\\/3a8de04a2656d44082be478bd6c086daa447c4651605818287b9532d3d0bd435?s=96&d=mm&r=g\",\"url\":\"https:\\\/\\\/secure.gravatar.com\\\/avatar\\\/3a8de04a2656d44082be478bd6c086daa447c4651605818287b9532d3d0bd435?s=96&d=mm&r=g\",\"contentUrl\":\"https:\\\/\\\/secure.gravatar.com\\\/avatar\\\/3a8de04a2656d44082be478bd6c086daa447c4651605818287b9532d3d0bd435?s=96&d=mm&r=g\",\"caption\":\"Lo viste en Los Pol\u00edticos\"},\"url\":\"https:\\\/\\\/lospoliticosveracruz.com\\\/?author=2\"}]}<\/script>\n<!-- \/ Yoast SEO plugin. -->","yoast_head_json":{"title":"Tembladeras, el inter\u00e9s econ\u00f3mico - Los pol\u00edticos Veracruz","robots":{"index":"index","follow":"follow","max-snippet":"max-snippet:-1","max-image-preview":"max-image-preview:large","max-video-preview":"max-video-preview:-1"},"canonical":"https:\/\/lospoliticosveracruz.com\/?p=34335","og_locale":"es_ES","og_type":"article","og_title":"Tembladeras, el inter\u00e9s econ\u00f3mico - Los pol\u00edticos Veracruz","og_description":"Luis Alberto Romero \u00a0Hora Cero \u00a0 El \u00e1rea natural protegida de Tembladeras-Laguna Olmeca es una reserva ecol\u00f3gica que se ubica cerca de la carretera Veracruz-Xalapa, muy cerca del aeropuerto y del puente de la Cabeza Olmeca; es, tambi\u00e9n, centro de la atenci\u00f3n de grupos ambientalistas que buscan cerrar el paso a un proyecto, Covadonga, que [&hellip;]","og_url":"https:\/\/lospoliticosveracruz.com\/?p=34335","og_site_name":"Los pol\u00edticos Veracruz","article_publisher":"https:\/\/www.facebook.com\/people\/Notimemes-de-los-Polticos\/61565672886568\/","article_published_time":"2017-06-08T15:23:42+00:00","og_image":[{"width":200,"height":200,"url":"https:\/\/lospoliticosveracruz.com\/wp-content\/uploads\/2016\/07\/Logo-Dor.jpg","type":"image\/jpeg"}],"author":"Lo viste en Los Pol\u00edticos","twitter_card":"summary_large_image","twitter_creator":"@LosPoliticosVer","twitter_site":"@LosPoliticosVer","twitter_misc":{"Escrito por":"Lo viste en Los Pol\u00edticos","Tiempo de lectura":"4 minutos"},"schema":{"@context":"https:\/\/schema.org","@graph":[{"@type":"Article","@id":"https:\/\/lospoliticosveracruz.com\/?p=34335#article","isPartOf":{"@id":"https:\/\/lospoliticosveracruz.com\/?p=34335"},"author":{"name":"Lo viste en Los Pol\u00edticos","@id":"https:\/\/lospoliticosveracruz.com\/#\/schema\/person\/b8702bb0e538456e6efd07080bf2a4a2"},"headline":"Tembladeras, el inter\u00e9s econ\u00f3mico","datePublished":"2017-06-08T15:23:42+00:00","mainEntityOfPage":{"@id":"https:\/\/lospoliticosveracruz.com\/?p=34335"},"wordCount":726,"commentCount":0,"publisher":{"@id":"https:\/\/lospoliticosveracruz.com\/#organization"},"keywords":["Covadonga","Federico Cant\u00fa","Marlon Ram\u00edrez"],"articleSection":["De Opini\u00f3n"],"inLanguage":"es","potentialAction":[{"@type":"CommentAction","name":"Comment","target":["https:\/\/lospoliticosveracruz.com\/?p=34335#respond"]}]},{"@type":"WebPage","@id":"https:\/\/lospoliticosveracruz.com\/?p=34335","url":"https:\/\/lospoliticosveracruz.com\/?p=34335","name":"Tembladeras, el inter\u00e9s econ\u00f3mico - Los pol\u00edticos Veracruz","isPartOf":{"@id":"https:\/\/lospoliticosveracruz.com\/#website"},"datePublished":"2017-06-08T15:23:42+00:00","breadcrumb":{"@id":"https:\/\/lospoliticosveracruz.com\/?p=34335#breadcrumb"},"inLanguage":"es","potentialAction":[{"@type":"ReadAction","target":["https:\/\/lospoliticosveracruz.com\/?p=34335"]}]},{"@type":"BreadcrumbList","@id":"https:\/\/lospoliticosveracruz.com\/?p=34335#breadcrumb","itemListElement":[{"@type":"ListItem","position":1,"name":"Portada","item":"https:\/\/lospoliticosveracruz.com\/"},{"@type":"ListItem","position":2,"name":"Tembladeras, el inter\u00e9s econ\u00f3mico"}]},{"@type":"WebSite","@id":"https:\/\/lospoliticosveracruz.com\/#website","url":"https:\/\/lospoliticosveracruz.com\/","name":"Los pol\u00edticos Veracruz","description":"","publisher":{"@id":"https:\/\/lospoliticosveracruz.com\/#organization"},"potentialAction":[{"@type":"SearchAction","target":{"@type":"EntryPoint","urlTemplate":"https:\/\/lospoliticosveracruz.com\/?s={search_term_string}"},"query-input":{"@type":"PropertyValueSpecification","valueRequired":true,"valueName":"search_term_string"}}],"inLanguage":"es"},{"@type":"Organization","@id":"https:\/\/lospoliticosveracruz.com\/#organization","name":"Los pol\u00edticos Veracruz","url":"https:\/\/lospoliticosveracruz.com\/","logo":{"@type":"ImageObject","inLanguage":"es","@id":"https:\/\/lospoliticosveracruz.com\/#\/schema\/logo\/image\/","url":"https:\/\/lospoliticosveracruz.com\/wp-content\/uploads\/2025\/12\/Logo-Nuevo-LOS-POLITICOS-1.jpg","contentUrl":"https:\/\/lospoliticosveracruz.com\/wp-content\/uploads\/2025\/12\/Logo-Nuevo-LOS-POLITICOS-1.jpg","width":260,"height":70,"caption":"Los pol\u00edticos Veracruz"},"image":{"@id":"https:\/\/lospoliticosveracruz.com\/#\/schema\/logo\/image\/"},"sameAs":["https:\/\/www.facebook.com\/people\/Notimemes-de-los-Polticos\/61565672886568\/","https:\/\/x.com\/LosPoliticosVer"]},{"@type":"Person","@id":"https:\/\/lospoliticosveracruz.com\/#\/schema\/person\/b8702bb0e538456e6efd07080bf2a4a2","name":"Lo viste en Los Pol\u00edticos","image":{"@type":"ImageObject","inLanguage":"es","@id":"https:\/\/secure.gravatar.com\/avatar\/3a8de04a2656d44082be478bd6c086daa447c4651605818287b9532d3d0bd435?s=96&d=mm&r=g","url":"https:\/\/secure.gravatar.com\/avatar\/3a8de04a2656d44082be478bd6c086daa447c4651605818287b9532d3d0bd435?s=96&d=mm&r=g","contentUrl":"https:\/\/secure.gravatar.com\/avatar\/3a8de04a2656d44082be478bd6c086daa447c4651605818287b9532d3d0bd435?s=96&d=mm&r=g","caption":"Lo viste en Los Pol\u00edticos"},"url":"https:\/\/lospoliticosveracruz.com\/?author=2"}]}},"_links":{"self":[{"href":"https:\/\/lospoliticosveracruz.com\/index.php?rest_route=\/wp\/v2\/posts\/34335","targetHints":{"allow":["GET"]}}],"collection":[{"href":"https:\/\/lospoliticosveracruz.com\/index.php?rest_route=\/wp\/v2\/posts"}],"about":[{"href":"https:\/\/lospoliticosveracruz.com\/index.php?rest_route=\/wp\/v2\/types\/post"}],"author":[{"embeddable":true,"href":"https:\/\/lospoliticosveracruz.com\/index.php?rest_route=\/wp\/v2\/users\/2"}],"replies":[{"embeddable":true,"href":"https:\/\/lospoliticosveracruz.com\/index.php?rest_route=%2Fwp%2Fv2%2Fcomments&post=34335"}],"version-history":[{"count":1,"href":"https:\/\/lospoliticosveracruz.com\/index.php?rest_route=\/wp\/v2\/posts\/34335\/revisions"}],"predecessor-version":[{"id":34336,"href":"https:\/\/lospoliticosveracruz.com\/index.php?rest_route=\/wp\/v2\/posts\/34335\/revisions\/34336"}],"wp:attachment":[{"href":"https:\/\/lospoliticosveracruz.com\/index.php?rest_route=%2Fwp%2Fv2%2Fmedia&parent=34335"}],"wp:term":[{"taxonomy":"category","embeddable":true,"href":"https:\/\/lospoliticosveracruz.com\/index.php?rest_route=%2Fwp%2Fv2%2Fcategories&post=34335"},{"taxonomy":"post_tag","embeddable":true,"href":"https:\/\/lospoliticosveracruz.com\/index.php?rest_route=%2Fwp%2Fv2%2Ftags&post=34335"}],"curies":[{"name":"wp","href":"https:\/\/api.w.org\/{rel}","templated":true}]}}