{"id":34353,"date":"2017-06-09T09:20:24","date_gmt":"2017-06-09T14:20:24","guid":{"rendered":"http:\/\/www.lospoliticosveracruz.com.mx\/?p=34353"},"modified":"2017-06-09T09:20:24","modified_gmt":"2017-06-09T14:20:24","slug":"cuando-la-historia-nos-alcance","status":"publish","type":"post","link":"https:\/\/lospoliticosveracruz.com\/?p=34353","title":{"rendered":"Cuando la historia nos alcance"},"content":{"rendered":"<p align=\"JUSTIFY\"><strong>Naldy Rodr\u00edguez<\/strong><\/p>\n<p align=\"JUSTIFY\"><em>Transparencia 3.0<\/em><\/p>\n<p align=\"JUSTIFY\">En el estado de Veracruz a\u00fan estamos muy lejos de alcanzar la paridad en la vida p\u00fablica. La f\u00f3rmula 50\/50 impulsada por el OPLE para incrementar la participaci\u00f3n de las mujeres en los gobiernos municipales no alcanz\u00f3 para mantener los equilibrios.<\/p>\n<p align=\"JUSTIFY\">En esta elecci\u00f3n, las consejeras electorales impulsaron la paridad horizontal y vertical, que signific\u00f3 que todas las f\u00f3rmulas se integraron por ciudadanos del mismo g\u00e9nero, que en la lista de ediles anotaran a la mitad de hombres y la otra mitad mujeres, y que el 50 por ciento de las planillas la encabezaran las f\u00e9minas. Adem\u00e1s, se exigi\u00f3 que les dejaran espacios con posibilidad de triunfo.<\/p>\n<p align=\"JUSTIFY\">Para verificar el cumplimiento de estas reglas siguieron el \u201cefecto cremallera\u201d ya que en la lista no pod\u00edan estar juntas dos candidaturas del mismo g\u00e9nero; pero adem\u00e1s establecieron \u201cbloques de competitividad\u201d en los que se dividieron los municipios con m\u00e1s alta y m\u00e1s baja votaci\u00f3n en la elecci\u00f3n anterior para cada partido pol\u00edtico.<\/p>\n<p align=\"JUSTIFY\">Son leyes y disposiciones discriminatorias, me dicen algunos hombres. Es cierto, pero es tanta la desigualdad entre hombres y mujeres, en detrimento del sexo femenino que son necesarias para hacer contrapeso.<\/p>\n<p align=\"JUSTIFY\">Las medidas fueron insuficientes. 156 hombres y 56 mujeres gobernar\u00e1n los municipios a partir del 31 de diciembre. Las f\u00e9minas ganaron espacios en 30 ayuntamientos m\u00e1s de los que actualmente administran. Ojal\u00e1 tengan un desempe\u00f1o digno y honesto, y que impulsen la paridad democr\u00e1tica.<\/p>\n<p align=\"JUSTIFY\">La votaci\u00f3n emitida el domingo refleja que la mujer tuvo un avance real en los espacios pol\u00edticos municipales, consider\u00f3 la presidenta de la Comisi\u00f3n de Igualdad de G\u00e9nero y No Discriminaci\u00f3n\u00a0 en el Organismo P\u00fablico Local Electoral (OPLE), Eva Barrientos Zapeda, quien impuls\u00f3 los lineamientos y el manual para la paridad de g\u00e9nero en esta elecci\u00f3n.<\/p>\n<p align=\"JUSTIFY\">No se trata de hacer \u201cm\u00e1rtir\u201d al g\u00e9nero femenino, pero tambi\u00e9n es una realidad que persisten los prejuicios cuando una mujer tiene una aspiraci\u00f3n o alcanza sus metas. El m\u00e1s cl\u00e1sico: que tiene un \u201cpadrino\u201d pol\u00edtico, por no repetir las barbajanadas que dicen. Es degradante, mis\u00f3gino y arcaico, pero sigue en la mente corta de muchos, lo peor es que los medios de comunicaci\u00f3n lo reproducen.<\/p>\n<p align=\"JUSTIFY\">El concepto de \u201cparidad\u201dse acu\u00f1a en 1992 cuando las mujeres europeas y ministras se re\u00fanen en Atenas en la primera Cumbre Europea \u00abMujeres en el Poder\u00bb, cont\u00f3 la ministra de la SCJN en retiro, Olga S\u00e1nchez Cordero en su reciente visita a Xalapa.<\/p>\n<p align=\"JUSTIFY\">La participaci\u00f3n de la mujer en la pol\u00edtica y en la vida p\u00fablica tiene pocos a\u00f1os. En la asamblea Constituyente de 1917 no hab\u00eda una solo mujer y ahora en la Asamblea Constituyente de la Ciudad de M\u00e9xico, se alcanz\u00f3 la paridad.<\/p>\n<p align=\"JUSTIFY\">Tambi\u00e9n cont\u00f3 que algunos compa\u00f1eros incr\u00e9dulos se sorprendieron con la integraci\u00f3n del Congreso del Estado de Jalisco: 70 por ciento de mujeres y 30 por ciento hombres. Creyeron que faltaban muchos a\u00f1os para ver a la mujer superar a los hombres en representaci\u00f3n.<\/p>\n<p align=\"JUSTIFY\">As\u00ed que tal vez, s\u00f3lo tal vez, tampoco estamos tan lejos\u2026<\/p>\n<p align=\"JUSTIFY\">***<\/p>\n<p align=\"JUSTIFY\"><a name=\"_GoBack\"><\/a> Fui al cine a ver Wonder Woman, acompa\u00f1ada de mis cr\u00edas. La m\u00e1s peque\u00f1a, al salir de la funci\u00f3n, repet\u00eda algunas maniobras de las peleas al tiempo en que insist\u00eda en que ella es la mujer maravilla.<\/p>\n<p align=\"JUSTIFY\">Si no la ha visto, es una buena opci\u00f3n. Aqu\u00ed le dej\u00f3 una de las frases de Diana Prince\u00a0cuando combate al \u201cmalo\u201d: \u201cNo se trata de merecer, es sobre lo que crees . Y yo creo en el amor\u201d.<\/p>\n<p>Twitter @ydlan<\/p>\n<p>Transparencia3.0@hotmail.com<\/p>\n","protected":false},"excerpt":{"rendered":"<p>Naldy Rodr\u00edguez Transparencia 3.0 En el estado de Veracruz a\u00fan estamos muy lejos de alcanzar la paridad en la vida p\u00fablica. La f\u00f3rmula 50\/50 impulsada por el OPLE para incrementar la participaci\u00f3n de las mujeres en los gobiernos municipales no alcanz\u00f3 para mantener los equilibrios. En esta elecci\u00f3n, las consejeras electorales impulsaron la paridad horizontal [&hellip;]<\/p>\n","protected":false},"author":2,"featured_media":0,"comment_status":"open","ping_status":"open","sticky":false,"template":"","format":"standard","meta":{"tdm_status":"","tdm_grid_status":"","footnotes":""},"categories":[70],"tags":[1816,3815,2305,3272,4842,195],"class_list":{"0":"post-34353","1":"post","2":"type-post","3":"status-publish","4":"format-standard","6":"category-de-opinion","7":"tag-camara-baja-del-congreso-de-la-union","8":"tag-jalisco","9":"tag-mujeres","10":"tag-ople","11":"tag-paridad","12":"tag-veracruz"},"yoast_head":"<!-- This site is optimized with the Yoast SEO plugin v27.4 - https:\/\/yoast.com\/product\/yoast-seo-wordpress\/ -->\n<title>Cuando la historia nos alcance - Los pol\u00edticos Veracruz<\/title>\n<meta name=\"robots\" content=\"index, follow, max-snippet:-1, max-image-preview:large, max-video-preview:-1\" \/>\n<link rel=\"canonical\" href=\"https:\/\/lospoliticosveracruz.com\/?p=34353\" \/>\n<meta property=\"og:locale\" content=\"es_ES\" \/>\n<meta property=\"og:type\" content=\"article\" \/>\n<meta property=\"og:title\" content=\"Cuando la historia nos alcance - Los pol\u00edticos Veracruz\" \/>\n<meta property=\"og:description\" content=\"Naldy Rodr\u00edguez Transparencia 3.0 En el estado de Veracruz a\u00fan estamos muy lejos de alcanzar la paridad en la vida p\u00fablica. La f\u00f3rmula 50\/50 impulsada por el OPLE para incrementar la participaci\u00f3n de las mujeres en los gobiernos municipales no alcanz\u00f3 para mantener los equilibrios. En esta elecci\u00f3n, las consejeras electorales impulsaron la paridad horizontal [&hellip;]\" \/>\n<meta property=\"og:url\" content=\"https:\/\/lospoliticosveracruz.com\/?p=34353\" \/>\n<meta property=\"og:site_name\" content=\"Los pol\u00edticos Veracruz\" \/>\n<meta property=\"article:publisher\" content=\"https:\/\/www.facebook.com\/people\/Notimemes-de-los-Polticos\/61565672886568\/\" \/>\n<meta property=\"article:published_time\" content=\"2017-06-09T14:20:24+00:00\" \/>\n<meta property=\"og:image\" content=\"https:\/\/lospoliticosveracruz.com\/wp-content\/uploads\/2016\/07\/Logo-Dor.jpg\" \/>\n\t<meta property=\"og:image:width\" content=\"200\" \/>\n\t<meta property=\"og:image:height\" content=\"200\" \/>\n\t<meta property=\"og:image:type\" content=\"image\/jpeg\" \/>\n<meta name=\"author\" content=\"Lo viste en Los Pol\u00edticos\" \/>\n<meta name=\"twitter:card\" content=\"summary_large_image\" \/>\n<meta name=\"twitter:creator\" content=\"@LosPoliticosVer\" \/>\n<meta name=\"twitter:site\" content=\"@LosPoliticosVer\" \/>\n<meta name=\"twitter:label1\" content=\"Escrito por\" \/>\n\t<meta name=\"twitter:data1\" content=\"Lo viste en Los Pol\u00edticos\" \/>\n\t<meta name=\"twitter:label2\" content=\"Tiempo de lectura\" \/>\n\t<meta name=\"twitter:data2\" content=\"3 minutos\" \/>\n<script type=\"application\/ld+json\" class=\"yoast-schema-graph\">{\"@context\":\"https:\\\/\\\/schema.org\",\"@graph\":[{\"@type\":\"Article\",\"@id\":\"https:\\\/\\\/lospoliticosveracruz.com\\\/?p=34353#article\",\"isPartOf\":{\"@id\":\"https:\\\/\\\/lospoliticosveracruz.com\\\/?p=34353\"},\"author\":{\"name\":\"Lo viste en Los Pol\u00edticos\",\"@id\":\"https:\\\/\\\/lospoliticosveracruz.com\\\/#\\\/schema\\\/person\\\/b8702bb0e538456e6efd07080bf2a4a2\"},\"headline\":\"Cuando la historia nos alcance\",\"datePublished\":\"2017-06-09T14:20:24+00:00\",\"mainEntityOfPage\":{\"@id\":\"https:\\\/\\\/lospoliticosveracruz.com\\\/?p=34353\"},\"wordCount\":640,\"commentCount\":0,\"publisher\":{\"@id\":\"https:\\\/\\\/lospoliticosveracruz.com\\\/#organization\"},\"keywords\":[\"C\u00e1mara Baja del Congreso de la Uni\u00f3n\",\"Jalisco\",\"Mujeres\",\"OPLE\",\"paridad\",\"Veracruz\"],\"articleSection\":[\"De Opini\u00f3n\"],\"inLanguage\":\"es\",\"potentialAction\":[{\"@type\":\"CommentAction\",\"name\":\"Comment\",\"target\":[\"https:\\\/\\\/lospoliticosveracruz.com\\\/?p=34353#respond\"]}]},{\"@type\":\"WebPage\",\"@id\":\"https:\\\/\\\/lospoliticosveracruz.com\\\/?p=34353\",\"url\":\"https:\\\/\\\/lospoliticosveracruz.com\\\/?p=34353\",\"name\":\"Cuando la historia nos alcance - Los pol\u00edticos Veracruz\",\"isPartOf\":{\"@id\":\"https:\\\/\\\/lospoliticosveracruz.com\\\/#website\"},\"datePublished\":\"2017-06-09T14:20:24+00:00\",\"breadcrumb\":{\"@id\":\"https:\\\/\\\/lospoliticosveracruz.com\\\/?p=34353#breadcrumb\"},\"inLanguage\":\"es\",\"potentialAction\":[{\"@type\":\"ReadAction\",\"target\":[\"https:\\\/\\\/lospoliticosveracruz.com\\\/?p=34353\"]}]},{\"@type\":\"BreadcrumbList\",\"@id\":\"https:\\\/\\\/lospoliticosveracruz.com\\\/?p=34353#breadcrumb\",\"itemListElement\":[{\"@type\":\"ListItem\",\"position\":1,\"name\":\"Portada\",\"item\":\"https:\\\/\\\/lospoliticosveracruz.com\\\/\"},{\"@type\":\"ListItem\",\"position\":2,\"name\":\"Cuando la historia nos alcance\"}]},{\"@type\":\"WebSite\",\"@id\":\"https:\\\/\\\/lospoliticosveracruz.com\\\/#website\",\"url\":\"https:\\\/\\\/lospoliticosveracruz.com\\\/\",\"name\":\"Los pol\u00edticos Veracruz\",\"description\":\"\",\"publisher\":{\"@id\":\"https:\\\/\\\/lospoliticosveracruz.com\\\/#organization\"},\"potentialAction\":[{\"@type\":\"SearchAction\",\"target\":{\"@type\":\"EntryPoint\",\"urlTemplate\":\"https:\\\/\\\/lospoliticosveracruz.com\\\/?s={search_term_string}\"},\"query-input\":{\"@type\":\"PropertyValueSpecification\",\"valueRequired\":true,\"valueName\":\"search_term_string\"}}],\"inLanguage\":\"es\"},{\"@type\":\"Organization\",\"@id\":\"https:\\\/\\\/lospoliticosveracruz.com\\\/#organization\",\"name\":\"Los pol\u00edticos Veracruz\",\"url\":\"https:\\\/\\\/lospoliticosveracruz.com\\\/\",\"logo\":{\"@type\":\"ImageObject\",\"inLanguage\":\"es\",\"@id\":\"https:\\\/\\\/lospoliticosveracruz.com\\\/#\\\/schema\\\/logo\\\/image\\\/\",\"url\":\"https:\\\/\\\/lospoliticosveracruz.com\\\/wp-content\\\/uploads\\\/2025\\\/12\\\/Logo-Nuevo-LOS-POLITICOS-1.jpg\",\"contentUrl\":\"https:\\\/\\\/lospoliticosveracruz.com\\\/wp-content\\\/uploads\\\/2025\\\/12\\\/Logo-Nuevo-LOS-POLITICOS-1.jpg\",\"width\":260,\"height\":70,\"caption\":\"Los pol\u00edticos Veracruz\"},\"image\":{\"@id\":\"https:\\\/\\\/lospoliticosveracruz.com\\\/#\\\/schema\\\/logo\\\/image\\\/\"},\"sameAs\":[\"https:\\\/\\\/www.facebook.com\\\/people\\\/Notimemes-de-los-Polticos\\\/61565672886568\\\/\",\"https:\\\/\\\/x.com\\\/LosPoliticosVer\"]},{\"@type\":\"Person\",\"@id\":\"https:\\\/\\\/lospoliticosveracruz.com\\\/#\\\/schema\\\/person\\\/b8702bb0e538456e6efd07080bf2a4a2\",\"name\":\"Lo viste en Los Pol\u00edticos\",\"image\":{\"@type\":\"ImageObject\",\"inLanguage\":\"es\",\"@id\":\"https:\\\/\\\/secure.gravatar.com\\\/avatar\\\/3a8de04a2656d44082be478bd6c086daa447c4651605818287b9532d3d0bd435?s=96&d=mm&r=g\",\"url\":\"https:\\\/\\\/secure.gravatar.com\\\/avatar\\\/3a8de04a2656d44082be478bd6c086daa447c4651605818287b9532d3d0bd435?s=96&d=mm&r=g\",\"contentUrl\":\"https:\\\/\\\/secure.gravatar.com\\\/avatar\\\/3a8de04a2656d44082be478bd6c086daa447c4651605818287b9532d3d0bd435?s=96&d=mm&r=g\",\"caption\":\"Lo viste en Los Pol\u00edticos\"},\"url\":\"https:\\\/\\\/lospoliticosveracruz.com\\\/?author=2\"}]}<\/script>\n<!-- \/ Yoast SEO plugin. -->","yoast_head_json":{"title":"Cuando la historia nos alcance - Los pol\u00edticos Veracruz","robots":{"index":"index","follow":"follow","max-snippet":"max-snippet:-1","max-image-preview":"max-image-preview:large","max-video-preview":"max-video-preview:-1"},"canonical":"https:\/\/lospoliticosveracruz.com\/?p=34353","og_locale":"es_ES","og_type":"article","og_title":"Cuando la historia nos alcance - Los pol\u00edticos Veracruz","og_description":"Naldy Rodr\u00edguez Transparencia 3.0 En el estado de Veracruz a\u00fan estamos muy lejos de alcanzar la paridad en la vida p\u00fablica. La f\u00f3rmula 50\/50 impulsada por el OPLE para incrementar la participaci\u00f3n de las mujeres en los gobiernos municipales no alcanz\u00f3 para mantener los equilibrios. En esta elecci\u00f3n, las consejeras electorales impulsaron la paridad horizontal [&hellip;]","og_url":"https:\/\/lospoliticosveracruz.com\/?p=34353","og_site_name":"Los pol\u00edticos Veracruz","article_publisher":"https:\/\/www.facebook.com\/people\/Notimemes-de-los-Polticos\/61565672886568\/","article_published_time":"2017-06-09T14:20:24+00:00","og_image":[{"width":200,"height":200,"url":"https:\/\/lospoliticosveracruz.com\/wp-content\/uploads\/2016\/07\/Logo-Dor.jpg","type":"image\/jpeg"}],"author":"Lo viste en Los Pol\u00edticos","twitter_card":"summary_large_image","twitter_creator":"@LosPoliticosVer","twitter_site":"@LosPoliticosVer","twitter_misc":{"Escrito por":"Lo viste en Los Pol\u00edticos","Tiempo de lectura":"3 minutos"},"schema":{"@context":"https:\/\/schema.org","@graph":[{"@type":"Article","@id":"https:\/\/lospoliticosveracruz.com\/?p=34353#article","isPartOf":{"@id":"https:\/\/lospoliticosveracruz.com\/?p=34353"},"author":{"name":"Lo viste en Los Pol\u00edticos","@id":"https:\/\/lospoliticosveracruz.com\/#\/schema\/person\/b8702bb0e538456e6efd07080bf2a4a2"},"headline":"Cuando la historia nos alcance","datePublished":"2017-06-09T14:20:24+00:00","mainEntityOfPage":{"@id":"https:\/\/lospoliticosveracruz.com\/?p=34353"},"wordCount":640,"commentCount":0,"publisher":{"@id":"https:\/\/lospoliticosveracruz.com\/#organization"},"keywords":["C\u00e1mara Baja del Congreso de la Uni\u00f3n","Jalisco","Mujeres","OPLE","paridad","Veracruz"],"articleSection":["De Opini\u00f3n"],"inLanguage":"es","potentialAction":[{"@type":"CommentAction","name":"Comment","target":["https:\/\/lospoliticosveracruz.com\/?p=34353#respond"]}]},{"@type":"WebPage","@id":"https:\/\/lospoliticosveracruz.com\/?p=34353","url":"https:\/\/lospoliticosveracruz.com\/?p=34353","name":"Cuando la historia nos alcance - Los pol\u00edticos Veracruz","isPartOf":{"@id":"https:\/\/lospoliticosveracruz.com\/#website"},"datePublished":"2017-06-09T14:20:24+00:00","breadcrumb":{"@id":"https:\/\/lospoliticosveracruz.com\/?p=34353#breadcrumb"},"inLanguage":"es","potentialAction":[{"@type":"ReadAction","target":["https:\/\/lospoliticosveracruz.com\/?p=34353"]}]},{"@type":"BreadcrumbList","@id":"https:\/\/lospoliticosveracruz.com\/?p=34353#breadcrumb","itemListElement":[{"@type":"ListItem","position":1,"name":"Portada","item":"https:\/\/lospoliticosveracruz.com\/"},{"@type":"ListItem","position":2,"name":"Cuando la historia nos alcance"}]},{"@type":"WebSite","@id":"https:\/\/lospoliticosveracruz.com\/#website","url":"https:\/\/lospoliticosveracruz.com\/","name":"Los pol\u00edticos Veracruz","description":"","publisher":{"@id":"https:\/\/lospoliticosveracruz.com\/#organization"},"potentialAction":[{"@type":"SearchAction","target":{"@type":"EntryPoint","urlTemplate":"https:\/\/lospoliticosveracruz.com\/?s={search_term_string}"},"query-input":{"@type":"PropertyValueSpecification","valueRequired":true,"valueName":"search_term_string"}}],"inLanguage":"es"},{"@type":"Organization","@id":"https:\/\/lospoliticosveracruz.com\/#organization","name":"Los pol\u00edticos Veracruz","url":"https:\/\/lospoliticosveracruz.com\/","logo":{"@type":"ImageObject","inLanguage":"es","@id":"https:\/\/lospoliticosveracruz.com\/#\/schema\/logo\/image\/","url":"https:\/\/lospoliticosveracruz.com\/wp-content\/uploads\/2025\/12\/Logo-Nuevo-LOS-POLITICOS-1.jpg","contentUrl":"https:\/\/lospoliticosveracruz.com\/wp-content\/uploads\/2025\/12\/Logo-Nuevo-LOS-POLITICOS-1.jpg","width":260,"height":70,"caption":"Los pol\u00edticos Veracruz"},"image":{"@id":"https:\/\/lospoliticosveracruz.com\/#\/schema\/logo\/image\/"},"sameAs":["https:\/\/www.facebook.com\/people\/Notimemes-de-los-Polticos\/61565672886568\/","https:\/\/x.com\/LosPoliticosVer"]},{"@type":"Person","@id":"https:\/\/lospoliticosveracruz.com\/#\/schema\/person\/b8702bb0e538456e6efd07080bf2a4a2","name":"Lo viste en Los Pol\u00edticos","image":{"@type":"ImageObject","inLanguage":"es","@id":"https:\/\/secure.gravatar.com\/avatar\/3a8de04a2656d44082be478bd6c086daa447c4651605818287b9532d3d0bd435?s=96&d=mm&r=g","url":"https:\/\/secure.gravatar.com\/avatar\/3a8de04a2656d44082be478bd6c086daa447c4651605818287b9532d3d0bd435?s=96&d=mm&r=g","contentUrl":"https:\/\/secure.gravatar.com\/avatar\/3a8de04a2656d44082be478bd6c086daa447c4651605818287b9532d3d0bd435?s=96&d=mm&r=g","caption":"Lo viste en Los Pol\u00edticos"},"url":"https:\/\/lospoliticosveracruz.com\/?author=2"}]}},"_links":{"self":[{"href":"https:\/\/lospoliticosveracruz.com\/index.php?rest_route=\/wp\/v2\/posts\/34353","targetHints":{"allow":["GET"]}}],"collection":[{"href":"https:\/\/lospoliticosveracruz.com\/index.php?rest_route=\/wp\/v2\/posts"}],"about":[{"href":"https:\/\/lospoliticosveracruz.com\/index.php?rest_route=\/wp\/v2\/types\/post"}],"author":[{"embeddable":true,"href":"https:\/\/lospoliticosveracruz.com\/index.php?rest_route=\/wp\/v2\/users\/2"}],"replies":[{"embeddable":true,"href":"https:\/\/lospoliticosveracruz.com\/index.php?rest_route=%2Fwp%2Fv2%2Fcomments&post=34353"}],"version-history":[{"count":2,"href":"https:\/\/lospoliticosveracruz.com\/index.php?rest_route=\/wp\/v2\/posts\/34353\/revisions"}],"predecessor-version":[{"id":34356,"href":"https:\/\/lospoliticosveracruz.com\/index.php?rest_route=\/wp\/v2\/posts\/34353\/revisions\/34356"}],"wp:attachment":[{"href":"https:\/\/lospoliticosveracruz.com\/index.php?rest_route=%2Fwp%2Fv2%2Fmedia&parent=34353"}],"wp:term":[{"taxonomy":"category","embeddable":true,"href":"https:\/\/lospoliticosveracruz.com\/index.php?rest_route=%2Fwp%2Fv2%2Fcategories&post=34353"},{"taxonomy":"post_tag","embeddable":true,"href":"https:\/\/lospoliticosveracruz.com\/index.php?rest_route=%2Fwp%2Fv2%2Ftags&post=34353"}],"curies":[{"name":"wp","href":"https:\/\/api.w.org\/{rel}","templated":true}]}}