{"id":34429,"date":"2017-06-12T21:22:08","date_gmt":"2017-06-13T02:22:08","guid":{"rendered":"http:\/\/www.lospoliticosveracruz.com.mx\/?p=34429"},"modified":"2017-06-12T21:22:08","modified_gmt":"2017-06-13T02:22:08","slug":"el-jamas-de-renato","status":"publish","type":"post","link":"https:\/\/lospoliticosveracruz.com\/?p=34429","title":{"rendered":"El Jam\u00e1s de Renato"},"content":{"rendered":"<p><strong>Salvador Mu\u00f1oz<\/strong><\/p>\n<p><em>Los Pol\u00edticos<\/em><\/p>\n<p>&nbsp;<\/p>\n<p>&nbsp;<\/p>\n<p>Me ense\u00f1a su reloj de los Tiburones Rojos a manera de respuesta cuando le pregunto a qu\u00e9 equipo le va. Me le quedo viendo as\u00ed como quien no le cree. \u201cBueno, realmente le voy a los Pumas\u201d, me dice Renato Alarc\u00f3n Guevara, quien ayer tuvo un convivio con la prensa de Xalapa con motivo de la Libertad de Expresi\u00f3n.<\/p>\n<p>Dos temas en la mesa&#8230; la broma porque alguien tuvo la ocurrencia de solicitar a los meseros que aguantaran servir el pan y uno mat\u00e1ndose las ganas de \u201cchopear\u201d su caf\u00e9 con una \u201cconchita\u201d&#8230; \u201cno hay PAN, porque es desayuno del PRI\u201d.<\/p>\n<p>El otro tema, que no s\u00e9 si es m\u00e1s o menos serio, el relevo de Renato.<\/p>\n<p>II<\/p>\n<p>\u2014Espera, espera&#8230; vayamos por partes&#8230; Elizabeth Morales es la presidenta del PRI y los dem\u00e1s han sido de todo: suplentes, provisionales, bomberos, o como les quieran llamar&#8230;<\/p>\n<p>\u2014\u00bfLos dem\u00e1s?<\/p>\n<p>Ah, es que despu\u00e9s de que se tomara protesta como presidenta del CDE del PRI a El\u00edzabeth Morales, han pasado cuatro \u201cinterinos\u201d.<\/p>\n<p>El primero: Cuando Ely Morales pide licencia para contender por la diputaci\u00f3n federal, queda en su lugar el que en ese entonces era su secretario general: Alfredo Ferrari Saavedra.<\/p>\n<p>El segundo: Despu\u00e9s de que designan a Alfredo Ferrari como titular de Sedesol en Veracruz, llega Alberto Silva Ramos.<\/p>\n<p>El tercero: Luego de que le pusieran su ojo de Cotorra al Cisne, en su lugar llega Amadeo Flores Espinosa.<\/p>\n<p>El cuarto, tras perder la gubernatura el PRI, sale El Tibur\u00f3n y entra Renato Alarc\u00f3n Guevara.<\/p>\n<p>El periodo de Elizabeth Morales como dirigente del PRI es de cuatro a\u00f1os.<\/p>\n<p>Ahora que zopilotean a Renato con la ascensi\u00f3n de Am\u00e9rico Z\u00fa\u00f1iga, en poco ayudar\u00eda al partido tal movimiento, en primera, porque mal se ver\u00eda el alcalde dejando un cargo para el que fue elegido porque de esos chapulines, la gente ya est\u00e1 hasta el gorro. En segunda, porque lejos de consolidar al partido que a duras penas sobrevive como oposici\u00f3n, lo sectoriza: Es evidente que Am\u00e9rico es de la cuadra de Pepe Yunes.<\/p>\n<p>III<\/p>\n<p>Recuerdo a Pepe Yunes cuando me dice que \u00e9l como Miguel Alem\u00e1n, es Tibur\u00f3n en el agua, Puma en la tierra y \u00c1guila en el aire&#8230; pero Renato es m\u00e1s concreto: \u201cle voy a los Pumas\u201d&#8230;<\/p>\n<p>Y se la suelto:<\/p>\n<p>\u2014\u00bfNo ser\u00edas Americanista?<\/p>\n<p>\u2014\u00a1Jam\u00e1s!\u2014 enfatiza&#8230;<\/p>\n<p>Le vuelvo a hacer la pregunta por si no la entendi\u00f3 pero su risa ahora, me dice que s\u00ed la entendi\u00f3 y repite la misma respuesta:<\/p>\n<p>\u2013\u00a1Jam\u00e1s!<\/p>\n<p><strong>\u00a1BOLET\u00cdN DE \u00daLTIMA HORA!<\/strong><\/p>\n<p>La Fiscal\u00eda General del Estado (FGE), a trav\u00e9s de la Fiscal\u00eda Especializada en Deleites Erectorales, entreg\u00f3 de manera oficial una invitaci\u00f3n al diputado Sergio Hern\u00e1ndez Hern\u00e1ndez, coordinador de la bancada panista en el congreso local, a fin de que comparezca ante esa representaci\u00f3n social el pr\u00f3ximo 14 de junio. A su vez, el legislador del PAN, Sergio Hern\u00e1ndez, entreg\u00f3 de manera oficial una invitaci\u00f3n al Fiscal General Jorge Winckler para que asista el fin de semana a la casa de Carlos \u201cChico\u201d Fuentes Urrutia, a la \u201cpary\u201d que se realizar\u00e1 para festejar una vez m\u00e1s lo que es estar en la plenitud del pinche poder.<\/p>\n<p><strong>CINTHYA, PRUDENTE<\/strong><\/p>\n<p>Por cierto, es hasta ayer cuando Cinthya Lobato, citada en la Fiscal\u00eda \u201cN\u201d, rompe el silencio, por as\u00ed decirlo, de manera oficial. All\u00ed, ante reporteros, declara que el problema que tiene el Congreso de Veracruz es el uso discrecional de los recursos p\u00fablicos. \u201cEl gasto no est\u00e1\u0301 etiquetado a \u00e1reas espec\u00edficas, lo que da origen a que se haga un uso discrecional\u201d.<\/p>\n<p>Hizo un llamado a todos los diputados del Congreso, en especial a los del Partido Acci\u00f3n Nacional (PAN), a trabajar para transparentar a la actual Legislatura: \u201cDebe haber un compromiso y no voy a frenarme ni a parar en esta lucha que desde que tome\u0301 protesta como diputada he emprendido\u201d.<\/p>\n<p>Cinthya, a d\u00edas previos a las elecciones, en reuni\u00f3n con algunos amigos columnistas, nos hab\u00eda advertido que en su momento iba a alzar la voz, y lo cumpli\u00f3. Hay que reconocer que fue prudente, porque de haberlo hecho antes, s\u00ed hubiera enrarecido el ambiente electoral contra Acci\u00f3n Nacional.<\/p>\n<p>smcainito@gmail.com<\/p>\n","protected":false},"excerpt":{"rendered":"<p>Salvador Mu\u00f1oz Los Pol\u00edticos &nbsp; &nbsp; Me ense\u00f1a su reloj de los Tiburones Rojos a manera de respuesta cuando le pregunto a qu\u00e9 equipo le va. Me le quedo viendo as\u00ed como quien no le cree. \u201cBueno, realmente le voy a los Pumas\u201d, me dice Renato Alarc\u00f3n Guevara, quien ayer tuvo un convivio con la [&hellip;]<\/p>\n","protected":false},"author":2,"featured_media":0,"comment_status":"open","ping_status":"open","sticky":false,"template":"","format":"standard","meta":{"tdm_status":"","tdm_grid_status":"","footnotes":""},"categories":[70],"tags":[483,2139,266,8565,1128,1641],"class_list":{"0":"post-34429","1":"post","2":"type-post","3":"status-publish","4":"format-standard","6":"category-de-opinion","7":"tag-americo-zuniga","8":"tag-libertad-de-expresion","9":"tag-pan","10":"tag-pumas","11":"tag-renato-alarcon-guevara","12":"tag-tiburones-rojos"},"yoast_head":"<!-- This site is optimized with the Yoast SEO plugin v27.4 - https:\/\/yoast.com\/product\/yoast-seo-wordpress\/ -->\n<title>El Jam\u00e1s de Renato - Los pol\u00edticos Veracruz<\/title>\n<meta name=\"robots\" content=\"index, follow, max-snippet:-1, max-image-preview:large, max-video-preview:-1\" \/>\n<link rel=\"canonical\" href=\"https:\/\/lospoliticosveracruz.com\/?p=34429\" \/>\n<meta property=\"og:locale\" content=\"es_ES\" \/>\n<meta property=\"og:type\" content=\"article\" \/>\n<meta property=\"og:title\" content=\"El Jam\u00e1s de Renato - Los pol\u00edticos Veracruz\" \/>\n<meta property=\"og:description\" content=\"Salvador Mu\u00f1oz Los Pol\u00edticos &nbsp; &nbsp; Me ense\u00f1a su reloj de los Tiburones Rojos a manera de respuesta cuando le pregunto a qu\u00e9 equipo le va. Me le quedo viendo as\u00ed como quien no le cree. \u201cBueno, realmente le voy a los Pumas\u201d, me dice Renato Alarc\u00f3n Guevara, quien ayer tuvo un convivio con la [&hellip;]\" \/>\n<meta property=\"og:url\" content=\"https:\/\/lospoliticosveracruz.com\/?p=34429\" \/>\n<meta property=\"og:site_name\" content=\"Los pol\u00edticos Veracruz\" \/>\n<meta property=\"article:publisher\" content=\"https:\/\/www.facebook.com\/people\/Notimemes-de-los-Polticos\/61565672886568\/\" \/>\n<meta property=\"article:published_time\" content=\"2017-06-13T02:22:08+00:00\" \/>\n<meta property=\"og:image\" content=\"https:\/\/lospoliticosveracruz.com\/wp-content\/uploads\/2016\/07\/Logo-Dor.jpg\" \/>\n\t<meta property=\"og:image:width\" content=\"200\" \/>\n\t<meta property=\"og:image:height\" content=\"200\" \/>\n\t<meta property=\"og:image:type\" content=\"image\/jpeg\" \/>\n<meta name=\"author\" content=\"Lo viste en Los Pol\u00edticos\" \/>\n<meta name=\"twitter:card\" content=\"summary_large_image\" \/>\n<meta name=\"twitter:creator\" content=\"@LosPoliticosVer\" \/>\n<meta name=\"twitter:site\" content=\"@LosPoliticosVer\" \/>\n<meta name=\"twitter:label1\" content=\"Escrito por\" \/>\n\t<meta name=\"twitter:data1\" content=\"Lo viste en Los Pol\u00edticos\" \/>\n\t<meta name=\"twitter:label2\" content=\"Tiempo de lectura\" \/>\n\t<meta name=\"twitter:data2\" content=\"4 minutos\" \/>\n<script type=\"application\/ld+json\" class=\"yoast-schema-graph\">{\"@context\":\"https:\\\/\\\/schema.org\",\"@graph\":[{\"@type\":\"Article\",\"@id\":\"https:\\\/\\\/lospoliticosveracruz.com\\\/?p=34429#article\",\"isPartOf\":{\"@id\":\"https:\\\/\\\/lospoliticosveracruz.com\\\/?p=34429\"},\"author\":{\"name\":\"Lo viste en Los Pol\u00edticos\",\"@id\":\"https:\\\/\\\/lospoliticosveracruz.com\\\/#\\\/schema\\\/person\\\/b8702bb0e538456e6efd07080bf2a4a2\"},\"headline\":\"El Jam\u00e1s de Renato\",\"datePublished\":\"2017-06-13T02:22:08+00:00\",\"mainEntityOfPage\":{\"@id\":\"https:\\\/\\\/lospoliticosveracruz.com\\\/?p=34429\"},\"wordCount\":745,\"commentCount\":0,\"publisher\":{\"@id\":\"https:\\\/\\\/lospoliticosveracruz.com\\\/#organization\"},\"keywords\":[\"Am\u00e9rico Z\u00fa\u00f1iga\",\"Libertad de expresi\u00f3n\",\"PAN\",\"Pumas\",\"Renato Alarc\u00f3n Guevara\",\"Tiburones Rojos\"],\"articleSection\":[\"De Opini\u00f3n\"],\"inLanguage\":\"es\",\"potentialAction\":[{\"@type\":\"CommentAction\",\"name\":\"Comment\",\"target\":[\"https:\\\/\\\/lospoliticosveracruz.com\\\/?p=34429#respond\"]}]},{\"@type\":\"WebPage\",\"@id\":\"https:\\\/\\\/lospoliticosveracruz.com\\\/?p=34429\",\"url\":\"https:\\\/\\\/lospoliticosveracruz.com\\\/?p=34429\",\"name\":\"El Jam\u00e1s de Renato - Los pol\u00edticos Veracruz\",\"isPartOf\":{\"@id\":\"https:\\\/\\\/lospoliticosveracruz.com\\\/#website\"},\"datePublished\":\"2017-06-13T02:22:08+00:00\",\"breadcrumb\":{\"@id\":\"https:\\\/\\\/lospoliticosveracruz.com\\\/?p=34429#breadcrumb\"},\"inLanguage\":\"es\",\"potentialAction\":[{\"@type\":\"ReadAction\",\"target\":[\"https:\\\/\\\/lospoliticosveracruz.com\\\/?p=34429\"]}]},{\"@type\":\"BreadcrumbList\",\"@id\":\"https:\\\/\\\/lospoliticosveracruz.com\\\/?p=34429#breadcrumb\",\"itemListElement\":[{\"@type\":\"ListItem\",\"position\":1,\"name\":\"Portada\",\"item\":\"https:\\\/\\\/lospoliticosveracruz.com\\\/\"},{\"@type\":\"ListItem\",\"position\":2,\"name\":\"El Jam\u00e1s de Renato\"}]},{\"@type\":\"WebSite\",\"@id\":\"https:\\\/\\\/lospoliticosveracruz.com\\\/#website\",\"url\":\"https:\\\/\\\/lospoliticosveracruz.com\\\/\",\"name\":\"Los pol\u00edticos Veracruz\",\"description\":\"\",\"publisher\":{\"@id\":\"https:\\\/\\\/lospoliticosveracruz.com\\\/#organization\"},\"potentialAction\":[{\"@type\":\"SearchAction\",\"target\":{\"@type\":\"EntryPoint\",\"urlTemplate\":\"https:\\\/\\\/lospoliticosveracruz.com\\\/?s={search_term_string}\"},\"query-input\":{\"@type\":\"PropertyValueSpecification\",\"valueRequired\":true,\"valueName\":\"search_term_string\"}}],\"inLanguage\":\"es\"},{\"@type\":\"Organization\",\"@id\":\"https:\\\/\\\/lospoliticosveracruz.com\\\/#organization\",\"name\":\"Los pol\u00edticos Veracruz\",\"url\":\"https:\\\/\\\/lospoliticosveracruz.com\\\/\",\"logo\":{\"@type\":\"ImageObject\",\"inLanguage\":\"es\",\"@id\":\"https:\\\/\\\/lospoliticosveracruz.com\\\/#\\\/schema\\\/logo\\\/image\\\/\",\"url\":\"https:\\\/\\\/lospoliticosveracruz.com\\\/wp-content\\\/uploads\\\/2025\\\/12\\\/Logo-Nuevo-LOS-POLITICOS-1.jpg\",\"contentUrl\":\"https:\\\/\\\/lospoliticosveracruz.com\\\/wp-content\\\/uploads\\\/2025\\\/12\\\/Logo-Nuevo-LOS-POLITICOS-1.jpg\",\"width\":260,\"height\":70,\"caption\":\"Los pol\u00edticos Veracruz\"},\"image\":{\"@id\":\"https:\\\/\\\/lospoliticosveracruz.com\\\/#\\\/schema\\\/logo\\\/image\\\/\"},\"sameAs\":[\"https:\\\/\\\/www.facebook.com\\\/people\\\/Notimemes-de-los-Polticos\\\/61565672886568\\\/\",\"https:\\\/\\\/x.com\\\/LosPoliticosVer\"]},{\"@type\":\"Person\",\"@id\":\"https:\\\/\\\/lospoliticosveracruz.com\\\/#\\\/schema\\\/person\\\/b8702bb0e538456e6efd07080bf2a4a2\",\"name\":\"Lo viste en Los Pol\u00edticos\",\"image\":{\"@type\":\"ImageObject\",\"inLanguage\":\"es\",\"@id\":\"https:\\\/\\\/secure.gravatar.com\\\/avatar\\\/3a8de04a2656d44082be478bd6c086daa447c4651605818287b9532d3d0bd435?s=96&d=mm&r=g\",\"url\":\"https:\\\/\\\/secure.gravatar.com\\\/avatar\\\/3a8de04a2656d44082be478bd6c086daa447c4651605818287b9532d3d0bd435?s=96&d=mm&r=g\",\"contentUrl\":\"https:\\\/\\\/secure.gravatar.com\\\/avatar\\\/3a8de04a2656d44082be478bd6c086daa447c4651605818287b9532d3d0bd435?s=96&d=mm&r=g\",\"caption\":\"Lo viste en Los Pol\u00edticos\"},\"url\":\"https:\\\/\\\/lospoliticosveracruz.com\\\/?author=2\"}]}<\/script>\n<!-- \/ Yoast SEO plugin. -->","yoast_head_json":{"title":"El Jam\u00e1s de Renato - Los pol\u00edticos Veracruz","robots":{"index":"index","follow":"follow","max-snippet":"max-snippet:-1","max-image-preview":"max-image-preview:large","max-video-preview":"max-video-preview:-1"},"canonical":"https:\/\/lospoliticosveracruz.com\/?p=34429","og_locale":"es_ES","og_type":"article","og_title":"El Jam\u00e1s de Renato - Los pol\u00edticos Veracruz","og_description":"Salvador Mu\u00f1oz Los Pol\u00edticos &nbsp; &nbsp; Me ense\u00f1a su reloj de los Tiburones Rojos a manera de respuesta cuando le pregunto a qu\u00e9 equipo le va. Me le quedo viendo as\u00ed como quien no le cree. \u201cBueno, realmente le voy a los Pumas\u201d, me dice Renato Alarc\u00f3n Guevara, quien ayer tuvo un convivio con la [&hellip;]","og_url":"https:\/\/lospoliticosveracruz.com\/?p=34429","og_site_name":"Los pol\u00edticos Veracruz","article_publisher":"https:\/\/www.facebook.com\/people\/Notimemes-de-los-Polticos\/61565672886568\/","article_published_time":"2017-06-13T02:22:08+00:00","og_image":[{"width":200,"height":200,"url":"https:\/\/lospoliticosveracruz.com\/wp-content\/uploads\/2016\/07\/Logo-Dor.jpg","type":"image\/jpeg"}],"author":"Lo viste en Los Pol\u00edticos","twitter_card":"summary_large_image","twitter_creator":"@LosPoliticosVer","twitter_site":"@LosPoliticosVer","twitter_misc":{"Escrito por":"Lo viste en Los Pol\u00edticos","Tiempo de lectura":"4 minutos"},"schema":{"@context":"https:\/\/schema.org","@graph":[{"@type":"Article","@id":"https:\/\/lospoliticosveracruz.com\/?p=34429#article","isPartOf":{"@id":"https:\/\/lospoliticosveracruz.com\/?p=34429"},"author":{"name":"Lo viste en Los Pol\u00edticos","@id":"https:\/\/lospoliticosveracruz.com\/#\/schema\/person\/b8702bb0e538456e6efd07080bf2a4a2"},"headline":"El Jam\u00e1s de Renato","datePublished":"2017-06-13T02:22:08+00:00","mainEntityOfPage":{"@id":"https:\/\/lospoliticosveracruz.com\/?p=34429"},"wordCount":745,"commentCount":0,"publisher":{"@id":"https:\/\/lospoliticosveracruz.com\/#organization"},"keywords":["Am\u00e9rico Z\u00fa\u00f1iga","Libertad de expresi\u00f3n","PAN","Pumas","Renato Alarc\u00f3n Guevara","Tiburones Rojos"],"articleSection":["De Opini\u00f3n"],"inLanguage":"es","potentialAction":[{"@type":"CommentAction","name":"Comment","target":["https:\/\/lospoliticosveracruz.com\/?p=34429#respond"]}]},{"@type":"WebPage","@id":"https:\/\/lospoliticosveracruz.com\/?p=34429","url":"https:\/\/lospoliticosveracruz.com\/?p=34429","name":"El Jam\u00e1s de Renato - Los pol\u00edticos Veracruz","isPartOf":{"@id":"https:\/\/lospoliticosveracruz.com\/#website"},"datePublished":"2017-06-13T02:22:08+00:00","breadcrumb":{"@id":"https:\/\/lospoliticosveracruz.com\/?p=34429#breadcrumb"},"inLanguage":"es","potentialAction":[{"@type":"ReadAction","target":["https:\/\/lospoliticosveracruz.com\/?p=34429"]}]},{"@type":"BreadcrumbList","@id":"https:\/\/lospoliticosveracruz.com\/?p=34429#breadcrumb","itemListElement":[{"@type":"ListItem","position":1,"name":"Portada","item":"https:\/\/lospoliticosveracruz.com\/"},{"@type":"ListItem","position":2,"name":"El Jam\u00e1s de Renato"}]},{"@type":"WebSite","@id":"https:\/\/lospoliticosveracruz.com\/#website","url":"https:\/\/lospoliticosveracruz.com\/","name":"Los pol\u00edticos Veracruz","description":"","publisher":{"@id":"https:\/\/lospoliticosveracruz.com\/#organization"},"potentialAction":[{"@type":"SearchAction","target":{"@type":"EntryPoint","urlTemplate":"https:\/\/lospoliticosveracruz.com\/?s={search_term_string}"},"query-input":{"@type":"PropertyValueSpecification","valueRequired":true,"valueName":"search_term_string"}}],"inLanguage":"es"},{"@type":"Organization","@id":"https:\/\/lospoliticosveracruz.com\/#organization","name":"Los pol\u00edticos Veracruz","url":"https:\/\/lospoliticosveracruz.com\/","logo":{"@type":"ImageObject","inLanguage":"es","@id":"https:\/\/lospoliticosveracruz.com\/#\/schema\/logo\/image\/","url":"https:\/\/lospoliticosveracruz.com\/wp-content\/uploads\/2025\/12\/Logo-Nuevo-LOS-POLITICOS-1.jpg","contentUrl":"https:\/\/lospoliticosveracruz.com\/wp-content\/uploads\/2025\/12\/Logo-Nuevo-LOS-POLITICOS-1.jpg","width":260,"height":70,"caption":"Los pol\u00edticos Veracruz"},"image":{"@id":"https:\/\/lospoliticosveracruz.com\/#\/schema\/logo\/image\/"},"sameAs":["https:\/\/www.facebook.com\/people\/Notimemes-de-los-Polticos\/61565672886568\/","https:\/\/x.com\/LosPoliticosVer"]},{"@type":"Person","@id":"https:\/\/lospoliticosveracruz.com\/#\/schema\/person\/b8702bb0e538456e6efd07080bf2a4a2","name":"Lo viste en Los Pol\u00edticos","image":{"@type":"ImageObject","inLanguage":"es","@id":"https:\/\/secure.gravatar.com\/avatar\/3a8de04a2656d44082be478bd6c086daa447c4651605818287b9532d3d0bd435?s=96&d=mm&r=g","url":"https:\/\/secure.gravatar.com\/avatar\/3a8de04a2656d44082be478bd6c086daa447c4651605818287b9532d3d0bd435?s=96&d=mm&r=g","contentUrl":"https:\/\/secure.gravatar.com\/avatar\/3a8de04a2656d44082be478bd6c086daa447c4651605818287b9532d3d0bd435?s=96&d=mm&r=g","caption":"Lo viste en Los Pol\u00edticos"},"url":"https:\/\/lospoliticosveracruz.com\/?author=2"}]}},"_links":{"self":[{"href":"https:\/\/lospoliticosveracruz.com\/index.php?rest_route=\/wp\/v2\/posts\/34429","targetHints":{"allow":["GET"]}}],"collection":[{"href":"https:\/\/lospoliticosveracruz.com\/index.php?rest_route=\/wp\/v2\/posts"}],"about":[{"href":"https:\/\/lospoliticosveracruz.com\/index.php?rest_route=\/wp\/v2\/types\/post"}],"author":[{"embeddable":true,"href":"https:\/\/lospoliticosveracruz.com\/index.php?rest_route=\/wp\/v2\/users\/2"}],"replies":[{"embeddable":true,"href":"https:\/\/lospoliticosveracruz.com\/index.php?rest_route=%2Fwp%2Fv2%2Fcomments&post=34429"}],"version-history":[{"count":1,"href":"https:\/\/lospoliticosveracruz.com\/index.php?rest_route=\/wp\/v2\/posts\/34429\/revisions"}],"predecessor-version":[{"id":34430,"href":"https:\/\/lospoliticosveracruz.com\/index.php?rest_route=\/wp\/v2\/posts\/34429\/revisions\/34430"}],"wp:attachment":[{"href":"https:\/\/lospoliticosveracruz.com\/index.php?rest_route=%2Fwp%2Fv2%2Fmedia&parent=34429"}],"wp:term":[{"taxonomy":"category","embeddable":true,"href":"https:\/\/lospoliticosveracruz.com\/index.php?rest_route=%2Fwp%2Fv2%2Fcategories&post=34429"},{"taxonomy":"post_tag","embeddable":true,"href":"https:\/\/lospoliticosveracruz.com\/index.php?rest_route=%2Fwp%2Fv2%2Ftags&post=34429"}],"curies":[{"name":"wp","href":"https:\/\/api.w.org\/{rel}","templated":true}]}}