{"id":34435,"date":"2017-06-13T10:38:24","date_gmt":"2017-06-13T15:38:24","guid":{"rendered":"http:\/\/www.lospoliticosveracruz.com.mx\/?p=34435"},"modified":"2017-06-13T10:39:13","modified_gmt":"2017-06-13T15:39:13","slug":"el-seguimiento-al-huevazo-contra-amlo","status":"publish","type":"post","link":"https:\/\/lospoliticosveracruz.com\/?p=34435","title":{"rendered":"El seguimiento al huevazo contra AMLO"},"content":{"rendered":"<p class=\"x_m_-2557860179160171228MsoNoSpacing\"><strong>Luis Alberto Romero<\/strong><\/p>\n<p class=\"x_m_-2557860179160171228MsoNoSpacing\"><em>Hora Cero<u><\/u><u><\/u><\/em><\/p>\n<p class=\"x_m_-2557860179160171228MsoNoSpacing\"><b>\u00a0<\/b><\/p>\n<p class=\"x_m_-2557860179160171228MsoNoSpacing\"><b><\/b><b><\/b><u><\/u><u><\/u>\u00a0<u><\/u><\/p>\n<p class=\"x_m_-2557860179160171228MsoNoSpacing\">Probablemente el nombre de Beatriz Ramos Rodr\u00edguez diga muy poco; es una mujer casi desconocida fuera de su regi\u00f3n, que se ubica en los municipios de Ixhuatl\u00e1n del Caf\u00e9, Coscomatepec, Chocam\u00e1n y Calcahualco.<u><\/u><u><\/u><\/p>\n<p class=\"x_m_-2557860179160171228MsoNoSpacing\">Se le conoce mucho m\u00e1s por un sobrenombre que fue utilizado por medios informativos luego de que el pasado 24 de mayo, unos d\u00edas antes de la jornada electoral para renovar ayuntamientos veracruzanos, simpatizantes del Movimiento de Regeneraci\u00f3n Nacional, Morena, le se\u00f1alaran por la agresi\u00f3n de que fue objeto Andr\u00e9s Manuel L\u00f3pez Obrador durante su visita a Huatusco.<u><\/u><u><\/u><\/p>\n<p class=\"x_m_-2557860179160171228MsoNoSpacing\">El caso se difundi\u00f3 profusamente: finalizaba un evento de Morena cuando L\u00f3pez Obrador recibi\u00f3 un <i>huevazo<\/i> en la cabeza; sus simpatizantes acusaron a Beatriz Ramos, lideresa del Comit\u00e9 Regional Campesino, y secretaria de Desarrollo Municipal en la Liga de Comunidades Agrarias.<u><\/u><u><\/u><\/p>\n<p class=\"x_m_-2557860179160171228MsoNoSpacing\">En el pasado proceso electoral, sin embargo, Ramos Rodr\u00edguez no jug\u00f3 con el PRI, sino que tuvo un papel importante en la campa\u00f1a del candidato ciudadano \u2013no registrado\u2013 Crisanto Valiente Miram\u00f3n a la presidencia municipal de Ixhuatl\u00e1n del Caf\u00e9. Aun as\u00ed, los de Morena la responsabilizaron por el <i>huevazo<\/i> lanzado contra AMLO.<u><\/u><u><\/u><\/p>\n<p class=\"x_m_-2557860179160171228MsoNoSpacing\">La mujer niega haber lanzado el huevo contra el m\u00e1ximo dirigente de Morena; dice adem\u00e1s que en el citado momento, fue objeto de agresi\u00f3n verbal y f\u00edsica por parte de un grupo de simpatizantes de dicha fuerza pol\u00edtica.<u><\/u><u><\/u><\/p>\n<p class=\"x_m_-2557860179160171228MsoNoSpacing\">\u2013 \u00bfQu\u00e9 hac\u00eda entonces en el evento?, se le cuestiona.<u><\/u><u><\/u><\/p>\n<p class=\"x_m_-2557860179160171228MsoNoSpacing\">\u2013 Protestamos por el reparto de l\u00e1minas y apoyos que realizaban los de Morena en Ixhuatl\u00e1n del Caf\u00e9; llevamos cartulinas y lanzamos gritos, nos expresamos; lo que no hicimos fue arrojar huevos.<u><\/u><u><\/u><\/p>\n<p class=\"x_m_-2557860179160171228MsoNoSpacing\">Insiste en que fue golpeada por simpatizantes de L\u00f3pez Obrador; hubo \u2013dice\u2013 quien incit\u00f3 a la violencia en su contra; por ello acudi\u00f3 a la Fiscal\u00eda General del Estado, a fin de presentar una denuncia de hechos.<u><\/u><u><\/u><\/p>\n<p class=\"x_m_-2557860179160171228MsoNoSpacing\">El problema es que al llegar a esa instancia de procuraci\u00f3n de justicia se enter\u00f3 de que a ella la hab\u00edan denunciado primero, le ganaron el brinco.<u><\/u><u><\/u><\/p>\n<p class=\"x_m_-2557860179160171228MsoNoSpacing\">Hoy, Beatriz Ramos, una mujer que ha caminado los trece ejidos de Ixhuatl\u00e1n del Caf\u00e9, los cuatro de Coscomatepec, los siete de Calcahualco y los cuatro de Chocam\u00e1n, enfrenta esa denuncia en su contra e intenta defenderse en el terreno jur\u00eddico por los se\u00f1alamientos que se le imputan.<u><\/u><u><\/u><\/p>\n<p class=\"x_m_-2557860179160171228MsoNoSpacing\">\u2013 \u00bfA qu\u00e9 se debe el apodo, <i>La Diabla<\/i>?<u><\/u><u><\/u><\/p>\n<p class=\"x_m_-2557860179160171228MsoNoSpacing\">\u2013 Me lo puso un ex alcalde de Coscomatepec, Seraf\u00edn Gonz\u00e1lez Saavedra, quien en la pasada elecci\u00f3n volvi\u00f3 a competir por PRD; nos peleamos por el reparto de becas del gobierno federal y como yo no me dejaba, comenz\u00f3 a referirse a m\u00ed de esa forma. Por cierto, no s\u00e9 de d\u00f3nde sacan que me dicen <i>La Diabla<\/i>; el apodo original es <i>La Demonia<\/i>; as\u00ed me dicen Seraf\u00edn y su gente.<u><\/u><u><\/u><\/p>\n<p class=\"x_m_-2557860179160171228MsoNoSpacing\"><u><\/u>\u00a0<u><\/u><\/p>\n<p class=\"x_m_-2557860179160171228MsoNoSpacing\"><u><\/u>\u00a0<u><\/u><\/p>\n<p class=\"x_m_-2557860179160171228MsoNoSpacing\"><b>El caso de Eva Cadena, en la Instructora<u><\/u><u><\/u><\/b><\/p>\n<p class=\"x_m_-2557860179160171228MsoNoSpacing\">Durante los d\u00edas recientes ha circulado la especie en el sentido de que la diputada local Eva Cadena Sandoval habr\u00eda pactado con quienes se encuentran en el poder estatal; en pocas palabras, sus recientes declaraciones contra el dirigente del partido, Andr\u00e9s Manuel L\u00f3pez Obrador, y los cuadros destacados no ser\u00edan casuales, sino que obedecer\u00edan a un acuerdo con Acci\u00f3n Nacional y el gobierno estatal.<u><\/u><u><\/u><\/p>\n<p class=\"x_m_-2557860179160171228MsoNoSpacing\">Se trata de especulaciones que dif\u00edcilmente se pueden comprobar.<u><\/u><u><\/u><\/p>\n<p class=\"x_m_-2557860179160171228MsoNoSpacing\">Este lunes, en la Comisi\u00f3n Instructora de la C\u00e1mara de Diputados, se llev\u00f3 a efecto la audiencia de pruebas y alegados en torno a la solicitud para la declaraci\u00f3n de procedencia contra la legisladora local.<u><\/u><u><\/u><\/p>\n<p class=\"x_m_-2557860179160171228MsoNoSpacing\">Aunque no se dieron a conocer los detalles de dicha audiencia, se supo que Cadena Sandoval compareci\u00f3 ante dos de los tres diputados que integran la Comisi\u00f3n, dado que Amado Cruz Malpica, representante de Morena, opt\u00f3 por no acudir.<u><\/u><u><\/u><\/p>\n<p class=\"x_m_-2557860179160171228MsoNoSpacing\">\u00bfSer\u00e1 que el diputado por Coatzacoalcos ya prev\u00e9 que al proceso de desafuero contra Cadena terminar\u00e1n por darle <i>carpetazo<\/i> en el Legislativo?. @luisromero85<\/p>\n","protected":false},"excerpt":{"rendered":"<p>Luis Alberto Romero Hora Cero \u00a0 \u00a0 Probablemente el nombre de Beatriz Ramos Rodr\u00edguez diga muy poco; es una mujer casi desconocida fuera de su regi\u00f3n, que se ubica en los municipios de Ixhuatl\u00e1n del Caf\u00e9, Coscomatepec, Chocam\u00e1n y Calcahualco. Se le conoce mucho m\u00e1s por un sobrenombre que fue utilizado por medios informativos luego [&hellip;]<\/p>\n","protected":false},"author":2,"featured_media":0,"comment_status":"open","ping_status":"open","sticky":false,"template":"","format":"standard","meta":{"tdm_status":"","tdm_grid_status":"","footnotes":""},"categories":[70],"tags":[8570,8572,8571],"class_list":{"0":"post-34435","1":"post","2":"type-post","3":"status-publish","4":"format-standard","6":"category-de-opinion","7":"tag-beatriz-ramos-rodriguez","8":"tag-huevazo","9":"tag-la-demonia"},"yoast_head":"<!-- This site is optimized with the Yoast SEO plugin v27.4 - https:\/\/yoast.com\/product\/yoast-seo-wordpress\/ -->\n<title>El seguimiento al huevazo contra AMLO - Los pol\u00edticos Veracruz<\/title>\n<meta name=\"robots\" content=\"index, follow, max-snippet:-1, max-image-preview:large, max-video-preview:-1\" \/>\n<link rel=\"canonical\" href=\"https:\/\/lospoliticosveracruz.com\/?p=34435\" \/>\n<meta property=\"og:locale\" content=\"es_ES\" \/>\n<meta property=\"og:type\" content=\"article\" \/>\n<meta property=\"og:title\" content=\"El seguimiento al huevazo contra AMLO - Los pol\u00edticos Veracruz\" \/>\n<meta property=\"og:description\" content=\"Luis Alberto Romero Hora Cero \u00a0 \u00a0 Probablemente el nombre de Beatriz Ramos Rodr\u00edguez diga muy poco; es una mujer casi desconocida fuera de su regi\u00f3n, que se ubica en los municipios de Ixhuatl\u00e1n del Caf\u00e9, Coscomatepec, Chocam\u00e1n y Calcahualco. Se le conoce mucho m\u00e1s por un sobrenombre que fue utilizado por medios informativos luego [&hellip;]\" \/>\n<meta property=\"og:url\" content=\"https:\/\/lospoliticosveracruz.com\/?p=34435\" \/>\n<meta property=\"og:site_name\" content=\"Los pol\u00edticos Veracruz\" \/>\n<meta property=\"article:publisher\" content=\"https:\/\/www.facebook.com\/people\/Notimemes-de-los-Polticos\/61565672886568\/\" \/>\n<meta property=\"article:published_time\" content=\"2017-06-13T15:38:24+00:00\" \/>\n<meta property=\"article:modified_time\" content=\"2017-06-13T15:39:13+00:00\" \/>\n<meta property=\"og:image\" content=\"https:\/\/lospoliticosveracruz.com\/wp-content\/uploads\/2016\/07\/Logo-Dor.jpg\" \/>\n\t<meta property=\"og:image:width\" content=\"200\" \/>\n\t<meta property=\"og:image:height\" content=\"200\" \/>\n\t<meta property=\"og:image:type\" content=\"image\/jpeg\" \/>\n<meta name=\"author\" content=\"Lo viste en Los Pol\u00edticos\" \/>\n<meta name=\"twitter:card\" content=\"summary_large_image\" \/>\n<meta name=\"twitter:creator\" content=\"@LosPoliticosVer\" \/>\n<meta name=\"twitter:site\" content=\"@LosPoliticosVer\" \/>\n<meta name=\"twitter:label1\" content=\"Escrito por\" \/>\n\t<meta name=\"twitter:data1\" content=\"Lo viste en Los Pol\u00edticos\" \/>\n\t<meta name=\"twitter:label2\" content=\"Tiempo de lectura\" \/>\n\t<meta name=\"twitter:data2\" content=\"3 minutos\" \/>\n<script type=\"application\/ld+json\" class=\"yoast-schema-graph\">{\"@context\":\"https:\\\/\\\/schema.org\",\"@graph\":[{\"@type\":\"Article\",\"@id\":\"https:\\\/\\\/lospoliticosveracruz.com\\\/?p=34435#article\",\"isPartOf\":{\"@id\":\"https:\\\/\\\/lospoliticosveracruz.com\\\/?p=34435\"},\"author\":{\"name\":\"Lo viste en Los Pol\u00edticos\",\"@id\":\"https:\\\/\\\/lospoliticosveracruz.com\\\/#\\\/schema\\\/person\\\/b8702bb0e538456e6efd07080bf2a4a2\"},\"headline\":\"El seguimiento al huevazo contra AMLO\",\"datePublished\":\"2017-06-13T15:38:24+00:00\",\"dateModified\":\"2017-06-13T15:39:13+00:00\",\"mainEntityOfPage\":{\"@id\":\"https:\\\/\\\/lospoliticosveracruz.com\\\/?p=34435\"},\"wordCount\":690,\"commentCount\":0,\"publisher\":{\"@id\":\"https:\\\/\\\/lospoliticosveracruz.com\\\/#organization\"},\"keywords\":[\"Beatriz Ramos Rodr\u00edguez\",\"Huevazo\",\"La demonia\"],\"articleSection\":[\"De Opini\u00f3n\"],\"inLanguage\":\"es\",\"potentialAction\":[{\"@type\":\"CommentAction\",\"name\":\"Comment\",\"target\":[\"https:\\\/\\\/lospoliticosveracruz.com\\\/?p=34435#respond\"]}]},{\"@type\":\"WebPage\",\"@id\":\"https:\\\/\\\/lospoliticosveracruz.com\\\/?p=34435\",\"url\":\"https:\\\/\\\/lospoliticosveracruz.com\\\/?p=34435\",\"name\":\"El seguimiento al huevazo contra AMLO - Los pol\u00edticos Veracruz\",\"isPartOf\":{\"@id\":\"https:\\\/\\\/lospoliticosveracruz.com\\\/#website\"},\"datePublished\":\"2017-06-13T15:38:24+00:00\",\"dateModified\":\"2017-06-13T15:39:13+00:00\",\"breadcrumb\":{\"@id\":\"https:\\\/\\\/lospoliticosveracruz.com\\\/?p=34435#breadcrumb\"},\"inLanguage\":\"es\",\"potentialAction\":[{\"@type\":\"ReadAction\",\"target\":[\"https:\\\/\\\/lospoliticosveracruz.com\\\/?p=34435\"]}]},{\"@type\":\"BreadcrumbList\",\"@id\":\"https:\\\/\\\/lospoliticosveracruz.com\\\/?p=34435#breadcrumb\",\"itemListElement\":[{\"@type\":\"ListItem\",\"position\":1,\"name\":\"Portada\",\"item\":\"https:\\\/\\\/lospoliticosveracruz.com\\\/\"},{\"@type\":\"ListItem\",\"position\":2,\"name\":\"El seguimiento al huevazo contra AMLO\"}]},{\"@type\":\"WebSite\",\"@id\":\"https:\\\/\\\/lospoliticosveracruz.com\\\/#website\",\"url\":\"https:\\\/\\\/lospoliticosveracruz.com\\\/\",\"name\":\"Los pol\u00edticos Veracruz\",\"description\":\"\",\"publisher\":{\"@id\":\"https:\\\/\\\/lospoliticosveracruz.com\\\/#organization\"},\"potentialAction\":[{\"@type\":\"SearchAction\",\"target\":{\"@type\":\"EntryPoint\",\"urlTemplate\":\"https:\\\/\\\/lospoliticosveracruz.com\\\/?s={search_term_string}\"},\"query-input\":{\"@type\":\"PropertyValueSpecification\",\"valueRequired\":true,\"valueName\":\"search_term_string\"}}],\"inLanguage\":\"es\"},{\"@type\":\"Organization\",\"@id\":\"https:\\\/\\\/lospoliticosveracruz.com\\\/#organization\",\"name\":\"Los pol\u00edticos Veracruz\",\"url\":\"https:\\\/\\\/lospoliticosveracruz.com\\\/\",\"logo\":{\"@type\":\"ImageObject\",\"inLanguage\":\"es\",\"@id\":\"https:\\\/\\\/lospoliticosveracruz.com\\\/#\\\/schema\\\/logo\\\/image\\\/\",\"url\":\"https:\\\/\\\/lospoliticosveracruz.com\\\/wp-content\\\/uploads\\\/2025\\\/12\\\/Logo-Nuevo-LOS-POLITICOS-1.jpg\",\"contentUrl\":\"https:\\\/\\\/lospoliticosveracruz.com\\\/wp-content\\\/uploads\\\/2025\\\/12\\\/Logo-Nuevo-LOS-POLITICOS-1.jpg\",\"width\":260,\"height\":70,\"caption\":\"Los pol\u00edticos Veracruz\"},\"image\":{\"@id\":\"https:\\\/\\\/lospoliticosveracruz.com\\\/#\\\/schema\\\/logo\\\/image\\\/\"},\"sameAs\":[\"https:\\\/\\\/www.facebook.com\\\/people\\\/Notimemes-de-los-Polticos\\\/61565672886568\\\/\",\"https:\\\/\\\/x.com\\\/LosPoliticosVer\"]},{\"@type\":\"Person\",\"@id\":\"https:\\\/\\\/lospoliticosveracruz.com\\\/#\\\/schema\\\/person\\\/b8702bb0e538456e6efd07080bf2a4a2\",\"name\":\"Lo viste en Los Pol\u00edticos\",\"image\":{\"@type\":\"ImageObject\",\"inLanguage\":\"es\",\"@id\":\"https:\\\/\\\/secure.gravatar.com\\\/avatar\\\/3a8de04a2656d44082be478bd6c086daa447c4651605818287b9532d3d0bd435?s=96&d=mm&r=g\",\"url\":\"https:\\\/\\\/secure.gravatar.com\\\/avatar\\\/3a8de04a2656d44082be478bd6c086daa447c4651605818287b9532d3d0bd435?s=96&d=mm&r=g\",\"contentUrl\":\"https:\\\/\\\/secure.gravatar.com\\\/avatar\\\/3a8de04a2656d44082be478bd6c086daa447c4651605818287b9532d3d0bd435?s=96&d=mm&r=g\",\"caption\":\"Lo viste en Los Pol\u00edticos\"},\"url\":\"https:\\\/\\\/lospoliticosveracruz.com\\\/?author=2\"}]}<\/script>\n<!-- \/ Yoast SEO plugin. -->","yoast_head_json":{"title":"El seguimiento al huevazo contra AMLO - Los pol\u00edticos Veracruz","robots":{"index":"index","follow":"follow","max-snippet":"max-snippet:-1","max-image-preview":"max-image-preview:large","max-video-preview":"max-video-preview:-1"},"canonical":"https:\/\/lospoliticosveracruz.com\/?p=34435","og_locale":"es_ES","og_type":"article","og_title":"El seguimiento al huevazo contra AMLO - Los pol\u00edticos Veracruz","og_description":"Luis Alberto Romero Hora Cero \u00a0 \u00a0 Probablemente el nombre de Beatriz Ramos Rodr\u00edguez diga muy poco; es una mujer casi desconocida fuera de su regi\u00f3n, que se ubica en los municipios de Ixhuatl\u00e1n del Caf\u00e9, Coscomatepec, Chocam\u00e1n y Calcahualco. Se le conoce mucho m\u00e1s por un sobrenombre que fue utilizado por medios informativos luego [&hellip;]","og_url":"https:\/\/lospoliticosveracruz.com\/?p=34435","og_site_name":"Los pol\u00edticos Veracruz","article_publisher":"https:\/\/www.facebook.com\/people\/Notimemes-de-los-Polticos\/61565672886568\/","article_published_time":"2017-06-13T15:38:24+00:00","article_modified_time":"2017-06-13T15:39:13+00:00","og_image":[{"width":200,"height":200,"url":"https:\/\/lospoliticosveracruz.com\/wp-content\/uploads\/2016\/07\/Logo-Dor.jpg","type":"image\/jpeg"}],"author":"Lo viste en Los Pol\u00edticos","twitter_card":"summary_large_image","twitter_creator":"@LosPoliticosVer","twitter_site":"@LosPoliticosVer","twitter_misc":{"Escrito por":"Lo viste en Los Pol\u00edticos","Tiempo de lectura":"3 minutos"},"schema":{"@context":"https:\/\/schema.org","@graph":[{"@type":"Article","@id":"https:\/\/lospoliticosveracruz.com\/?p=34435#article","isPartOf":{"@id":"https:\/\/lospoliticosveracruz.com\/?p=34435"},"author":{"name":"Lo viste en Los Pol\u00edticos","@id":"https:\/\/lospoliticosveracruz.com\/#\/schema\/person\/b8702bb0e538456e6efd07080bf2a4a2"},"headline":"El seguimiento al huevazo contra AMLO","datePublished":"2017-06-13T15:38:24+00:00","dateModified":"2017-06-13T15:39:13+00:00","mainEntityOfPage":{"@id":"https:\/\/lospoliticosveracruz.com\/?p=34435"},"wordCount":690,"commentCount":0,"publisher":{"@id":"https:\/\/lospoliticosveracruz.com\/#organization"},"keywords":["Beatriz Ramos Rodr\u00edguez","Huevazo","La demonia"],"articleSection":["De Opini\u00f3n"],"inLanguage":"es","potentialAction":[{"@type":"CommentAction","name":"Comment","target":["https:\/\/lospoliticosveracruz.com\/?p=34435#respond"]}]},{"@type":"WebPage","@id":"https:\/\/lospoliticosveracruz.com\/?p=34435","url":"https:\/\/lospoliticosveracruz.com\/?p=34435","name":"El seguimiento al huevazo contra AMLO - Los pol\u00edticos Veracruz","isPartOf":{"@id":"https:\/\/lospoliticosveracruz.com\/#website"},"datePublished":"2017-06-13T15:38:24+00:00","dateModified":"2017-06-13T15:39:13+00:00","breadcrumb":{"@id":"https:\/\/lospoliticosveracruz.com\/?p=34435#breadcrumb"},"inLanguage":"es","potentialAction":[{"@type":"ReadAction","target":["https:\/\/lospoliticosveracruz.com\/?p=34435"]}]},{"@type":"BreadcrumbList","@id":"https:\/\/lospoliticosveracruz.com\/?p=34435#breadcrumb","itemListElement":[{"@type":"ListItem","position":1,"name":"Portada","item":"https:\/\/lospoliticosveracruz.com\/"},{"@type":"ListItem","position":2,"name":"El seguimiento al huevazo contra AMLO"}]},{"@type":"WebSite","@id":"https:\/\/lospoliticosveracruz.com\/#website","url":"https:\/\/lospoliticosveracruz.com\/","name":"Los pol\u00edticos Veracruz","description":"","publisher":{"@id":"https:\/\/lospoliticosveracruz.com\/#organization"},"potentialAction":[{"@type":"SearchAction","target":{"@type":"EntryPoint","urlTemplate":"https:\/\/lospoliticosveracruz.com\/?s={search_term_string}"},"query-input":{"@type":"PropertyValueSpecification","valueRequired":true,"valueName":"search_term_string"}}],"inLanguage":"es"},{"@type":"Organization","@id":"https:\/\/lospoliticosveracruz.com\/#organization","name":"Los pol\u00edticos Veracruz","url":"https:\/\/lospoliticosveracruz.com\/","logo":{"@type":"ImageObject","inLanguage":"es","@id":"https:\/\/lospoliticosveracruz.com\/#\/schema\/logo\/image\/","url":"https:\/\/lospoliticosveracruz.com\/wp-content\/uploads\/2025\/12\/Logo-Nuevo-LOS-POLITICOS-1.jpg","contentUrl":"https:\/\/lospoliticosveracruz.com\/wp-content\/uploads\/2025\/12\/Logo-Nuevo-LOS-POLITICOS-1.jpg","width":260,"height":70,"caption":"Los pol\u00edticos Veracruz"},"image":{"@id":"https:\/\/lospoliticosveracruz.com\/#\/schema\/logo\/image\/"},"sameAs":["https:\/\/www.facebook.com\/people\/Notimemes-de-los-Polticos\/61565672886568\/","https:\/\/x.com\/LosPoliticosVer"]},{"@type":"Person","@id":"https:\/\/lospoliticosveracruz.com\/#\/schema\/person\/b8702bb0e538456e6efd07080bf2a4a2","name":"Lo viste en Los Pol\u00edticos","image":{"@type":"ImageObject","inLanguage":"es","@id":"https:\/\/secure.gravatar.com\/avatar\/3a8de04a2656d44082be478bd6c086daa447c4651605818287b9532d3d0bd435?s=96&d=mm&r=g","url":"https:\/\/secure.gravatar.com\/avatar\/3a8de04a2656d44082be478bd6c086daa447c4651605818287b9532d3d0bd435?s=96&d=mm&r=g","contentUrl":"https:\/\/secure.gravatar.com\/avatar\/3a8de04a2656d44082be478bd6c086daa447c4651605818287b9532d3d0bd435?s=96&d=mm&r=g","caption":"Lo viste en Los Pol\u00edticos"},"url":"https:\/\/lospoliticosveracruz.com\/?author=2"}]}},"_links":{"self":[{"href":"https:\/\/lospoliticosveracruz.com\/index.php?rest_route=\/wp\/v2\/posts\/34435","targetHints":{"allow":["GET"]}}],"collection":[{"href":"https:\/\/lospoliticosveracruz.com\/index.php?rest_route=\/wp\/v2\/posts"}],"about":[{"href":"https:\/\/lospoliticosveracruz.com\/index.php?rest_route=\/wp\/v2\/types\/post"}],"author":[{"embeddable":true,"href":"https:\/\/lospoliticosveracruz.com\/index.php?rest_route=\/wp\/v2\/users\/2"}],"replies":[{"embeddable":true,"href":"https:\/\/lospoliticosveracruz.com\/index.php?rest_route=%2Fwp%2Fv2%2Fcomments&post=34435"}],"version-history":[{"count":2,"href":"https:\/\/lospoliticosveracruz.com\/index.php?rest_route=\/wp\/v2\/posts\/34435\/revisions"}],"predecessor-version":[{"id":34437,"href":"https:\/\/lospoliticosveracruz.com\/index.php?rest_route=\/wp\/v2\/posts\/34435\/revisions\/34437"}],"wp:attachment":[{"href":"https:\/\/lospoliticosveracruz.com\/index.php?rest_route=%2Fwp%2Fv2%2Fmedia&parent=34435"}],"wp:term":[{"taxonomy":"category","embeddable":true,"href":"https:\/\/lospoliticosveracruz.com\/index.php?rest_route=%2Fwp%2Fv2%2Fcategories&post=34435"},{"taxonomy":"post_tag","embeddable":true,"href":"https:\/\/lospoliticosveracruz.com\/index.php?rest_route=%2Fwp%2Fv2%2Ftags&post=34435"}],"curies":[{"name":"wp","href":"https:\/\/api.w.org\/{rel}","templated":true}]}}