{"id":34446,"date":"2017-06-14T22:16:38","date_gmt":"2017-06-15T03:16:38","guid":{"rendered":"http:\/\/www.lospoliticosveracruz.com.mx\/?p=34446"},"modified":"2017-06-14T22:16:38","modified_gmt":"2017-06-15T03:16:38","slug":"anemia-legislativa","status":"publish","type":"post","link":"https:\/\/lospoliticosveracruz.com\/?p=34446","title":{"rendered":"Anemia legislativa"},"content":{"rendered":"<p><strong>Salvador Mu\u00f1oz<\/strong><\/p>\n<p><em>Los Pol\u00edticos<\/em><\/p>\n<p>&nbsp;<br \/>\nEs cuesti\u00f3n de observar y preguntar: \u00bfQui\u00e9n falta por salir en un audio, un video, un esc\u00e1ndalo? Al menos las tres cabezas de bancada m\u00e1s importantes y de peso en la LXIV Legislatura han recibido sendos golpes en el ment\u00f3n que los ha dejado a punto del nocaut y s\u00f3lo la cuenta de protecci\u00f3n los mantiene en pie.<br \/>\nPrimero, si no mal recuerdo, zarandearon a Amado Cruz Malpica cuando Eva Cadena Sandoval lo se\u00f1al\u00f3 junto con Roc\u00edo Nahle, de ser uno de los \u201crecaudadores\u201d de Andr\u00e9s Manuel L\u00f3pez Obrador adem\u00e1s de \u201cenviarle\u201d parientes con el dinero donde es videograbada la ex candidata a la alcald\u00eda por Las Choapas. A ello agregue despu\u00e9s, ese famoso \u201cApoyo por bancada\u201d que mensualmente recibe cada fracci\u00f3n legislativa sin que al menos Zenyazen Roberto Escobar Garc\u00eda estuviera enterado de que la bancada de Morena, a la que pertenece, le diera cuenta de ese mill\u00f3n y cacho&#8230;<br \/>\nEn el siguiente caso, no s\u00e9 qu\u00e9 fue primero, si Sergio Hern\u00e1ndez o Juan Callejas Rold\u00e1n&#8230; pero para no perder el hilo nos enfocamos al caso del diputado azul y cabeza de manada no s\u00f3lo de los suspiritos celestes, sino tambi\u00e9n tim\u00f3n de la Junta de Coordinaci\u00f3n Pol\u00edtica, quien fuera balconeado por un audio donde su compa\u00f1era de bancada Cinthya Lobato le exige cuentas claras porque no ve transparencia en el uso de los recursos (ya lo de las borracheras, mujeres y drogas era como el saz\u00f3n, la sal, el chilito para aderezar el taco) que el coordinador, acusa la legisladora, hace uso discrecional de ellos&#8230;<br \/>\nPor \u00faltimo, Juan Callejas Rold\u00e1n, cabeza de manada de la fracci\u00f3n legislativa del PRI. Al hijo del l\u00edder del Equipo Pol\u00edtico (nuevamente sale a escena) Eva Cadena lo se\u00f1ala de ser quien le entrega el dinero para el pago de un rescate ante un secuestro, en su tercer pel\u00edcula, tercera telenovela, tercer cuento, como quiera llamarlo, aunque en este caso, bien vale la pena comentar que la misma diputada independiente aclar\u00f3 que \u201cse malinterpret\u00f3\u201d su declaraci\u00f3n tratando al final de deslindar al hijo del Profe Callejas&#8230; pero el palo ya estaba dado. \u00a1De milagro el Fiscal \u201cN\u201d no llam\u00f3 a Callejitas para que respondiera por lo que dijo Eva!<br \/>\nEn total, son tres cabezas de manada legislativa que han sido expuestas al escarnio p\u00fablico, a la duda, a la sospecha lo que da lugar a no extra\u00f1ar a la pasada Legislatura y ponerse a pensar en un momento dado, qu\u00e9 motiva el golpeteo, justificado o no, con raz\u00f3n o no, a estas figuras.<br \/>\n(Bien vale la pena comentar tambi\u00e9n el \u201cestate quieto\u201d que le acomodaron al diputado Sergio Rodr\u00edguez Cort\u00e9s exhibiendo \u201cel triunfo de Baco\u201d o la orden de aprehensi\u00f3n en su contra por una transa que hizo con una camioneta)<br \/>\nLa respuesta a la pregunta anterior la puedo responder con un simple \u201cQui\u00e9n sabe qu\u00e9 motiva la madriza\u201d, pero algo me queda claro: Ante la opini\u00f3n p\u00fablica, tenemos un Congreso, al menos en sus representantes de bancada, que prometi\u00f3 un cambio, prometi\u00f3 transparencia, prometi\u00f3 tanto, y pareciera que viene a ser m\u00e1s de lo mismo o en un momento dado, peor que los otros.<br \/>\nQu\u00e9 origina entonces esta percepci\u00f3n: un Poder Legislativo d\u00e9bil, que no \u201cdevil\u201d&#8230;<br \/>\nAhora, habr\u00eda que preguntarse a qui\u00e9n beneficia un Congreso an\u00e9mico, sin fuerza, sin m\u00fasculo&#8230;<br \/>\nQuiz\u00e1s esa pregunta la tendr\u00eda que responder quien ejerce si no control, s\u00ed cierta influencia en otro poder, como puede ser el Judicial, y en un momento dado, en la Fiscal\u00eda General del Estado&#8230; que sea el tiempo y los esc\u00e1ndalos al final los que nos den la respuesta.<br \/>\nsmcainito@gmail.com<\/p>\n","protected":false},"excerpt":{"rendered":"<p>Salvador Mu\u00f1oz Los Pol\u00edticos &nbsp; Es cuesti\u00f3n de observar y preguntar: \u00bfQui\u00e9n falta por salir en un audio, un video, un esc\u00e1ndalo? Al menos las tres cabezas de bancada m\u00e1s importantes y de peso en la LXIV Legislatura han recibido sendos golpes en el ment\u00f3n que los ha dejado a punto del nocaut y s\u00f3lo [&hellip;]<\/p>\n","protected":false},"author":2,"featured_media":0,"comment_status":"open","ping_status":"open","sticky":false,"template":"","format":"standard","meta":{"tdm_status":"","tdm_grid_status":"","footnotes":""},"categories":[70],"tags":[5618,993,8113,8579,6142],"class_list":{"0":"post-34446","1":"post","2":"type-post","3":"status-publish","4":"format-standard","6":"category-de-opinion","7":"tag-amado-cruz-malpica","8":"tag-cinthya-lobato","9":"tag-eva-cadena","10":"tag-juan-callejas-roldan","11":"tag-sergio-hernandez"},"yoast_head":"<!-- This site is optimized with the Yoast SEO plugin v27.4 - https:\/\/yoast.com\/product\/yoast-seo-wordpress\/ -->\n<title>Anemia legislativa - Los pol\u00edticos Veracruz<\/title>\n<meta name=\"robots\" content=\"index, follow, max-snippet:-1, max-image-preview:large, max-video-preview:-1\" \/>\n<link rel=\"canonical\" href=\"https:\/\/lospoliticosveracruz.com\/?p=34446\" \/>\n<meta property=\"og:locale\" content=\"es_ES\" \/>\n<meta property=\"og:type\" content=\"article\" \/>\n<meta property=\"og:title\" content=\"Anemia legislativa - Los pol\u00edticos Veracruz\" \/>\n<meta property=\"og:description\" content=\"Salvador Mu\u00f1oz Los Pol\u00edticos &nbsp; Es cuesti\u00f3n de observar y preguntar: \u00bfQui\u00e9n falta por salir en un audio, un video, un esc\u00e1ndalo? Al menos las tres cabezas de bancada m\u00e1s importantes y de peso en la LXIV Legislatura han recibido sendos golpes en el ment\u00f3n que los ha dejado a punto del nocaut y s\u00f3lo [&hellip;]\" \/>\n<meta property=\"og:url\" content=\"https:\/\/lospoliticosveracruz.com\/?p=34446\" \/>\n<meta property=\"og:site_name\" content=\"Los pol\u00edticos Veracruz\" \/>\n<meta property=\"article:publisher\" content=\"https:\/\/www.facebook.com\/people\/Notimemes-de-los-Polticos\/61565672886568\/\" \/>\n<meta property=\"article:published_time\" content=\"2017-06-15T03:16:38+00:00\" \/>\n<meta property=\"og:image\" content=\"https:\/\/lospoliticosveracruz.com\/wp-content\/uploads\/2016\/07\/Logo-Dor.jpg\" \/>\n\t<meta property=\"og:image:width\" content=\"200\" \/>\n\t<meta property=\"og:image:height\" content=\"200\" \/>\n\t<meta property=\"og:image:type\" content=\"image\/jpeg\" \/>\n<meta name=\"author\" content=\"Lo viste en Los Pol\u00edticos\" \/>\n<meta name=\"twitter:card\" content=\"summary_large_image\" \/>\n<meta name=\"twitter:creator\" content=\"@LosPoliticosVer\" \/>\n<meta name=\"twitter:site\" content=\"@LosPoliticosVer\" \/>\n<meta name=\"twitter:label1\" content=\"Escrito por\" \/>\n\t<meta name=\"twitter:data1\" content=\"Lo viste en Los Pol\u00edticos\" \/>\n\t<meta name=\"twitter:label2\" content=\"Tiempo de lectura\" \/>\n\t<meta name=\"twitter:data2\" content=\"3 minutos\" \/>\n<script type=\"application\/ld+json\" class=\"yoast-schema-graph\">{\"@context\":\"https:\\\/\\\/schema.org\",\"@graph\":[{\"@type\":\"Article\",\"@id\":\"https:\\\/\\\/lospoliticosveracruz.com\\\/?p=34446#article\",\"isPartOf\":{\"@id\":\"https:\\\/\\\/lospoliticosveracruz.com\\\/?p=34446\"},\"author\":{\"name\":\"Lo viste en Los Pol\u00edticos\",\"@id\":\"https:\\\/\\\/lospoliticosveracruz.com\\\/#\\\/schema\\\/person\\\/b8702bb0e538456e6efd07080bf2a4a2\"},\"headline\":\"Anemia legislativa\",\"datePublished\":\"2017-06-15T03:16:38+00:00\",\"mainEntityOfPage\":{\"@id\":\"https:\\\/\\\/lospoliticosveracruz.com\\\/?p=34446\"},\"wordCount\":663,\"commentCount\":0,\"publisher\":{\"@id\":\"https:\\\/\\\/lospoliticosveracruz.com\\\/#organization\"},\"keywords\":[\"Amado Cruz Malpica\",\"Cinthya Lobato\",\"Eva Cadena\",\"Juan Callejas Rold\u00e1n\",\"Sergio Hern\u00e1ndez\"],\"articleSection\":[\"De Opini\u00f3n\"],\"inLanguage\":\"es\",\"potentialAction\":[{\"@type\":\"CommentAction\",\"name\":\"Comment\",\"target\":[\"https:\\\/\\\/lospoliticosveracruz.com\\\/?p=34446#respond\"]}]},{\"@type\":\"WebPage\",\"@id\":\"https:\\\/\\\/lospoliticosveracruz.com\\\/?p=34446\",\"url\":\"https:\\\/\\\/lospoliticosveracruz.com\\\/?p=34446\",\"name\":\"Anemia legislativa - Los pol\u00edticos Veracruz\",\"isPartOf\":{\"@id\":\"https:\\\/\\\/lospoliticosveracruz.com\\\/#website\"},\"datePublished\":\"2017-06-15T03:16:38+00:00\",\"breadcrumb\":{\"@id\":\"https:\\\/\\\/lospoliticosveracruz.com\\\/?p=34446#breadcrumb\"},\"inLanguage\":\"es\",\"potentialAction\":[{\"@type\":\"ReadAction\",\"target\":[\"https:\\\/\\\/lospoliticosveracruz.com\\\/?p=34446\"]}]},{\"@type\":\"BreadcrumbList\",\"@id\":\"https:\\\/\\\/lospoliticosveracruz.com\\\/?p=34446#breadcrumb\",\"itemListElement\":[{\"@type\":\"ListItem\",\"position\":1,\"name\":\"Portada\",\"item\":\"https:\\\/\\\/lospoliticosveracruz.com\\\/\"},{\"@type\":\"ListItem\",\"position\":2,\"name\":\"Anemia legislativa\"}]},{\"@type\":\"WebSite\",\"@id\":\"https:\\\/\\\/lospoliticosveracruz.com\\\/#website\",\"url\":\"https:\\\/\\\/lospoliticosveracruz.com\\\/\",\"name\":\"Los pol\u00edticos Veracruz\",\"description\":\"\",\"publisher\":{\"@id\":\"https:\\\/\\\/lospoliticosveracruz.com\\\/#organization\"},\"potentialAction\":[{\"@type\":\"SearchAction\",\"target\":{\"@type\":\"EntryPoint\",\"urlTemplate\":\"https:\\\/\\\/lospoliticosveracruz.com\\\/?s={search_term_string}\"},\"query-input\":{\"@type\":\"PropertyValueSpecification\",\"valueRequired\":true,\"valueName\":\"search_term_string\"}}],\"inLanguage\":\"es\"},{\"@type\":\"Organization\",\"@id\":\"https:\\\/\\\/lospoliticosveracruz.com\\\/#organization\",\"name\":\"Los pol\u00edticos Veracruz\",\"url\":\"https:\\\/\\\/lospoliticosveracruz.com\\\/\",\"logo\":{\"@type\":\"ImageObject\",\"inLanguage\":\"es\",\"@id\":\"https:\\\/\\\/lospoliticosveracruz.com\\\/#\\\/schema\\\/logo\\\/image\\\/\",\"url\":\"https:\\\/\\\/lospoliticosveracruz.com\\\/wp-content\\\/uploads\\\/2025\\\/12\\\/Logo-Nuevo-LOS-POLITICOS-1.jpg\",\"contentUrl\":\"https:\\\/\\\/lospoliticosveracruz.com\\\/wp-content\\\/uploads\\\/2025\\\/12\\\/Logo-Nuevo-LOS-POLITICOS-1.jpg\",\"width\":260,\"height\":70,\"caption\":\"Los pol\u00edticos Veracruz\"},\"image\":{\"@id\":\"https:\\\/\\\/lospoliticosveracruz.com\\\/#\\\/schema\\\/logo\\\/image\\\/\"},\"sameAs\":[\"https:\\\/\\\/www.facebook.com\\\/people\\\/Notimemes-de-los-Polticos\\\/61565672886568\\\/\",\"https:\\\/\\\/x.com\\\/LosPoliticosVer\"]},{\"@type\":\"Person\",\"@id\":\"https:\\\/\\\/lospoliticosveracruz.com\\\/#\\\/schema\\\/person\\\/b8702bb0e538456e6efd07080bf2a4a2\",\"name\":\"Lo viste en Los Pol\u00edticos\",\"image\":{\"@type\":\"ImageObject\",\"inLanguage\":\"es\",\"@id\":\"https:\\\/\\\/secure.gravatar.com\\\/avatar\\\/3a8de04a2656d44082be478bd6c086daa447c4651605818287b9532d3d0bd435?s=96&d=mm&r=g\",\"url\":\"https:\\\/\\\/secure.gravatar.com\\\/avatar\\\/3a8de04a2656d44082be478bd6c086daa447c4651605818287b9532d3d0bd435?s=96&d=mm&r=g\",\"contentUrl\":\"https:\\\/\\\/secure.gravatar.com\\\/avatar\\\/3a8de04a2656d44082be478bd6c086daa447c4651605818287b9532d3d0bd435?s=96&d=mm&r=g\",\"caption\":\"Lo viste en Los Pol\u00edticos\"},\"url\":\"https:\\\/\\\/lospoliticosveracruz.com\\\/?author=2\"}]}<\/script>\n<!-- \/ Yoast SEO plugin. -->","yoast_head_json":{"title":"Anemia legislativa - Los pol\u00edticos Veracruz","robots":{"index":"index","follow":"follow","max-snippet":"max-snippet:-1","max-image-preview":"max-image-preview:large","max-video-preview":"max-video-preview:-1"},"canonical":"https:\/\/lospoliticosveracruz.com\/?p=34446","og_locale":"es_ES","og_type":"article","og_title":"Anemia legislativa - Los pol\u00edticos Veracruz","og_description":"Salvador Mu\u00f1oz Los Pol\u00edticos &nbsp; Es cuesti\u00f3n de observar y preguntar: \u00bfQui\u00e9n falta por salir en un audio, un video, un esc\u00e1ndalo? Al menos las tres cabezas de bancada m\u00e1s importantes y de peso en la LXIV Legislatura han recibido sendos golpes en el ment\u00f3n que los ha dejado a punto del nocaut y s\u00f3lo [&hellip;]","og_url":"https:\/\/lospoliticosveracruz.com\/?p=34446","og_site_name":"Los pol\u00edticos Veracruz","article_publisher":"https:\/\/www.facebook.com\/people\/Notimemes-de-los-Polticos\/61565672886568\/","article_published_time":"2017-06-15T03:16:38+00:00","og_image":[{"width":200,"height":200,"url":"https:\/\/lospoliticosveracruz.com\/wp-content\/uploads\/2016\/07\/Logo-Dor.jpg","type":"image\/jpeg"}],"author":"Lo viste en Los Pol\u00edticos","twitter_card":"summary_large_image","twitter_creator":"@LosPoliticosVer","twitter_site":"@LosPoliticosVer","twitter_misc":{"Escrito por":"Lo viste en Los Pol\u00edticos","Tiempo de lectura":"3 minutos"},"schema":{"@context":"https:\/\/schema.org","@graph":[{"@type":"Article","@id":"https:\/\/lospoliticosveracruz.com\/?p=34446#article","isPartOf":{"@id":"https:\/\/lospoliticosveracruz.com\/?p=34446"},"author":{"name":"Lo viste en Los Pol\u00edticos","@id":"https:\/\/lospoliticosveracruz.com\/#\/schema\/person\/b8702bb0e538456e6efd07080bf2a4a2"},"headline":"Anemia legislativa","datePublished":"2017-06-15T03:16:38+00:00","mainEntityOfPage":{"@id":"https:\/\/lospoliticosveracruz.com\/?p=34446"},"wordCount":663,"commentCount":0,"publisher":{"@id":"https:\/\/lospoliticosveracruz.com\/#organization"},"keywords":["Amado Cruz Malpica","Cinthya Lobato","Eva Cadena","Juan Callejas Rold\u00e1n","Sergio Hern\u00e1ndez"],"articleSection":["De Opini\u00f3n"],"inLanguage":"es","potentialAction":[{"@type":"CommentAction","name":"Comment","target":["https:\/\/lospoliticosveracruz.com\/?p=34446#respond"]}]},{"@type":"WebPage","@id":"https:\/\/lospoliticosveracruz.com\/?p=34446","url":"https:\/\/lospoliticosveracruz.com\/?p=34446","name":"Anemia legislativa - Los pol\u00edticos Veracruz","isPartOf":{"@id":"https:\/\/lospoliticosveracruz.com\/#website"},"datePublished":"2017-06-15T03:16:38+00:00","breadcrumb":{"@id":"https:\/\/lospoliticosveracruz.com\/?p=34446#breadcrumb"},"inLanguage":"es","potentialAction":[{"@type":"ReadAction","target":["https:\/\/lospoliticosveracruz.com\/?p=34446"]}]},{"@type":"BreadcrumbList","@id":"https:\/\/lospoliticosveracruz.com\/?p=34446#breadcrumb","itemListElement":[{"@type":"ListItem","position":1,"name":"Portada","item":"https:\/\/lospoliticosveracruz.com\/"},{"@type":"ListItem","position":2,"name":"Anemia legislativa"}]},{"@type":"WebSite","@id":"https:\/\/lospoliticosveracruz.com\/#website","url":"https:\/\/lospoliticosveracruz.com\/","name":"Los pol\u00edticos Veracruz","description":"","publisher":{"@id":"https:\/\/lospoliticosveracruz.com\/#organization"},"potentialAction":[{"@type":"SearchAction","target":{"@type":"EntryPoint","urlTemplate":"https:\/\/lospoliticosveracruz.com\/?s={search_term_string}"},"query-input":{"@type":"PropertyValueSpecification","valueRequired":true,"valueName":"search_term_string"}}],"inLanguage":"es"},{"@type":"Organization","@id":"https:\/\/lospoliticosveracruz.com\/#organization","name":"Los pol\u00edticos Veracruz","url":"https:\/\/lospoliticosveracruz.com\/","logo":{"@type":"ImageObject","inLanguage":"es","@id":"https:\/\/lospoliticosveracruz.com\/#\/schema\/logo\/image\/","url":"https:\/\/lospoliticosveracruz.com\/wp-content\/uploads\/2025\/12\/Logo-Nuevo-LOS-POLITICOS-1.jpg","contentUrl":"https:\/\/lospoliticosveracruz.com\/wp-content\/uploads\/2025\/12\/Logo-Nuevo-LOS-POLITICOS-1.jpg","width":260,"height":70,"caption":"Los pol\u00edticos Veracruz"},"image":{"@id":"https:\/\/lospoliticosveracruz.com\/#\/schema\/logo\/image\/"},"sameAs":["https:\/\/www.facebook.com\/people\/Notimemes-de-los-Polticos\/61565672886568\/","https:\/\/x.com\/LosPoliticosVer"]},{"@type":"Person","@id":"https:\/\/lospoliticosveracruz.com\/#\/schema\/person\/b8702bb0e538456e6efd07080bf2a4a2","name":"Lo viste en Los Pol\u00edticos","image":{"@type":"ImageObject","inLanguage":"es","@id":"https:\/\/secure.gravatar.com\/avatar\/3a8de04a2656d44082be478bd6c086daa447c4651605818287b9532d3d0bd435?s=96&d=mm&r=g","url":"https:\/\/secure.gravatar.com\/avatar\/3a8de04a2656d44082be478bd6c086daa447c4651605818287b9532d3d0bd435?s=96&d=mm&r=g","contentUrl":"https:\/\/secure.gravatar.com\/avatar\/3a8de04a2656d44082be478bd6c086daa447c4651605818287b9532d3d0bd435?s=96&d=mm&r=g","caption":"Lo viste en Los Pol\u00edticos"},"url":"https:\/\/lospoliticosveracruz.com\/?author=2"}]}},"_links":{"self":[{"href":"https:\/\/lospoliticosveracruz.com\/index.php?rest_route=\/wp\/v2\/posts\/34446","targetHints":{"allow":["GET"]}}],"collection":[{"href":"https:\/\/lospoliticosveracruz.com\/index.php?rest_route=\/wp\/v2\/posts"}],"about":[{"href":"https:\/\/lospoliticosveracruz.com\/index.php?rest_route=\/wp\/v2\/types\/post"}],"author":[{"embeddable":true,"href":"https:\/\/lospoliticosveracruz.com\/index.php?rest_route=\/wp\/v2\/users\/2"}],"replies":[{"embeddable":true,"href":"https:\/\/lospoliticosveracruz.com\/index.php?rest_route=%2Fwp%2Fv2%2Fcomments&post=34446"}],"version-history":[{"count":2,"href":"https:\/\/lospoliticosveracruz.com\/index.php?rest_route=\/wp\/v2\/posts\/34446\/revisions"}],"predecessor-version":[{"id":34469,"href":"https:\/\/lospoliticosveracruz.com\/index.php?rest_route=\/wp\/v2\/posts\/34446\/revisions\/34469"}],"wp:attachment":[{"href":"https:\/\/lospoliticosveracruz.com\/index.php?rest_route=%2Fwp%2Fv2%2Fmedia&parent=34446"}],"wp:term":[{"taxonomy":"category","embeddable":true,"href":"https:\/\/lospoliticosveracruz.com\/index.php?rest_route=%2Fwp%2Fv2%2Fcategories&post=34446"},{"taxonomy":"post_tag","embeddable":true,"href":"https:\/\/lospoliticosveracruz.com\/index.php?rest_route=%2Fwp%2Fv2%2Ftags&post=34446"}],"curies":[{"name":"wp","href":"https:\/\/api.w.org\/{rel}","templated":true}]}}