{"id":34557,"date":"2017-06-19T13:05:39","date_gmt":"2017-06-19T18:05:39","guid":{"rendered":"http:\/\/www.lospoliticosveracruz.com.mx\/?p=34557"},"modified":"2017-06-19T13:05:39","modified_gmt":"2017-06-19T18:05:39","slug":"los-perfiles-de-2018-1","status":"publish","type":"post","link":"https:\/\/lospoliticosveracruz.com\/?p=34557","title":{"rendered":"Los perfiles de 2018 (1)"},"content":{"rendered":"<p><strong>David Carri\u00f3n <\/strong><\/p>\n<p><em>Tragos de caf\u00e9<\/em><\/p>\n<p>\u00abEl que se mueve, no sale en la foto\u00bb, una frase perpetua en el tab\u00fa ide\u00e1tico del pol\u00edtico mexicano, consagrada por el mism\u00edsimo Fidel Vel\u00e1zquez. Su apolog\u00eda de la sumisi\u00f3n al poder por el poder no puede ser m\u00e1s exacta en estos momentos de crisis partidocr\u00e1tica.<\/p>\n<p>En PRImer lugar, se empieza por barrer la casa. En cuesti\u00f3n de meses los legatarios posibles del que Reza por no irse, pero del cual no habr\u00e1 ni sacrist\u00e1n que con penitencia lo absuelva, se encaminan hacia el control de la sucesi\u00f3n del 2018.<\/p>\n<p>Emilio Gamboa Patr\u00f3n, coordinador de la bancada del PRI en la C\u00e1mara de Senadores, ha sabido mantener amistades con sus compa\u00f1eros de esca\u00f1o, arrop\u00e1ndolos en comederos pol\u00edticos de la Ciudad de M\u00e9xico. El coordinador mantiene siempre la comunicaci\u00f3n con sus hom\u00f3logos. Es el caso en Veracruz de H\u00e9ctor Yunes Landa, quien no titubea para contestarle al senador Gamboa.<\/p>\n<p>Si por el contrario la balanza se inclina al grupo itamita de Los Pinos, el titular de la Sagarpa, el secretario Pepe Calzada Rovirosa, ser\u00eda el alfil perfecto del grupo que encabeza Videgaray.<\/p>\n<p>En otro escenario, si Miguel \u00c1ngel Osorio Chong aprieta la cu\u00f1a para candidatearse en el 2018, ser\u00eda Jorge Reyes Baeza, actual titular del ISSSTE, a quien el destino lo dej\u00f3 en un lugar privilegiado y que ha sabido capitalizar tambi\u00e9n con otro presidenciable, el doctor Jos\u00e9 Narro Robles. Para el actual presidente del PRI de Veracruz representa una carta fuerte. Recordemos que originalmente fue Secretario Particular de Sebasti\u00e1n Lerdo de Tejada, y tras su lamentable fallecimiento persisti\u00f3 como Delegado en Veracruz.<\/p>\n<p>Todo aquello debe quedar resuelto para antes de la XXII Asamblea Nacional del PRI, en la primera quincena de agosto, cuando el presidente Enrique Pe\u00f1a Nieto tomar\u00e1 cuenta de los resultados de las elecciones de 2017.<\/p>\n<p>Si para ese entonces no se ha resuelto nada, tome por seguro que la actual Secretaria General, Claudia Ruiz Massieu, ser\u00e1 la sexta mujer Presidenta del PRI, pero temporalmente hasta que haya alg\u00fan elegido.<\/p>\n<p>&nbsp;<\/p>\n<p>\u00bfA qu\u00e9 hora salen por el PAN?<\/p>\n<p>&nbsp;<\/p>\n<p>En la palestra actual se juega la presidencia de Acci\u00f3n Nacional, y de ah\u00ed la candidatura para 2018.<\/p>\n<p>Ricardo Anaya, como presidente del PAN en el \u00faltimo proceso, logr\u00f3 la victoria en Nayarit, con Antonio Echevarr\u00eda Garc\u00eda, y en Veracruz con 107 municipios. Pero su principal adversaria, la exprimera dama Margarita Zavala, le critica la desastrosa ca\u00edda en el EdoMex, en donde no logr\u00f3 ni el bronce.<\/p>\n<p>De Margarita Zavala se puede decir que no ha sido objeto de esc\u00e1ndalos, pero su punto en contra no es ser ex primera dama, sino serlo de Felipe Calder\u00f3n.<\/p>\n<p>Luego est\u00e1n el actual gobernador Miguel \u00c1ngel Yunes Linares, quien apuntala todas sus cartas para 2018. Un hijo alcalde electo por Veracruz, y su otro hijo alcalde de Boca del R\u00edo se puede asumir (por default) ir\u00e1 por la gubernatura de 2018-2024. Miguel \u00c1ngel Yunes es tambi\u00e9n carta para el a\u00f1o entrante por la simple raz\u00f3n de ser el \u00fanico, hasta ahora, que ha mantenido una diatriba abierta contra Andr\u00e9s Manuel L\u00f3pez Obrador, quien por su parte tambi\u00e9n le ha entrado al juego.<\/p>\n<p>Moreno Valle, el ex Gobernador de Puebla, mantiene una extensa campa\u00f1a publicitaria de su imagen por medio de su libro La fuerza del cambio, una propaganda disfrazada y dirigida a nivel nacional. Y si usted no quiere malgastar $250 pesos en el autoelogio de Moreno Valle, la misma editorial lo da gratis: <a href=\"http:\/\/www.goo.gl\/hE3E3n\">goo.gl\/hE3E3n<\/a><\/p>\n<p>\u00bfY los dem\u00e1s? S\u00edrvanme m\u00e1s caf\u00e9\u2026<\/p>\n<p>@DavoCarri\u00f3n<\/p>\n<p>www.journalveracruz.com<\/p>\n","protected":false},"excerpt":{"rendered":"<p>David Carri\u00f3n Tragos de caf\u00e9 \u00abEl que se mueve, no sale en la foto\u00bb, una frase perpetua en el tab\u00fa ide\u00e1tico del pol\u00edtico mexicano, consagrada por el mism\u00edsimo Fidel Vel\u00e1zquez. Su apolog\u00eda de la sumisi\u00f3n al poder por el poder no puede ser m\u00e1s exacta en estos momentos de crisis partidocr\u00e1tica. En PRImer lugar, se [&hellip;]<\/p>\n","protected":false},"author":2,"featured_media":0,"comment_status":"open","ping_status":"open","sticky":false,"template":"","format":"standard","meta":{"tdm_status":"","tdm_grid_status":"","footnotes":""},"categories":[70],"tags":[8613,1598,281,175,348,8614,4740,445,5570,251,2808],"class_list":{"0":"post-34557","1":"post","2":"type-post","3":"status-publish","4":"format-standard","6":"category-de-opinion","7":"tag-camara-de-senadores","8":"tag-emilio-gamboa-patron","9":"tag-enrique-pena-nieto","10":"tag-fidel-velazquez","11":"tag-hector-yunes-landa","12":"tag-jorge-reyes-baeza","13":"tag-jose-narro-robles","14":"tag-miguel-angel-osorio-chong","15":"tag-pepe-calzada-rovirosa","16":"tag-pri","17":"tag-sebastian-lerdo-de-tejada"},"yoast_head":"<!-- This site is optimized with the Yoast SEO plugin v27.4 - https:\/\/yoast.com\/product\/yoast-seo-wordpress\/ -->\n<title>Los perfiles de 2018 (1) - Los pol\u00edticos Veracruz<\/title>\n<meta name=\"robots\" content=\"index, follow, max-snippet:-1, max-image-preview:large, max-video-preview:-1\" \/>\n<link rel=\"canonical\" href=\"https:\/\/lospoliticosveracruz.com\/?p=34557\" \/>\n<meta property=\"og:locale\" content=\"es_ES\" \/>\n<meta property=\"og:type\" content=\"article\" \/>\n<meta property=\"og:title\" content=\"Los perfiles de 2018 (1) - Los pol\u00edticos Veracruz\" \/>\n<meta property=\"og:description\" content=\"David Carri\u00f3n Tragos de caf\u00e9 \u00abEl que se mueve, no sale en la foto\u00bb, una frase perpetua en el tab\u00fa ide\u00e1tico del pol\u00edtico mexicano, consagrada por el mism\u00edsimo Fidel Vel\u00e1zquez. Su apolog\u00eda de la sumisi\u00f3n al poder por el poder no puede ser m\u00e1s exacta en estos momentos de crisis partidocr\u00e1tica. En PRImer lugar, se [&hellip;]\" \/>\n<meta property=\"og:url\" content=\"https:\/\/lospoliticosveracruz.com\/?p=34557\" \/>\n<meta property=\"og:site_name\" content=\"Los pol\u00edticos Veracruz\" \/>\n<meta property=\"article:publisher\" content=\"https:\/\/www.facebook.com\/people\/Notimemes-de-los-Polticos\/61565672886568\/\" \/>\n<meta property=\"article:published_time\" content=\"2017-06-19T18:05:39+00:00\" \/>\n<meta property=\"og:image\" content=\"https:\/\/lospoliticosveracruz.com\/wp-content\/uploads\/2016\/07\/Logo-Dor.jpg\" \/>\n\t<meta property=\"og:image:width\" content=\"200\" \/>\n\t<meta property=\"og:image:height\" content=\"200\" \/>\n\t<meta property=\"og:image:type\" content=\"image\/jpeg\" \/>\n<meta name=\"author\" content=\"Lo viste en Los Pol\u00edticos\" \/>\n<meta name=\"twitter:card\" content=\"summary_large_image\" \/>\n<meta name=\"twitter:creator\" content=\"@LosPoliticosVer\" \/>\n<meta name=\"twitter:site\" content=\"@LosPoliticosVer\" \/>\n<meta name=\"twitter:label1\" content=\"Escrito por\" \/>\n\t<meta name=\"twitter:data1\" content=\"Lo viste en Los Pol\u00edticos\" \/>\n\t<meta name=\"twitter:label2\" content=\"Tiempo de lectura\" \/>\n\t<meta name=\"twitter:data2\" content=\"3 minutos\" \/>\n<script type=\"application\/ld+json\" class=\"yoast-schema-graph\">{\"@context\":\"https:\\\/\\\/schema.org\",\"@graph\":[{\"@type\":\"Article\",\"@id\":\"https:\\\/\\\/lospoliticosveracruz.com\\\/?p=34557#article\",\"isPartOf\":{\"@id\":\"https:\\\/\\\/lospoliticosveracruz.com\\\/?p=34557\"},\"author\":{\"name\":\"Lo viste en Los Pol\u00edticos\",\"@id\":\"https:\\\/\\\/lospoliticosveracruz.com\\\/#\\\/schema\\\/person\\\/b8702bb0e538456e6efd07080bf2a4a2\"},\"headline\":\"Los perfiles de 2018 (1)\",\"datePublished\":\"2017-06-19T18:05:39+00:00\",\"mainEntityOfPage\":{\"@id\":\"https:\\\/\\\/lospoliticosveracruz.com\\\/?p=34557\"},\"wordCount\":636,\"commentCount\":0,\"publisher\":{\"@id\":\"https:\\\/\\\/lospoliticosveracruz.com\\\/#organization\"},\"keywords\":[\"C\u00e1mara de Senadores\",\"Emilio Gamboa Patr\u00f3n\",\"Enrique Pe\u00f1a Nieto\",\"Fidel Vel\u00e1zquez\",\"H\u00e9ctor Yunes Landa\",\"Jorge Reyes Baeza\",\"Jos\u00e9 Narro Robles\",\"Miguel \u00c1ngel Osorio Chong\",\"Pepe Calzada Rovirosa\",\"PRI\",\"Sebasti\u00e1n Lerdo de Tejada\"],\"articleSection\":[\"De Opini\u00f3n\"],\"inLanguage\":\"es\",\"potentialAction\":[{\"@type\":\"CommentAction\",\"name\":\"Comment\",\"target\":[\"https:\\\/\\\/lospoliticosveracruz.com\\\/?p=34557#respond\"]}]},{\"@type\":\"WebPage\",\"@id\":\"https:\\\/\\\/lospoliticosveracruz.com\\\/?p=34557\",\"url\":\"https:\\\/\\\/lospoliticosveracruz.com\\\/?p=34557\",\"name\":\"Los perfiles de 2018 (1) - Los pol\u00edticos Veracruz\",\"isPartOf\":{\"@id\":\"https:\\\/\\\/lospoliticosveracruz.com\\\/#website\"},\"datePublished\":\"2017-06-19T18:05:39+00:00\",\"breadcrumb\":{\"@id\":\"https:\\\/\\\/lospoliticosveracruz.com\\\/?p=34557#breadcrumb\"},\"inLanguage\":\"es\",\"potentialAction\":[{\"@type\":\"ReadAction\",\"target\":[\"https:\\\/\\\/lospoliticosveracruz.com\\\/?p=34557\"]}]},{\"@type\":\"BreadcrumbList\",\"@id\":\"https:\\\/\\\/lospoliticosveracruz.com\\\/?p=34557#breadcrumb\",\"itemListElement\":[{\"@type\":\"ListItem\",\"position\":1,\"name\":\"Portada\",\"item\":\"https:\\\/\\\/lospoliticosveracruz.com\\\/\"},{\"@type\":\"ListItem\",\"position\":2,\"name\":\"Los perfiles de 2018 (1)\"}]},{\"@type\":\"WebSite\",\"@id\":\"https:\\\/\\\/lospoliticosveracruz.com\\\/#website\",\"url\":\"https:\\\/\\\/lospoliticosveracruz.com\\\/\",\"name\":\"Los pol\u00edticos Veracruz\",\"description\":\"\",\"publisher\":{\"@id\":\"https:\\\/\\\/lospoliticosveracruz.com\\\/#organization\"},\"potentialAction\":[{\"@type\":\"SearchAction\",\"target\":{\"@type\":\"EntryPoint\",\"urlTemplate\":\"https:\\\/\\\/lospoliticosveracruz.com\\\/?s={search_term_string}\"},\"query-input\":{\"@type\":\"PropertyValueSpecification\",\"valueRequired\":true,\"valueName\":\"search_term_string\"}}],\"inLanguage\":\"es\"},{\"@type\":\"Organization\",\"@id\":\"https:\\\/\\\/lospoliticosveracruz.com\\\/#organization\",\"name\":\"Los pol\u00edticos Veracruz\",\"url\":\"https:\\\/\\\/lospoliticosveracruz.com\\\/\",\"logo\":{\"@type\":\"ImageObject\",\"inLanguage\":\"es\",\"@id\":\"https:\\\/\\\/lospoliticosveracruz.com\\\/#\\\/schema\\\/logo\\\/image\\\/\",\"url\":\"https:\\\/\\\/lospoliticosveracruz.com\\\/wp-content\\\/uploads\\\/2025\\\/12\\\/Logo-Nuevo-LOS-POLITICOS-1.jpg\",\"contentUrl\":\"https:\\\/\\\/lospoliticosveracruz.com\\\/wp-content\\\/uploads\\\/2025\\\/12\\\/Logo-Nuevo-LOS-POLITICOS-1.jpg\",\"width\":260,\"height\":70,\"caption\":\"Los pol\u00edticos Veracruz\"},\"image\":{\"@id\":\"https:\\\/\\\/lospoliticosveracruz.com\\\/#\\\/schema\\\/logo\\\/image\\\/\"},\"sameAs\":[\"https:\\\/\\\/www.facebook.com\\\/people\\\/Notimemes-de-los-Polticos\\\/61565672886568\\\/\",\"https:\\\/\\\/x.com\\\/LosPoliticosVer\"]},{\"@type\":\"Person\",\"@id\":\"https:\\\/\\\/lospoliticosveracruz.com\\\/#\\\/schema\\\/person\\\/b8702bb0e538456e6efd07080bf2a4a2\",\"name\":\"Lo viste en Los Pol\u00edticos\",\"image\":{\"@type\":\"ImageObject\",\"inLanguage\":\"es\",\"@id\":\"https:\\\/\\\/secure.gravatar.com\\\/avatar\\\/3a8de04a2656d44082be478bd6c086daa447c4651605818287b9532d3d0bd435?s=96&d=mm&r=g\",\"url\":\"https:\\\/\\\/secure.gravatar.com\\\/avatar\\\/3a8de04a2656d44082be478bd6c086daa447c4651605818287b9532d3d0bd435?s=96&d=mm&r=g\",\"contentUrl\":\"https:\\\/\\\/secure.gravatar.com\\\/avatar\\\/3a8de04a2656d44082be478bd6c086daa447c4651605818287b9532d3d0bd435?s=96&d=mm&r=g\",\"caption\":\"Lo viste en Los Pol\u00edticos\"},\"url\":\"https:\\\/\\\/lospoliticosveracruz.com\\\/?author=2\"}]}<\/script>\n<!-- \/ Yoast SEO plugin. -->","yoast_head_json":{"title":"Los perfiles de 2018 (1) - Los pol\u00edticos Veracruz","robots":{"index":"index","follow":"follow","max-snippet":"max-snippet:-1","max-image-preview":"max-image-preview:large","max-video-preview":"max-video-preview:-1"},"canonical":"https:\/\/lospoliticosveracruz.com\/?p=34557","og_locale":"es_ES","og_type":"article","og_title":"Los perfiles de 2018 (1) - Los pol\u00edticos Veracruz","og_description":"David Carri\u00f3n Tragos de caf\u00e9 \u00abEl que se mueve, no sale en la foto\u00bb, una frase perpetua en el tab\u00fa ide\u00e1tico del pol\u00edtico mexicano, consagrada por el mism\u00edsimo Fidel Vel\u00e1zquez. Su apolog\u00eda de la sumisi\u00f3n al poder por el poder no puede ser m\u00e1s exacta en estos momentos de crisis partidocr\u00e1tica. En PRImer lugar, se [&hellip;]","og_url":"https:\/\/lospoliticosveracruz.com\/?p=34557","og_site_name":"Los pol\u00edticos Veracruz","article_publisher":"https:\/\/www.facebook.com\/people\/Notimemes-de-los-Polticos\/61565672886568\/","article_published_time":"2017-06-19T18:05:39+00:00","og_image":[{"width":200,"height":200,"url":"https:\/\/lospoliticosveracruz.com\/wp-content\/uploads\/2016\/07\/Logo-Dor.jpg","type":"image\/jpeg"}],"author":"Lo viste en Los Pol\u00edticos","twitter_card":"summary_large_image","twitter_creator":"@LosPoliticosVer","twitter_site":"@LosPoliticosVer","twitter_misc":{"Escrito por":"Lo viste en Los Pol\u00edticos","Tiempo de lectura":"3 minutos"},"schema":{"@context":"https:\/\/schema.org","@graph":[{"@type":"Article","@id":"https:\/\/lospoliticosveracruz.com\/?p=34557#article","isPartOf":{"@id":"https:\/\/lospoliticosveracruz.com\/?p=34557"},"author":{"name":"Lo viste en Los Pol\u00edticos","@id":"https:\/\/lospoliticosveracruz.com\/#\/schema\/person\/b8702bb0e538456e6efd07080bf2a4a2"},"headline":"Los perfiles de 2018 (1)","datePublished":"2017-06-19T18:05:39+00:00","mainEntityOfPage":{"@id":"https:\/\/lospoliticosveracruz.com\/?p=34557"},"wordCount":636,"commentCount":0,"publisher":{"@id":"https:\/\/lospoliticosveracruz.com\/#organization"},"keywords":["C\u00e1mara de Senadores","Emilio Gamboa Patr\u00f3n","Enrique Pe\u00f1a Nieto","Fidel Vel\u00e1zquez","H\u00e9ctor Yunes Landa","Jorge Reyes Baeza","Jos\u00e9 Narro Robles","Miguel \u00c1ngel Osorio Chong","Pepe Calzada Rovirosa","PRI","Sebasti\u00e1n Lerdo de Tejada"],"articleSection":["De Opini\u00f3n"],"inLanguage":"es","potentialAction":[{"@type":"CommentAction","name":"Comment","target":["https:\/\/lospoliticosveracruz.com\/?p=34557#respond"]}]},{"@type":"WebPage","@id":"https:\/\/lospoliticosveracruz.com\/?p=34557","url":"https:\/\/lospoliticosveracruz.com\/?p=34557","name":"Los perfiles de 2018 (1) - Los pol\u00edticos Veracruz","isPartOf":{"@id":"https:\/\/lospoliticosveracruz.com\/#website"},"datePublished":"2017-06-19T18:05:39+00:00","breadcrumb":{"@id":"https:\/\/lospoliticosveracruz.com\/?p=34557#breadcrumb"},"inLanguage":"es","potentialAction":[{"@type":"ReadAction","target":["https:\/\/lospoliticosveracruz.com\/?p=34557"]}]},{"@type":"BreadcrumbList","@id":"https:\/\/lospoliticosveracruz.com\/?p=34557#breadcrumb","itemListElement":[{"@type":"ListItem","position":1,"name":"Portada","item":"https:\/\/lospoliticosveracruz.com\/"},{"@type":"ListItem","position":2,"name":"Los perfiles de 2018 (1)"}]},{"@type":"WebSite","@id":"https:\/\/lospoliticosveracruz.com\/#website","url":"https:\/\/lospoliticosveracruz.com\/","name":"Los pol\u00edticos Veracruz","description":"","publisher":{"@id":"https:\/\/lospoliticosveracruz.com\/#organization"},"potentialAction":[{"@type":"SearchAction","target":{"@type":"EntryPoint","urlTemplate":"https:\/\/lospoliticosveracruz.com\/?s={search_term_string}"},"query-input":{"@type":"PropertyValueSpecification","valueRequired":true,"valueName":"search_term_string"}}],"inLanguage":"es"},{"@type":"Organization","@id":"https:\/\/lospoliticosveracruz.com\/#organization","name":"Los pol\u00edticos Veracruz","url":"https:\/\/lospoliticosveracruz.com\/","logo":{"@type":"ImageObject","inLanguage":"es","@id":"https:\/\/lospoliticosveracruz.com\/#\/schema\/logo\/image\/","url":"https:\/\/lospoliticosveracruz.com\/wp-content\/uploads\/2025\/12\/Logo-Nuevo-LOS-POLITICOS-1.jpg","contentUrl":"https:\/\/lospoliticosveracruz.com\/wp-content\/uploads\/2025\/12\/Logo-Nuevo-LOS-POLITICOS-1.jpg","width":260,"height":70,"caption":"Los pol\u00edticos Veracruz"},"image":{"@id":"https:\/\/lospoliticosveracruz.com\/#\/schema\/logo\/image\/"},"sameAs":["https:\/\/www.facebook.com\/people\/Notimemes-de-los-Polticos\/61565672886568\/","https:\/\/x.com\/LosPoliticosVer"]},{"@type":"Person","@id":"https:\/\/lospoliticosveracruz.com\/#\/schema\/person\/b8702bb0e538456e6efd07080bf2a4a2","name":"Lo viste en Los Pol\u00edticos","image":{"@type":"ImageObject","inLanguage":"es","@id":"https:\/\/secure.gravatar.com\/avatar\/3a8de04a2656d44082be478bd6c086daa447c4651605818287b9532d3d0bd435?s=96&d=mm&r=g","url":"https:\/\/secure.gravatar.com\/avatar\/3a8de04a2656d44082be478bd6c086daa447c4651605818287b9532d3d0bd435?s=96&d=mm&r=g","contentUrl":"https:\/\/secure.gravatar.com\/avatar\/3a8de04a2656d44082be478bd6c086daa447c4651605818287b9532d3d0bd435?s=96&d=mm&r=g","caption":"Lo viste en Los Pol\u00edticos"},"url":"https:\/\/lospoliticosveracruz.com\/?author=2"}]}},"_links":{"self":[{"href":"https:\/\/lospoliticosveracruz.com\/index.php?rest_route=\/wp\/v2\/posts\/34557","targetHints":{"allow":["GET"]}}],"collection":[{"href":"https:\/\/lospoliticosveracruz.com\/index.php?rest_route=\/wp\/v2\/posts"}],"about":[{"href":"https:\/\/lospoliticosveracruz.com\/index.php?rest_route=\/wp\/v2\/types\/post"}],"author":[{"embeddable":true,"href":"https:\/\/lospoliticosveracruz.com\/index.php?rest_route=\/wp\/v2\/users\/2"}],"replies":[{"embeddable":true,"href":"https:\/\/lospoliticosveracruz.com\/index.php?rest_route=%2Fwp%2Fv2%2Fcomments&post=34557"}],"version-history":[{"count":1,"href":"https:\/\/lospoliticosveracruz.com\/index.php?rest_route=\/wp\/v2\/posts\/34557\/revisions"}],"predecessor-version":[{"id":34558,"href":"https:\/\/lospoliticosveracruz.com\/index.php?rest_route=\/wp\/v2\/posts\/34557\/revisions\/34558"}],"wp:attachment":[{"href":"https:\/\/lospoliticosveracruz.com\/index.php?rest_route=%2Fwp%2Fv2%2Fmedia&parent=34557"}],"wp:term":[{"taxonomy":"category","embeddable":true,"href":"https:\/\/lospoliticosveracruz.com\/index.php?rest_route=%2Fwp%2Fv2%2Fcategories&post=34557"},{"taxonomy":"post_tag","embeddable":true,"href":"https:\/\/lospoliticosveracruz.com\/index.php?rest_route=%2Fwp%2Fv2%2Ftags&post=34557"}],"curies":[{"name":"wp","href":"https:\/\/api.w.org\/{rel}","templated":true}]}}