{"id":34753,"date":"2017-06-28T17:15:33","date_gmt":"2017-06-28T22:15:33","guid":{"rendered":"http:\/\/www.lospoliticosveracruz.com.mx\/?p=34753"},"modified":"2017-06-28T17:15:33","modified_gmt":"2017-06-28T22:15:33","slug":"los-perfiles-del-2018-2","status":"publish","type":"post","link":"https:\/\/lospoliticosveracruz.com\/?p=34753","title":{"rendered":"Los perfiles del 2018 (2)"},"content":{"rendered":"<p><strong>David Carri\u00f3n<\/strong><\/p>\n<p><em>Tragos de caf\u00e9<\/em><\/p>\n<p>&nbsp;<\/p>\n<p>Con el relleno de la taza de ah\u00edto caf\u00e9, va el primer trago\u2026<\/p>\n<p>La entrega pasada delimitamos aquellos nombres, del PRI y del PAN, que quieren y pueden, ya sea como actores u operadores, definir las boletas electorales del 2018.<\/p>\n<p>Dicho sea de paso, la pr\u00f3xima elecci\u00f3n aqu\u00ed tendr\u00e1 cinco boletas y cinco urnas: para Presidente, Gobernador, Senadurias, Diputaciones federales y locales. Ojal\u00e1 el OPLE ponga una sillita en la casilla, porque dentro de cada boleta habr\u00e1 m\u00ednimo cinco o seis nombres.<\/p>\n<p>En el Movimiento de Regeneraci\u00f3n Nacional \u2013Morena- no hay m\u00e1s que Andr\u00e9s Manuel L\u00f3pez Obrador; aqu\u00ed en Veracruz los que menean la b\u00e1scula son los ingenieros Cuitl\u00e1huac Garc\u00eda Jim\u00e9nez y Roci\u00f3 Nahle Garc\u00eda, ambos Diputados federales en funciones.<\/p>\n<p>Habr\u00e1 que analizar cu\u00e1l de ellos dos queda efectivo como candidato (a). Cuitl\u00e1huac Garc\u00eda no tiene impedimento legal para ser candidato, Roc\u00edo Nahle es zacatecana, pero ojo, desde el 2016 present\u00f3 una impugnaci\u00f3n ante el Tribunal Electoral que le result\u00f3 efectiva, por lo que podr\u00e1 ser candidata en el 2018; a menos que lo vuelvan a impugnar y ser\u00e1 harina de otro costal\u2026<\/p>\n<p>Hablando de la chamba que hacen hoy por hoy, en t\u00e9rminos de efectividad legislativa: el diputado por Xalapa ha presentado s\u00f3lo 4 iniciativas de ley, y la diputada por Coatzacoalcos lleva un total de 30 iniciativas durante la LXIII Legislatura.<\/p>\n<p><strong>El Frente Amplio Democr\u00e1tico 2018<\/strong><\/p>\n<p>El Partido de la Revoluci\u00f3n Democr\u00e1tica en el 2018 ten\u00eda, o aun tiene, varios escenarios posibles:<\/p>\n<p>Uno de ellos era crear un gran bloque de izquierda, asunto que Andr\u00e9s Manuel (otra vez) rechaz\u00f3 como posibilidad.<\/p>\n<p>Otro escenario, que ya se puso en marcha, es con la construcci\u00f3n del Frente Amplio Democr\u00e1tico, avalado por el CEN del PRD hace apenas 3 d\u00edas, que incluye de manera t\u00e1cita a todos los partidos que no son gobierno para consolidar una oposici\u00f3n en la elecci\u00f3n del 2018.<\/p>\n<p>Este frente de oposici\u00f3n que lanza el PRD, liderado por Alejandra Barrales, se receta a partir de que \u201cde acuerdo a las preferencias electorales, ninguna fuerza pol\u00edtica por si sola podr\u00e1 ganar el 2018\u201d. Aunque el PRI sea la oposici\u00f3n de la que infiere, el verdadero antagonista del 2018 no es otro que AMLO.<\/p>\n<p>El FAD, o el PRD, tiene una carta fuerte y de reci\u00e9n apogeo en el \u201crockstar\u201d Juan Zepeda, que creci\u00f3 en el EdoMex y dice seguir\u00e1 recorriendo, de la mano del PRD, todo el pa\u00eds.<\/p>\n<p>La posibilidad de ir solo o con el PAN depende del \u00e9xito del FAD, que aun tiene que ser avalado por el Consejo Pol\u00edtico Nacional del sol azteca, programado para el pr\u00f3ximo 8 de julio. Se ver\u00e1 ah\u00ed si la Nueva Izquierda (los chuchos), los tres gobernadores perredistas, el grupo Mancera e Izquierda Democr\u00e1tica Nacional pueden ponerse de acuerdo.<\/p>\n<p>\u00bfY los dem\u00e1s, David? \u00bfLos independientes, el Congreso Nacional Ind\u00edgena? \u00bfR\u00edos Piter?&#8230; Primero \u00a1M\u00e1s caf\u00e9!<\/p>\n<p>Caf\u00e9 expr\u00e9s<\/p>\n<p>El l\u00edder de la CTM en Veracruz, V\u00edctor Garc\u00eda Trujeque dice en lo personal que sus candidatos son: H\u00e9ctor Yunes Landa y Anil\u00fa Ingram Vallines, para gobernador y senadora respectivamente.<\/p>\n<p>Prefiere que el CDE del PRI siga siendo presidido por Renato Alarc\u00f3n, un joven que \u201cagarro un partido desecho y logr\u00f3 salir vivo en la pasada elecci\u00f3n\u201d.<\/p>\n<p>Garc\u00eda Trujeque sabe de tiempos y de formas: \u201cEl PRI veracruzano deber\u00e1 de llegar a la pr\u00f3xima XXII Asamblea Nacional del partido con un papel protag\u00f3nico\u2026<\/p>\n<p>Dejemos que primero haya un candidato a la Presidencia de la Rep\u00fablica, y ya veremos quienes nos pueden representar en el 2018\u201d<\/p>\n<p>@DavoCarri\u00f3n<\/p>\n<p>www.journalveracruz.com<\/p>\n","protected":false},"excerpt":{"rendered":"<p>David Carri\u00f3n Tragos de caf\u00e9 &nbsp; Con el relleno de la taza de ah\u00edto caf\u00e9, va el primer trago\u2026 La entrega pasada delimitamos aquellos nombres, del PRI y del PAN, que quieren y pueden, ya sea como actores u operadores, definir las boletas electorales del 2018. Dicho sea de paso, la pr\u00f3xima elecci\u00f3n aqu\u00ed tendr\u00e1 [&hellip;]<\/p>\n","protected":false},"author":2,"featured_media":0,"comment_status":"open","ping_status":"open","sticky":false,"template":"","format":"standard","meta":{"tdm_status":"","tdm_grid_status":"","footnotes":""},"categories":[70],"tags":[1563,8703,1026,4386],"class_list":{"0":"post-34753","1":"post","2":"type-post","3":"status-publish","4":"format-standard","6":"category-de-opinion","7":"tag-cuitlahuac-garcia-jimenez","8":"tag-frente-amplio-democratico-2018","9":"tag-morena","10":"tag-rocio-nahle-garcia"},"yoast_head":"<!-- This site is optimized with the Yoast SEO plugin v27.4 - https:\/\/yoast.com\/product\/yoast-seo-wordpress\/ -->\n<title>Los perfiles del 2018 (2) - Los pol\u00edticos Veracruz<\/title>\n<meta name=\"robots\" content=\"index, follow, max-snippet:-1, max-image-preview:large, max-video-preview:-1\" \/>\n<link rel=\"canonical\" href=\"https:\/\/lospoliticosveracruz.com\/?p=34753\" \/>\n<meta property=\"og:locale\" content=\"es_ES\" \/>\n<meta property=\"og:type\" content=\"article\" \/>\n<meta property=\"og:title\" content=\"Los perfiles del 2018 (2) - Los pol\u00edticos Veracruz\" \/>\n<meta property=\"og:description\" content=\"David Carri\u00f3n Tragos de caf\u00e9 &nbsp; Con el relleno de la taza de ah\u00edto caf\u00e9, va el primer trago\u2026 La entrega pasada delimitamos aquellos nombres, del PRI y del PAN, que quieren y pueden, ya sea como actores u operadores, definir las boletas electorales del 2018. Dicho sea de paso, la pr\u00f3xima elecci\u00f3n aqu\u00ed tendr\u00e1 [&hellip;]\" \/>\n<meta property=\"og:url\" content=\"https:\/\/lospoliticosveracruz.com\/?p=34753\" \/>\n<meta property=\"og:site_name\" content=\"Los pol\u00edticos Veracruz\" \/>\n<meta property=\"article:publisher\" content=\"https:\/\/www.facebook.com\/people\/Notimemes-de-los-Polticos\/61565672886568\/\" \/>\n<meta property=\"article:published_time\" content=\"2017-06-28T22:15:33+00:00\" \/>\n<meta property=\"og:image\" content=\"https:\/\/lospoliticosveracruz.com\/wp-content\/uploads\/2016\/07\/Logo-Dor.jpg\" \/>\n\t<meta property=\"og:image:width\" content=\"200\" \/>\n\t<meta property=\"og:image:height\" content=\"200\" \/>\n\t<meta property=\"og:image:type\" content=\"image\/jpeg\" \/>\n<meta name=\"author\" content=\"Lo viste en Los Pol\u00edticos\" \/>\n<meta name=\"twitter:card\" content=\"summary_large_image\" \/>\n<meta name=\"twitter:creator\" content=\"@LosPoliticosVer\" \/>\n<meta name=\"twitter:site\" content=\"@LosPoliticosVer\" \/>\n<meta name=\"twitter:label1\" content=\"Escrito por\" \/>\n\t<meta name=\"twitter:data1\" content=\"Lo viste en Los Pol\u00edticos\" \/>\n\t<meta name=\"twitter:label2\" content=\"Tiempo de lectura\" \/>\n\t<meta name=\"twitter:data2\" content=\"3 minutos\" \/>\n<script type=\"application\/ld+json\" class=\"yoast-schema-graph\">{\"@context\":\"https:\\\/\\\/schema.org\",\"@graph\":[{\"@type\":\"Article\",\"@id\":\"https:\\\/\\\/lospoliticosveracruz.com\\\/?p=34753#article\",\"isPartOf\":{\"@id\":\"https:\\\/\\\/lospoliticosveracruz.com\\\/?p=34753\"},\"author\":{\"name\":\"Lo viste en Los Pol\u00edticos\",\"@id\":\"https:\\\/\\\/lospoliticosveracruz.com\\\/#\\\/schema\\\/person\\\/b8702bb0e538456e6efd07080bf2a4a2\"},\"headline\":\"Los perfiles del 2018 (2)\",\"datePublished\":\"2017-06-28T22:15:33+00:00\",\"mainEntityOfPage\":{\"@id\":\"https:\\\/\\\/lospoliticosveracruz.com\\\/?p=34753\"},\"wordCount\":637,\"commentCount\":0,\"publisher\":{\"@id\":\"https:\\\/\\\/lospoliticosveracruz.com\\\/#organization\"},\"keywords\":[\"Cuitl\u00e1huac Garc\u00eda Jim\u00e9nez\",\"Frente Amplio Democr\u00e1tico 2018\",\"Morena\",\"Roc\u00edo Nahle Garc\u00eda\"],\"articleSection\":[\"De Opini\u00f3n\"],\"inLanguage\":\"es\",\"potentialAction\":[{\"@type\":\"CommentAction\",\"name\":\"Comment\",\"target\":[\"https:\\\/\\\/lospoliticosveracruz.com\\\/?p=34753#respond\"]}]},{\"@type\":\"WebPage\",\"@id\":\"https:\\\/\\\/lospoliticosveracruz.com\\\/?p=34753\",\"url\":\"https:\\\/\\\/lospoliticosveracruz.com\\\/?p=34753\",\"name\":\"Los perfiles del 2018 (2) - Los pol\u00edticos Veracruz\",\"isPartOf\":{\"@id\":\"https:\\\/\\\/lospoliticosveracruz.com\\\/#website\"},\"datePublished\":\"2017-06-28T22:15:33+00:00\",\"breadcrumb\":{\"@id\":\"https:\\\/\\\/lospoliticosveracruz.com\\\/?p=34753#breadcrumb\"},\"inLanguage\":\"es\",\"potentialAction\":[{\"@type\":\"ReadAction\",\"target\":[\"https:\\\/\\\/lospoliticosveracruz.com\\\/?p=34753\"]}]},{\"@type\":\"BreadcrumbList\",\"@id\":\"https:\\\/\\\/lospoliticosveracruz.com\\\/?p=34753#breadcrumb\",\"itemListElement\":[{\"@type\":\"ListItem\",\"position\":1,\"name\":\"Portada\",\"item\":\"https:\\\/\\\/lospoliticosveracruz.com\\\/\"},{\"@type\":\"ListItem\",\"position\":2,\"name\":\"Los perfiles del 2018 (2)\"}]},{\"@type\":\"WebSite\",\"@id\":\"https:\\\/\\\/lospoliticosveracruz.com\\\/#website\",\"url\":\"https:\\\/\\\/lospoliticosveracruz.com\\\/\",\"name\":\"Los pol\u00edticos Veracruz\",\"description\":\"\",\"publisher\":{\"@id\":\"https:\\\/\\\/lospoliticosveracruz.com\\\/#organization\"},\"potentialAction\":[{\"@type\":\"SearchAction\",\"target\":{\"@type\":\"EntryPoint\",\"urlTemplate\":\"https:\\\/\\\/lospoliticosveracruz.com\\\/?s={search_term_string}\"},\"query-input\":{\"@type\":\"PropertyValueSpecification\",\"valueRequired\":true,\"valueName\":\"search_term_string\"}}],\"inLanguage\":\"es\"},{\"@type\":\"Organization\",\"@id\":\"https:\\\/\\\/lospoliticosveracruz.com\\\/#organization\",\"name\":\"Los pol\u00edticos Veracruz\",\"url\":\"https:\\\/\\\/lospoliticosveracruz.com\\\/\",\"logo\":{\"@type\":\"ImageObject\",\"inLanguage\":\"es\",\"@id\":\"https:\\\/\\\/lospoliticosveracruz.com\\\/#\\\/schema\\\/logo\\\/image\\\/\",\"url\":\"https:\\\/\\\/lospoliticosveracruz.com\\\/wp-content\\\/uploads\\\/2025\\\/12\\\/Logo-Nuevo-LOS-POLITICOS-1.jpg\",\"contentUrl\":\"https:\\\/\\\/lospoliticosveracruz.com\\\/wp-content\\\/uploads\\\/2025\\\/12\\\/Logo-Nuevo-LOS-POLITICOS-1.jpg\",\"width\":260,\"height\":70,\"caption\":\"Los pol\u00edticos Veracruz\"},\"image\":{\"@id\":\"https:\\\/\\\/lospoliticosveracruz.com\\\/#\\\/schema\\\/logo\\\/image\\\/\"},\"sameAs\":[\"https:\\\/\\\/www.facebook.com\\\/people\\\/Notimemes-de-los-Polticos\\\/61565672886568\\\/\",\"https:\\\/\\\/x.com\\\/LosPoliticosVer\"]},{\"@type\":\"Person\",\"@id\":\"https:\\\/\\\/lospoliticosveracruz.com\\\/#\\\/schema\\\/person\\\/b8702bb0e538456e6efd07080bf2a4a2\",\"name\":\"Lo viste en Los Pol\u00edticos\",\"image\":{\"@type\":\"ImageObject\",\"inLanguage\":\"es\",\"@id\":\"https:\\\/\\\/secure.gravatar.com\\\/avatar\\\/3a8de04a2656d44082be478bd6c086daa447c4651605818287b9532d3d0bd435?s=96&d=mm&r=g\",\"url\":\"https:\\\/\\\/secure.gravatar.com\\\/avatar\\\/3a8de04a2656d44082be478bd6c086daa447c4651605818287b9532d3d0bd435?s=96&d=mm&r=g\",\"contentUrl\":\"https:\\\/\\\/secure.gravatar.com\\\/avatar\\\/3a8de04a2656d44082be478bd6c086daa447c4651605818287b9532d3d0bd435?s=96&d=mm&r=g\",\"caption\":\"Lo viste en Los Pol\u00edticos\"},\"url\":\"https:\\\/\\\/lospoliticosveracruz.com\\\/?author=2\"}]}<\/script>\n<!-- \/ Yoast SEO plugin. -->","yoast_head_json":{"title":"Los perfiles del 2018 (2) - Los pol\u00edticos Veracruz","robots":{"index":"index","follow":"follow","max-snippet":"max-snippet:-1","max-image-preview":"max-image-preview:large","max-video-preview":"max-video-preview:-1"},"canonical":"https:\/\/lospoliticosveracruz.com\/?p=34753","og_locale":"es_ES","og_type":"article","og_title":"Los perfiles del 2018 (2) - Los pol\u00edticos Veracruz","og_description":"David Carri\u00f3n Tragos de caf\u00e9 &nbsp; Con el relleno de la taza de ah\u00edto caf\u00e9, va el primer trago\u2026 La entrega pasada delimitamos aquellos nombres, del PRI y del PAN, que quieren y pueden, ya sea como actores u operadores, definir las boletas electorales del 2018. Dicho sea de paso, la pr\u00f3xima elecci\u00f3n aqu\u00ed tendr\u00e1 [&hellip;]","og_url":"https:\/\/lospoliticosveracruz.com\/?p=34753","og_site_name":"Los pol\u00edticos Veracruz","article_publisher":"https:\/\/www.facebook.com\/people\/Notimemes-de-los-Polticos\/61565672886568\/","article_published_time":"2017-06-28T22:15:33+00:00","og_image":[{"width":200,"height":200,"url":"https:\/\/lospoliticosveracruz.com\/wp-content\/uploads\/2016\/07\/Logo-Dor.jpg","type":"image\/jpeg"}],"author":"Lo viste en Los Pol\u00edticos","twitter_card":"summary_large_image","twitter_creator":"@LosPoliticosVer","twitter_site":"@LosPoliticosVer","twitter_misc":{"Escrito por":"Lo viste en Los Pol\u00edticos","Tiempo de lectura":"3 minutos"},"schema":{"@context":"https:\/\/schema.org","@graph":[{"@type":"Article","@id":"https:\/\/lospoliticosveracruz.com\/?p=34753#article","isPartOf":{"@id":"https:\/\/lospoliticosveracruz.com\/?p=34753"},"author":{"name":"Lo viste en Los Pol\u00edticos","@id":"https:\/\/lospoliticosveracruz.com\/#\/schema\/person\/b8702bb0e538456e6efd07080bf2a4a2"},"headline":"Los perfiles del 2018 (2)","datePublished":"2017-06-28T22:15:33+00:00","mainEntityOfPage":{"@id":"https:\/\/lospoliticosveracruz.com\/?p=34753"},"wordCount":637,"commentCount":0,"publisher":{"@id":"https:\/\/lospoliticosveracruz.com\/#organization"},"keywords":["Cuitl\u00e1huac Garc\u00eda Jim\u00e9nez","Frente Amplio Democr\u00e1tico 2018","Morena","Roc\u00edo Nahle Garc\u00eda"],"articleSection":["De Opini\u00f3n"],"inLanguage":"es","potentialAction":[{"@type":"CommentAction","name":"Comment","target":["https:\/\/lospoliticosveracruz.com\/?p=34753#respond"]}]},{"@type":"WebPage","@id":"https:\/\/lospoliticosveracruz.com\/?p=34753","url":"https:\/\/lospoliticosveracruz.com\/?p=34753","name":"Los perfiles del 2018 (2) - Los pol\u00edticos Veracruz","isPartOf":{"@id":"https:\/\/lospoliticosveracruz.com\/#website"},"datePublished":"2017-06-28T22:15:33+00:00","breadcrumb":{"@id":"https:\/\/lospoliticosveracruz.com\/?p=34753#breadcrumb"},"inLanguage":"es","potentialAction":[{"@type":"ReadAction","target":["https:\/\/lospoliticosveracruz.com\/?p=34753"]}]},{"@type":"BreadcrumbList","@id":"https:\/\/lospoliticosveracruz.com\/?p=34753#breadcrumb","itemListElement":[{"@type":"ListItem","position":1,"name":"Portada","item":"https:\/\/lospoliticosveracruz.com\/"},{"@type":"ListItem","position":2,"name":"Los perfiles del 2018 (2)"}]},{"@type":"WebSite","@id":"https:\/\/lospoliticosveracruz.com\/#website","url":"https:\/\/lospoliticosveracruz.com\/","name":"Los pol\u00edticos Veracruz","description":"","publisher":{"@id":"https:\/\/lospoliticosveracruz.com\/#organization"},"potentialAction":[{"@type":"SearchAction","target":{"@type":"EntryPoint","urlTemplate":"https:\/\/lospoliticosveracruz.com\/?s={search_term_string}"},"query-input":{"@type":"PropertyValueSpecification","valueRequired":true,"valueName":"search_term_string"}}],"inLanguage":"es"},{"@type":"Organization","@id":"https:\/\/lospoliticosveracruz.com\/#organization","name":"Los pol\u00edticos Veracruz","url":"https:\/\/lospoliticosveracruz.com\/","logo":{"@type":"ImageObject","inLanguage":"es","@id":"https:\/\/lospoliticosveracruz.com\/#\/schema\/logo\/image\/","url":"https:\/\/lospoliticosveracruz.com\/wp-content\/uploads\/2025\/12\/Logo-Nuevo-LOS-POLITICOS-1.jpg","contentUrl":"https:\/\/lospoliticosveracruz.com\/wp-content\/uploads\/2025\/12\/Logo-Nuevo-LOS-POLITICOS-1.jpg","width":260,"height":70,"caption":"Los pol\u00edticos Veracruz"},"image":{"@id":"https:\/\/lospoliticosveracruz.com\/#\/schema\/logo\/image\/"},"sameAs":["https:\/\/www.facebook.com\/people\/Notimemes-de-los-Polticos\/61565672886568\/","https:\/\/x.com\/LosPoliticosVer"]},{"@type":"Person","@id":"https:\/\/lospoliticosveracruz.com\/#\/schema\/person\/b8702bb0e538456e6efd07080bf2a4a2","name":"Lo viste en Los Pol\u00edticos","image":{"@type":"ImageObject","inLanguage":"es","@id":"https:\/\/secure.gravatar.com\/avatar\/3a8de04a2656d44082be478bd6c086daa447c4651605818287b9532d3d0bd435?s=96&d=mm&r=g","url":"https:\/\/secure.gravatar.com\/avatar\/3a8de04a2656d44082be478bd6c086daa447c4651605818287b9532d3d0bd435?s=96&d=mm&r=g","contentUrl":"https:\/\/secure.gravatar.com\/avatar\/3a8de04a2656d44082be478bd6c086daa447c4651605818287b9532d3d0bd435?s=96&d=mm&r=g","caption":"Lo viste en Los Pol\u00edticos"},"url":"https:\/\/lospoliticosveracruz.com\/?author=2"}]}},"_links":{"self":[{"href":"https:\/\/lospoliticosveracruz.com\/index.php?rest_route=\/wp\/v2\/posts\/34753","targetHints":{"allow":["GET"]}}],"collection":[{"href":"https:\/\/lospoliticosveracruz.com\/index.php?rest_route=\/wp\/v2\/posts"}],"about":[{"href":"https:\/\/lospoliticosveracruz.com\/index.php?rest_route=\/wp\/v2\/types\/post"}],"author":[{"embeddable":true,"href":"https:\/\/lospoliticosveracruz.com\/index.php?rest_route=\/wp\/v2\/users\/2"}],"replies":[{"embeddable":true,"href":"https:\/\/lospoliticosveracruz.com\/index.php?rest_route=%2Fwp%2Fv2%2Fcomments&post=34753"}],"version-history":[{"count":1,"href":"https:\/\/lospoliticosveracruz.com\/index.php?rest_route=\/wp\/v2\/posts\/34753\/revisions"}],"predecessor-version":[{"id":34754,"href":"https:\/\/lospoliticosveracruz.com\/index.php?rest_route=\/wp\/v2\/posts\/34753\/revisions\/34754"}],"wp:attachment":[{"href":"https:\/\/lospoliticosveracruz.com\/index.php?rest_route=%2Fwp%2Fv2%2Fmedia&parent=34753"}],"wp:term":[{"taxonomy":"category","embeddable":true,"href":"https:\/\/lospoliticosveracruz.com\/index.php?rest_route=%2Fwp%2Fv2%2Fcategories&post=34753"},{"taxonomy":"post_tag","embeddable":true,"href":"https:\/\/lospoliticosveracruz.com\/index.php?rest_route=%2Fwp%2Fv2%2Ftags&post=34753"}],"curies":[{"name":"wp","href":"https:\/\/api.w.org\/{rel}","templated":true}]}}