{"id":34767,"date":"2017-06-29T09:38:29","date_gmt":"2017-06-29T14:38:29","guid":{"rendered":"http:\/\/www.lospoliticosveracruz.com.mx\/?p=34767"},"modified":"2017-06-29T09:38:30","modified_gmt":"2017-06-29T14:38:30","slug":"congreso-local-costoso-improductivo-y-opaco","status":"publish","type":"post","link":"https:\/\/lospoliticosveracruz.com\/?p=34767","title":{"rendered":"Congreso local, costoso, improductivo y opaco"},"content":{"rendered":"<p class=\"x_m_8522839547904807568MsoNoSpacing\"><strong>Luis Alberto Romero<u><\/u><u><\/u><\/strong><\/p>\n<p class=\"x_m_8522839547904807568MsoNoSpacing\"><em>Hora Cero<\/em><\/p>\n<p class=\"x_m_8522839547904807568MsoNoSpacing\"><b>\u00a0<\/b><\/p>\n<p class=\"x_m_8522839547904807568MsoNoSpacing\">\n<p class=\"x_m_8522839547904807568MsoNoSpacing\">El Instituto Mexicano para la Competitividad (IMCO) dio a conocer un estudio, el Informe Legislativo 2017, sobre el desempe\u00f1o de los congresos locales en nuestro pa\u00eds, en el que destaca, adem\u00e1s de los n\u00fameros sobre el trabajo de los diputados locales de todos los partidos, la opacidad de dicho poder, as\u00ed como el discrecional manejo de los recursos p\u00fablicos.<u><\/u><u><\/u><\/p>\n<p class=\"x_m_8522839547904807568MsoNoSpacing\">Establece el IMCO que en promedio, cada diputado federal representa a poco m\u00e1s de 247 mil habitantes, en tanto que cada legislador local, a menos de cien mil personas.<u><\/u><u><\/u><\/p>\n<p class=\"x_m_8522839547904807568MsoNoSpacing\">En cuanto a transparencia, de las solicitudes de informaci\u00f3n que son enviadas a los congresos, menos del 80 por ciento obtienen respuesta satisfactoria; en ese terreno destacan las legislaturas de Campeche, Chihuahua y Sinaloa, en tanto que las m\u00e1s opacas fueron las de Morelos, Veracruz y Colima, que s\u00f3lo alcanzaron un puntaje de 36, 32 y 19 por ciento, respectivamente.<u><\/u><u><\/u><\/p>\n<p class=\"x_m_8522839547904807568MsoNoSpacing\">Un alto porcentaje de las preguntas que hacen los ciudadanos sobre aguinaldo, bonos, distribuci\u00f3n del gasto y presupuesto de egresos de los congresos no encontraron respuesta por parte del poder Legislativo.<u><\/u><u><\/u><\/p>\n<p class=\"x_m_8522839547904807568MsoNoSpacing\">Este a\u00f1o, nos dice la fuente, las legislaturas estatales ejercen un presupuesto, en conjunto, de m\u00e1s de 13 mil 500 millones de pesos. El de Veracruz, por cierto, es el quinto congreso local que m\u00e1s recursos maneja y el tercero con m\u00e1s comisiones legislativas, 40.<u><\/u><u><\/u><\/p>\n<p class=\"x_m_8522839547904807568MsoNoSpacing\">El IMCO plantea cinco propuestas b\u00e1sicas en su Informe Legislativo 2017: primero, que los diputados cumplan con las leyes que ellos mismos aprueban; segundo, que mejoren sus proyectos presupuestarios; tercero, que exista una regulaci\u00f3n en la administraci\u00f3n y asignaci\u00f3n de recursos para los \u00f3rganos internos de los congresos; cuarto, que se apeguen al presupuesto de egresos aprobado; y quinto, que se otorgue autonom\u00eda financiera a los \u00f3rganos superiores de fiscalizaci\u00f3n.<u><\/u><u><\/u><\/p>\n<p class=\"x_m_8522839547904807568MsoNoSpacing\">Revisando el documento del IMCO para centrarse en el caso veracruzano encontramos que cada legislador local representa a 163 mil 279 persona, lo que ubica a la entidad como la cuarta en la lista de los estados con menos legisladores por cada 10 mil habitantes.<u><\/u><u><\/u><\/p>\n<p class=\"x_m_8522839547904807568MsoNoSpacing\">En cuanto al asunto relacionado con los recursos p\u00fablicos, las deficiencias que ubica dicho estudio hablan de una asimetr\u00eda presupuestal; de un crecimiento y ampliaciones injustificadas en los presupuestos asignados; de discrecionalidad en la asignaci\u00f3n de los recursos al interior de los congresos; de asignaciones presupuestarias que van m\u00e1s all\u00e1 de las atribuciones de los diputados locales; y de discrecionalidad y opacidad en el ejercicio de los recurso p\u00fablicos.<u><\/u><u><\/u><\/p>\n<p class=\"x_m_8522839547904807568MsoNoSpacing\">En Veracruz, por cierto, se detect\u00f3 un incremento de 14.2 por ciento en el presupuesto de la Legislatura estatal en el periodo de 2012 y a 2017, cuando los recursos pasaron de 501 a 676.9 millones de pesos.<u><\/u><u><\/u><\/p>\n<p class=\"x_m_8522839547904807568MsoNoSpacing\">El promedio nacional del presupuesto de 2017 para cada diputado local es de 11.1 millones de pesos; sin embargo, en Veracruz cada diputado cuesta 13.5 millones anuales; la entidad se ubica en el lugar n\u00famero nueve entre los estados que asignan m\u00e1s dinero a sus legisladores. En esa lista destaca el caso de la Ciudad de M\u00e9xico, donde cada representante cuesta 28.8 millones de pesos al a\u00f1o.<u><\/u><u><\/u><\/p>\n<p class=\"x_m_8522839547904807568MsoNoSpacing\">Para tener una idea de lo que eso significa, podr\u00edamos decir que los diputados locales de Baja California, Ciudad de M\u00e9xico, Jalisco, Quintana Roo y Veracruz cuestan m\u00e1s que sus hom\u00f3logos de pa\u00edses como Francia o Alemania. La austeridad legislativa, se\u00f1ala el Instituto, no es m\u00e1s que un elemento discursivo en nuestro pa\u00eds.<u><\/u><u><\/u><\/p>\n<p class=\"x_m_8522839547904807568MsoNoSpacing\">\u00danicamente en ocho estados no hubo variaci\u00f3n entre el presupuesto aprobado y el recurso devengado por las legislaturas estatales. En Quer\u00e9taro, por ejemplo, el Congreso local ejerci\u00f3 en 2016 casi 65 por ciento m\u00e1s que su presupuesto asignado. En Veracruz, ese porcentaje lleg\u00f3 a 11; es decir, los diputados locales gastaron 74 millones de pesos m\u00e1s de lo que ten\u00edan aprobado para el a\u00f1o pasado.<u><\/u><u><\/u><\/p>\n<p class=\"x_m_8522839547904807568MsoNoSpacing\">Los congresos locales de Veracruz y otras siete entidades negaron la informaci\u00f3n relacionada con los aguinaldos que se aprobaron sus diputados.<u><\/u><u><\/u><\/p>\n<p class=\"x_m_8522839547904807568MsoNoSpacing\">Con relaci\u00f3n a la productividad, el a\u00f1o m\u00e1s reciente en ser evaluado fue 2016, cuando entre todos los legisladores veracruzanos presentaron 50 iniciativas, dejando al congreso local como uno de los menos productivos. Los diputados de Jalisco, por ejemplo, presentaron m\u00e1s de 970; los de Morelos, 524; los de San Luis Potos\u00ed, 502; y los de Puebla, que pertenecen al congreso que menos recursos maneja en el pa\u00eds, 406.<\/p>\n<p class=\"x_m_8522839547904807568MsoNoSpacing\">\n<p class=\"x_m_8522839547904807568MsoNoSpacing\">@luisromero85<\/p>\n","protected":false},"excerpt":{"rendered":"<p>Luis Alberto Romero Hora Cero \u00a0 El Instituto Mexicano para la Competitividad (IMCO) dio a conocer un estudio, el Informe Legislativo 2017, sobre el desempe\u00f1o de los congresos locales en nuestro pa\u00eds, en el que destaca, adem\u00e1s de los n\u00fameros sobre el trabajo de los diputados locales de todos los partidos, la opacidad de dicho [&hellip;]<\/p>\n","protected":false},"author":2,"featured_media":0,"comment_status":"open","ping_status":"open","sticky":false,"template":"","format":"standard","meta":{"tdm_status":"","tdm_grid_status":"","footnotes":""},"categories":[70],"tags":[398,8707,8623],"class_list":{"0":"post-34767","1":"post","2":"type-post","3":"status-publish","4":"format-standard","6":"category-de-opinion","7":"tag-imco","8":"tag-informe-legislativo-2017","9":"tag-lxiv-legislatura-del-estado-de-veracruz"},"yoast_head":"<!-- This site is optimized with the Yoast SEO plugin v27.4 - https:\/\/yoast.com\/product\/yoast-seo-wordpress\/ -->\n<title>Congreso local, costoso, improductivo y opaco - Los pol\u00edticos Veracruz<\/title>\n<meta name=\"robots\" content=\"index, follow, max-snippet:-1, max-image-preview:large, max-video-preview:-1\" \/>\n<link rel=\"canonical\" href=\"https:\/\/lospoliticosveracruz.com\/?p=34767\" \/>\n<meta property=\"og:locale\" content=\"es_ES\" \/>\n<meta property=\"og:type\" content=\"article\" \/>\n<meta property=\"og:title\" content=\"Congreso local, costoso, improductivo y opaco - Los pol\u00edticos Veracruz\" \/>\n<meta property=\"og:description\" content=\"Luis Alberto Romero Hora Cero \u00a0 El Instituto Mexicano para la Competitividad (IMCO) dio a conocer un estudio, el Informe Legislativo 2017, sobre el desempe\u00f1o de los congresos locales en nuestro pa\u00eds, en el que destaca, adem\u00e1s de los n\u00fameros sobre el trabajo de los diputados locales de todos los partidos, la opacidad de dicho [&hellip;]\" \/>\n<meta property=\"og:url\" content=\"https:\/\/lospoliticosveracruz.com\/?p=34767\" \/>\n<meta property=\"og:site_name\" content=\"Los pol\u00edticos Veracruz\" \/>\n<meta property=\"article:publisher\" content=\"https:\/\/www.facebook.com\/people\/Notimemes-de-los-Polticos\/61565672886568\/\" \/>\n<meta property=\"article:published_time\" content=\"2017-06-29T14:38:29+00:00\" \/>\n<meta property=\"article:modified_time\" content=\"2017-06-29T14:38:30+00:00\" \/>\n<meta property=\"og:image\" content=\"https:\/\/lospoliticosveracruz.com\/wp-content\/uploads\/2016\/07\/Logo-Dor.jpg\" \/>\n\t<meta property=\"og:image:width\" content=\"200\" \/>\n\t<meta property=\"og:image:height\" content=\"200\" \/>\n\t<meta property=\"og:image:type\" content=\"image\/jpeg\" \/>\n<meta name=\"author\" content=\"Lo viste en Los Pol\u00edticos\" \/>\n<meta name=\"twitter:card\" content=\"summary_large_image\" \/>\n<meta name=\"twitter:creator\" content=\"@LosPoliticosVer\" \/>\n<meta name=\"twitter:site\" content=\"@LosPoliticosVer\" \/>\n<meta name=\"twitter:label1\" content=\"Escrito por\" \/>\n\t<meta name=\"twitter:data1\" content=\"Lo viste en Los Pol\u00edticos\" \/>\n\t<meta name=\"twitter:label2\" content=\"Tiempo de lectura\" \/>\n\t<meta name=\"twitter:data2\" content=\"4 minutos\" \/>\n<script type=\"application\/ld+json\" class=\"yoast-schema-graph\">{\"@context\":\"https:\\\/\\\/schema.org\",\"@graph\":[{\"@type\":\"Article\",\"@id\":\"https:\\\/\\\/lospoliticosveracruz.com\\\/?p=34767#article\",\"isPartOf\":{\"@id\":\"https:\\\/\\\/lospoliticosveracruz.com\\\/?p=34767\"},\"author\":{\"name\":\"Lo viste en Los Pol\u00edticos\",\"@id\":\"https:\\\/\\\/lospoliticosveracruz.com\\\/#\\\/schema\\\/person\\\/b8702bb0e538456e6efd07080bf2a4a2\"},\"headline\":\"Congreso local, costoso, improductivo y opaco\",\"datePublished\":\"2017-06-29T14:38:29+00:00\",\"dateModified\":\"2017-06-29T14:38:30+00:00\",\"mainEntityOfPage\":{\"@id\":\"https:\\\/\\\/lospoliticosveracruz.com\\\/?p=34767\"},\"wordCount\":750,\"commentCount\":0,\"publisher\":{\"@id\":\"https:\\\/\\\/lospoliticosveracruz.com\\\/#organization\"},\"keywords\":[\"IMCO\",\"Informe Legislativo 2017\",\"LXIV Legislatura del Estado de Veracruz\"],\"articleSection\":[\"De Opini\u00f3n\"],\"inLanguage\":\"es\",\"potentialAction\":[{\"@type\":\"CommentAction\",\"name\":\"Comment\",\"target\":[\"https:\\\/\\\/lospoliticosveracruz.com\\\/?p=34767#respond\"]}]},{\"@type\":\"WebPage\",\"@id\":\"https:\\\/\\\/lospoliticosveracruz.com\\\/?p=34767\",\"url\":\"https:\\\/\\\/lospoliticosveracruz.com\\\/?p=34767\",\"name\":\"Congreso local, costoso, improductivo y opaco - Los pol\u00edticos Veracruz\",\"isPartOf\":{\"@id\":\"https:\\\/\\\/lospoliticosveracruz.com\\\/#website\"},\"datePublished\":\"2017-06-29T14:38:29+00:00\",\"dateModified\":\"2017-06-29T14:38:30+00:00\",\"breadcrumb\":{\"@id\":\"https:\\\/\\\/lospoliticosveracruz.com\\\/?p=34767#breadcrumb\"},\"inLanguage\":\"es\",\"potentialAction\":[{\"@type\":\"ReadAction\",\"target\":[\"https:\\\/\\\/lospoliticosveracruz.com\\\/?p=34767\"]}]},{\"@type\":\"BreadcrumbList\",\"@id\":\"https:\\\/\\\/lospoliticosveracruz.com\\\/?p=34767#breadcrumb\",\"itemListElement\":[{\"@type\":\"ListItem\",\"position\":1,\"name\":\"Portada\",\"item\":\"https:\\\/\\\/lospoliticosveracruz.com\\\/\"},{\"@type\":\"ListItem\",\"position\":2,\"name\":\"Congreso local, costoso, improductivo y opaco\"}]},{\"@type\":\"WebSite\",\"@id\":\"https:\\\/\\\/lospoliticosveracruz.com\\\/#website\",\"url\":\"https:\\\/\\\/lospoliticosveracruz.com\\\/\",\"name\":\"Los pol\u00edticos Veracruz\",\"description\":\"\",\"publisher\":{\"@id\":\"https:\\\/\\\/lospoliticosveracruz.com\\\/#organization\"},\"potentialAction\":[{\"@type\":\"SearchAction\",\"target\":{\"@type\":\"EntryPoint\",\"urlTemplate\":\"https:\\\/\\\/lospoliticosveracruz.com\\\/?s={search_term_string}\"},\"query-input\":{\"@type\":\"PropertyValueSpecification\",\"valueRequired\":true,\"valueName\":\"search_term_string\"}}],\"inLanguage\":\"es\"},{\"@type\":\"Organization\",\"@id\":\"https:\\\/\\\/lospoliticosveracruz.com\\\/#organization\",\"name\":\"Los pol\u00edticos Veracruz\",\"url\":\"https:\\\/\\\/lospoliticosveracruz.com\\\/\",\"logo\":{\"@type\":\"ImageObject\",\"inLanguage\":\"es\",\"@id\":\"https:\\\/\\\/lospoliticosveracruz.com\\\/#\\\/schema\\\/logo\\\/image\\\/\",\"url\":\"https:\\\/\\\/lospoliticosveracruz.com\\\/wp-content\\\/uploads\\\/2025\\\/12\\\/Logo-Nuevo-LOS-POLITICOS-1.jpg\",\"contentUrl\":\"https:\\\/\\\/lospoliticosveracruz.com\\\/wp-content\\\/uploads\\\/2025\\\/12\\\/Logo-Nuevo-LOS-POLITICOS-1.jpg\",\"width\":260,\"height\":70,\"caption\":\"Los pol\u00edticos Veracruz\"},\"image\":{\"@id\":\"https:\\\/\\\/lospoliticosveracruz.com\\\/#\\\/schema\\\/logo\\\/image\\\/\"},\"sameAs\":[\"https:\\\/\\\/www.facebook.com\\\/people\\\/Notimemes-de-los-Polticos\\\/61565672886568\\\/\",\"https:\\\/\\\/x.com\\\/LosPoliticosVer\"]},{\"@type\":\"Person\",\"@id\":\"https:\\\/\\\/lospoliticosveracruz.com\\\/#\\\/schema\\\/person\\\/b8702bb0e538456e6efd07080bf2a4a2\",\"name\":\"Lo viste en Los Pol\u00edticos\",\"image\":{\"@type\":\"ImageObject\",\"inLanguage\":\"es\",\"@id\":\"https:\\\/\\\/secure.gravatar.com\\\/avatar\\\/3a8de04a2656d44082be478bd6c086daa447c4651605818287b9532d3d0bd435?s=96&d=mm&r=g\",\"url\":\"https:\\\/\\\/secure.gravatar.com\\\/avatar\\\/3a8de04a2656d44082be478bd6c086daa447c4651605818287b9532d3d0bd435?s=96&d=mm&r=g\",\"contentUrl\":\"https:\\\/\\\/secure.gravatar.com\\\/avatar\\\/3a8de04a2656d44082be478bd6c086daa447c4651605818287b9532d3d0bd435?s=96&d=mm&r=g\",\"caption\":\"Lo viste en Los Pol\u00edticos\"},\"url\":\"https:\\\/\\\/lospoliticosveracruz.com\\\/?author=2\"}]}<\/script>\n<!-- \/ Yoast SEO plugin. -->","yoast_head_json":{"title":"Congreso local, costoso, improductivo y opaco - Los pol\u00edticos Veracruz","robots":{"index":"index","follow":"follow","max-snippet":"max-snippet:-1","max-image-preview":"max-image-preview:large","max-video-preview":"max-video-preview:-1"},"canonical":"https:\/\/lospoliticosveracruz.com\/?p=34767","og_locale":"es_ES","og_type":"article","og_title":"Congreso local, costoso, improductivo y opaco - Los pol\u00edticos Veracruz","og_description":"Luis Alberto Romero Hora Cero \u00a0 El Instituto Mexicano para la Competitividad (IMCO) dio a conocer un estudio, el Informe Legislativo 2017, sobre el desempe\u00f1o de los congresos locales en nuestro pa\u00eds, en el que destaca, adem\u00e1s de los n\u00fameros sobre el trabajo de los diputados locales de todos los partidos, la opacidad de dicho [&hellip;]","og_url":"https:\/\/lospoliticosveracruz.com\/?p=34767","og_site_name":"Los pol\u00edticos Veracruz","article_publisher":"https:\/\/www.facebook.com\/people\/Notimemes-de-los-Polticos\/61565672886568\/","article_published_time":"2017-06-29T14:38:29+00:00","article_modified_time":"2017-06-29T14:38:30+00:00","og_image":[{"width":200,"height":200,"url":"https:\/\/lospoliticosveracruz.com\/wp-content\/uploads\/2016\/07\/Logo-Dor.jpg","type":"image\/jpeg"}],"author":"Lo viste en Los Pol\u00edticos","twitter_card":"summary_large_image","twitter_creator":"@LosPoliticosVer","twitter_site":"@LosPoliticosVer","twitter_misc":{"Escrito por":"Lo viste en Los Pol\u00edticos","Tiempo de lectura":"4 minutos"},"schema":{"@context":"https:\/\/schema.org","@graph":[{"@type":"Article","@id":"https:\/\/lospoliticosveracruz.com\/?p=34767#article","isPartOf":{"@id":"https:\/\/lospoliticosveracruz.com\/?p=34767"},"author":{"name":"Lo viste en Los Pol\u00edticos","@id":"https:\/\/lospoliticosveracruz.com\/#\/schema\/person\/b8702bb0e538456e6efd07080bf2a4a2"},"headline":"Congreso local, costoso, improductivo y opaco","datePublished":"2017-06-29T14:38:29+00:00","dateModified":"2017-06-29T14:38:30+00:00","mainEntityOfPage":{"@id":"https:\/\/lospoliticosveracruz.com\/?p=34767"},"wordCount":750,"commentCount":0,"publisher":{"@id":"https:\/\/lospoliticosveracruz.com\/#organization"},"keywords":["IMCO","Informe Legislativo 2017","LXIV Legislatura del Estado de Veracruz"],"articleSection":["De Opini\u00f3n"],"inLanguage":"es","potentialAction":[{"@type":"CommentAction","name":"Comment","target":["https:\/\/lospoliticosveracruz.com\/?p=34767#respond"]}]},{"@type":"WebPage","@id":"https:\/\/lospoliticosveracruz.com\/?p=34767","url":"https:\/\/lospoliticosveracruz.com\/?p=34767","name":"Congreso local, costoso, improductivo y opaco - Los pol\u00edticos Veracruz","isPartOf":{"@id":"https:\/\/lospoliticosveracruz.com\/#website"},"datePublished":"2017-06-29T14:38:29+00:00","dateModified":"2017-06-29T14:38:30+00:00","breadcrumb":{"@id":"https:\/\/lospoliticosveracruz.com\/?p=34767#breadcrumb"},"inLanguage":"es","potentialAction":[{"@type":"ReadAction","target":["https:\/\/lospoliticosveracruz.com\/?p=34767"]}]},{"@type":"BreadcrumbList","@id":"https:\/\/lospoliticosveracruz.com\/?p=34767#breadcrumb","itemListElement":[{"@type":"ListItem","position":1,"name":"Portada","item":"https:\/\/lospoliticosveracruz.com\/"},{"@type":"ListItem","position":2,"name":"Congreso local, costoso, improductivo y opaco"}]},{"@type":"WebSite","@id":"https:\/\/lospoliticosveracruz.com\/#website","url":"https:\/\/lospoliticosveracruz.com\/","name":"Los pol\u00edticos Veracruz","description":"","publisher":{"@id":"https:\/\/lospoliticosveracruz.com\/#organization"},"potentialAction":[{"@type":"SearchAction","target":{"@type":"EntryPoint","urlTemplate":"https:\/\/lospoliticosveracruz.com\/?s={search_term_string}"},"query-input":{"@type":"PropertyValueSpecification","valueRequired":true,"valueName":"search_term_string"}}],"inLanguage":"es"},{"@type":"Organization","@id":"https:\/\/lospoliticosveracruz.com\/#organization","name":"Los pol\u00edticos Veracruz","url":"https:\/\/lospoliticosveracruz.com\/","logo":{"@type":"ImageObject","inLanguage":"es","@id":"https:\/\/lospoliticosveracruz.com\/#\/schema\/logo\/image\/","url":"https:\/\/lospoliticosveracruz.com\/wp-content\/uploads\/2025\/12\/Logo-Nuevo-LOS-POLITICOS-1.jpg","contentUrl":"https:\/\/lospoliticosveracruz.com\/wp-content\/uploads\/2025\/12\/Logo-Nuevo-LOS-POLITICOS-1.jpg","width":260,"height":70,"caption":"Los pol\u00edticos Veracruz"},"image":{"@id":"https:\/\/lospoliticosveracruz.com\/#\/schema\/logo\/image\/"},"sameAs":["https:\/\/www.facebook.com\/people\/Notimemes-de-los-Polticos\/61565672886568\/","https:\/\/x.com\/LosPoliticosVer"]},{"@type":"Person","@id":"https:\/\/lospoliticosveracruz.com\/#\/schema\/person\/b8702bb0e538456e6efd07080bf2a4a2","name":"Lo viste en Los Pol\u00edticos","image":{"@type":"ImageObject","inLanguage":"es","@id":"https:\/\/secure.gravatar.com\/avatar\/3a8de04a2656d44082be478bd6c086daa447c4651605818287b9532d3d0bd435?s=96&d=mm&r=g","url":"https:\/\/secure.gravatar.com\/avatar\/3a8de04a2656d44082be478bd6c086daa447c4651605818287b9532d3d0bd435?s=96&d=mm&r=g","contentUrl":"https:\/\/secure.gravatar.com\/avatar\/3a8de04a2656d44082be478bd6c086daa447c4651605818287b9532d3d0bd435?s=96&d=mm&r=g","caption":"Lo viste en Los Pol\u00edticos"},"url":"https:\/\/lospoliticosveracruz.com\/?author=2"}]}},"_links":{"self":[{"href":"https:\/\/lospoliticosveracruz.com\/index.php?rest_route=\/wp\/v2\/posts\/34767","targetHints":{"allow":["GET"]}}],"collection":[{"href":"https:\/\/lospoliticosveracruz.com\/index.php?rest_route=\/wp\/v2\/posts"}],"about":[{"href":"https:\/\/lospoliticosveracruz.com\/index.php?rest_route=\/wp\/v2\/types\/post"}],"author":[{"embeddable":true,"href":"https:\/\/lospoliticosveracruz.com\/index.php?rest_route=\/wp\/v2\/users\/2"}],"replies":[{"embeddable":true,"href":"https:\/\/lospoliticosveracruz.com\/index.php?rest_route=%2Fwp%2Fv2%2Fcomments&post=34767"}],"version-history":[{"count":1,"href":"https:\/\/lospoliticosveracruz.com\/index.php?rest_route=\/wp\/v2\/posts\/34767\/revisions"}],"predecessor-version":[{"id":34768,"href":"https:\/\/lospoliticosveracruz.com\/index.php?rest_route=\/wp\/v2\/posts\/34767\/revisions\/34768"}],"wp:attachment":[{"href":"https:\/\/lospoliticosveracruz.com\/index.php?rest_route=%2Fwp%2Fv2%2Fmedia&parent=34767"}],"wp:term":[{"taxonomy":"category","embeddable":true,"href":"https:\/\/lospoliticosveracruz.com\/index.php?rest_route=%2Fwp%2Fv2%2Fcategories&post=34767"},{"taxonomy":"post_tag","embeddable":true,"href":"https:\/\/lospoliticosveracruz.com\/index.php?rest_route=%2Fwp%2Fv2%2Ftags&post=34767"}],"curies":[{"name":"wp","href":"https:\/\/api.w.org\/{rel}","templated":true}]}}