{"id":34782,"date":"2017-06-29T22:25:28","date_gmt":"2017-06-30T03:25:28","guid":{"rendered":"http:\/\/www.lospoliticosveracruz.com.mx\/?p=34782"},"modified":"2017-06-29T21:06:49","modified_gmt":"2017-06-30T02:06:49","slug":"henry-cruz-y-las-fake-news","status":"publish","type":"post","link":"https:\/\/lospoliticosveracruz.com\/?p=34782","title":{"rendered":"Henry Cruz y las Fake News"},"content":{"rendered":"<p dir=\"ltr\"><strong>Salvador Mu\u00f1oz<\/strong><\/p>\n<p dir=\"ltr\"><em>Los Pol\u00edticos<\/em><\/p>\n<p>&nbsp;<\/p>\n<p dir=\"ltr\">Tengo amigos y parientes en Whatsapp que son la delicia de mis d\u00edas\u2026 apenas voy amaneciendo cuando unos, me mandan un mensajito pidiendo a Dios que me vaya bien en mi d\u00eda\u2026 ya paso al sanitario, cuando me llegan las columnas m\u00e1s relevantes del momento\u2026 no falta el amigo que me manda un video con enfoque cat\u00f3lico\u2026 \u00a1por supuesto! no puede faltar el que tiene el meme de moda\u2026 ten\u00eda un amigo que me mandaba fotos de mujeres desnudas, pero dej\u00f3 de hacerlo&#8230; aunque me salt\u00f3 otro cuate que siempre me da \u201clos buenos d\u00edas\u201d con chicas exuberantes\u2026 \u00a1ah! tambi\u00e9n tengo otros que me pasan la informaci\u00f3n de lo que ocurre en el momento y unos m\u00e1s que me mandan lo que en el gabacho se puede tachar como \u201cFake News\u201d.<\/p>\n<p dir=\"ltr\">II<\/p>\n<p dir=\"ltr\">Las \u201cFake News\u201d son noticias falsas. Por supuesto, estoy cien por ciento seguro que quienes me lo mandan lo hacen con la mejor intenci\u00f3n de mantenerme informado y dos fueron las que me llamaron la atenci\u00f3n en esta semana que corre:<\/p>\n<p dir=\"ltr\">La primera: Ese mensaje de que la secretar\u00eda de Salud ped\u00eda que dej\u00e1ramos de consumir determinados productos de conocida marca vendedora de l\u00e1cteos\u2026 \u00bfel porqu\u00e9? Han de disculpar, ya no llegu\u00e9 al final de la nota. Sab\u00eda que me hab\u00eda encontrado con lo que com\u00fanmente se llama \u201choax\u201d. Es f\u00e1cil identificar este tipo de notas falsas porque llegan como mensajes con falsas alarmas, por lo regular de virus, de salud, y el elemento clave es que solicitan que lo env\u00edes al mayor n\u00famero de conocidos para que se enteren\u2026 de seguro le ha tocado este tipo de mensajes.<\/p>\n<p dir=\"ltr\">La segunda: La identificaci\u00f3n de uno de los sicarios que asesin\u00f3 a Camilo Castagn\u00e9, comandante de la Polic\u00eda Federal, donde daban nombre, apellido, y hasta domicilio del sujeto. Un bulo tremendo que empez\u00f3 a circular por Whatsapp y como el acontecimiento estaba fresco, \u00a1zaz! tuvo el efecto deseado por quien lo filtr\u00f3: algunos medios de comunicaci\u00f3n \u201cse lo tragaron\u201d completo y dieron una noticia sin fundamento.<\/p>\n<p dir=\"ltr\">III<\/p>\n<p dir=\"ltr\">Vi ayer un video editado donde aparece Henry Cruz Acosta, el joven v\u00edctima de la \u201cFake News\u201d y de la falta de oficio de los reporteros que creyeron en un \u201cWhatsappazo\u201d, donde ped\u00eda ayuda porque un peri\u00f3dico lo tach\u00f3 como parte del escuadr\u00f3n que mat\u00f3 al Comandante Camilo Castagn\u00e9.<\/p>\n<p dir=\"ltr\">El peri\u00f3dico La Raz\u00f3n, de la Ciudad de M\u00e9xico, adem\u00e1s de portales locales, dieron como \u00abbuena\u00bb la informaci\u00f3n y exhiben al joven. Henry en su video editado dice no parecerse al sujeto cuya imagen expusieron las autoridades y como ejemplo, muestra sus rastas y la ausencia de tatuajes que al parecer, s\u00ed tiene el Sicario.<\/p>\n<p dir=\"ltr\">Lo peor de este asunto es que en lugar de exigir a los medios de comunicaci\u00f3n profesionalismo, pues se puso en riesgo la vida de Henry, se intent\u00f3 sacar \u201craja pol\u00edtica\u201d y se redireccion\u00f3 la pifia de esta prensa, sobre las autoridades, no s\u00e9 si estatales o federales, cuando Henry Cruz es claro al decir que \u201cun peri\u00f3dico\u201d fue el que manej\u00f3 tal informaci\u00f3n.<\/p>\n<p dir=\"ltr\">IV<\/p>\n<p dir=\"ltr\">De las cosas buenas en las noticias:<\/p>\n<p dir=\"ltr\">1.- Fueron detenidas diez personas y entre ellas, cuatro sujetos que podr\u00edan estar involucrados en el homicidio de Camilo Castagn\u00e9.<\/p>\n<p dir=\"ltr\">2.- El Peri\u00f3dico La Raz\u00f3n, al final, baj\u00f3 la informaci\u00f3n que se\u00f1al\u00f3 a Henry Cruz como \u201csicario\u201d.<\/p>\n<p dir=\"ltr\">3.- Y como fue una detenci\u00f3n por parte de la Polic\u00eda Federal, Veracruz se ahorr\u00f3 cuatro millones de pesos.<\/p>\n<p dir=\"ltr\">Ya no le digo que se ponga abusado con lo que le mandan por Whatsapp porque imagine, si los \u201cprofesionales\u201d se tragan cualquier cosa que les mandan, pues cuantim\u00e1s uno que no se dedica a esto. Aunque d\u00e9jeme decirle algo: ac\u00e1 entre nos, en lo particular, de mis amigos que me mandan cosas por Whatsapp, prefiero a los que me env\u00edan informaci\u00f3n y quien me da \u201clos buenos d\u00edas\u201d.<\/p>\n<p dir=\"ltr\"><a href=\"mailto:smcainito@gmail.com\" target=\"_blank\" rel=\"noopener noreferrer\">smcainito@gmail.com<\/a><\/p>\n","protected":false},"excerpt":{"rendered":"<p>Salvador Mu\u00f1oz Los Pol\u00edticos &nbsp; Tengo amigos y parientes en Whatsapp que son la delicia de mis d\u00edas\u2026 apenas voy amaneciendo cuando unos, me mandan un mensajito pidiendo a Dios que me vaya bien en mi d\u00eda\u2026 ya paso al sanitario, cuando me llegan las columnas m\u00e1s relevantes del momento\u2026 no falta el amigo que [&hellip;]<\/p>\n","protected":false},"author":2,"featured_media":0,"comment_status":"open","ping_status":"open","sticky":false,"template":"","format":"standard","meta":{"tdm_status":"","tdm_grid_status":"","footnotes":""},"categories":[70],"tags":[8676,8714,8710,8711],"class_list":{"0":"post-34782","1":"post","2":"type-post","3":"status-publish","4":"format-standard","6":"category-de-opinion","7":"tag-camilo-castagne","8":"tag-fake-news","9":"tag-henry-cruz-acosta","10":"tag-la-razon"},"yoast_head":"<!-- This site is optimized with the Yoast SEO plugin v27.4 - https:\/\/yoast.com\/product\/yoast-seo-wordpress\/ -->\n<title>Henry Cruz y las Fake News - Los pol\u00edticos Veracruz<\/title>\n<meta name=\"robots\" content=\"index, follow, max-snippet:-1, max-image-preview:large, max-video-preview:-1\" \/>\n<link rel=\"canonical\" href=\"https:\/\/lospoliticosveracruz.com\/?p=34782\" \/>\n<meta property=\"og:locale\" content=\"es_ES\" \/>\n<meta property=\"og:type\" content=\"article\" \/>\n<meta property=\"og:title\" content=\"Henry Cruz y las Fake News - Los pol\u00edticos Veracruz\" \/>\n<meta property=\"og:description\" content=\"Salvador Mu\u00f1oz Los Pol\u00edticos &nbsp; Tengo amigos y parientes en Whatsapp que son la delicia de mis d\u00edas\u2026 apenas voy amaneciendo cuando unos, me mandan un mensajito pidiendo a Dios que me vaya bien en mi d\u00eda\u2026 ya paso al sanitario, cuando me llegan las columnas m\u00e1s relevantes del momento\u2026 no falta el amigo que [&hellip;]\" \/>\n<meta property=\"og:url\" content=\"https:\/\/lospoliticosveracruz.com\/?p=34782\" \/>\n<meta property=\"og:site_name\" content=\"Los pol\u00edticos Veracruz\" \/>\n<meta property=\"article:publisher\" content=\"https:\/\/www.facebook.com\/people\/Notimemes-de-los-Polticos\/61565672886568\/\" \/>\n<meta property=\"article:published_time\" content=\"2017-06-30T03:25:28+00:00\" \/>\n<meta property=\"og:image\" content=\"https:\/\/lospoliticosveracruz.com\/wp-content\/uploads\/2016\/07\/Logo-Dor.jpg\" \/>\n\t<meta property=\"og:image:width\" content=\"200\" \/>\n\t<meta property=\"og:image:height\" content=\"200\" \/>\n\t<meta property=\"og:image:type\" content=\"image\/jpeg\" \/>\n<meta name=\"author\" content=\"Lo viste en Los Pol\u00edticos\" \/>\n<meta name=\"twitter:card\" content=\"summary_large_image\" \/>\n<meta name=\"twitter:creator\" content=\"@LosPoliticosVer\" \/>\n<meta name=\"twitter:site\" content=\"@LosPoliticosVer\" \/>\n<meta name=\"twitter:label1\" content=\"Escrito por\" \/>\n\t<meta name=\"twitter:data1\" content=\"Lo viste en Los Pol\u00edticos\" \/>\n\t<meta name=\"twitter:label2\" content=\"Tiempo de lectura\" \/>\n\t<meta name=\"twitter:data2\" content=\"3 minutos\" \/>\n<script type=\"application\/ld+json\" class=\"yoast-schema-graph\">{\"@context\":\"https:\\\/\\\/schema.org\",\"@graph\":[{\"@type\":\"Article\",\"@id\":\"https:\\\/\\\/lospoliticosveracruz.com\\\/?p=34782#article\",\"isPartOf\":{\"@id\":\"https:\\\/\\\/lospoliticosveracruz.com\\\/?p=34782\"},\"author\":{\"name\":\"Lo viste en Los Pol\u00edticos\",\"@id\":\"https:\\\/\\\/lospoliticosveracruz.com\\\/#\\\/schema\\\/person\\\/b8702bb0e538456e6efd07080bf2a4a2\"},\"headline\":\"Henry Cruz y las Fake News\",\"datePublished\":\"2017-06-30T03:25:28+00:00\",\"mainEntityOfPage\":{\"@id\":\"https:\\\/\\\/lospoliticosveracruz.com\\\/?p=34782\"},\"wordCount\":704,\"commentCount\":0,\"publisher\":{\"@id\":\"https:\\\/\\\/lospoliticosveracruz.com\\\/#organization\"},\"keywords\":[\"Camilo Castagn\u00e9\",\"Fake News\",\"Henry Cruz Acosta\",\"La Raz\u00f3n\"],\"articleSection\":[\"De Opini\u00f3n\"],\"inLanguage\":\"es\",\"potentialAction\":[{\"@type\":\"CommentAction\",\"name\":\"Comment\",\"target\":[\"https:\\\/\\\/lospoliticosveracruz.com\\\/?p=34782#respond\"]}]},{\"@type\":\"WebPage\",\"@id\":\"https:\\\/\\\/lospoliticosveracruz.com\\\/?p=34782\",\"url\":\"https:\\\/\\\/lospoliticosveracruz.com\\\/?p=34782\",\"name\":\"Henry Cruz y las Fake News - Los pol\u00edticos Veracruz\",\"isPartOf\":{\"@id\":\"https:\\\/\\\/lospoliticosveracruz.com\\\/#website\"},\"datePublished\":\"2017-06-30T03:25:28+00:00\",\"breadcrumb\":{\"@id\":\"https:\\\/\\\/lospoliticosveracruz.com\\\/?p=34782#breadcrumb\"},\"inLanguage\":\"es\",\"potentialAction\":[{\"@type\":\"ReadAction\",\"target\":[\"https:\\\/\\\/lospoliticosveracruz.com\\\/?p=34782\"]}]},{\"@type\":\"BreadcrumbList\",\"@id\":\"https:\\\/\\\/lospoliticosveracruz.com\\\/?p=34782#breadcrumb\",\"itemListElement\":[{\"@type\":\"ListItem\",\"position\":1,\"name\":\"Portada\",\"item\":\"https:\\\/\\\/lospoliticosveracruz.com\\\/\"},{\"@type\":\"ListItem\",\"position\":2,\"name\":\"Henry Cruz y las Fake News\"}]},{\"@type\":\"WebSite\",\"@id\":\"https:\\\/\\\/lospoliticosveracruz.com\\\/#website\",\"url\":\"https:\\\/\\\/lospoliticosveracruz.com\\\/\",\"name\":\"Los pol\u00edticos Veracruz\",\"description\":\"\",\"publisher\":{\"@id\":\"https:\\\/\\\/lospoliticosveracruz.com\\\/#organization\"},\"potentialAction\":[{\"@type\":\"SearchAction\",\"target\":{\"@type\":\"EntryPoint\",\"urlTemplate\":\"https:\\\/\\\/lospoliticosveracruz.com\\\/?s={search_term_string}\"},\"query-input\":{\"@type\":\"PropertyValueSpecification\",\"valueRequired\":true,\"valueName\":\"search_term_string\"}}],\"inLanguage\":\"es\"},{\"@type\":\"Organization\",\"@id\":\"https:\\\/\\\/lospoliticosveracruz.com\\\/#organization\",\"name\":\"Los pol\u00edticos Veracruz\",\"url\":\"https:\\\/\\\/lospoliticosveracruz.com\\\/\",\"logo\":{\"@type\":\"ImageObject\",\"inLanguage\":\"es\",\"@id\":\"https:\\\/\\\/lospoliticosveracruz.com\\\/#\\\/schema\\\/logo\\\/image\\\/\",\"url\":\"https:\\\/\\\/lospoliticosveracruz.com\\\/wp-content\\\/uploads\\\/2025\\\/12\\\/Logo-Nuevo-LOS-POLITICOS-1.jpg\",\"contentUrl\":\"https:\\\/\\\/lospoliticosveracruz.com\\\/wp-content\\\/uploads\\\/2025\\\/12\\\/Logo-Nuevo-LOS-POLITICOS-1.jpg\",\"width\":260,\"height\":70,\"caption\":\"Los pol\u00edticos Veracruz\"},\"image\":{\"@id\":\"https:\\\/\\\/lospoliticosveracruz.com\\\/#\\\/schema\\\/logo\\\/image\\\/\"},\"sameAs\":[\"https:\\\/\\\/www.facebook.com\\\/people\\\/Notimemes-de-los-Polticos\\\/61565672886568\\\/\",\"https:\\\/\\\/x.com\\\/LosPoliticosVer\"]},{\"@type\":\"Person\",\"@id\":\"https:\\\/\\\/lospoliticosveracruz.com\\\/#\\\/schema\\\/person\\\/b8702bb0e538456e6efd07080bf2a4a2\",\"name\":\"Lo viste en Los Pol\u00edticos\",\"image\":{\"@type\":\"ImageObject\",\"inLanguage\":\"es\",\"@id\":\"https:\\\/\\\/secure.gravatar.com\\\/avatar\\\/3a8de04a2656d44082be478bd6c086daa447c4651605818287b9532d3d0bd435?s=96&d=mm&r=g\",\"url\":\"https:\\\/\\\/secure.gravatar.com\\\/avatar\\\/3a8de04a2656d44082be478bd6c086daa447c4651605818287b9532d3d0bd435?s=96&d=mm&r=g\",\"contentUrl\":\"https:\\\/\\\/secure.gravatar.com\\\/avatar\\\/3a8de04a2656d44082be478bd6c086daa447c4651605818287b9532d3d0bd435?s=96&d=mm&r=g\",\"caption\":\"Lo viste en Los Pol\u00edticos\"},\"url\":\"https:\\\/\\\/lospoliticosveracruz.com\\\/?author=2\"}]}<\/script>\n<!-- \/ Yoast SEO plugin. -->","yoast_head_json":{"title":"Henry Cruz y las Fake News - Los pol\u00edticos Veracruz","robots":{"index":"index","follow":"follow","max-snippet":"max-snippet:-1","max-image-preview":"max-image-preview:large","max-video-preview":"max-video-preview:-1"},"canonical":"https:\/\/lospoliticosveracruz.com\/?p=34782","og_locale":"es_ES","og_type":"article","og_title":"Henry Cruz y las Fake News - Los pol\u00edticos Veracruz","og_description":"Salvador Mu\u00f1oz Los Pol\u00edticos &nbsp; Tengo amigos y parientes en Whatsapp que son la delicia de mis d\u00edas\u2026 apenas voy amaneciendo cuando unos, me mandan un mensajito pidiendo a Dios que me vaya bien en mi d\u00eda\u2026 ya paso al sanitario, cuando me llegan las columnas m\u00e1s relevantes del momento\u2026 no falta el amigo que [&hellip;]","og_url":"https:\/\/lospoliticosveracruz.com\/?p=34782","og_site_name":"Los pol\u00edticos Veracruz","article_publisher":"https:\/\/www.facebook.com\/people\/Notimemes-de-los-Polticos\/61565672886568\/","article_published_time":"2017-06-30T03:25:28+00:00","og_image":[{"width":200,"height":200,"url":"https:\/\/lospoliticosveracruz.com\/wp-content\/uploads\/2016\/07\/Logo-Dor.jpg","type":"image\/jpeg"}],"author":"Lo viste en Los Pol\u00edticos","twitter_card":"summary_large_image","twitter_creator":"@LosPoliticosVer","twitter_site":"@LosPoliticosVer","twitter_misc":{"Escrito por":"Lo viste en Los Pol\u00edticos","Tiempo de lectura":"3 minutos"},"schema":{"@context":"https:\/\/schema.org","@graph":[{"@type":"Article","@id":"https:\/\/lospoliticosveracruz.com\/?p=34782#article","isPartOf":{"@id":"https:\/\/lospoliticosveracruz.com\/?p=34782"},"author":{"name":"Lo viste en Los Pol\u00edticos","@id":"https:\/\/lospoliticosveracruz.com\/#\/schema\/person\/b8702bb0e538456e6efd07080bf2a4a2"},"headline":"Henry Cruz y las Fake News","datePublished":"2017-06-30T03:25:28+00:00","mainEntityOfPage":{"@id":"https:\/\/lospoliticosveracruz.com\/?p=34782"},"wordCount":704,"commentCount":0,"publisher":{"@id":"https:\/\/lospoliticosveracruz.com\/#organization"},"keywords":["Camilo Castagn\u00e9","Fake News","Henry Cruz Acosta","La Raz\u00f3n"],"articleSection":["De Opini\u00f3n"],"inLanguage":"es","potentialAction":[{"@type":"CommentAction","name":"Comment","target":["https:\/\/lospoliticosveracruz.com\/?p=34782#respond"]}]},{"@type":"WebPage","@id":"https:\/\/lospoliticosveracruz.com\/?p=34782","url":"https:\/\/lospoliticosveracruz.com\/?p=34782","name":"Henry Cruz y las Fake News - Los pol\u00edticos Veracruz","isPartOf":{"@id":"https:\/\/lospoliticosveracruz.com\/#website"},"datePublished":"2017-06-30T03:25:28+00:00","breadcrumb":{"@id":"https:\/\/lospoliticosveracruz.com\/?p=34782#breadcrumb"},"inLanguage":"es","potentialAction":[{"@type":"ReadAction","target":["https:\/\/lospoliticosveracruz.com\/?p=34782"]}]},{"@type":"BreadcrumbList","@id":"https:\/\/lospoliticosveracruz.com\/?p=34782#breadcrumb","itemListElement":[{"@type":"ListItem","position":1,"name":"Portada","item":"https:\/\/lospoliticosveracruz.com\/"},{"@type":"ListItem","position":2,"name":"Henry Cruz y las Fake News"}]},{"@type":"WebSite","@id":"https:\/\/lospoliticosveracruz.com\/#website","url":"https:\/\/lospoliticosveracruz.com\/","name":"Los pol\u00edticos Veracruz","description":"","publisher":{"@id":"https:\/\/lospoliticosveracruz.com\/#organization"},"potentialAction":[{"@type":"SearchAction","target":{"@type":"EntryPoint","urlTemplate":"https:\/\/lospoliticosveracruz.com\/?s={search_term_string}"},"query-input":{"@type":"PropertyValueSpecification","valueRequired":true,"valueName":"search_term_string"}}],"inLanguage":"es"},{"@type":"Organization","@id":"https:\/\/lospoliticosveracruz.com\/#organization","name":"Los pol\u00edticos Veracruz","url":"https:\/\/lospoliticosveracruz.com\/","logo":{"@type":"ImageObject","inLanguage":"es","@id":"https:\/\/lospoliticosveracruz.com\/#\/schema\/logo\/image\/","url":"https:\/\/lospoliticosveracruz.com\/wp-content\/uploads\/2025\/12\/Logo-Nuevo-LOS-POLITICOS-1.jpg","contentUrl":"https:\/\/lospoliticosveracruz.com\/wp-content\/uploads\/2025\/12\/Logo-Nuevo-LOS-POLITICOS-1.jpg","width":260,"height":70,"caption":"Los pol\u00edticos Veracruz"},"image":{"@id":"https:\/\/lospoliticosveracruz.com\/#\/schema\/logo\/image\/"},"sameAs":["https:\/\/www.facebook.com\/people\/Notimemes-de-los-Polticos\/61565672886568\/","https:\/\/x.com\/LosPoliticosVer"]},{"@type":"Person","@id":"https:\/\/lospoliticosveracruz.com\/#\/schema\/person\/b8702bb0e538456e6efd07080bf2a4a2","name":"Lo viste en Los Pol\u00edticos","image":{"@type":"ImageObject","inLanguage":"es","@id":"https:\/\/secure.gravatar.com\/avatar\/3a8de04a2656d44082be478bd6c086daa447c4651605818287b9532d3d0bd435?s=96&d=mm&r=g","url":"https:\/\/secure.gravatar.com\/avatar\/3a8de04a2656d44082be478bd6c086daa447c4651605818287b9532d3d0bd435?s=96&d=mm&r=g","contentUrl":"https:\/\/secure.gravatar.com\/avatar\/3a8de04a2656d44082be478bd6c086daa447c4651605818287b9532d3d0bd435?s=96&d=mm&r=g","caption":"Lo viste en Los Pol\u00edticos"},"url":"https:\/\/lospoliticosveracruz.com\/?author=2"}]}},"_links":{"self":[{"href":"https:\/\/lospoliticosveracruz.com\/index.php?rest_route=\/wp\/v2\/posts\/34782","targetHints":{"allow":["GET"]}}],"collection":[{"href":"https:\/\/lospoliticosveracruz.com\/index.php?rest_route=\/wp\/v2\/posts"}],"about":[{"href":"https:\/\/lospoliticosveracruz.com\/index.php?rest_route=\/wp\/v2\/types\/post"}],"author":[{"embeddable":true,"href":"https:\/\/lospoliticosveracruz.com\/index.php?rest_route=\/wp\/v2\/users\/2"}],"replies":[{"embeddable":true,"href":"https:\/\/lospoliticosveracruz.com\/index.php?rest_route=%2Fwp%2Fv2%2Fcomments&post=34782"}],"version-history":[{"count":2,"href":"https:\/\/lospoliticosveracruz.com\/index.php?rest_route=\/wp\/v2\/posts\/34782\/revisions"}],"predecessor-version":[{"id":34784,"href":"https:\/\/lospoliticosveracruz.com\/index.php?rest_route=\/wp\/v2\/posts\/34782\/revisions\/34784"}],"wp:attachment":[{"href":"https:\/\/lospoliticosveracruz.com\/index.php?rest_route=%2Fwp%2Fv2%2Fmedia&parent=34782"}],"wp:term":[{"taxonomy":"category","embeddable":true,"href":"https:\/\/lospoliticosveracruz.com\/index.php?rest_route=%2Fwp%2Fv2%2Fcategories&post=34782"},{"taxonomy":"post_tag","embeddable":true,"href":"https:\/\/lospoliticosveracruz.com\/index.php?rest_route=%2Fwp%2Fv2%2Ftags&post=34782"}],"curies":[{"name":"wp","href":"https:\/\/api.w.org\/{rel}","templated":true}]}}