{"id":34796,"date":"2017-06-30T09:36:21","date_gmt":"2017-06-30T14:36:21","guid":{"rendered":"http:\/\/www.lospoliticosveracruz.com.mx\/?p=34796"},"modified":"2017-06-30T09:36:21","modified_gmt":"2017-06-30T14:36:21","slug":"el-aumento-en-el-costo-de-la-deuda-veracruzana","status":"publish","type":"post","link":"https:\/\/lospoliticosveracruz.com\/?p=34796","title":{"rendered":"El aumento en el costo de la deuda veracruzana"},"content":{"rendered":"<p class=\"x_m_3338028590284949266MsoNoSpacing\"><b><\/b><strong>Luis Alberto Romero<u><\/u><u><\/u><\/strong><\/p>\n<p class=\"x_m_3338028590284949266MsoNoSpacing\"><em>Hora Cero<\/em><\/p>\n<p class=\"x_m_3338028590284949266MsoNoSpacing\">\n<p class=\"x_m_3338028590284949266MsoNoSpacing\"><u><\/u>\u00a0<u><\/u><\/p>\n<p class=\"x_m_3338028590284949266MsoNoSpacing\">La calificadora Fitch Ratings, corporaci\u00f3n financiera que se enfoca a la calificaci\u00f3n crediticia, difundi\u00f3 los resultados del \u201cAn\u00e1lisis de Sensibilidad en los Estados con Mayor Endeudamiento Relativo\u201d, que incluye a las entidades del pa\u00eds con los m\u00e1s altos niveles de deuda: Nuevo Le\u00f3n, Sonora, Quintana Roo, Zacatecas, Coahuila, Chihuahua, Michoac\u00e1n y Veracruz.<u><\/u><u><\/u><\/p>\n<p class=\"x_m_3338028590284949266MsoNoSpacing\">Ese reporte de Fitch Ratings alerta sobre la tendencia creciente en las Tasas de Inter\u00e9s Objetivo, usada por los bancos como referencia, lo que implicar\u00eda un mayor costo de la deuda de las entidades federativas.<u><\/u><u><\/u><\/p>\n<p class=\"x_m_3338028590284949266MsoNoSpacing\">El incremento en las tasas de inter\u00e9s, prev\u00e9 la calificadora, depender\u00e1 de factores como la sobretasa, los perfiles de amortizaci\u00f3n y vencimiento de los financiamientos, la existencia de periodos de gracia, el saldo insoluto establecido en las coberturas de tasas de inter\u00e9s y, por supuesto, el nivel de endeudamiento, punto en el que la entidad veracruzana tiene su tal\u00f3n de Aquiles.<u><\/u><u><\/u><\/p>\n<p class=\"x_m_3338028590284949266MsoNoSpacing\">El problema es que el predecible incremento en las tasas de inter\u00e9s, se\u00f1ala el reporte, \u201cpresionar\u00eda la liquidez y estresar\u00eda los indicadores de sostenibilidad de la deuda, particularmente de los estados con endeudamiento alto respecto a sus ingresos fiscales ordinarios\u201d, por lo que recomienda a esos estados generar ahorro interno suficiente para cubrir el servicio de deuda, a fin de afrontar adecuadamente esas presiones.<u><\/u><u><\/u><\/p>\n<p class=\"x_m_3338028590284949266MsoNoSpacing\">No es todo: las sobretasas establecidas en los contratos de cr\u00e9dito est\u00e1n vinculadas de manera directa a las calificaciones crediticias; en ese contexto, un deterioro en la calificaci\u00f3n de los estados con mayor deuda, como el caso de Veracruz, provocar\u00e1 un aumento en el costo del endeudamiento y particularmente en el de los cr\u00e9ditos bancarios de corto plazo, los llamados quirografarios.<u><\/u><u><\/u><\/p>\n<p class=\"x_m_3338028590284949266MsoNoSpacing\">El problema para Veracruz es que el nivel de su deuda ha escalado de manera sistem\u00e1tica, progresiva, desde hace m\u00e1s de una d\u00e9cada; actualmente, la entidad tiene una de las mayores deudas directas de largo plazo; de hecho, tomando en cuenta la variable de los ingresos fiscales ordinarios, el estado ocupa el cuarto lugar del pa\u00eds, superado s\u00f3lo por Coahuila, Quintana Roo y Sonora.<u><\/u><u><\/u><\/p>\n<p class=\"x_m_3338028590284949266MsoNoSpacing\">En el tema particular de Veracruz, Fitch Ratings prev\u00e9 que como consecuencia del aumento en la Tasa de Inter\u00e9s Objetivo, tambi\u00e9n se incrementar\u00e1 el pago de intereses en por lo menos 32.9 por ciento; ello significar\u00eda un 5 por ciento m\u00e1s que lo presupuestado por el gobierno estatal para 2017. Se habla, adem\u00e1s, de una sobretasa probable de 2.12 por ciento.<u><\/u><u><\/u><\/p>\n<p class=\"x_m_3338028590284949266MsoNoSpacing\">La estimaci\u00f3n de la calificadora es que el Servicio de Deuda consumir\u00e1 11.2 por ciento de los ingresos disponibles de Veracruz en 2017, lo que equivale a 7 por ciento m\u00e1s que lo presupuestado por el gobierno de la entidad.<u><\/u><u><\/u><\/p>\n<p class=\"x_m_3338028590284949266MsoNoSpacing\">La firma consultora establece que dicho escenario no aplicar\u00eda de concretarse el proceso de reestructura de la deuda directa total de largo plazo; aunque por otro lado, tambi\u00e9n indica que la estimaci\u00f3n no considera eventos de aceleraci\u00f3n y de vencimiento anticipado, que incrementar\u00eda el Servicio de Deuda, al igual que las tasas de inter\u00e9s.<u><\/u><u><\/u><\/p>\n<p class=\"x_m_3338028590284949266MsoNoSpacing\">Lo peor es que de todos los estados con alta deuda, Veracruz y Sonora ser\u00edan los m\u00e1s afectados por los escenarios descritos anteriormente, debido a que podr\u00edan pagar las tasas de inter\u00e9s m\u00e1s altas.<u><\/u><u><\/u><\/p>\n<p class=\"x_m_3338028590284949266MsoNoSpacing\">Veracruz es, adem\u00e1s, uno de los estados donde el pago de intereses consumir\u00eda un mayor porcentaje de ingresos disponibles.<u><\/u><u><\/u><\/p>\n<p class=\"x_m_3338028590284949266MsoNoSpacing\">As\u00ed, por ese desfavorable escenario, Fitch Ratings recomend\u00f3 a estados como Veracruz, Michoac\u00e1n y Quintana Roo fortalecer sus finanzas p\u00fablicas y el ahorro interno, a fin de mejorar la sostenibilidad del Servicio de Deuda.<u><\/u><u><\/u><\/p>\n<p class=\"x_m_3338028590284949266MsoNoSpacing\">De no ajustar y controlar el gasto, prev\u00e9 la fuente, el incremento en el pago de intereses provocar\u00eda una disminuci\u00f3n en la inversi\u00f3n p\u00fablica o un aumento en las obligaciones financieras de corto plazo para cubrir un d\u00e9ficit fiscal.<u><\/u><u><\/u><\/p>\n<p class=\"x_m_3338028590284949266MsoNoSpacing\">Dicho en pocas palabras, el problema financiero que enfrenta Veracruz podr\u00eda ser todav\u00eda m\u00e1s complicado en el futuro inmediato, debido a la enorme deuda que enfrenta la entidad. Los meses por venir, con tasas de inter\u00e9s m\u00e1s altas, ser\u00e1n a\u00fan m\u00e1s dif\u00edciles para las desnutridas finanzas del gobierno estatal.<\/p>\n<p class=\"x_m_3338028590284949266MsoNoSpacing\">@luisromero85<\/p>\n","protected":false},"excerpt":{"rendered":"<p>Luis Alberto Romero Hora Cero \u00a0 La calificadora Fitch Ratings, corporaci\u00f3n financiera que se enfoca a la calificaci\u00f3n crediticia, difundi\u00f3 los resultados del \u201cAn\u00e1lisis de Sensibilidad en los Estados con Mayor Endeudamiento Relativo\u201d, que incluye a las entidades del pa\u00eds con los m\u00e1s altos niveles de deuda: Nuevo Le\u00f3n, Sonora, Quintana Roo, Zacatecas, Coahuila, Chihuahua, [&hellip;]<\/p>\n","protected":false},"author":2,"featured_media":0,"comment_status":"open","ping_status":"open","sticky":false,"template":"","format":"standard","meta":{"tdm_status":"","tdm_grid_status":"","footnotes":""},"categories":[70],"tags":[338,8721,195],"class_list":{"0":"post-34796","1":"post","2":"type-post","3":"status-publish","4":"format-standard","6":"category-de-opinion","7":"tag-fitch-ratings","8":"tag-tasas-de-interes-objetivo","9":"tag-veracruz"},"yoast_head":"<!-- This site is optimized with the Yoast SEO plugin v27.4 - https:\/\/yoast.com\/product\/yoast-seo-wordpress\/ -->\n<title>El aumento en el costo de la deuda veracruzana - Los pol\u00edticos Veracruz<\/title>\n<meta name=\"robots\" content=\"index, follow, max-snippet:-1, max-image-preview:large, max-video-preview:-1\" \/>\n<link rel=\"canonical\" href=\"https:\/\/lospoliticosveracruz.com\/?p=34796\" \/>\n<meta property=\"og:locale\" content=\"es_ES\" \/>\n<meta property=\"og:type\" content=\"article\" \/>\n<meta property=\"og:title\" content=\"El aumento en el costo de la deuda veracruzana - Los pol\u00edticos Veracruz\" \/>\n<meta property=\"og:description\" content=\"Luis Alberto Romero Hora Cero \u00a0 La calificadora Fitch Ratings, corporaci\u00f3n financiera que se enfoca a la calificaci\u00f3n crediticia, difundi\u00f3 los resultados del \u201cAn\u00e1lisis de Sensibilidad en los Estados con Mayor Endeudamiento Relativo\u201d, que incluye a las entidades del pa\u00eds con los m\u00e1s altos niveles de deuda: Nuevo Le\u00f3n, Sonora, Quintana Roo, Zacatecas, Coahuila, Chihuahua, [&hellip;]\" \/>\n<meta property=\"og:url\" content=\"https:\/\/lospoliticosveracruz.com\/?p=34796\" \/>\n<meta property=\"og:site_name\" content=\"Los pol\u00edticos Veracruz\" \/>\n<meta property=\"article:publisher\" content=\"https:\/\/www.facebook.com\/people\/Notimemes-de-los-Polticos\/61565672886568\/\" \/>\n<meta property=\"article:published_time\" content=\"2017-06-30T14:36:21+00:00\" \/>\n<meta property=\"og:image\" content=\"https:\/\/lospoliticosveracruz.com\/wp-content\/uploads\/2016\/07\/Logo-Dor.jpg\" \/>\n\t<meta property=\"og:image:width\" content=\"200\" \/>\n\t<meta property=\"og:image:height\" content=\"200\" \/>\n\t<meta property=\"og:image:type\" content=\"image\/jpeg\" \/>\n<meta name=\"author\" content=\"Lo viste en Los Pol\u00edticos\" \/>\n<meta name=\"twitter:card\" content=\"summary_large_image\" \/>\n<meta name=\"twitter:creator\" content=\"@LosPoliticosVer\" \/>\n<meta name=\"twitter:site\" content=\"@LosPoliticosVer\" \/>\n<meta name=\"twitter:label1\" content=\"Escrito por\" \/>\n\t<meta name=\"twitter:data1\" content=\"Lo viste en Los Pol\u00edticos\" \/>\n\t<meta name=\"twitter:label2\" content=\"Tiempo de lectura\" \/>\n\t<meta name=\"twitter:data2\" content=\"4 minutos\" \/>\n<script type=\"application\/ld+json\" class=\"yoast-schema-graph\">{\"@context\":\"https:\\\/\\\/schema.org\",\"@graph\":[{\"@type\":\"Article\",\"@id\":\"https:\\\/\\\/lospoliticosveracruz.com\\\/?p=34796#article\",\"isPartOf\":{\"@id\":\"https:\\\/\\\/lospoliticosveracruz.com\\\/?p=34796\"},\"author\":{\"name\":\"Lo viste en Los Pol\u00edticos\",\"@id\":\"https:\\\/\\\/lospoliticosveracruz.com\\\/#\\\/schema\\\/person\\\/b8702bb0e538456e6efd07080bf2a4a2\"},\"headline\":\"El aumento en el costo de la deuda veracruzana\",\"datePublished\":\"2017-06-30T14:36:21+00:00\",\"mainEntityOfPage\":{\"@id\":\"https:\\\/\\\/lospoliticosveracruz.com\\\/?p=34796\"},\"wordCount\":737,\"commentCount\":0,\"publisher\":{\"@id\":\"https:\\\/\\\/lospoliticosveracruz.com\\\/#organization\"},\"keywords\":[\"Fitch Ratings\",\"Tasas de Inter\u00e9s Objetivo\",\"Veracruz\"],\"articleSection\":[\"De Opini\u00f3n\"],\"inLanguage\":\"es\",\"potentialAction\":[{\"@type\":\"CommentAction\",\"name\":\"Comment\",\"target\":[\"https:\\\/\\\/lospoliticosveracruz.com\\\/?p=34796#respond\"]}]},{\"@type\":\"WebPage\",\"@id\":\"https:\\\/\\\/lospoliticosveracruz.com\\\/?p=34796\",\"url\":\"https:\\\/\\\/lospoliticosveracruz.com\\\/?p=34796\",\"name\":\"El aumento en el costo de la deuda veracruzana - Los pol\u00edticos Veracruz\",\"isPartOf\":{\"@id\":\"https:\\\/\\\/lospoliticosveracruz.com\\\/#website\"},\"datePublished\":\"2017-06-30T14:36:21+00:00\",\"breadcrumb\":{\"@id\":\"https:\\\/\\\/lospoliticosveracruz.com\\\/?p=34796#breadcrumb\"},\"inLanguage\":\"es\",\"potentialAction\":[{\"@type\":\"ReadAction\",\"target\":[\"https:\\\/\\\/lospoliticosveracruz.com\\\/?p=34796\"]}]},{\"@type\":\"BreadcrumbList\",\"@id\":\"https:\\\/\\\/lospoliticosveracruz.com\\\/?p=34796#breadcrumb\",\"itemListElement\":[{\"@type\":\"ListItem\",\"position\":1,\"name\":\"Portada\",\"item\":\"https:\\\/\\\/lospoliticosveracruz.com\\\/\"},{\"@type\":\"ListItem\",\"position\":2,\"name\":\"El aumento en el costo de la deuda veracruzana\"}]},{\"@type\":\"WebSite\",\"@id\":\"https:\\\/\\\/lospoliticosveracruz.com\\\/#website\",\"url\":\"https:\\\/\\\/lospoliticosveracruz.com\\\/\",\"name\":\"Los pol\u00edticos Veracruz\",\"description\":\"\",\"publisher\":{\"@id\":\"https:\\\/\\\/lospoliticosveracruz.com\\\/#organization\"},\"potentialAction\":[{\"@type\":\"SearchAction\",\"target\":{\"@type\":\"EntryPoint\",\"urlTemplate\":\"https:\\\/\\\/lospoliticosveracruz.com\\\/?s={search_term_string}\"},\"query-input\":{\"@type\":\"PropertyValueSpecification\",\"valueRequired\":true,\"valueName\":\"search_term_string\"}}],\"inLanguage\":\"es\"},{\"@type\":\"Organization\",\"@id\":\"https:\\\/\\\/lospoliticosveracruz.com\\\/#organization\",\"name\":\"Los pol\u00edticos Veracruz\",\"url\":\"https:\\\/\\\/lospoliticosveracruz.com\\\/\",\"logo\":{\"@type\":\"ImageObject\",\"inLanguage\":\"es\",\"@id\":\"https:\\\/\\\/lospoliticosveracruz.com\\\/#\\\/schema\\\/logo\\\/image\\\/\",\"url\":\"https:\\\/\\\/lospoliticosveracruz.com\\\/wp-content\\\/uploads\\\/2025\\\/12\\\/Logo-Nuevo-LOS-POLITICOS-1.jpg\",\"contentUrl\":\"https:\\\/\\\/lospoliticosveracruz.com\\\/wp-content\\\/uploads\\\/2025\\\/12\\\/Logo-Nuevo-LOS-POLITICOS-1.jpg\",\"width\":260,\"height\":70,\"caption\":\"Los pol\u00edticos Veracruz\"},\"image\":{\"@id\":\"https:\\\/\\\/lospoliticosveracruz.com\\\/#\\\/schema\\\/logo\\\/image\\\/\"},\"sameAs\":[\"https:\\\/\\\/www.facebook.com\\\/people\\\/Notimemes-de-los-Polticos\\\/61565672886568\\\/\",\"https:\\\/\\\/x.com\\\/LosPoliticosVer\"]},{\"@type\":\"Person\",\"@id\":\"https:\\\/\\\/lospoliticosveracruz.com\\\/#\\\/schema\\\/person\\\/b8702bb0e538456e6efd07080bf2a4a2\",\"name\":\"Lo viste en Los Pol\u00edticos\",\"image\":{\"@type\":\"ImageObject\",\"inLanguage\":\"es\",\"@id\":\"https:\\\/\\\/secure.gravatar.com\\\/avatar\\\/3a8de04a2656d44082be478bd6c086daa447c4651605818287b9532d3d0bd435?s=96&d=mm&r=g\",\"url\":\"https:\\\/\\\/secure.gravatar.com\\\/avatar\\\/3a8de04a2656d44082be478bd6c086daa447c4651605818287b9532d3d0bd435?s=96&d=mm&r=g\",\"contentUrl\":\"https:\\\/\\\/secure.gravatar.com\\\/avatar\\\/3a8de04a2656d44082be478bd6c086daa447c4651605818287b9532d3d0bd435?s=96&d=mm&r=g\",\"caption\":\"Lo viste en Los Pol\u00edticos\"},\"url\":\"https:\\\/\\\/lospoliticosveracruz.com\\\/?author=2\"}]}<\/script>\n<!-- \/ Yoast SEO plugin. -->","yoast_head_json":{"title":"El aumento en el costo de la deuda veracruzana - Los pol\u00edticos Veracruz","robots":{"index":"index","follow":"follow","max-snippet":"max-snippet:-1","max-image-preview":"max-image-preview:large","max-video-preview":"max-video-preview:-1"},"canonical":"https:\/\/lospoliticosveracruz.com\/?p=34796","og_locale":"es_ES","og_type":"article","og_title":"El aumento en el costo de la deuda veracruzana - Los pol\u00edticos Veracruz","og_description":"Luis Alberto Romero Hora Cero \u00a0 La calificadora Fitch Ratings, corporaci\u00f3n financiera que se enfoca a la calificaci\u00f3n crediticia, difundi\u00f3 los resultados del \u201cAn\u00e1lisis de Sensibilidad en los Estados con Mayor Endeudamiento Relativo\u201d, que incluye a las entidades del pa\u00eds con los m\u00e1s altos niveles de deuda: Nuevo Le\u00f3n, Sonora, Quintana Roo, Zacatecas, Coahuila, Chihuahua, [&hellip;]","og_url":"https:\/\/lospoliticosveracruz.com\/?p=34796","og_site_name":"Los pol\u00edticos Veracruz","article_publisher":"https:\/\/www.facebook.com\/people\/Notimemes-de-los-Polticos\/61565672886568\/","article_published_time":"2017-06-30T14:36:21+00:00","og_image":[{"width":200,"height":200,"url":"https:\/\/lospoliticosveracruz.com\/wp-content\/uploads\/2016\/07\/Logo-Dor.jpg","type":"image\/jpeg"}],"author":"Lo viste en Los Pol\u00edticos","twitter_card":"summary_large_image","twitter_creator":"@LosPoliticosVer","twitter_site":"@LosPoliticosVer","twitter_misc":{"Escrito por":"Lo viste en Los Pol\u00edticos","Tiempo de lectura":"4 minutos"},"schema":{"@context":"https:\/\/schema.org","@graph":[{"@type":"Article","@id":"https:\/\/lospoliticosveracruz.com\/?p=34796#article","isPartOf":{"@id":"https:\/\/lospoliticosveracruz.com\/?p=34796"},"author":{"name":"Lo viste en Los Pol\u00edticos","@id":"https:\/\/lospoliticosveracruz.com\/#\/schema\/person\/b8702bb0e538456e6efd07080bf2a4a2"},"headline":"El aumento en el costo de la deuda veracruzana","datePublished":"2017-06-30T14:36:21+00:00","mainEntityOfPage":{"@id":"https:\/\/lospoliticosveracruz.com\/?p=34796"},"wordCount":737,"commentCount":0,"publisher":{"@id":"https:\/\/lospoliticosveracruz.com\/#organization"},"keywords":["Fitch Ratings","Tasas de Inter\u00e9s Objetivo","Veracruz"],"articleSection":["De Opini\u00f3n"],"inLanguage":"es","potentialAction":[{"@type":"CommentAction","name":"Comment","target":["https:\/\/lospoliticosveracruz.com\/?p=34796#respond"]}]},{"@type":"WebPage","@id":"https:\/\/lospoliticosveracruz.com\/?p=34796","url":"https:\/\/lospoliticosveracruz.com\/?p=34796","name":"El aumento en el costo de la deuda veracruzana - Los pol\u00edticos Veracruz","isPartOf":{"@id":"https:\/\/lospoliticosveracruz.com\/#website"},"datePublished":"2017-06-30T14:36:21+00:00","breadcrumb":{"@id":"https:\/\/lospoliticosveracruz.com\/?p=34796#breadcrumb"},"inLanguage":"es","potentialAction":[{"@type":"ReadAction","target":["https:\/\/lospoliticosveracruz.com\/?p=34796"]}]},{"@type":"BreadcrumbList","@id":"https:\/\/lospoliticosveracruz.com\/?p=34796#breadcrumb","itemListElement":[{"@type":"ListItem","position":1,"name":"Portada","item":"https:\/\/lospoliticosveracruz.com\/"},{"@type":"ListItem","position":2,"name":"El aumento en el costo de la deuda veracruzana"}]},{"@type":"WebSite","@id":"https:\/\/lospoliticosveracruz.com\/#website","url":"https:\/\/lospoliticosveracruz.com\/","name":"Los pol\u00edticos Veracruz","description":"","publisher":{"@id":"https:\/\/lospoliticosveracruz.com\/#organization"},"potentialAction":[{"@type":"SearchAction","target":{"@type":"EntryPoint","urlTemplate":"https:\/\/lospoliticosveracruz.com\/?s={search_term_string}"},"query-input":{"@type":"PropertyValueSpecification","valueRequired":true,"valueName":"search_term_string"}}],"inLanguage":"es"},{"@type":"Organization","@id":"https:\/\/lospoliticosveracruz.com\/#organization","name":"Los pol\u00edticos Veracruz","url":"https:\/\/lospoliticosveracruz.com\/","logo":{"@type":"ImageObject","inLanguage":"es","@id":"https:\/\/lospoliticosveracruz.com\/#\/schema\/logo\/image\/","url":"https:\/\/lospoliticosveracruz.com\/wp-content\/uploads\/2025\/12\/Logo-Nuevo-LOS-POLITICOS-1.jpg","contentUrl":"https:\/\/lospoliticosveracruz.com\/wp-content\/uploads\/2025\/12\/Logo-Nuevo-LOS-POLITICOS-1.jpg","width":260,"height":70,"caption":"Los pol\u00edticos Veracruz"},"image":{"@id":"https:\/\/lospoliticosveracruz.com\/#\/schema\/logo\/image\/"},"sameAs":["https:\/\/www.facebook.com\/people\/Notimemes-de-los-Polticos\/61565672886568\/","https:\/\/x.com\/LosPoliticosVer"]},{"@type":"Person","@id":"https:\/\/lospoliticosveracruz.com\/#\/schema\/person\/b8702bb0e538456e6efd07080bf2a4a2","name":"Lo viste en Los Pol\u00edticos","image":{"@type":"ImageObject","inLanguage":"es","@id":"https:\/\/secure.gravatar.com\/avatar\/3a8de04a2656d44082be478bd6c086daa447c4651605818287b9532d3d0bd435?s=96&d=mm&r=g","url":"https:\/\/secure.gravatar.com\/avatar\/3a8de04a2656d44082be478bd6c086daa447c4651605818287b9532d3d0bd435?s=96&d=mm&r=g","contentUrl":"https:\/\/secure.gravatar.com\/avatar\/3a8de04a2656d44082be478bd6c086daa447c4651605818287b9532d3d0bd435?s=96&d=mm&r=g","caption":"Lo viste en Los Pol\u00edticos"},"url":"https:\/\/lospoliticosveracruz.com\/?author=2"}]}},"_links":{"self":[{"href":"https:\/\/lospoliticosveracruz.com\/index.php?rest_route=\/wp\/v2\/posts\/34796","targetHints":{"allow":["GET"]}}],"collection":[{"href":"https:\/\/lospoliticosveracruz.com\/index.php?rest_route=\/wp\/v2\/posts"}],"about":[{"href":"https:\/\/lospoliticosveracruz.com\/index.php?rest_route=\/wp\/v2\/types\/post"}],"author":[{"embeddable":true,"href":"https:\/\/lospoliticosveracruz.com\/index.php?rest_route=\/wp\/v2\/users\/2"}],"replies":[{"embeddable":true,"href":"https:\/\/lospoliticosveracruz.com\/index.php?rest_route=%2Fwp%2Fv2%2Fcomments&post=34796"}],"version-history":[{"count":1,"href":"https:\/\/lospoliticosveracruz.com\/index.php?rest_route=\/wp\/v2\/posts\/34796\/revisions"}],"predecessor-version":[{"id":34797,"href":"https:\/\/lospoliticosveracruz.com\/index.php?rest_route=\/wp\/v2\/posts\/34796\/revisions\/34797"}],"wp:attachment":[{"href":"https:\/\/lospoliticosveracruz.com\/index.php?rest_route=%2Fwp%2Fv2%2Fmedia&parent=34796"}],"wp:term":[{"taxonomy":"category","embeddable":true,"href":"https:\/\/lospoliticosveracruz.com\/index.php?rest_route=%2Fwp%2Fv2%2Fcategories&post=34796"},{"taxonomy":"post_tag","embeddable":true,"href":"https:\/\/lospoliticosveracruz.com\/index.php?rest_route=%2Fwp%2Fv2%2Ftags&post=34796"}],"curies":[{"name":"wp","href":"https:\/\/api.w.org\/{rel}","templated":true}]}}